{"id":16836,"date":"2025-11-19T10:45:00","date_gmt":"2025-11-19T10:45:00","guid":{"rendered":"https:\/\/portaltela.pt\/2025\/11\/19\/nova-fase-da-operacao-contencao-no-rio-de-janeiro-tem-dois-mortos-e-oito-detidos\/"},"modified":"2025-11-19T10:45:00","modified_gmt":"2025-11-19T10:45:00","slug":"nova-fase-da-operacao-contencao-no-rio-de-janeiro-tem-dois-mortos-e-oito-detidos","status":"publish","type":"post","link":"https:\/\/portaltela.pt\/noticias\/politica\/2025\/11\/19\/nova-fase-da-operacao-contencao-no-rio-de-janeiro-tem-dois-mortos-e-oito-detidos\/","title":{"rendered":"Nova fase da Opera\u00e7\u00e3o Conten\u00e7\u00e3o no Rio de Janeiro tem dois mortos e oito detidos"},"content":{"rendered":"<p>Uma nova fase da Opera\u00e7\u00e3o Conten\u00e7\u00e3o est\u00e1 em curso na manh\u00e3 desta quarta-feira, na zona Oeste do Rio de Janeiro. A Pol\u00edcia Federal atua no terreno com o objetivo de enfrentar a atividade criminosa associada ao Comando Vermelho. At\u00e9 o momento, h\u00e1 registro de duas mortes, dois feridos e oito suspeitos detidos.<\/p>\n<p>Segundo a CNN Brasil, a opera\u00e7\u00e3o envolve dilig\u00eancias e a\u00e7\u00f5es de campo da PF na regi\u00e3o, com o objetivo de desarticular c\u00e9lulas e reduzir a atua\u00e7\u00e3o do grupo criminoso. N\u00e3o foram detalhados os locais exatos das ocorr\u00eancias nem o perfil dos detidos.<\/p>\n<p>Recorda-se que, no fim de outubro, a megaopera\u00e7\u00e3o j\u00e1 tinha registrado 121 mortes ap\u00f3s confrontos nos complexos do Alem\u00e3o e da Penha, no Rio. A atual etapa, que envolve a PF, busca consolidar o enfrentamento \u00e0 organiza\u00e7\u00e3o criminosa em \u00e1reas de maior conflito.<\/p>\n<h3>Desdobramentos da opera\u00e7\u00e3o<\/h3>\n<p>A atua\u00e7\u00e3o da PF na zona Oeste ocorre em meio a uma onda de a\u00e7\u00f5es estrat\u00e9gicas para desmantelar redes criminosas. Ainda n\u00e3o h\u00e1 informa\u00e7\u00f5es sobre pris\u00f5es adicionais ou desdobramentos espec\u00edficos das investiga\u00e7\u00f5es iniciadas nesta quarta-feira. Mais detalhes devem ser anunciados pelas autoridades conforme a opera\u00e7\u00e3o avan\u00e7a.<\/p>\n","protected":false},"excerpt":{"rendered":"<ul>\n<li>Uma nova fase da Opera\u00e7\u00e3o Conten\u00e7\u00e3o no Rio de Janeiro est\u00e1 em curso na manh\u00e3 desta quarta-feira.<\/li>\n<li>A Pol\u00edcia Federal est\u00e1 no terreno na zona Oeste da cidade, segundo a CNN Brasil.<\/li>\n<li>At\u00e9 ao momento, regista-se a morte de duas pessoas, dois feridos e oito suspeitos detidos.<\/li>\n<li>A opera\u00e7\u00e3o insere-se no contexto da megaopera\u00e7\u00e3o contra o Comando Vermelho, que no final de outubro deixou 121 mortos nos complexos do Alem\u00e3o e da Penha.<\/li>\n<\/ul>\n","protected":false},"author":2,"featured_media":16840,"comment_status":"closed","ping_status":"closed","sticky":false,"template":"","format":"standard","meta":{"footnotes":""},"categories":[1,5],"tags":[166,38,147,215,217,136],"class_list":["post-16836","post","type-post","status-publish","format-standard","has-post-thumbnail","hentry","category-noticias","category-politica","tag-comandos","tag-conflitos","tag-crime","tag-investigacao","tag-investigacao-criminal","tag-organizacoes"],"yoast_head":"<!-- This site is optimized with the Yoast SEO plugin v27.2 - https:\/\/yoast.com\/product\/yoast-seo-wordpress\/ -->\n<title>Nova fase da Opera\u00e7\u00e3o Conten\u00e7\u00e3o no Rio de Janeiro tem dois mortos e oito detidos - Portal Tela Portugal<\/title>\n<meta name=\"robots\" content=\"index, follow, max-snippet:-1, max-image-preview:large, max-video-preview:-1\" \/>\n<meta property=\"og:locale\" content=\"pt_PT\" \/>\n<meta property=\"og:type\" content=\"article\" \/>\n<meta property=\"og:title\" content=\"Nova fase da Opera\u00e7\u00e3o Conten\u00e7\u00e3o no Rio de Janeiro tem dois mortos e oito detidos - Portal Tela Portugal\" \/>\n<meta property=\"og:description\" content=\"Uma nova fase da Opera\u00e7\u00e3o Conten\u00e7\u00e3o no Rio de Janeiro est\u00e1 em curso na manh\u00e3 desta quarta-feira. A Pol\u00edcia Federal est\u00e1 no terreno na zona Oeste da cidade, segundo a CNN Brasil. At\u00e9 ao momento, regista-se a morte de duas pessoas, dois feridos e oito suspeitos detidos. A opera\u00e7\u00e3o insere-se no contexto da megaopera\u00e7\u00e3o contra o Comando Vermelho, que no final de outubro deixou 121 mortos nos complexos do Alem\u00e3o e da Penha.\" \/>\n<meta property=\"og:url\" content=\"https:\/\/portaltela.pt\/noticias\/politica\/2025\/11\/19\/nova-fase-da-operacao-contencao-no-rio-de-janeiro-tem-dois-mortos-e-oito-detidos\/\" \/>\n<meta property=\"og:site_name\" content=\"Portal Tela Portugal\" \/>\n<meta property=\"article:published_time\" content=\"2025-11-19T10:45:00+00:00\" \/>\n<meta property=\"og:image\" content=\"https:\/\/portaltela.pt\/s.01k8rhncp4jt1\/2025\/11\/img_1280x721uu2025-06-27-13-11-36-2218997.jpg\" \/>\n\t<meta property=\"og:image:width\" content=\"796\" \/>\n\t<meta property=\"og:image:height\" content=\"448\" \/>\n\t<meta property=\"og:image:type\" content=\"image\/jpeg\" \/>\n<meta name=\"author\" content=\"Telinha\" \/>\n<meta name=\"twitter:card\" content=\"summary_large_image\" \/>\n<meta name=\"twitter:label1\" content=\"Escrito por\" \/>\n\t<meta name=\"twitter:data1\" content=\"Telinha\" \/>\n\t<meta name=\"twitter:label2\" content=\"Tempo estimado de leitura\" \/>\n\t<meta name=\"twitter:data2\" content=\"1 minuto\" \/>\n<script type=\"application\/ld+json\" class=\"yoast-schema-graph\">{\"@context\":\"https:\/\/schema.org\",\"@graph\":[{\"@type\":\"Article\",\"@id\":\"https:\/\/portaltela.pt\/noticias\/politica\/2025\/11\/19\/nova-fase-da-operacao-contencao-no-rio-de-janeiro-tem-dois-mortos-e-oito-detidos\/#article\",\"isPartOf\":{\"@id\":\"https:\/\/portaltela.pt\/noticias\/politica\/2025\/11\/19\/nova-fase-da-operacao-contencao-no-rio-de-janeiro-tem-dois-mortos-e-oito-detidos\/\"},\"author\":{\"name\":\"Telinha\",\"@id\":\"https:\/\/portaltela.pt\/#\/schema\/person\/c4278d4a6028830caff9ee44b42d32ed\"},\"headline\":\"Nova fase da Opera\u00e7\u00e3o Conten\u00e7\u00e3o no Rio de Janeiro tem dois mortos e oito detidos\",\"datePublished\":\"2025-11-19T10:45:00+00:00\",\"mainEntityOfPage\":{\"@id\":\"https:\/\/portaltela.pt\/noticias\/politica\/2025\/11\/19\/nova-fase-da-operacao-contencao-no-rio-de-janeiro-tem-dois-mortos-e-oito-detidos\/\"},\"wordCount\":227,\"image\":{\"@id\":\"https:\/\/portaltela.pt\/noticias\/politica\/2025\/11\/19\/nova-fase-da-operacao-contencao-no-rio-de-janeiro-tem-dois-mortos-e-oito-detidos\/#primaryimage\"},\"thumbnailUrl\":\"https:\/\/portaltela.pt\/s.01k8rhncp4jt1\/2025\/11\/img_1280x721uu2025-06-27-13-11-36-2218997.jpg\",\"keywords\":[\"comandos\",\"conflitos\",\"crime\",\"investiga\u00e7\u00e3o\",\"investiga\u00e7\u00e3o criminal\",\"organiza\u00e7\u00f5es\"],\"articleSection\":[\"Not\u00edcias\",\"Pol\u00edtica\"],\"inLanguage\":\"pt-PT\"},{\"@type\":\"WebPage\",\"@id\":\"https:\/\/portaltela.pt\/noticias\/politica\/2025\/11\/19\/nova-fase-da-operacao-contencao-no-rio-de-janeiro-tem-dois-mortos-e-oito-detidos\/\",\"url\":\"https:\/\/portaltela.pt\/noticias\/politica\/2025\/11\/19\/nova-fase-da-operacao-contencao-no-rio-de-janeiro-tem-dois-mortos-e-oito-detidos\/\",\"name\":\"Nova fase da Opera\u00e7\u00e3o Conten\u00e7\u00e3o no Rio de Janeiro tem dois mortos e oito detidos - Portal Tela Portugal\",\"isPartOf\":{\"@id\":\"https:\/\/portaltela.pt\/#website\"},\"primaryImageOfPage\":{\"@id\":\"https:\/\/portaltela.pt\/noticias\/politica\/2025\/11\/19\/nova-fase-da-operacao-contencao-no-rio-de-janeiro-tem-dois-mortos-e-oito-detidos\/#primaryimage\"},\"image\":{\"@id\":\"https:\/\/portaltela.pt\/noticias\/politica\/2025\/11\/19\/nova-fase-da-operacao-contencao-no-rio-de-janeiro-tem-dois-mortos-e-oito-detidos\/#primaryimage\"},\"thumbnailUrl\":\"https:\/\/portaltela.pt\/s.01k8rhncp4jt1\/2025\/11\/img_1280x721uu2025-06-27-13-11-36-2218997.jpg\",\"datePublished\":\"2025-11-19T10:45:00+00:00\",\"author\":{\"@id\":\"https:\/\/portaltela.pt\/#\/schema\/person\/c4278d4a6028830caff9ee44b42d32ed\"},\"breadcrumb\":{\"@id\":\"https:\/\/portaltela.pt\/noticias\/politica\/2025\/11\/19\/nova-fase-da-operacao-contencao-no-rio-de-janeiro-tem-dois-mortos-e-oito-detidos\/#breadcrumb\"},\"inLanguage\":\"pt-PT\",\"potentialAction\":[{\"@type\":\"ReadAction\",\"target\":[\"https:\/\/portaltela.pt\/noticias\/politica\/2025\/11\/19\/nova-fase-da-operacao-contencao-no-rio-de-janeiro-tem-dois-mortos-e-oito-detidos\/\"]}]},{\"@type\":\"ImageObject\",\"inLanguage\":\"pt-PT\",\"@id\":\"https:\/\/portaltela.pt\/noticias\/politica\/2025\/11\/19\/nova-fase-da-operacao-contencao-no-rio-de-janeiro-tem-dois-mortos-e-oito-detidos\/#primaryimage\",\"url\":\"https:\/\/portaltela.pt\/s.01k8rhncp4jt1\/2025\/11\/img_1280x721uu2025-06-27-13-11-36-2218997.jpg\",\"contentUrl\":\"https:\/\/portaltela.pt\/s.01k8rhncp4jt1\/2025\/11\/img_1280x721uu2025-06-27-13-11-36-2218997.jpg\",\"width\":796,\"height\":448,\"caption\":\"Opera\u00e7\u00e3o tem como alo membros do Comando Vermelho\"},{\"@type\":\"BreadcrumbList\",\"@id\":\"https:\/\/portaltela.pt\/noticias\/politica\/2025\/11\/19\/nova-fase-da-operacao-contencao-no-rio-de-janeiro-tem-dois-mortos-e-oito-detidos\/#breadcrumb\",\"itemListElement\":[{\"@type\":\"ListItem\",\"position\":1,\"name\":\"In\u00edcio\",\"item\":\"https:\/\/portaltela.pt\/\"},{\"@type\":\"ListItem\",\"position\":2,\"name\":\"Nova fase da Opera\u00e7\u00e3o Conten\u00e7\u00e3o no Rio de Janeiro tem dois mortos e oito detidos\"}]},{\"@type\":\"WebSite\",\"@id\":\"https:\/\/portaltela.pt\/#website\",\"url\":\"https:\/\/portaltela.pt\/\",\"name\":\"Portal Tela Portugal\",\"description\":\"\",\"potentialAction\":[{\"@type\":\"SearchAction\",\"target\":{\"@type\":\"EntryPoint\",\"urlTemplate\":\"https:\/\/portaltela.pt\/?s={search_term_string}\"},\"query-input\":{\"@type\":\"PropertyValueSpecification\",\"valueRequired\":true,\"valueName\":\"search_term_string\"}}],\"inLanguage\":\"pt-PT\"},{\"@type\":\"Person\",\"@id\":\"https:\/\/portaltela.pt\/#\/schema\/person\/c4278d4a6028830caff9ee44b42d32ed\",\"name\":\"Telinha\",\"image\":{\"@type\":\"ImageObject\",\"inLanguage\":\"pt-PT\",\"@id\":\"https:\/\/portaltela.pt\/s.01k8rhncp4jt1\/2025\/11\/talking-bot-125x125.png\",\"url\":\"https:\/\/portaltela.pt\/s.01k8rhncp4jt1\/2025\/11\/talking-bot-125x125.png\",\"contentUrl\":\"https:\/\/portaltela.pt\/s.01k8rhncp4jt1\/2025\/11\/talking-bot-125x125.png\",\"caption\":\"Telinha\"},\"sameAs\":[\"https:\/\/portaltela.pt\/\"],\"url\":\"https:\/\/portaltela.pt\/por\/367410592786\/\"}]}<\/script>\n<!-- \/ Yoast SEO plugin. -->","yoast_head_json":{"title":"Nova fase da Opera\u00e7\u00e3o Conten\u00e7\u00e3o no Rio de Janeiro tem dois mortos e oito detidos - Portal Tela Portugal","robots":{"index":"index","follow":"follow","max-snippet":"max-snippet:-1","max-image-preview":"max-image-preview:large","max-video-preview":"max-video-preview:-1"},"og_locale":"pt_PT","og_type":"article","og_title":"Nova fase da Opera\u00e7\u00e3o Conten\u00e7\u00e3o no Rio de Janeiro tem dois mortos e oito detidos - Portal Tela Portugal","og_description":"Uma nova fase da Opera\u00e7\u00e3o Conten\u00e7\u00e3o no Rio de Janeiro est\u00e1 em curso na manh\u00e3 desta quarta-feira. A Pol\u00edcia Federal est\u00e1 no terreno na zona Oeste da cidade, segundo a CNN Brasil. At\u00e9 ao momento, regista-se a morte de duas pessoas, dois feridos e oito suspeitos detidos. A opera\u00e7\u00e3o insere-se no contexto da megaopera\u00e7\u00e3o contra o Comando Vermelho, que no final de outubro deixou 121 mortos nos complexos do Alem\u00e3o e da Penha.","og_url":"https:\/\/portaltela.pt\/noticias\/politica\/2025\/11\/19\/nova-fase-da-operacao-contencao-no-rio-de-janeiro-tem-dois-mortos-e-oito-detidos\/","og_site_name":"Portal Tela Portugal","article_published_time":"2025-11-19T10:45:00+00:00","og_image":[{"width":796,"height":448,"url":"https:\/\/portaltela.pt\/s.01k8rhncp4jt1\/2025\/11\/img_1280x721uu2025-06-27-13-11-36-2218997.jpg","type":"image\/jpeg"}],"author":"Telinha","twitter_card":"summary_large_image","twitter_misc":{"Escrito por":"Telinha","Tempo estimado de leitura":"1 minuto"},"schema":{"@context":"https:\/\/schema.org","@graph":[{"@type":"Article","@id":"https:\/\/portaltela.pt\/noticias\/politica\/2025\/11\/19\/nova-fase-da-operacao-contencao-no-rio-de-janeiro-tem-dois-mortos-e-oito-detidos\/#article","isPartOf":{"@id":"https:\/\/portaltela.pt\/noticias\/politica\/2025\/11\/19\/nova-fase-da-operacao-contencao-no-rio-de-janeiro-tem-dois-mortos-e-oito-detidos\/"},"author":{"name":"Telinha","@id":"https:\/\/portaltela.pt\/#\/schema\/person\/c4278d4a6028830caff9ee44b42d32ed"},"headline":"Nova fase da Opera\u00e7\u00e3o Conten\u00e7\u00e3o no Rio de Janeiro tem dois mortos e oito detidos","datePublished":"2025-11-19T10:45:00+00:00","mainEntityOfPage":{"@id":"https:\/\/portaltela.pt\/noticias\/politica\/2025\/11\/19\/nova-fase-da-operacao-contencao-no-rio-de-janeiro-tem-dois-mortos-e-oito-detidos\/"},"wordCount":227,"image":{"@id":"https:\/\/portaltela.pt\/noticias\/politica\/2025\/11\/19\/nova-fase-da-operacao-contencao-no-rio-de-janeiro-tem-dois-mortos-e-oito-detidos\/#primaryimage"},"thumbnailUrl":"https:\/\/portaltela.pt\/s.01k8rhncp4jt1\/2025\/11\/img_1280x721uu2025-06-27-13-11-36-2218997.jpg","keywords":["comandos","conflitos","crime","investiga\u00e7\u00e3o","investiga\u00e7\u00e3o criminal","organiza\u00e7\u00f5es"],"articleSection":["Not\u00edcias","Pol\u00edtica"],"inLanguage":"pt-PT"},{"@type":"WebPage","@id":"https:\/\/portaltela.pt\/noticias\/politica\/2025\/11\/19\/nova-fase-da-operacao-contencao-no-rio-de-janeiro-tem-dois-mortos-e-oito-detidos\/","url":"https:\/\/portaltela.pt\/noticias\/politica\/2025\/11\/19\/nova-fase-da-operacao-contencao-no-rio-de-janeiro-tem-dois-mortos-e-oito-detidos\/","name":"Nova fase da Opera\u00e7\u00e3o Conten\u00e7\u00e3o no Rio de Janeiro tem dois mortos e oito detidos - Portal Tela Portugal","isPartOf":{"@id":"https:\/\/portaltela.pt\/#website"},"primaryImageOfPage":{"@id":"https:\/\/portaltela.pt\/noticias\/politica\/2025\/11\/19\/nova-fase-da-operacao-contencao-no-rio-de-janeiro-tem-dois-mortos-e-oito-detidos\/#primaryimage"},"image":{"@id":"https:\/\/portaltela.pt\/noticias\/politica\/2025\/11\/19\/nova-fase-da-operacao-contencao-no-rio-de-janeiro-tem-dois-mortos-e-oito-detidos\/#primaryimage"},"thumbnailUrl":"https:\/\/portaltela.pt\/s.01k8rhncp4jt1\/2025\/11\/img_1280x721uu2025-06-27-13-11-36-2218997.jpg","datePublished":"2025-11-19T10:45:00+00:00","author":{"@id":"https:\/\/portaltela.pt\/#\/schema\/person\/c4278d4a6028830caff9ee44b42d32ed"},"breadcrumb":{"@id":"https:\/\/portaltela.pt\/noticias\/politica\/2025\/11\/19\/nova-fase-da-operacao-contencao-no-rio-de-janeiro-tem-dois-mortos-e-oito-detidos\/#breadcrumb"},"inLanguage":"pt-PT","potentialAction":[{"@type":"ReadAction","target":["https:\/\/portaltela.pt\/noticias\/politica\/2025\/11\/19\/nova-fase-da-operacao-contencao-no-rio-de-janeiro-tem-dois-mortos-e-oito-detidos\/"]}]},{"@type":"ImageObject","inLanguage":"pt-PT","@id":"https:\/\/portaltela.pt\/noticias\/politica\/2025\/11\/19\/nova-fase-da-operacao-contencao-no-rio-de-janeiro-tem-dois-mortos-e-oito-detidos\/#primaryimage","url":"https:\/\/portaltela.pt\/s.01k8rhncp4jt1\/2025\/11\/img_1280x721uu2025-06-27-13-11-36-2218997.jpg","contentUrl":"https:\/\/portaltela.pt\/s.01k8rhncp4jt1\/2025\/11\/img_1280x721uu2025-06-27-13-11-36-2218997.jpg","width":796,"height":448,"caption":"Opera\u00e7\u00e3o tem como alo membros do Comando Vermelho"},{"@type":"BreadcrumbList","@id":"https:\/\/portaltela.pt\/noticias\/politica\/2025\/11\/19\/nova-fase-da-operacao-contencao-no-rio-de-janeiro-tem-dois-mortos-e-oito-detidos\/#breadcrumb","itemListElement":[{"@type":"ListItem","position":1,"name":"In\u00edcio","item":"https:\/\/portaltela.pt\/"},{"@type":"ListItem","position":2,"name":"Nova fase da Opera\u00e7\u00e3o Conten\u00e7\u00e3o no Rio de Janeiro tem dois mortos e oito detidos"}]},{"@type":"WebSite","@id":"https:\/\/portaltela.pt\/#website","url":"https:\/\/portaltela.pt\/","name":"Portal Tela Portugal","description":"","potentialAction":[{"@type":"SearchAction","target":{"@type":"EntryPoint","urlTemplate":"https:\/\/portaltela.pt\/?s={search_term_string}"},"query-input":{"@type":"PropertyValueSpecification","valueRequired":true,"valueName":"search_term_string"}}],"inLanguage":"pt-PT"},{"@type":"Person","@id":"https:\/\/portaltela.pt\/#\/schema\/person\/c4278d4a6028830caff9ee44b42d32ed","name":"Telinha","image":{"@type":"ImageObject","inLanguage":"pt-PT","@id":"https:\/\/portaltela.pt\/s.01k8rhncp4jt1\/2025\/11\/talking-bot-125x125.png","url":"https:\/\/portaltela.pt\/s.01k8rhncp4jt1\/2025\/11\/talking-bot-125x125.png","contentUrl":"https:\/\/portaltela.pt\/s.01k8rhncp4jt1\/2025\/11\/talking-bot-125x125.png","caption":"Telinha"},"sameAs":["https:\/\/portaltela.pt\/"],"url":"https:\/\/portaltela.pt\/por\/367410592786\/"}]}},"_links":{"self":[{"href":"https:\/\/portaltela.pt\/api\/wp\/v2\/posts\/16836","targetHints":{"allow":["GET"]}}],"collection":[{"href":"https:\/\/portaltela.pt\/api\/wp\/v2\/posts"}],"about":[{"href":"https:\/\/portaltela.pt\/api\/wp\/v2\/types\/post"}],"author":[{"embeddable":true,"href":"https:\/\/portaltela.pt\/api\/wp\/v2\/users\/2"}],"replies":[{"embeddable":true,"href":"https:\/\/portaltela.pt\/api\/wp\/v2\/comments?post=16836"}],"version-history":[{"count":0,"href":"https:\/\/portaltela.pt\/api\/wp\/v2\/posts\/16836\/revisions"}],"wp:featuredmedia":[{"embeddable":true,"href":"https:\/\/portaltela.pt\/api\/wp\/v2\/media\/16840"}],"wp:attachment":[{"href":"https:\/\/portaltela.pt\/api\/wp\/v2\/media?parent=16836"}],"wp:term":[{"taxonomy":"category","embeddable":true,"href":"https:\/\/portaltela.pt\/api\/wp\/v2\/categories?post=16836"},{"taxonomy":"post_tag","embeddable":true,"href":"https:\/\/portaltela.pt\/api\/wp\/v2\/tags?post=16836"}],"curies":[{"name":"wp","href":"https:\/\/api.w.org\/{rel}","templated":true}]}}