{"id":168317,"date":"2026-01-23T16:30:00","date_gmt":"2026-01-23T19:30:00","guid":{"rendered":"https:\/\/portaltela.pt\/noticias\/2026\/01\/23\/arronches-repudia-despejo-ilegal-de-entulho-e-reporta-o-caso-as-autoridades\/"},"modified":"2026-01-23T16:30:00","modified_gmt":"2026-01-23T19:30:00","slug":"arronches-repudia-despejo-ilegal-de-entulho-e-reporta-o-caso-as-autoridades","status":"publish","type":"post","link":"https:\/\/portaltela.pt\/noticias\/2026\/01\/23\/arronches-repudia-despejo-ilegal-de-entulho-e-reporta-o-caso-as-autoridades\/","title":{"rendered":"Arronches repudia despejo ilegal de entulho e reporta o caso \u00e0s autoridades"},"content":{"rendered":"<p>O Munic\u00edpio de Arronches repudia o despejo ilegal de entulho na via p\u00fablica, ocorrido a 23 de janeiro. Grandes quantidades de res\u00edduos foram detetadas em v\u00e1rias escapat\u00f3rias de caminhos municipais, designadamente no CM 1102 (Mosteiros), CM 1107 e CM 1165 (Nave Fria). O ato \u00e9 visto como crime ambiental e representa um grave risco \u00e0 seguran\u00e7a rodovi\u00e1ria, afectando condutores e pe\u00f5es que circulam diariamente.<\/p>\n<p>A autarquia informou ter reportado a situa\u00e7\u00e3o \u00e0s autoridades competentes para identifica\u00e7\u00e3o e responsabiliza\u00e7\u00e3o dos autores. O executivo lamenta a exist\u00eancia destes comportamentos e recorda que violam princ\u00edpios de civismo e respeito m\u00fatuo. Arronches, reconhecido pela qualidade de vida e preserva\u00e7\u00e3o ambiental, v\u00ea o problema como ato isolado que prejudica a imagem e o bem-estar da comunidade.<\/p>\n<p>A C\u00e2mara refor\u00e7a que a limpeza p\u00fablica depende de responsabilidade coletiva. Mant\u00e9m ainda que a conserva\u00e7\u00e3o do espa\u00e7o p\u00fablico e a seguran\u00e7a das infraestruturas dependem do cumprimento das regras de deposi\u00e7\u00e3o de res\u00edduos de constru\u00e7\u00e3o e demoli\u00e7\u00e3o, para que o concelho continue a promover a sustentabilidade no Alto Alentejo.<\/p>\n<h3>Medidas tomadas pela C\u00e2mara<\/h3>\n<p>A autarquia j\u00e1 divulgou que o caso foi encaminhado \u00e0s autoridades competentes para fiscaliza\u00e7\u00e3o e eventual responsabiliza\u00e7\u00e3o. N\u00e3o foram fornecidos detalhes sobre os respons\u00e1veis ou o processo em curso.<\/p>\n<p>As autoridades locais devem apurar as causas do despejo e identificar os intervenientes. A C\u00e2mara sublinha que vai acompanhar o desfecho do processo para assegurar que dilig\u00eancias apropriadas s\u00e3o efetuadas e que se adotam medidas preventivas futuras.<\/p>\n<h3>Apelo \u00e0 comunidade<\/h3>\n<p>Arronches solicita aos mun\u00edcipes que denunciem pr\u00e1ticas semelhantes e usem os canais legais adequados para a deposi\u00e7\u00e3o de res\u00edduos. A conserva\u00e7\u00e3o do espa\u00e7o p\u00fablico e a seguran\u00e7a das vias dependem de atitudes respons\u00e1veis por parte de todos.<\/p>\n","protected":false},"excerpt":{"rendered":"<ul>\n<li>O Munic\u00edpio de Arronches repudiou o despejo ilegal de entulho na via p\u00fablica, detectado em v\u00e1rias escapat\u00f3rias de caminhos municipais.<\/li>\n<li>Os dep\u00f3sitos ocorreram no CM 1102 (Mosteiros), bem como no CM 1107 e CM 1165 (zona de Nave Fria).<\/li>\n<li>A autarquia classifica o ato como crime ambiental e amea\u00e7a \u00e0 seguran\u00e7a rodovi\u00e1ria, rodando riscos para condutores e pe\u00f5es.<\/li>\n<li>A C\u00e2mara informou j\u00e1 ter reportado a autoridades competentes para identifica\u00e7\u00e3o e responsabiliza\u00e7\u00e3o dos autores.<\/li>\n<li>Arronches apela \u00e0 consci\u00eancia c\u00edvica e recorda que a limpeza e a seguran\u00e7a do espa\u00e7o p\u00fablico s\u00e3o responsabilidade coletiva.<\/li>\n<\/ul>\n","protected":false},"author":2,"featured_media":168341,"comment_status":"closed","ping_status":"closed","sticky":false,"template":"","format":"standard","meta":{"footnotes":""},"categories":[1],"tags":[3100,2834,3750,645,2761,2891],"class_list":["post-168317","post","type-post","status-publish","format-standard","has-post-thumbnail","hentry","category-noticias","tag-ambiental","tag-arronches","tag-poluicao-ambiental","tag-residuos","tag-seguranca-rodoviaria","tag-via-publica"],"yoast_head":"<!-- This site is optimized with the Yoast SEO plugin v27.2 - https:\/\/yoast.com\/product\/yoast-seo-wordpress\/ -->\n<title>Arronches repudia despejo ilegal de entulho e reporta o caso \u00e0s autoridades - Portal Tela Portugal<\/title>\n<meta name=\"robots\" content=\"index, follow, max-snippet:-1, max-image-preview:large, max-video-preview:-1\" \/>\n<meta property=\"og:locale\" content=\"pt_PT\" \/>\n<meta property=\"og:type\" content=\"article\" \/>\n<meta property=\"og:title\" content=\"Arronches repudia despejo ilegal de entulho e reporta o caso \u00e0s autoridades - Portal Tela Portugal\" \/>\n<meta property=\"og:description\" content=\"O Munic\u00edpio de Arronches repudiou o despejo ilegal de entulho na via p\u00fablica, detectado em v\u00e1rias escapat\u00f3rias de caminhos municipais. Os dep\u00f3sitos ocorreram no CM 1102 (Mosteiros), bem como no CM 1107 e CM 1165 (zona de Nave Fria). A autarquia classifica o ato como crime ambiental e amea\u00e7a \u00e0 seguran\u00e7a rodovi\u00e1ria, rodando riscos para condutores e pe\u00f5es. A C\u00e2mara informou j\u00e1 ter reportado a autoridades competentes para identifica\u00e7\u00e3o e responsabiliza\u00e7\u00e3o dos autores. Arronches apela \u00e0 consci\u00eancia c\u00edvica e recorda que a limpeza e a seguran\u00e7a do espa\u00e7o p\u00fablico s\u00e3o responsabilidade coletiva.\" \/>\n<meta property=\"og:url\" content=\"https:\/\/portaltela.pt\/noticias\/2026\/01\/23\/arronches-repudia-despejo-ilegal-de-entulho-e-reporta-o-caso-as-autoridades\/\" \/>\n<meta property=\"og:site_name\" content=\"Portal Tela Portugal\" \/>\n<meta property=\"article:published_time\" content=\"2026-01-23T19:30:00+00:00\" \/>\n<meta name=\"author\" content=\"Telinha\" \/>\n<meta name=\"twitter:card\" content=\"summary_large_image\" \/>\n<meta name=\"twitter:label1\" content=\"Escrito por\" \/>\n\t<meta name=\"twitter:data1\" content=\"Telinha\" \/>\n\t<meta name=\"twitter:label2\" content=\"Tempo estimado de leitura\" \/>\n\t<meta name=\"twitter:data2\" content=\"2 minutos\" \/>\n<script type=\"application\/ld+json\" class=\"yoast-schema-graph\">{\"@context\":\"https:\/\/schema.org\",\"@graph\":[{\"@type\":\"Article\",\"@id\":\"https:\/\/portaltela.pt\/noticias\/2026\/01\/23\/arronches-repudia-despejo-ilegal-de-entulho-e-reporta-o-caso-as-autoridades\/#article\",\"isPartOf\":{\"@id\":\"https:\/\/portaltela.pt\/noticias\/2026\/01\/23\/arronches-repudia-despejo-ilegal-de-entulho-e-reporta-o-caso-as-autoridades\/\"},\"author\":{\"name\":\"Telinha\",\"@id\":\"https:\/\/portaltela.pt\/#\/schema\/person\/c4278d4a6028830caff9ee44b42d32ed\"},\"headline\":\"Arronches repudia despejo ilegal de entulho e reporta o caso \u00e0s autoridades\",\"datePublished\":\"2026-01-23T19:30:00+00:00\",\"mainEntityOfPage\":{\"@id\":\"https:\/\/portaltela.pt\/noticias\/2026\/01\/23\/arronches-repudia-despejo-ilegal-de-entulho-e-reporta-o-caso-as-autoridades\/\"},\"wordCount\":329,\"image\":{\"@id\":\"https:\/\/portaltela.pt\/noticias\/2026\/01\/23\/arronches-repudia-despejo-ilegal-de-entulho-e-reporta-o-caso-as-autoridades\/#primaryimage\"},\"thumbnailUrl\":\"https:\/\/portaltela.pt\/s.01k8rhncp4jt1\/2026\/01\/IMG_9825.jpg\",\"keywords\":[\"ambiental\",\"Arronches\",\"polui\u00e7\u00e3o ambiental\",\"res\u00edduos\",\"seguran\u00e7a rodovi\u00e1ria\",\"via p\u00fablica\"],\"articleSection\":[\"Not\u00edcias\"],\"inLanguage\":\"pt-PT\"},{\"@type\":\"WebPage\",\"@id\":\"https:\/\/portaltela.pt\/noticias\/2026\/01\/23\/arronches-repudia-despejo-ilegal-de-entulho-e-reporta-o-caso-as-autoridades\/\",\"url\":\"https:\/\/portaltela.pt\/noticias\/2026\/01\/23\/arronches-repudia-despejo-ilegal-de-entulho-e-reporta-o-caso-as-autoridades\/\",\"name\":\"Arronches repudia despejo ilegal de entulho e reporta o caso \u00e0s autoridades - Portal Tela Portugal\",\"isPartOf\":{\"@id\":\"https:\/\/portaltela.pt\/#website\"},\"primaryImageOfPage\":{\"@id\":\"https:\/\/portaltela.pt\/noticias\/2026\/01\/23\/arronches-repudia-despejo-ilegal-de-entulho-e-reporta-o-caso-as-autoridades\/#primaryimage\"},\"image\":{\"@id\":\"https:\/\/portaltela.pt\/noticias\/2026\/01\/23\/arronches-repudia-despejo-ilegal-de-entulho-e-reporta-o-caso-as-autoridades\/#primaryimage\"},\"thumbnailUrl\":\"https:\/\/portaltela.pt\/s.01k8rhncp4jt1\/2026\/01\/IMG_9825.jpg\",\"datePublished\":\"2026-01-23T19:30:00+00:00\",\"author\":{\"@id\":\"https:\/\/portaltela.pt\/#\/schema\/person\/c4278d4a6028830caff9ee44b42d32ed\"},\"breadcrumb\":{\"@id\":\"https:\/\/portaltela.pt\/noticias\/2026\/01\/23\/arronches-repudia-despejo-ilegal-de-entulho-e-reporta-o-caso-as-autoridades\/#breadcrumb\"},\"inLanguage\":\"pt-PT\",\"potentialAction\":[{\"@type\":\"ReadAction\",\"target\":[\"https:\/\/portaltela.pt\/noticias\/2026\/01\/23\/arronches-repudia-despejo-ilegal-de-entulho-e-reporta-o-caso-as-autoridades\/\"]}]},{\"@type\":\"ImageObject\",\"inLanguage\":\"pt-PT\",\"@id\":\"https:\/\/portaltela.pt\/noticias\/2026\/01\/23\/arronches-repudia-despejo-ilegal-de-entulho-e-reporta-o-caso-as-autoridades\/#primaryimage\",\"url\":\"https:\/\/portaltela.pt\/s.01k8rhncp4jt1\/2026\/01\/IMG_9825.jpg\",\"contentUrl\":\"https:\/\/portaltela.pt\/s.01k8rhncp4jt1\/2026\/01\/IMG_9825.jpg\",\"width\":796,\"height\":448,\"caption\":\"Arronches repudia despejo ilegal de entulho em estradas municipais e reporta caso \u00e0s autoridades\"},{\"@type\":\"BreadcrumbList\",\"@id\":\"https:\/\/portaltela.pt\/noticias\/2026\/01\/23\/arronches-repudia-despejo-ilegal-de-entulho-e-reporta-o-caso-as-autoridades\/#breadcrumb\",\"itemListElement\":[{\"@type\":\"ListItem\",\"position\":1,\"name\":\"In\u00edcio\",\"item\":\"https:\/\/portaltela.pt\/\"},{\"@type\":\"ListItem\",\"position\":2,\"name\":\"Arronches repudia despejo ilegal de entulho e reporta o caso \u00e0s autoridades\"}]},{\"@type\":\"WebSite\",\"@id\":\"https:\/\/portaltela.pt\/#website\",\"url\":\"https:\/\/portaltela.pt\/\",\"name\":\"Portal Tela Portugal\",\"description\":\"\",\"potentialAction\":[{\"@type\":\"SearchAction\",\"target\":{\"@type\":\"EntryPoint\",\"urlTemplate\":\"https:\/\/portaltela.pt\/?s={search_term_string}\"},\"query-input\":{\"@type\":\"PropertyValueSpecification\",\"valueRequired\":true,\"valueName\":\"search_term_string\"}}],\"inLanguage\":\"pt-PT\"},{\"@type\":\"Person\",\"@id\":\"https:\/\/portaltela.pt\/#\/schema\/person\/c4278d4a6028830caff9ee44b42d32ed\",\"name\":\"Telinha\",\"image\":{\"@type\":\"ImageObject\",\"inLanguage\":\"pt-PT\",\"@id\":\"https:\/\/portaltela.pt\/s.01k8rhncp4jt1\/2025\/11\/talking-bot-125x125.png\",\"url\":\"https:\/\/portaltela.pt\/s.01k8rhncp4jt1\/2025\/11\/talking-bot-125x125.png\",\"contentUrl\":\"https:\/\/portaltela.pt\/s.01k8rhncp4jt1\/2025\/11\/talking-bot-125x125.png\",\"caption\":\"Telinha\"},\"sameAs\":[\"https:\/\/portaltela.pt\/\"],\"url\":\"https:\/\/portaltela.pt\/por\/367410592786\/\"}]}<\/script>\n<!-- \/ Yoast SEO plugin. -->","yoast_head_json":{"title":"Arronches repudia despejo ilegal de entulho e reporta o caso \u00e0s autoridades - Portal Tela Portugal","robots":{"index":"index","follow":"follow","max-snippet":"max-snippet:-1","max-image-preview":"max-image-preview:large","max-video-preview":"max-video-preview:-1"},"og_locale":"pt_PT","og_type":"article","og_title":"Arronches repudia despejo ilegal de entulho e reporta o caso \u00e0s autoridades - Portal Tela Portugal","og_description":"O Munic\u00edpio de Arronches repudiou o despejo ilegal de entulho na via p\u00fablica, detectado em v\u00e1rias escapat\u00f3rias de caminhos municipais. Os dep\u00f3sitos ocorreram no CM 1102 (Mosteiros), bem como no CM 1107 e CM 1165 (zona de Nave Fria). A autarquia classifica o ato como crime ambiental e amea\u00e7a \u00e0 seguran\u00e7a rodovi\u00e1ria, rodando riscos para condutores e pe\u00f5es. A C\u00e2mara informou j\u00e1 ter reportado a autoridades competentes para identifica\u00e7\u00e3o e responsabiliza\u00e7\u00e3o dos autores. Arronches apela \u00e0 consci\u00eancia c\u00edvica e recorda que a limpeza e a seguran\u00e7a do espa\u00e7o p\u00fablico s\u00e3o responsabilidade coletiva.","og_url":"https:\/\/portaltela.pt\/noticias\/2026\/01\/23\/arronches-repudia-despejo-ilegal-de-entulho-e-reporta-o-caso-as-autoridades\/","og_site_name":"Portal Tela Portugal","article_published_time":"2026-01-23T19:30:00+00:00","author":"Telinha","twitter_card":"summary_large_image","twitter_misc":{"Escrito por":"Telinha","Tempo estimado de leitura":"2 minutos"},"schema":{"@context":"https:\/\/schema.org","@graph":[{"@type":"Article","@id":"https:\/\/portaltela.pt\/noticias\/2026\/01\/23\/arronches-repudia-despejo-ilegal-de-entulho-e-reporta-o-caso-as-autoridades\/#article","isPartOf":{"@id":"https:\/\/portaltela.pt\/noticias\/2026\/01\/23\/arronches-repudia-despejo-ilegal-de-entulho-e-reporta-o-caso-as-autoridades\/"},"author":{"name":"Telinha","@id":"https:\/\/portaltela.pt\/#\/schema\/person\/c4278d4a6028830caff9ee44b42d32ed"},"headline":"Arronches repudia despejo ilegal de entulho e reporta o caso \u00e0s autoridades","datePublished":"2026-01-23T19:30:00+00:00","mainEntityOfPage":{"@id":"https:\/\/portaltela.pt\/noticias\/2026\/01\/23\/arronches-repudia-despejo-ilegal-de-entulho-e-reporta-o-caso-as-autoridades\/"},"wordCount":329,"image":{"@id":"https:\/\/portaltela.pt\/noticias\/2026\/01\/23\/arronches-repudia-despejo-ilegal-de-entulho-e-reporta-o-caso-as-autoridades\/#primaryimage"},"thumbnailUrl":"https:\/\/portaltela.pt\/s.01k8rhncp4jt1\/2026\/01\/IMG_9825.jpg","keywords":["ambiental","Arronches","polui\u00e7\u00e3o ambiental","res\u00edduos","seguran\u00e7a rodovi\u00e1ria","via p\u00fablica"],"articleSection":["Not\u00edcias"],"inLanguage":"pt-PT"},{"@type":"WebPage","@id":"https:\/\/portaltela.pt\/noticias\/2026\/01\/23\/arronches-repudia-despejo-ilegal-de-entulho-e-reporta-o-caso-as-autoridades\/","url":"https:\/\/portaltela.pt\/noticias\/2026\/01\/23\/arronches-repudia-despejo-ilegal-de-entulho-e-reporta-o-caso-as-autoridades\/","name":"Arronches repudia despejo ilegal de entulho e reporta o caso \u00e0s autoridades - Portal Tela Portugal","isPartOf":{"@id":"https:\/\/portaltela.pt\/#website"},"primaryImageOfPage":{"@id":"https:\/\/portaltela.pt\/noticias\/2026\/01\/23\/arronches-repudia-despejo-ilegal-de-entulho-e-reporta-o-caso-as-autoridades\/#primaryimage"},"image":{"@id":"https:\/\/portaltela.pt\/noticias\/2026\/01\/23\/arronches-repudia-despejo-ilegal-de-entulho-e-reporta-o-caso-as-autoridades\/#primaryimage"},"thumbnailUrl":"https:\/\/portaltela.pt\/s.01k8rhncp4jt1\/2026\/01\/IMG_9825.jpg","datePublished":"2026-01-23T19:30:00+00:00","author":{"@id":"https:\/\/portaltela.pt\/#\/schema\/person\/c4278d4a6028830caff9ee44b42d32ed"},"breadcrumb":{"@id":"https:\/\/portaltela.pt\/noticias\/2026\/01\/23\/arronches-repudia-despejo-ilegal-de-entulho-e-reporta-o-caso-as-autoridades\/#breadcrumb"},"inLanguage":"pt-PT","potentialAction":[{"@type":"ReadAction","target":["https:\/\/portaltela.pt\/noticias\/2026\/01\/23\/arronches-repudia-despejo-ilegal-de-entulho-e-reporta-o-caso-as-autoridades\/"]}]},{"@type":"ImageObject","inLanguage":"pt-PT","@id":"https:\/\/portaltela.pt\/noticias\/2026\/01\/23\/arronches-repudia-despejo-ilegal-de-entulho-e-reporta-o-caso-as-autoridades\/#primaryimage","url":"https:\/\/portaltela.pt\/s.01k8rhncp4jt1\/2026\/01\/IMG_9825.jpg","contentUrl":"https:\/\/portaltela.pt\/s.01k8rhncp4jt1\/2026\/01\/IMG_9825.jpg","width":796,"height":448,"caption":"Arronches repudia despejo ilegal de entulho em estradas municipais e reporta caso \u00e0s autoridades"},{"@type":"BreadcrumbList","@id":"https:\/\/portaltela.pt\/noticias\/2026\/01\/23\/arronches-repudia-despejo-ilegal-de-entulho-e-reporta-o-caso-as-autoridades\/#breadcrumb","itemListElement":[{"@type":"ListItem","position":1,"name":"In\u00edcio","item":"https:\/\/portaltela.pt\/"},{"@type":"ListItem","position":2,"name":"Arronches repudia despejo ilegal de entulho e reporta o caso \u00e0s autoridades"}]},{"@type":"WebSite","@id":"https:\/\/portaltela.pt\/#website","url":"https:\/\/portaltela.pt\/","name":"Portal Tela Portugal","description":"","potentialAction":[{"@type":"SearchAction","target":{"@type":"EntryPoint","urlTemplate":"https:\/\/portaltela.pt\/?s={search_term_string}"},"query-input":{"@type":"PropertyValueSpecification","valueRequired":true,"valueName":"search_term_string"}}],"inLanguage":"pt-PT"},{"@type":"Person","@id":"https:\/\/portaltela.pt\/#\/schema\/person\/c4278d4a6028830caff9ee44b42d32ed","name":"Telinha","image":{"@type":"ImageObject","inLanguage":"pt-PT","@id":"https:\/\/portaltela.pt\/s.01k8rhncp4jt1\/2025\/11\/talking-bot-125x125.png","url":"https:\/\/portaltela.pt\/s.01k8rhncp4jt1\/2025\/11\/talking-bot-125x125.png","contentUrl":"https:\/\/portaltela.pt\/s.01k8rhncp4jt1\/2025\/11\/talking-bot-125x125.png","caption":"Telinha"},"sameAs":["https:\/\/portaltela.pt\/"],"url":"https:\/\/portaltela.pt\/por\/367410592786\/"}]}},"_links":{"self":[{"href":"https:\/\/portaltela.pt\/api\/wp\/v2\/posts\/168317","targetHints":{"allow":["GET"]}}],"collection":[{"href":"https:\/\/portaltela.pt\/api\/wp\/v2\/posts"}],"about":[{"href":"https:\/\/portaltela.pt\/api\/wp\/v2\/types\/post"}],"author":[{"embeddable":true,"href":"https:\/\/portaltela.pt\/api\/wp\/v2\/users\/2"}],"replies":[{"embeddable":true,"href":"https:\/\/portaltela.pt\/api\/wp\/v2\/comments?post=168317"}],"version-history":[{"count":0,"href":"https:\/\/portaltela.pt\/api\/wp\/v2\/posts\/168317\/revisions"}],"wp:featuredmedia":[{"embeddable":true,"href":"https:\/\/portaltela.pt\/api\/wp\/v2\/media\/168341"}],"wp:attachment":[{"href":"https:\/\/portaltela.pt\/api\/wp\/v2\/media?parent=168317"}],"wp:term":[{"taxonomy":"category","embeddable":true,"href":"https:\/\/portaltela.pt\/api\/wp\/v2\/categories?post=168317"},{"taxonomy":"post_tag","embeddable":true,"href":"https:\/\/portaltela.pt\/api\/wp\/v2\/tags?post=168317"}],"curies":[{"name":"wp","href":"https:\/\/api.w.org\/{rel}","templated":true}]}}