{"id":168307,"date":"2026-01-23T16:42:56","date_gmt":"2026-01-23T19:42:56","guid":{"rendered":"https:\/\/portaltela.pt\/noticias\/2026\/01\/23\/gripe-recua-mas-excesso-de-mortes-mantem-se\/"},"modified":"2026-01-23T16:42:56","modified_gmt":"2026-01-23T19:42:56","slug":"gripe-recua-mas-excesso-de-mortes-mantem-se","status":"publish","type":"post","link":"https:\/\/portaltela.pt\/noticias\/2026\/01\/23\/gripe-recua-mas-excesso-de-mortes-mantem-se\/","title":{"rendered":"Gripe recua, mas excesso de mortes mant\u00e9m-se"},"content":{"rendered":"<p>A gripe em Portugal abrandou, mas o excesso de mortalidade mant\u00e9m-se acima do esperado. O INSA aponta menos casos de infe\u00e7\u00e3o respirat\u00f3ria, gripe e internamentos, mantendo-se a press\u00e3o em \u00f3bitos por todo o pa\u00eds. A evolu\u00e7\u00e3o refere-se \u00e0 \u00e9poca gripal que come\u00e7ou a 29 de setembro de 2025.<\/p>\n<p>Na semana em an\u00e1lise foram identificados 495 casos de gripe, menos 258 que a semana anterior. Foram admitidos 75 casos de infe\u00e7\u00e3o respirat\u00f3ria aguda grave, com uma incid\u00eancia de 9,6 por 100 mil habitantes. A taxa \u00e9 menor, ainda que as ULS apresentem varia\u00e7\u00f5es regionais.<\/p>\n<p>Entre 12 e 18 de janeiro, oito casos de gripe surgiram nas 11 UCI que reportaram dados, quatro deles com mais de 65 anos. A maioria tinha doen\u00e7a cr\u00f3nica ou n\u00e3o estava vacinada, e a propor\u00e7\u00e3o de gripe em UCI situou-se em 9,1%. O RSV continua a aumentar.<\/p>\n<h3>Din\u00e2mica do RSV, gripe e mortalidade<\/h3>\n<p>O boletim indica que a dete\u00e7\u00e3o de RSV tem aumentado \u00e0 medida que a gripe diminui. Desde o in\u00edcio da \u00e9poca j\u00e1 foram identificados 5.476 casos de outros agentes respirat\u00f3rios, com RSV a predominar na \u00faltima semana. Cresce tamb\u00e9m a mortalidade geral acima do esperado.<\/p>\n<p>Paralelamente, registam-se 111 internamentos por RSV em crian\u00e7as com menos de 24 meses, na rede de vigil\u00e2ncia VigiRSV. Entre as crian\u00e7as, 20,7% tinham at\u00e9 3 meses, 18,6% eram prematuras e 17,8% tinham baixo peso.<\/p>\n<h3>Perspectiva e vacina\u00e7\u00e3o<\/h3>\n<p>A mortalidade global permanece alta, com excesso identificado em v\u00e1rias regi\u00f5es e faixas et\u00e1rias. Internacionalmente, a gripe circula em alta na UE\/EEE, com o pico j\u00e1 atingido em muitos pa\u00edses. A estirpe dominante continua a ser A(H3N2).<\/p>\n<p>A vacina\u00e7\u00e3o \u00e9 destacada como a medida mais eficaz para prevenir formas graves. O INSA aconselha que as pessoas eleg\u00edveis, especialmente as com maior risco, sejam vacinadas para reduzir complica\u00e7\u00f5es graves.<\/p>\n","protected":false},"excerpt":{"rendered":"<ul>\n<li>A atividade gripal est\u00e1 a abrandar em Portugal, com 14.243 casos de gripe identificados desde 29 de setembro de 2025 e 73.292 infe\u00e7\u00f5es respirat\u00f3rias registadas.<\/li>\n<li>Na semana analisada, foram detetados 495 casos de gripe (menos 258 que na anterior) e 75 casos de infe\u00e7\u00e3o respirat\u00f3ria aguda grave em unidades locais de sa\u00fade.<\/li>\n<li>A taxa de incid\u00eancia de SARI \u00e9 de 9,6 casos por 100 mil habitantes, com valores mais elevados entre pessoas com 65 anos ou mais.<\/li>\n<li>Entre 12 e 18 de janeiro houve oito casos de gripe em onze unidades de cuidados intensivos; sete tinham recomenda\u00e7\u00e3o de vacina\u00e7\u00e3o e quatro estavam vacinados. A propor\u00e7\u00e3o de gripe em UCI foi de 9,1%.<\/li>\n<li>O v\u00edrus sincicial respirat\u00f3rio tem vindo a aumentar, com 5.476 casos de outros agentes respirat\u00f3rios desde o in\u00edcio da \u00e9poca; houve 111 internamentos por RSV em crian\u00e7as com menos de 24 meses. A mortalidade por todas as causas est\u00e1 acima do esperado, com excessos em v\u00e1rias regi\u00f5es; a vacina\u00e7\u00e3o \u00e9 destacada como a medida mais eficaz.<\/li>\n<\/ul>\n","protected":false},"author":2,"featured_media":168345,"comment_status":"closed","ping_status":"closed","sticky":false,"template":"","format":"standard","meta":{"footnotes":""},"categories":[1],"tags":[61,1905,3270,1014,271,3949],"class_list":["post-168307","post","type-post","status-publish","format-standard","has-post-thumbnail","hentry","category-noticias","tag-doencas","tag-gripe","tag-infecao-respiratoria","tag-portugal","tag-saude-publica","tag-vacinacoes"],"yoast_head":"<!-- This site is optimized with the Yoast SEO plugin v27.2 - https:\/\/yoast.com\/product\/yoast-seo-wordpress\/ -->\n<title>Gripe recua, mas excesso de mortes mant\u00e9m-se - Portal Tela Portugal<\/title>\n<meta name=\"robots\" content=\"index, follow, max-snippet:-1, max-image-preview:large, max-video-preview:-1\" \/>\n<meta property=\"og:locale\" content=\"pt_PT\" \/>\n<meta property=\"og:type\" content=\"article\" \/>\n<meta property=\"og:title\" content=\"Gripe recua, mas excesso de mortes mant\u00e9m-se - Portal Tela Portugal\" \/>\n<meta property=\"og:description\" content=\"A atividade gripal est\u00e1 a abrandar em Portugal, com 14.243 casos de gripe identificados desde 29 de setembro de 2025 e 73.292 infe\u00e7\u00f5es respirat\u00f3rias registadas. Na semana analisada, foram detetados 495 casos de gripe (menos 258 que na anterior) e 75 casos de infe\u00e7\u00e3o respirat\u00f3ria aguda grave em unidades locais de sa\u00fade. A taxa de incid\u00eancia de SARI \u00e9 de 9,6 casos por 100 mil habitantes, com valores mais elevados entre pessoas com 65 anos ou mais. Entre 12 e 18 de janeiro houve oito casos de gripe em onze unidades de cuidados intensivos; sete tinham recomenda\u00e7\u00e3o de vacina\u00e7\u00e3o e quatro estavam vacinados. A propor\u00e7\u00e3o de gripe em UCI foi de 9,1%. O v\u00edrus sincicial respirat\u00f3rio tem vindo a aumentar, com 5.476 casos de outros agentes respirat\u00f3rios desde o in\u00edcio da \u00e9poca; houve 111 internamentos por RSV em crian\u00e7as com menos de 24 meses. A mortalidade por todas as causas est\u00e1 acima do esperado, com excessos em v\u00e1rias regi\u00f5es; a vacina\u00e7\u00e3o \u00e9 destacada como a medida mais eficaz.\" \/>\n<meta property=\"og:url\" content=\"https:\/\/portaltela.pt\/noticias\/2026\/01\/23\/gripe-recua-mas-excesso-de-mortes-mantem-se\/\" \/>\n<meta property=\"og:site_name\" content=\"Portal Tela Portugal\" \/>\n<meta property=\"article:published_time\" content=\"2026-01-23T19:42:56+00:00\" \/>\n<meta name=\"author\" content=\"Telinha\" \/>\n<meta name=\"twitter:card\" content=\"summary_large_image\" \/>\n<meta name=\"twitter:label1\" content=\"Escrito por\" \/>\n\t<meta name=\"twitter:data1\" content=\"Telinha\" \/>\n\t<meta name=\"twitter:label2\" content=\"Tempo estimado de leitura\" \/>\n\t<meta name=\"twitter:data2\" content=\"2 minutos\" \/>\n<script type=\"application\/ld+json\" class=\"yoast-schema-graph\">{\"@context\":\"https:\/\/schema.org\",\"@graph\":[{\"@type\":\"Article\",\"@id\":\"https:\/\/portaltela.pt\/noticias\/2026\/01\/23\/gripe-recua-mas-excesso-de-mortes-mantem-se\/#article\",\"isPartOf\":{\"@id\":\"https:\/\/portaltela.pt\/noticias\/2026\/01\/23\/gripe-recua-mas-excesso-de-mortes-mantem-se\/\"},\"author\":{\"name\":\"Telinha\",\"@id\":\"https:\/\/portaltela.pt\/#\/schema\/person\/c4278d4a6028830caff9ee44b42d32ed\"},\"headline\":\"Gripe recua, mas excesso de mortes mant\u00e9m-se\",\"datePublished\":\"2026-01-23T19:42:56+00:00\",\"mainEntityOfPage\":{\"@id\":\"https:\/\/portaltela.pt\/noticias\/2026\/01\/23\/gripe-recua-mas-excesso-de-mortes-mantem-se\/\"},\"wordCount\":317,\"image\":{\"@id\":\"https:\/\/portaltela.pt\/noticias\/2026\/01\/23\/gripe-recua-mas-excesso-de-mortes-mantem-se\/#primaryimage\"},\"thumbnailUrl\":\"https:\/\/portaltela.pt\/s.01k8rhncp4jt1\/2026\/01\/unnamed-file-4850.jpg\",\"keywords\":[\"doen\u00e7as\",\"gripe\",\"infe\u00e7\u00e3o respirat\u00f3ria\",\"Portugal\",\"sa\u00fade p\u00fablica\",\"vacina\u00e7\u00f5es\"],\"articleSection\":[\"Not\u00edcias\"],\"inLanguage\":\"pt-PT\"},{\"@type\":\"WebPage\",\"@id\":\"https:\/\/portaltela.pt\/noticias\/2026\/01\/23\/gripe-recua-mas-excesso-de-mortes-mantem-se\/\",\"url\":\"https:\/\/portaltela.pt\/noticias\/2026\/01\/23\/gripe-recua-mas-excesso-de-mortes-mantem-se\/\",\"name\":\"Gripe recua, mas excesso de mortes mant\u00e9m-se - Portal Tela Portugal\",\"isPartOf\":{\"@id\":\"https:\/\/portaltela.pt\/#website\"},\"primaryImageOfPage\":{\"@id\":\"https:\/\/portaltela.pt\/noticias\/2026\/01\/23\/gripe-recua-mas-excesso-de-mortes-mantem-se\/#primaryimage\"},\"image\":{\"@id\":\"https:\/\/portaltela.pt\/noticias\/2026\/01\/23\/gripe-recua-mas-excesso-de-mortes-mantem-se\/#primaryimage\"},\"thumbnailUrl\":\"https:\/\/portaltela.pt\/s.01k8rhncp4jt1\/2026\/01\/unnamed-file-4850.jpg\",\"datePublished\":\"2026-01-23T19:42:56+00:00\",\"author\":{\"@id\":\"https:\/\/portaltela.pt\/#\/schema\/person\/c4278d4a6028830caff9ee44b42d32ed\"},\"breadcrumb\":{\"@id\":\"https:\/\/portaltela.pt\/noticias\/2026\/01\/23\/gripe-recua-mas-excesso-de-mortes-mantem-se\/#breadcrumb\"},\"inLanguage\":\"pt-PT\",\"potentialAction\":[{\"@type\":\"ReadAction\",\"target\":[\"https:\/\/portaltela.pt\/noticias\/2026\/01\/23\/gripe-recua-mas-excesso-de-mortes-mantem-se\/\"]}]},{\"@type\":\"ImageObject\",\"inLanguage\":\"pt-PT\",\"@id\":\"https:\/\/portaltela.pt\/noticias\/2026\/01\/23\/gripe-recua-mas-excesso-de-mortes-mantem-se\/#primaryimage\",\"url\":\"https:\/\/portaltela.pt\/s.01k8rhncp4jt1\/2026\/01\/unnamed-file-4850.jpg\",\"contentUrl\":\"https:\/\/portaltela.pt\/s.01k8rhncp4jt1\/2026\/01\/unnamed-file-4850.jpg\",\"width\":796,\"height\":448,\"caption\":\"Gripe abranda, mas excesso de mortes mant\u00e9m-se\"},{\"@type\":\"BreadcrumbList\",\"@id\":\"https:\/\/portaltela.pt\/noticias\/2026\/01\/23\/gripe-recua-mas-excesso-de-mortes-mantem-se\/#breadcrumb\",\"itemListElement\":[{\"@type\":\"ListItem\",\"position\":1,\"name\":\"In\u00edcio\",\"item\":\"https:\/\/portaltela.pt\/\"},{\"@type\":\"ListItem\",\"position\":2,\"name\":\"Gripe recua, mas excesso de mortes mant\u00e9m-se\"}]},{\"@type\":\"WebSite\",\"@id\":\"https:\/\/portaltela.pt\/#website\",\"url\":\"https:\/\/portaltela.pt\/\",\"name\":\"Portal Tela Portugal\",\"description\":\"\",\"potentialAction\":[{\"@type\":\"SearchAction\",\"target\":{\"@type\":\"EntryPoint\",\"urlTemplate\":\"https:\/\/portaltela.pt\/?s={search_term_string}\"},\"query-input\":{\"@type\":\"PropertyValueSpecification\",\"valueRequired\":true,\"valueName\":\"search_term_string\"}}],\"inLanguage\":\"pt-PT\"},{\"@type\":\"Person\",\"@id\":\"https:\/\/portaltela.pt\/#\/schema\/person\/c4278d4a6028830caff9ee44b42d32ed\",\"name\":\"Telinha\",\"image\":{\"@type\":\"ImageObject\",\"inLanguage\":\"pt-PT\",\"@id\":\"https:\/\/portaltela.pt\/s.01k8rhncp4jt1\/2025\/11\/talking-bot-125x125.png\",\"url\":\"https:\/\/portaltela.pt\/s.01k8rhncp4jt1\/2025\/11\/talking-bot-125x125.png\",\"contentUrl\":\"https:\/\/portaltela.pt\/s.01k8rhncp4jt1\/2025\/11\/talking-bot-125x125.png\",\"caption\":\"Telinha\"},\"sameAs\":[\"https:\/\/portaltela.pt\/\"],\"url\":\"https:\/\/portaltela.pt\/por\/367410592786\/\"}]}<\/script>\n<!-- \/ Yoast SEO plugin. -->","yoast_head_json":{"title":"Gripe recua, mas excesso de mortes mant\u00e9m-se - Portal Tela Portugal","robots":{"index":"index","follow":"follow","max-snippet":"max-snippet:-1","max-image-preview":"max-image-preview:large","max-video-preview":"max-video-preview:-1"},"og_locale":"pt_PT","og_type":"article","og_title":"Gripe recua, mas excesso de mortes mant\u00e9m-se - Portal Tela Portugal","og_description":"A atividade gripal est\u00e1 a abrandar em Portugal, com 14.243 casos de gripe identificados desde 29 de setembro de 2025 e 73.292 infe\u00e7\u00f5es respirat\u00f3rias registadas. Na semana analisada, foram detetados 495 casos de gripe (menos 258 que na anterior) e 75 casos de infe\u00e7\u00e3o respirat\u00f3ria aguda grave em unidades locais de sa\u00fade. A taxa de incid\u00eancia de SARI \u00e9 de 9,6 casos por 100 mil habitantes, com valores mais elevados entre pessoas com 65 anos ou mais. Entre 12 e 18 de janeiro houve oito casos de gripe em onze unidades de cuidados intensivos; sete tinham recomenda\u00e7\u00e3o de vacina\u00e7\u00e3o e quatro estavam vacinados. A propor\u00e7\u00e3o de gripe em UCI foi de 9,1%. O v\u00edrus sincicial respirat\u00f3rio tem vindo a aumentar, com 5.476 casos de outros agentes respirat\u00f3rios desde o in\u00edcio da \u00e9poca; houve 111 internamentos por RSV em crian\u00e7as com menos de 24 meses. A mortalidade por todas as causas est\u00e1 acima do esperado, com excessos em v\u00e1rias regi\u00f5es; a vacina\u00e7\u00e3o \u00e9 destacada como a medida mais eficaz.","og_url":"https:\/\/portaltela.pt\/noticias\/2026\/01\/23\/gripe-recua-mas-excesso-de-mortes-mantem-se\/","og_site_name":"Portal Tela Portugal","article_published_time":"2026-01-23T19:42:56+00:00","author":"Telinha","twitter_card":"summary_large_image","twitter_misc":{"Escrito por":"Telinha","Tempo estimado de leitura":"2 minutos"},"schema":{"@context":"https:\/\/schema.org","@graph":[{"@type":"Article","@id":"https:\/\/portaltela.pt\/noticias\/2026\/01\/23\/gripe-recua-mas-excesso-de-mortes-mantem-se\/#article","isPartOf":{"@id":"https:\/\/portaltela.pt\/noticias\/2026\/01\/23\/gripe-recua-mas-excesso-de-mortes-mantem-se\/"},"author":{"name":"Telinha","@id":"https:\/\/portaltela.pt\/#\/schema\/person\/c4278d4a6028830caff9ee44b42d32ed"},"headline":"Gripe recua, mas excesso de mortes mant\u00e9m-se","datePublished":"2026-01-23T19:42:56+00:00","mainEntityOfPage":{"@id":"https:\/\/portaltela.pt\/noticias\/2026\/01\/23\/gripe-recua-mas-excesso-de-mortes-mantem-se\/"},"wordCount":317,"image":{"@id":"https:\/\/portaltela.pt\/noticias\/2026\/01\/23\/gripe-recua-mas-excesso-de-mortes-mantem-se\/#primaryimage"},"thumbnailUrl":"https:\/\/portaltela.pt\/s.01k8rhncp4jt1\/2026\/01\/unnamed-file-4850.jpg","keywords":["doen\u00e7as","gripe","infe\u00e7\u00e3o respirat\u00f3ria","Portugal","sa\u00fade p\u00fablica","vacina\u00e7\u00f5es"],"articleSection":["Not\u00edcias"],"inLanguage":"pt-PT"},{"@type":"WebPage","@id":"https:\/\/portaltela.pt\/noticias\/2026\/01\/23\/gripe-recua-mas-excesso-de-mortes-mantem-se\/","url":"https:\/\/portaltela.pt\/noticias\/2026\/01\/23\/gripe-recua-mas-excesso-de-mortes-mantem-se\/","name":"Gripe recua, mas excesso de mortes mant\u00e9m-se - Portal Tela Portugal","isPartOf":{"@id":"https:\/\/portaltela.pt\/#website"},"primaryImageOfPage":{"@id":"https:\/\/portaltela.pt\/noticias\/2026\/01\/23\/gripe-recua-mas-excesso-de-mortes-mantem-se\/#primaryimage"},"image":{"@id":"https:\/\/portaltela.pt\/noticias\/2026\/01\/23\/gripe-recua-mas-excesso-de-mortes-mantem-se\/#primaryimage"},"thumbnailUrl":"https:\/\/portaltela.pt\/s.01k8rhncp4jt1\/2026\/01\/unnamed-file-4850.jpg","datePublished":"2026-01-23T19:42:56+00:00","author":{"@id":"https:\/\/portaltela.pt\/#\/schema\/person\/c4278d4a6028830caff9ee44b42d32ed"},"breadcrumb":{"@id":"https:\/\/portaltela.pt\/noticias\/2026\/01\/23\/gripe-recua-mas-excesso-de-mortes-mantem-se\/#breadcrumb"},"inLanguage":"pt-PT","potentialAction":[{"@type":"ReadAction","target":["https:\/\/portaltela.pt\/noticias\/2026\/01\/23\/gripe-recua-mas-excesso-de-mortes-mantem-se\/"]}]},{"@type":"ImageObject","inLanguage":"pt-PT","@id":"https:\/\/portaltela.pt\/noticias\/2026\/01\/23\/gripe-recua-mas-excesso-de-mortes-mantem-se\/#primaryimage","url":"https:\/\/portaltela.pt\/s.01k8rhncp4jt1\/2026\/01\/unnamed-file-4850.jpg","contentUrl":"https:\/\/portaltela.pt\/s.01k8rhncp4jt1\/2026\/01\/unnamed-file-4850.jpg","width":796,"height":448,"caption":"Gripe abranda, mas excesso de mortes mant\u00e9m-se"},{"@type":"BreadcrumbList","@id":"https:\/\/portaltela.pt\/noticias\/2026\/01\/23\/gripe-recua-mas-excesso-de-mortes-mantem-se\/#breadcrumb","itemListElement":[{"@type":"ListItem","position":1,"name":"In\u00edcio","item":"https:\/\/portaltela.pt\/"},{"@type":"ListItem","position":2,"name":"Gripe recua, mas excesso de mortes mant\u00e9m-se"}]},{"@type":"WebSite","@id":"https:\/\/portaltela.pt\/#website","url":"https:\/\/portaltela.pt\/","name":"Portal Tela Portugal","description":"","potentialAction":[{"@type":"SearchAction","target":{"@type":"EntryPoint","urlTemplate":"https:\/\/portaltela.pt\/?s={search_term_string}"},"query-input":{"@type":"PropertyValueSpecification","valueRequired":true,"valueName":"search_term_string"}}],"inLanguage":"pt-PT"},{"@type":"Person","@id":"https:\/\/portaltela.pt\/#\/schema\/person\/c4278d4a6028830caff9ee44b42d32ed","name":"Telinha","image":{"@type":"ImageObject","inLanguage":"pt-PT","@id":"https:\/\/portaltela.pt\/s.01k8rhncp4jt1\/2025\/11\/talking-bot-125x125.png","url":"https:\/\/portaltela.pt\/s.01k8rhncp4jt1\/2025\/11\/talking-bot-125x125.png","contentUrl":"https:\/\/portaltela.pt\/s.01k8rhncp4jt1\/2025\/11\/talking-bot-125x125.png","caption":"Telinha"},"sameAs":["https:\/\/portaltela.pt\/"],"url":"https:\/\/portaltela.pt\/por\/367410592786\/"}]}},"_links":{"self":[{"href":"https:\/\/portaltela.pt\/api\/wp\/v2\/posts\/168307","targetHints":{"allow":["GET"]}}],"collection":[{"href":"https:\/\/portaltela.pt\/api\/wp\/v2\/posts"}],"about":[{"href":"https:\/\/portaltela.pt\/api\/wp\/v2\/types\/post"}],"author":[{"embeddable":true,"href":"https:\/\/portaltela.pt\/api\/wp\/v2\/users\/2"}],"replies":[{"embeddable":true,"href":"https:\/\/portaltela.pt\/api\/wp\/v2\/comments?post=168307"}],"version-history":[{"count":0,"href":"https:\/\/portaltela.pt\/api\/wp\/v2\/posts\/168307\/revisions"}],"wp:featuredmedia":[{"embeddable":true,"href":"https:\/\/portaltela.pt\/api\/wp\/v2\/media\/168345"}],"wp:attachment":[{"href":"https:\/\/portaltela.pt\/api\/wp\/v2\/media?parent=168307"}],"wp:term":[{"taxonomy":"category","embeddable":true,"href":"https:\/\/portaltela.pt\/api\/wp\/v2\/categories?post=168307"},{"taxonomy":"post_tag","embeddable":true,"href":"https:\/\/portaltela.pt\/api\/wp\/v2\/tags?post=168307"}],"curies":[{"name":"wp","href":"https:\/\/api.w.org\/{rel}","templated":true}]}}