{"id":168303,"date":"2026-01-23T16:36:27","date_gmt":"2026-01-23T19:36:27","guid":{"rendered":"https:\/\/portaltela.pt\/noticias\/2026\/01\/23\/guimaraes-comemora-50-anos-do-25-de-abril-com-programacao-alargada\/"},"modified":"2026-01-23T16:36:27","modified_gmt":"2026-01-23T19:36:27","slug":"guimaraes-comemora-50-anos-do-25-de-abril-com-programacao-alargada","status":"publish","type":"post","link":"https:\/\/portaltela.pt\/noticias\/2026\/01\/23\/guimaraes-comemora-50-anos-do-25-de-abril-com-programacao-alargada\/","title":{"rendered":"Guimar\u00e3es comemora 50 anos do 25 de Abril com programa\u00e7\u00e3o alargada"},"content":{"rendered":"<p>Guimar\u00e3es prepara-se para celebrar os 50 anos do 25 de Abril, marco da democracia em Portugal. A apresenta\u00e7\u00e3o do programa ocorreu no Caf\u00e9 Milen\u00e1rio, no Largo do Toural, local emblem\u00e1tico na hist\u00f3ria da cidade durante a Revolu\u00e7\u00e3o. A iniciativa acompanha o formato tradicional do evento municipal.<\/p>\n<p>\u00c0 semelhan\u00e7a dos anos anteriores, o projeto Abril com Cantigas do Maio envolve v\u00e1rias institui\u00e7\u00f5es locais, num modelo que visa enriquecer a programa\u00e7\u00e3o e torn\u00e1-la mais concentrada, segundo o vereador Paulo Lopes Silva. O calend\u00e1rio refor\u00e7a a coopera\u00e7\u00e3o entre entidades p\u00fablicas e culturais de Guimar\u00e3es.<\/p>\n<h3>Programa principal<\/h3>\n<p>No dia 25 de abril, o programa contempla uma sess\u00e3o solene da Assembleia Municipal \u00e0s 11h00, seguida pelo Concerto Comemorativo do 25 de Abril pela Banda Musical das Taipas, no Largo Condessa do Juncal. \u00c0 tarde realiza-se o concerto 50 Anos de Abril, no Jardim da Alameda.<\/p>\n<p>Destaques incluem o concerto Sons de Abril, com o pianista Pedro Emanuel Pereira, sob coment\u00e1rios de Ant\u00f3nio Vitorino D\u2019Almeida e Miguel Leite. Outro evento de refer\u00eancia \u00e9 Sons da Liberdade, apresentado pela Banda Musical de Pevid\u00e9m e pelo Coro da Liberdade, com imagens do Cineclube de Guimar\u00e3es. O programa costuma esgotar a lota\u00e7\u00e3o, atraindo um p\u00fablico diverso e participa\u00e7\u00e3o comunit\u00e1ria.<\/p>\n<h3>Atividades culturais e educativas<\/h3>\n<p>A Sociedade Martins Sarmento organiza o ciclo de confer\u00eancias Conversas em Liberdade, enquanto o Cineclube exibe filmes e apresenta o trabalho fotogr\u00e1fico de Santos Sim\u00f5es, considerado por Carlos Mesquita como excelente. Entre as atividades paralelas, h\u00e1 visitas guiadas e consultas de documentos sobre o 25 de Abril no Arquivo Municipal Alfredo Pimenta.<\/p>\n<p>Ainda no m\u00eas, em 18 de abril, est\u00e1 previsto a cria\u00e7\u00e3o de um mural de artes pl\u00e1sticas no Toural, com participa\u00e7\u00e3o aberta ao p\u00fablico, iniciativa organizada pelo Centro Infantil e Cultural de Guimar\u00e3es. As a\u00e7\u00f5es complementam a programa\u00e7\u00e3o cultural associada ao 25 de Abril.<\/p>\n","protected":false},"excerpt":{"rendered":"<ul>\n<li>Guimar\u00e3es celebra os 50 anos do 25 de abril com uma programa\u00e7\u00e3o alargada, apresentada no Caf\u00e9 Milen\u00e1rio, no Largo do Toural.<\/li>\n<li>O formato \u201cAbril com Cantigas do Maio\u201d junta v\u00e1rias institui\u00e7\u00f5es locais, mantendo um modelo de programa\u00e7\u00e3o mais rica e concentrada.<\/li>\n<li>No dia 25 de abril, destaque para a sess\u00e3o solene da Assembleia Municipal \u00e0s 11h e para o concerto \u201c50 Anos de Abril\u201d no Jardim da Alameda, \u00e0 tarde.<\/li>\n<li>Destaques incluem o concerto \u201cSons de Abril\u201d com o pianista Pedro Emanuel Pereira e o espet\u00e1culo \u201cSons da Liberdade\u201d pela Banda Musical de Pevid\u00e9m e pelo Coro da Liberdade, com imagens do Cineclube de Guimar\u00e3es.<\/li>\n<li>A programa\u00e7\u00e3o inclui ainda as \u201cConversas em Liberdade\u201d da Sociedade Martins Sarmento, ciclo de filmes do Cineclube, exposi\u00e7\u00e3o de fotos de Santos Sim\u00f5es, visitas ao Arquivo Municipal Alfredo Pimenta e, a 18 de abril, um mural de artes pl\u00e1sticas no Toural.<\/li>\n<\/ul>\n","protected":false},"author":2,"featured_media":168347,"comment_status":"closed","ping_status":"closed","sticky":false,"template":"","format":"standard","meta":{"footnotes":""},"categories":[1],"tags":[2399,112,145,1145,299,1192],"class_list":["post-168303","post","type-post","status-publish","format-standard","has-post-thumbnail","hentry","category-noticias","tag-abril","tag-cinema","tag-cultura","tag-guimaraes","tag-historia","tag-museus-arquivos"],"yoast_head":"<!-- This site is optimized with the Yoast SEO plugin v27.2 - https:\/\/yoast.com\/product\/yoast-seo-wordpress\/ -->\n<title>Guimar\u00e3es comemora 50 anos do 25 de Abril com programa\u00e7\u00e3o alargada - Portal Tela Portugal<\/title>\n<meta name=\"robots\" content=\"index, follow, max-snippet:-1, max-image-preview:large, max-video-preview:-1\" \/>\n<meta property=\"og:locale\" content=\"pt_PT\" \/>\n<meta property=\"og:type\" content=\"article\" \/>\n<meta property=\"og:title\" content=\"Guimar\u00e3es comemora 50 anos do 25 de Abril com programa\u00e7\u00e3o alargada - Portal Tela Portugal\" \/>\n<meta property=\"og:description\" content=\"Guimar\u00e3es celebra os 50 anos do 25 de abril com uma programa\u00e7\u00e3o alargada, apresentada no Caf\u00e9 Milen\u00e1rio, no Largo do Toural. O formato \u201cAbril com Cantigas do Maio\u201d junta v\u00e1rias institui\u00e7\u00f5es locais, mantendo um modelo de programa\u00e7\u00e3o mais rica e concentrada. No dia 25 de abril, destaque para a sess\u00e3o solene da Assembleia Municipal \u00e0s 11h e para o concerto \u201c50 Anos de Abril\u201d no Jardim da Alameda, \u00e0 tarde. Destaques incluem o concerto \u201cSons de Abril\u201d com o pianista Pedro Emanuel Pereira e o espet\u00e1culo \u201cSons da Liberdade\u201d pela Banda Musical de Pevid\u00e9m e pelo Coro da Liberdade, com imagens do Cineclube de Guimar\u00e3es. A programa\u00e7\u00e3o inclui ainda as \u201cConversas em Liberdade\u201d da Sociedade Martins Sarmento, ciclo de filmes do Cineclube, exposi\u00e7\u00e3o de fotos de Santos Sim\u00f5es, visitas ao Arquivo Municipal Alfredo Pimenta e, a 18 de abril, um mural de artes pl\u00e1sticas no Toural.\" \/>\n<meta property=\"og:url\" content=\"https:\/\/portaltela.pt\/noticias\/2026\/01\/23\/guimaraes-comemora-50-anos-do-25-de-abril-com-programacao-alargada\/\" \/>\n<meta property=\"og:site_name\" content=\"Portal Tela Portugal\" \/>\n<meta property=\"article:published_time\" content=\"2026-01-23T19:36:27+00:00\" \/>\n<meta name=\"author\" content=\"Telinha\" \/>\n<meta name=\"twitter:card\" content=\"summary_large_image\" \/>\n<meta name=\"twitter:label1\" content=\"Escrito por\" \/>\n\t<meta name=\"twitter:data1\" content=\"Telinha\" \/>\n\t<meta name=\"twitter:label2\" content=\"Tempo estimado de leitura\" \/>\n\t<meta name=\"twitter:data2\" content=\"2 minutos\" \/>\n<script type=\"application\/ld+json\" class=\"yoast-schema-graph\">{\"@context\":\"https:\/\/schema.org\",\"@graph\":[{\"@type\":\"Article\",\"@id\":\"https:\/\/portaltela.pt\/noticias\/2026\/01\/23\/guimaraes-comemora-50-anos-do-25-de-abril-com-programacao-alargada\/#article\",\"isPartOf\":{\"@id\":\"https:\/\/portaltela.pt\/noticias\/2026\/01\/23\/guimaraes-comemora-50-anos-do-25-de-abril-com-programacao-alargada\/\"},\"author\":{\"name\":\"Telinha\",\"@id\":\"https:\/\/portaltela.pt\/#\/schema\/person\/c4278d4a6028830caff9ee44b42d32ed\"},\"headline\":\"Guimar\u00e3es comemora 50 anos do 25 de Abril com programa\u00e7\u00e3o alargada\",\"datePublished\":\"2026-01-23T19:36:27+00:00\",\"mainEntityOfPage\":{\"@id\":\"https:\/\/portaltela.pt\/noticias\/2026\/01\/23\/guimaraes-comemora-50-anos-do-25-de-abril-com-programacao-alargada\/\"},\"wordCount\":338,\"image\":{\"@id\":\"https:\/\/portaltela.pt\/noticias\/2026\/01\/23\/guimaraes-comemora-50-anos-do-25-de-abril-com-programacao-alargada\/#primaryimage\"},\"thumbnailUrl\":\"https:\/\/portaltela.pt\/s.01k8rhncp4jt1\/2026\/01\/unnamed-file-4850.jpg\",\"keywords\":[\"Abril\",\"cinema\",\"cultura\",\"Guimar\u00e3es\",\"hist\u00f3ria\",\"museus\/arquivos\"],\"articleSection\":[\"Not\u00edcias\"],\"inLanguage\":\"pt-PT\"},{\"@type\":\"WebPage\",\"@id\":\"https:\/\/portaltela.pt\/noticias\/2026\/01\/23\/guimaraes-comemora-50-anos-do-25-de-abril-com-programacao-alargada\/\",\"url\":\"https:\/\/portaltela.pt\/noticias\/2026\/01\/23\/guimaraes-comemora-50-anos-do-25-de-abril-com-programacao-alargada\/\",\"name\":\"Guimar\u00e3es comemora 50 anos do 25 de Abril com programa\u00e7\u00e3o alargada - Portal Tela Portugal\",\"isPartOf\":{\"@id\":\"https:\/\/portaltela.pt\/#website\"},\"primaryImageOfPage\":{\"@id\":\"https:\/\/portaltela.pt\/noticias\/2026\/01\/23\/guimaraes-comemora-50-anos-do-25-de-abril-com-programacao-alargada\/#primaryimage\"},\"image\":{\"@id\":\"https:\/\/portaltela.pt\/noticias\/2026\/01\/23\/guimaraes-comemora-50-anos-do-25-de-abril-com-programacao-alargada\/#primaryimage\"},\"thumbnailUrl\":\"https:\/\/portaltela.pt\/s.01k8rhncp4jt1\/2026\/01\/unnamed-file-4850.jpg\",\"datePublished\":\"2026-01-23T19:36:27+00:00\",\"author\":{\"@id\":\"https:\/\/portaltela.pt\/#\/schema\/person\/c4278d4a6028830caff9ee44b42d32ed\"},\"breadcrumb\":{\"@id\":\"https:\/\/portaltela.pt\/noticias\/2026\/01\/23\/guimaraes-comemora-50-anos-do-25-de-abril-com-programacao-alargada\/#breadcrumb\"},\"inLanguage\":\"pt-PT\",\"potentialAction\":[{\"@type\":\"ReadAction\",\"target\":[\"https:\/\/portaltela.pt\/noticias\/2026\/01\/23\/guimaraes-comemora-50-anos-do-25-de-abril-com-programacao-alargada\/\"]}]},{\"@type\":\"ImageObject\",\"inLanguage\":\"pt-PT\",\"@id\":\"https:\/\/portaltela.pt\/noticias\/2026\/01\/23\/guimaraes-comemora-50-anos-do-25-de-abril-com-programacao-alargada\/#primaryimage\",\"url\":\"https:\/\/portaltela.pt\/s.01k8rhncp4jt1\/2026\/01\/unnamed-file-4850.jpg\",\"contentUrl\":\"https:\/\/portaltela.pt\/s.01k8rhncp4jt1\/2026\/01\/unnamed-file-4850.jpg\",\"width\":796,\"height\":448,\"caption\":\"Guimar\u00e3es celebra os 50 anos do 25 de abril com programa\u00e7\u00e3o alargada\"},{\"@type\":\"BreadcrumbList\",\"@id\":\"https:\/\/portaltela.pt\/noticias\/2026\/01\/23\/guimaraes-comemora-50-anos-do-25-de-abril-com-programacao-alargada\/#breadcrumb\",\"itemListElement\":[{\"@type\":\"ListItem\",\"position\":1,\"name\":\"In\u00edcio\",\"item\":\"https:\/\/portaltela.pt\/\"},{\"@type\":\"ListItem\",\"position\":2,\"name\":\"Guimar\u00e3es comemora 50 anos do 25 de Abril com programa\u00e7\u00e3o alargada\"}]},{\"@type\":\"WebSite\",\"@id\":\"https:\/\/portaltela.pt\/#website\",\"url\":\"https:\/\/portaltela.pt\/\",\"name\":\"Portal Tela Portugal\",\"description\":\"\",\"potentialAction\":[{\"@type\":\"SearchAction\",\"target\":{\"@type\":\"EntryPoint\",\"urlTemplate\":\"https:\/\/portaltela.pt\/?s={search_term_string}\"},\"query-input\":{\"@type\":\"PropertyValueSpecification\",\"valueRequired\":true,\"valueName\":\"search_term_string\"}}],\"inLanguage\":\"pt-PT\"},{\"@type\":\"Person\",\"@id\":\"https:\/\/portaltela.pt\/#\/schema\/person\/c4278d4a6028830caff9ee44b42d32ed\",\"name\":\"Telinha\",\"image\":{\"@type\":\"ImageObject\",\"inLanguage\":\"pt-PT\",\"@id\":\"https:\/\/portaltela.pt\/s.01k8rhncp4jt1\/2025\/11\/talking-bot-125x125.png\",\"url\":\"https:\/\/portaltela.pt\/s.01k8rhncp4jt1\/2025\/11\/talking-bot-125x125.png\",\"contentUrl\":\"https:\/\/portaltela.pt\/s.01k8rhncp4jt1\/2025\/11\/talking-bot-125x125.png\",\"caption\":\"Telinha\"},\"sameAs\":[\"https:\/\/portaltela.pt\/\"],\"url\":\"https:\/\/portaltela.pt\/por\/367410592786\/\"}]}<\/script>\n<!-- \/ Yoast SEO plugin. -->","yoast_head_json":{"title":"Guimar\u00e3es comemora 50 anos do 25 de Abril com programa\u00e7\u00e3o alargada - Portal Tela Portugal","robots":{"index":"index","follow":"follow","max-snippet":"max-snippet:-1","max-image-preview":"max-image-preview:large","max-video-preview":"max-video-preview:-1"},"og_locale":"pt_PT","og_type":"article","og_title":"Guimar\u00e3es comemora 50 anos do 25 de Abril com programa\u00e7\u00e3o alargada - Portal Tela Portugal","og_description":"Guimar\u00e3es celebra os 50 anos do 25 de abril com uma programa\u00e7\u00e3o alargada, apresentada no Caf\u00e9 Milen\u00e1rio, no Largo do Toural. O formato \u201cAbril com Cantigas do Maio\u201d junta v\u00e1rias institui\u00e7\u00f5es locais, mantendo um modelo de programa\u00e7\u00e3o mais rica e concentrada. No dia 25 de abril, destaque para a sess\u00e3o solene da Assembleia Municipal \u00e0s 11h e para o concerto \u201c50 Anos de Abril\u201d no Jardim da Alameda, \u00e0 tarde. Destaques incluem o concerto \u201cSons de Abril\u201d com o pianista Pedro Emanuel Pereira e o espet\u00e1culo \u201cSons da Liberdade\u201d pela Banda Musical de Pevid\u00e9m e pelo Coro da Liberdade, com imagens do Cineclube de Guimar\u00e3es. A programa\u00e7\u00e3o inclui ainda as \u201cConversas em Liberdade\u201d da Sociedade Martins Sarmento, ciclo de filmes do Cineclube, exposi\u00e7\u00e3o de fotos de Santos Sim\u00f5es, visitas ao Arquivo Municipal Alfredo Pimenta e, a 18 de abril, um mural de artes pl\u00e1sticas no Toural.","og_url":"https:\/\/portaltela.pt\/noticias\/2026\/01\/23\/guimaraes-comemora-50-anos-do-25-de-abril-com-programacao-alargada\/","og_site_name":"Portal Tela Portugal","article_published_time":"2026-01-23T19:36:27+00:00","author":"Telinha","twitter_card":"summary_large_image","twitter_misc":{"Escrito por":"Telinha","Tempo estimado de leitura":"2 minutos"},"schema":{"@context":"https:\/\/schema.org","@graph":[{"@type":"Article","@id":"https:\/\/portaltela.pt\/noticias\/2026\/01\/23\/guimaraes-comemora-50-anos-do-25-de-abril-com-programacao-alargada\/#article","isPartOf":{"@id":"https:\/\/portaltela.pt\/noticias\/2026\/01\/23\/guimaraes-comemora-50-anos-do-25-de-abril-com-programacao-alargada\/"},"author":{"name":"Telinha","@id":"https:\/\/portaltela.pt\/#\/schema\/person\/c4278d4a6028830caff9ee44b42d32ed"},"headline":"Guimar\u00e3es comemora 50 anos do 25 de Abril com programa\u00e7\u00e3o alargada","datePublished":"2026-01-23T19:36:27+00:00","mainEntityOfPage":{"@id":"https:\/\/portaltela.pt\/noticias\/2026\/01\/23\/guimaraes-comemora-50-anos-do-25-de-abril-com-programacao-alargada\/"},"wordCount":338,"image":{"@id":"https:\/\/portaltela.pt\/noticias\/2026\/01\/23\/guimaraes-comemora-50-anos-do-25-de-abril-com-programacao-alargada\/#primaryimage"},"thumbnailUrl":"https:\/\/portaltela.pt\/s.01k8rhncp4jt1\/2026\/01\/unnamed-file-4850.jpg","keywords":["Abril","cinema","cultura","Guimar\u00e3es","hist\u00f3ria","museus\/arquivos"],"articleSection":["Not\u00edcias"],"inLanguage":"pt-PT"},{"@type":"WebPage","@id":"https:\/\/portaltela.pt\/noticias\/2026\/01\/23\/guimaraes-comemora-50-anos-do-25-de-abril-com-programacao-alargada\/","url":"https:\/\/portaltela.pt\/noticias\/2026\/01\/23\/guimaraes-comemora-50-anos-do-25-de-abril-com-programacao-alargada\/","name":"Guimar\u00e3es comemora 50 anos do 25 de Abril com programa\u00e7\u00e3o alargada - Portal Tela Portugal","isPartOf":{"@id":"https:\/\/portaltela.pt\/#website"},"primaryImageOfPage":{"@id":"https:\/\/portaltela.pt\/noticias\/2026\/01\/23\/guimaraes-comemora-50-anos-do-25-de-abril-com-programacao-alargada\/#primaryimage"},"image":{"@id":"https:\/\/portaltela.pt\/noticias\/2026\/01\/23\/guimaraes-comemora-50-anos-do-25-de-abril-com-programacao-alargada\/#primaryimage"},"thumbnailUrl":"https:\/\/portaltela.pt\/s.01k8rhncp4jt1\/2026\/01\/unnamed-file-4850.jpg","datePublished":"2026-01-23T19:36:27+00:00","author":{"@id":"https:\/\/portaltela.pt\/#\/schema\/person\/c4278d4a6028830caff9ee44b42d32ed"},"breadcrumb":{"@id":"https:\/\/portaltela.pt\/noticias\/2026\/01\/23\/guimaraes-comemora-50-anos-do-25-de-abril-com-programacao-alargada\/#breadcrumb"},"inLanguage":"pt-PT","potentialAction":[{"@type":"ReadAction","target":["https:\/\/portaltela.pt\/noticias\/2026\/01\/23\/guimaraes-comemora-50-anos-do-25-de-abril-com-programacao-alargada\/"]}]},{"@type":"ImageObject","inLanguage":"pt-PT","@id":"https:\/\/portaltela.pt\/noticias\/2026\/01\/23\/guimaraes-comemora-50-anos-do-25-de-abril-com-programacao-alargada\/#primaryimage","url":"https:\/\/portaltela.pt\/s.01k8rhncp4jt1\/2026\/01\/unnamed-file-4850.jpg","contentUrl":"https:\/\/portaltela.pt\/s.01k8rhncp4jt1\/2026\/01\/unnamed-file-4850.jpg","width":796,"height":448,"caption":"Guimar\u00e3es celebra os 50 anos do 25 de abril com programa\u00e7\u00e3o alargada"},{"@type":"BreadcrumbList","@id":"https:\/\/portaltela.pt\/noticias\/2026\/01\/23\/guimaraes-comemora-50-anos-do-25-de-abril-com-programacao-alargada\/#breadcrumb","itemListElement":[{"@type":"ListItem","position":1,"name":"In\u00edcio","item":"https:\/\/portaltela.pt\/"},{"@type":"ListItem","position":2,"name":"Guimar\u00e3es comemora 50 anos do 25 de Abril com programa\u00e7\u00e3o alargada"}]},{"@type":"WebSite","@id":"https:\/\/portaltela.pt\/#website","url":"https:\/\/portaltela.pt\/","name":"Portal Tela Portugal","description":"","potentialAction":[{"@type":"SearchAction","target":{"@type":"EntryPoint","urlTemplate":"https:\/\/portaltela.pt\/?s={search_term_string}"},"query-input":{"@type":"PropertyValueSpecification","valueRequired":true,"valueName":"search_term_string"}}],"inLanguage":"pt-PT"},{"@type":"Person","@id":"https:\/\/portaltela.pt\/#\/schema\/person\/c4278d4a6028830caff9ee44b42d32ed","name":"Telinha","image":{"@type":"ImageObject","inLanguage":"pt-PT","@id":"https:\/\/portaltela.pt\/s.01k8rhncp4jt1\/2025\/11\/talking-bot-125x125.png","url":"https:\/\/portaltela.pt\/s.01k8rhncp4jt1\/2025\/11\/talking-bot-125x125.png","contentUrl":"https:\/\/portaltela.pt\/s.01k8rhncp4jt1\/2025\/11\/talking-bot-125x125.png","caption":"Telinha"},"sameAs":["https:\/\/portaltela.pt\/"],"url":"https:\/\/portaltela.pt\/por\/367410592786\/"}]}},"_links":{"self":[{"href":"https:\/\/portaltela.pt\/api\/wp\/v2\/posts\/168303","targetHints":{"allow":["GET"]}}],"collection":[{"href":"https:\/\/portaltela.pt\/api\/wp\/v2\/posts"}],"about":[{"href":"https:\/\/portaltela.pt\/api\/wp\/v2\/types\/post"}],"author":[{"embeddable":true,"href":"https:\/\/portaltela.pt\/api\/wp\/v2\/users\/2"}],"replies":[{"embeddable":true,"href":"https:\/\/portaltela.pt\/api\/wp\/v2\/comments?post=168303"}],"version-history":[{"count":0,"href":"https:\/\/portaltela.pt\/api\/wp\/v2\/posts\/168303\/revisions"}],"wp:featuredmedia":[{"embeddable":true,"href":"https:\/\/portaltela.pt\/api\/wp\/v2\/media\/168347"}],"wp:attachment":[{"href":"https:\/\/portaltela.pt\/api\/wp\/v2\/media?parent=168303"}],"wp:term":[{"taxonomy":"category","embeddable":true,"href":"https:\/\/portaltela.pt\/api\/wp\/v2\/categories?post=168303"},{"taxonomy":"post_tag","embeddable":true,"href":"https:\/\/portaltela.pt\/api\/wp\/v2\/tags?post=168303"}],"curies":[{"name":"wp","href":"https:\/\/api.w.org\/{rel}","templated":true}]}}