{"id":168299,"date":"2026-01-23T16:40:00","date_gmt":"2026-01-23T19:40:00","guid":{"rendered":"https:\/\/portaltela.pt\/noticias\/2026\/01\/23\/intervencao-de-425-mil-euros-em-arronches-avanca-para-consolidar-tunel\/"},"modified":"2026-01-23T16:40:00","modified_gmt":"2026-01-23T19:40:00","slug":"intervencao-de-425-mil-euros-em-arronches-avanca-para-consolidar-tunel","status":"publish","type":"post","link":"https:\/\/portaltela.pt\/noticias\/2026\/01\/23\/intervencao-de-425-mil-euros-em-arronches-avanca-para-consolidar-tunel\/","title":{"rendered":"Interven\u00e7\u00e3o de 425 mil euros em Arronches avan\u00e7a para consolidar t\u00fanel"},"content":{"rendered":"<p>O Castelo de Arronches entrou numa nova fase do processo de reabilita\u00e7\u00e3o. Nesta quinta-feira, 22 de janeiro, os Pa\u00e7os do Concelho receberam uma reuni\u00e3o t\u00e9cnica com representantes da Monumenta, especialistas do Patrim\u00f3nio Cultural, IP, a equipa de arqueologia municipal e o Chefe da Divis\u00e3o T\u00e9cnica de Obras e Urbanismo, Jos\u00e9 Dias. O objetivo foi definir o plano de a\u00e7\u00e3o para estabilizar e consolidar o t\u00fanel de acesso \u00e0 fortifica\u00e7\u00e3o, uma \u00e1rea sens\u00edvel que requer monitoriza\u00e7\u00e3o rigorosa.<\/p>\n<p>A interven\u00e7\u00e3o tem um custo superior a 425 mil euros, financiado pelo Fundo de Salvaguarda do Patrim\u00f3nio Cultural. A colabora\u00e7\u00e3o entre a administra\u00e7\u00e3o central e local \u00e9 essencial para assegurar o acompanhamento arqueol\u00f3gico pela arque\u00f3loga municipal, Sandra Santos. Embora n\u00e3o haja escava\u00e7\u00f5es previstas, a presen\u00e7a de especialistas \u00e9 obrigat\u00f3ria para acompanhar altera\u00e7\u00f5es nas estruturas de alvenaria e pedra.<\/p>\n<p>A consigna\u00e7\u00e3o dos trabalhos refor\u00e7a a estrat\u00e9gia de salvaguarda do patrim\u00f3nio monumental de Arronches, visando recuperar uma das principais marcas da identidade da vila com as melhores pr\u00e1ticas de conserva\u00e7\u00e3o. A conclus\u00e3o da consolida\u00e7\u00e3o do t\u00fanel \u00e9 vista como crucial para a seguran\u00e7a estrutural e para possibilitar, no futuro, o usufruto p\u00fablico com garantias de estabilidade.<\/p>\n<h3>Financiamento e Parcerias<\/h3>\n<p>O projeto depende de uma coopera\u00e7\u00e3o entre entidades centrais e locais, com monitoriza\u00e7\u00e3o t\u00e9cnica especializada assegurada pela equipa municipal de arqueologia.<\/p>\n<h3>Objetivos da Consolida\u00e7\u00e3o<\/h3>\n<p>A interven\u00e7\u00e3o pretende estabilizar o t\u00fanel de acesso, preservando o edificado hist\u00f3rico e preparando o local para eventuais utiliza\u00e7\u00f5es futuras pela comunidade e visitantes.<\/p>\n","protected":false},"excerpt":{"rendered":"<ul>\n<li>Em 22 de janeiro realizou-se uma reuni\u00e3o t\u00e9cnica no Castelo de Arronches para delinear a fase de estabiliza\u00e7\u00e3o e consolida\u00e7\u00e3o do t\u00fanel de acesso.<\/li>\n<li>A interven\u00e7\u00e3o tem um investimento superior a 425 mil euros, financiado pelo Fundo de Salvaguarda do Patrim\u00f3nio Cultural.<\/li>\n<li>Participaram na reuni\u00e3o a empresa Monumenta, especialistas do Patrim\u00f3nio Cultural, IP, a equipa de arqueologia municipal e o Chefe da Divis\u00e3o T\u00e9cnica de Obras e Urbanismo, Jos\u00e9 Dias.<\/li>\n<li>O apoio da arqueologia municipal, Sandra Santos, foi solicitado pela entidade Patrim\u00f3nio Cultural, IP, para acompanhar o processo, mesmo sem escava\u00e7\u00f5es previstas.<\/li>\n<li>A consolida\u00e7\u00e3o do t\u00fanel visa a preserva\u00e7\u00e3o do edificado hist\u00f3rico e facilitar o futuramente usufruto da fortifica\u00e7\u00e3o pela comunidade com garantias de estabilidade.<\/li>\n<\/ul>\n","protected":false},"author":2,"featured_media":168325,"comment_status":"closed","ping_status":"closed","sticky":false,"template":"","format":"standard","meta":{"footnotes":""},"categories":[1],"tags":[813,2834,2417,215,814,1175],"class_list":["post-168299","post","type-post","status-publish","format-standard","has-post-thumbnail","hentry","category-noticias","tag-arqueologia","tag-arronches","tag-financiamento","tag-investigacao","tag-patrimonio","tag-patrimonio-cultural"],"yoast_head":"<!-- This site is optimized with the Yoast SEO plugin v27.2 - https:\/\/yoast.com\/product\/yoast-seo-wordpress\/ -->\n<title>Interven\u00e7\u00e3o de 425 mil euros em Arronches avan\u00e7a para consolidar t\u00fanel - Portal Tela Portugal<\/title>\n<meta name=\"robots\" content=\"index, follow, max-snippet:-1, max-image-preview:large, max-video-preview:-1\" \/>\n<meta property=\"og:locale\" content=\"pt_PT\" \/>\n<meta property=\"og:type\" content=\"article\" \/>\n<meta property=\"og:title\" content=\"Interven\u00e7\u00e3o de 425 mil euros em Arronches avan\u00e7a para consolidar t\u00fanel - Portal Tela Portugal\" \/>\n<meta property=\"og:description\" content=\"Em 22 de janeiro realizou-se uma reuni\u00e3o t\u00e9cnica no Castelo de Arronches para delinear a fase de estabiliza\u00e7\u00e3o e consolida\u00e7\u00e3o do t\u00fanel de acesso. A interven\u00e7\u00e3o tem um investimento superior a 425 mil euros, financiado pelo Fundo de Salvaguarda do Patrim\u00f3nio Cultural. Participaram na reuni\u00e3o a empresa Monumenta, especialistas do Patrim\u00f3nio Cultural, IP, a equipa de arqueologia municipal e o Chefe da Divis\u00e3o T\u00e9cnica de Obras e Urbanismo, Jos\u00e9 Dias. O apoio da arqueologia municipal, Sandra Santos, foi solicitado pela entidade Patrim\u00f3nio Cultural, IP, para acompanhar o processo, mesmo sem escava\u00e7\u00f5es previstas. A consolida\u00e7\u00e3o do t\u00fanel visa a preserva\u00e7\u00e3o do edificado hist\u00f3rico e facilitar o futuramente usufruto da fortifica\u00e7\u00e3o pela comunidade com garantias de estabilidade.\" \/>\n<meta property=\"og:url\" content=\"https:\/\/portaltela.pt\/noticias\/2026\/01\/23\/intervencao-de-425-mil-euros-em-arronches-avanca-para-consolidar-tunel\/\" \/>\n<meta property=\"og:site_name\" content=\"Portal Tela Portugal\" \/>\n<meta property=\"article:published_time\" content=\"2026-01-23T19:40:00+00:00\" \/>\n<meta name=\"author\" content=\"Telinha\" \/>\n<meta name=\"twitter:card\" content=\"summary_large_image\" \/>\n<meta name=\"twitter:label1\" content=\"Escrito por\" \/>\n\t<meta name=\"twitter:data1\" content=\"Telinha\" \/>\n\t<meta name=\"twitter:label2\" content=\"Tempo estimado de leitura\" \/>\n\t<meta name=\"twitter:data2\" content=\"1 minuto\" \/>\n<script type=\"application\/ld+json\" class=\"yoast-schema-graph\">{\"@context\":\"https:\/\/schema.org\",\"@graph\":[{\"@type\":\"Article\",\"@id\":\"https:\/\/portaltela.pt\/noticias\/2026\/01\/23\/intervencao-de-425-mil-euros-em-arronches-avanca-para-consolidar-tunel\/#article\",\"isPartOf\":{\"@id\":\"https:\/\/portaltela.pt\/noticias\/2026\/01\/23\/intervencao-de-425-mil-euros-em-arronches-avanca-para-consolidar-tunel\/\"},\"author\":{\"name\":\"Telinha\",\"@id\":\"https:\/\/portaltela.pt\/#\/schema\/person\/c4278d4a6028830caff9ee44b42d32ed\"},\"headline\":\"Interven\u00e7\u00e3o de 425 mil euros em Arronches avan\u00e7a para consolidar t\u00fanel\",\"datePublished\":\"2026-01-23T19:40:00+00:00\",\"mainEntityOfPage\":{\"@id\":\"https:\/\/portaltela.pt\/noticias\/2026\/01\/23\/intervencao-de-425-mil-euros-em-arronches-avanca-para-consolidar-tunel\/\"},\"wordCount\":290,\"image\":{\"@id\":\"https:\/\/portaltela.pt\/noticias\/2026\/01\/23\/intervencao-de-425-mil-euros-em-arronches-avanca-para-consolidar-tunel\/#primaryimage\"},\"thumbnailUrl\":\"https:\/\/portaltela.pt\/s.01k8rhncp4jt1\/2026\/01\/unnamed-file-4846.jpg\",\"keywords\":[\"arqueologia\",\"Arronches\",\"financiamento\",\"investiga\u00e7\u00e3o\",\"patrim\u00f3nio\",\"Patrim\u00f3nio Cultural\"],\"articleSection\":[\"Not\u00edcias\"],\"inLanguage\":\"pt-PT\"},{\"@type\":\"WebPage\",\"@id\":\"https:\/\/portaltela.pt\/noticias\/2026\/01\/23\/intervencao-de-425-mil-euros-em-arronches-avanca-para-consolidar-tunel\/\",\"url\":\"https:\/\/portaltela.pt\/noticias\/2026\/01\/23\/intervencao-de-425-mil-euros-em-arronches-avanca-para-consolidar-tunel\/\",\"name\":\"Interven\u00e7\u00e3o de 425 mil euros em Arronches avan\u00e7a para consolidar t\u00fanel - Portal Tela Portugal\",\"isPartOf\":{\"@id\":\"https:\/\/portaltela.pt\/#website\"},\"primaryImageOfPage\":{\"@id\":\"https:\/\/portaltela.pt\/noticias\/2026\/01\/23\/intervencao-de-425-mil-euros-em-arronches-avanca-para-consolidar-tunel\/#primaryimage\"},\"image\":{\"@id\":\"https:\/\/portaltela.pt\/noticias\/2026\/01\/23\/intervencao-de-425-mil-euros-em-arronches-avanca-para-consolidar-tunel\/#primaryimage\"},\"thumbnailUrl\":\"https:\/\/portaltela.pt\/s.01k8rhncp4jt1\/2026\/01\/unnamed-file-4846.jpg\",\"datePublished\":\"2026-01-23T19:40:00+00:00\",\"author\":{\"@id\":\"https:\/\/portaltela.pt\/#\/schema\/person\/c4278d4a6028830caff9ee44b42d32ed\"},\"breadcrumb\":{\"@id\":\"https:\/\/portaltela.pt\/noticias\/2026\/01\/23\/intervencao-de-425-mil-euros-em-arronches-avanca-para-consolidar-tunel\/#breadcrumb\"},\"inLanguage\":\"pt-PT\",\"potentialAction\":[{\"@type\":\"ReadAction\",\"target\":[\"https:\/\/portaltela.pt\/noticias\/2026\/01\/23\/intervencao-de-425-mil-euros-em-arronches-avanca-para-consolidar-tunel\/\"]}]},{\"@type\":\"ImageObject\",\"inLanguage\":\"pt-PT\",\"@id\":\"https:\/\/portaltela.pt\/noticias\/2026\/01\/23\/intervencao-de-425-mil-euros-em-arronches-avanca-para-consolidar-tunel\/#primaryimage\",\"url\":\"https:\/\/portaltela.pt\/s.01k8rhncp4jt1\/2026\/01\/unnamed-file-4846.jpg\",\"contentUrl\":\"https:\/\/portaltela.pt\/s.01k8rhncp4jt1\/2026\/01\/unnamed-file-4846.jpg\",\"width\":796,\"height\":448,\"caption\":\"Castelo de Arronches: Interven\u00e7\u00e3o de 425 mil euros avan\u00e7a para fase cr\u00edtica de consolida\u00e7\u00e3o do t\u00fanel\"},{\"@type\":\"BreadcrumbList\",\"@id\":\"https:\/\/portaltela.pt\/noticias\/2026\/01\/23\/intervencao-de-425-mil-euros-em-arronches-avanca-para-consolidar-tunel\/#breadcrumb\",\"itemListElement\":[{\"@type\":\"ListItem\",\"position\":1,\"name\":\"In\u00edcio\",\"item\":\"https:\/\/portaltela.pt\/\"},{\"@type\":\"ListItem\",\"position\":2,\"name\":\"Interven\u00e7\u00e3o de 425 mil euros em Arronches avan\u00e7a para consolidar t\u00fanel\"}]},{\"@type\":\"WebSite\",\"@id\":\"https:\/\/portaltela.pt\/#website\",\"url\":\"https:\/\/portaltela.pt\/\",\"name\":\"Portal Tela Portugal\",\"description\":\"\",\"potentialAction\":[{\"@type\":\"SearchAction\",\"target\":{\"@type\":\"EntryPoint\",\"urlTemplate\":\"https:\/\/portaltela.pt\/?s={search_term_string}\"},\"query-input\":{\"@type\":\"PropertyValueSpecification\",\"valueRequired\":true,\"valueName\":\"search_term_string\"}}],\"inLanguage\":\"pt-PT\"},{\"@type\":\"Person\",\"@id\":\"https:\/\/portaltela.pt\/#\/schema\/person\/c4278d4a6028830caff9ee44b42d32ed\",\"name\":\"Telinha\",\"image\":{\"@type\":\"ImageObject\",\"inLanguage\":\"pt-PT\",\"@id\":\"https:\/\/portaltela.pt\/s.01k8rhncp4jt1\/2025\/11\/talking-bot-125x125.png\",\"url\":\"https:\/\/portaltela.pt\/s.01k8rhncp4jt1\/2025\/11\/talking-bot-125x125.png\",\"contentUrl\":\"https:\/\/portaltela.pt\/s.01k8rhncp4jt1\/2025\/11\/talking-bot-125x125.png\",\"caption\":\"Telinha\"},\"sameAs\":[\"https:\/\/portaltela.pt\/\"],\"url\":\"https:\/\/portaltela.pt\/por\/367410592786\/\"}]}<\/script>\n<!-- \/ Yoast SEO plugin. -->","yoast_head_json":{"title":"Interven\u00e7\u00e3o de 425 mil euros em Arronches avan\u00e7a para consolidar t\u00fanel - Portal Tela Portugal","robots":{"index":"index","follow":"follow","max-snippet":"max-snippet:-1","max-image-preview":"max-image-preview:large","max-video-preview":"max-video-preview:-1"},"og_locale":"pt_PT","og_type":"article","og_title":"Interven\u00e7\u00e3o de 425 mil euros em Arronches avan\u00e7a para consolidar t\u00fanel - Portal Tela Portugal","og_description":"Em 22 de janeiro realizou-se uma reuni\u00e3o t\u00e9cnica no Castelo de Arronches para delinear a fase de estabiliza\u00e7\u00e3o e consolida\u00e7\u00e3o do t\u00fanel de acesso. A interven\u00e7\u00e3o tem um investimento superior a 425 mil euros, financiado pelo Fundo de Salvaguarda do Patrim\u00f3nio Cultural. Participaram na reuni\u00e3o a empresa Monumenta, especialistas do Patrim\u00f3nio Cultural, IP, a equipa de arqueologia municipal e o Chefe da Divis\u00e3o T\u00e9cnica de Obras e Urbanismo, Jos\u00e9 Dias. O apoio da arqueologia municipal, Sandra Santos, foi solicitado pela entidade Patrim\u00f3nio Cultural, IP, para acompanhar o processo, mesmo sem escava\u00e7\u00f5es previstas. A consolida\u00e7\u00e3o do t\u00fanel visa a preserva\u00e7\u00e3o do edificado hist\u00f3rico e facilitar o futuramente usufruto da fortifica\u00e7\u00e3o pela comunidade com garantias de estabilidade.","og_url":"https:\/\/portaltela.pt\/noticias\/2026\/01\/23\/intervencao-de-425-mil-euros-em-arronches-avanca-para-consolidar-tunel\/","og_site_name":"Portal Tela Portugal","article_published_time":"2026-01-23T19:40:00+00:00","author":"Telinha","twitter_card":"summary_large_image","twitter_misc":{"Escrito por":"Telinha","Tempo estimado de leitura":"1 minuto"},"schema":{"@context":"https:\/\/schema.org","@graph":[{"@type":"Article","@id":"https:\/\/portaltela.pt\/noticias\/2026\/01\/23\/intervencao-de-425-mil-euros-em-arronches-avanca-para-consolidar-tunel\/#article","isPartOf":{"@id":"https:\/\/portaltela.pt\/noticias\/2026\/01\/23\/intervencao-de-425-mil-euros-em-arronches-avanca-para-consolidar-tunel\/"},"author":{"name":"Telinha","@id":"https:\/\/portaltela.pt\/#\/schema\/person\/c4278d4a6028830caff9ee44b42d32ed"},"headline":"Interven\u00e7\u00e3o de 425 mil euros em Arronches avan\u00e7a para consolidar t\u00fanel","datePublished":"2026-01-23T19:40:00+00:00","mainEntityOfPage":{"@id":"https:\/\/portaltela.pt\/noticias\/2026\/01\/23\/intervencao-de-425-mil-euros-em-arronches-avanca-para-consolidar-tunel\/"},"wordCount":290,"image":{"@id":"https:\/\/portaltela.pt\/noticias\/2026\/01\/23\/intervencao-de-425-mil-euros-em-arronches-avanca-para-consolidar-tunel\/#primaryimage"},"thumbnailUrl":"https:\/\/portaltela.pt\/s.01k8rhncp4jt1\/2026\/01\/unnamed-file-4846.jpg","keywords":["arqueologia","Arronches","financiamento","investiga\u00e7\u00e3o","patrim\u00f3nio","Patrim\u00f3nio Cultural"],"articleSection":["Not\u00edcias"],"inLanguage":"pt-PT"},{"@type":"WebPage","@id":"https:\/\/portaltela.pt\/noticias\/2026\/01\/23\/intervencao-de-425-mil-euros-em-arronches-avanca-para-consolidar-tunel\/","url":"https:\/\/portaltela.pt\/noticias\/2026\/01\/23\/intervencao-de-425-mil-euros-em-arronches-avanca-para-consolidar-tunel\/","name":"Interven\u00e7\u00e3o de 425 mil euros em Arronches avan\u00e7a para consolidar t\u00fanel - Portal Tela Portugal","isPartOf":{"@id":"https:\/\/portaltela.pt\/#website"},"primaryImageOfPage":{"@id":"https:\/\/portaltela.pt\/noticias\/2026\/01\/23\/intervencao-de-425-mil-euros-em-arronches-avanca-para-consolidar-tunel\/#primaryimage"},"image":{"@id":"https:\/\/portaltela.pt\/noticias\/2026\/01\/23\/intervencao-de-425-mil-euros-em-arronches-avanca-para-consolidar-tunel\/#primaryimage"},"thumbnailUrl":"https:\/\/portaltela.pt\/s.01k8rhncp4jt1\/2026\/01\/unnamed-file-4846.jpg","datePublished":"2026-01-23T19:40:00+00:00","author":{"@id":"https:\/\/portaltela.pt\/#\/schema\/person\/c4278d4a6028830caff9ee44b42d32ed"},"breadcrumb":{"@id":"https:\/\/portaltela.pt\/noticias\/2026\/01\/23\/intervencao-de-425-mil-euros-em-arronches-avanca-para-consolidar-tunel\/#breadcrumb"},"inLanguage":"pt-PT","potentialAction":[{"@type":"ReadAction","target":["https:\/\/portaltela.pt\/noticias\/2026\/01\/23\/intervencao-de-425-mil-euros-em-arronches-avanca-para-consolidar-tunel\/"]}]},{"@type":"ImageObject","inLanguage":"pt-PT","@id":"https:\/\/portaltela.pt\/noticias\/2026\/01\/23\/intervencao-de-425-mil-euros-em-arronches-avanca-para-consolidar-tunel\/#primaryimage","url":"https:\/\/portaltela.pt\/s.01k8rhncp4jt1\/2026\/01\/unnamed-file-4846.jpg","contentUrl":"https:\/\/portaltela.pt\/s.01k8rhncp4jt1\/2026\/01\/unnamed-file-4846.jpg","width":796,"height":448,"caption":"Castelo de Arronches: Interven\u00e7\u00e3o de 425 mil euros avan\u00e7a para fase cr\u00edtica de consolida\u00e7\u00e3o do t\u00fanel"},{"@type":"BreadcrumbList","@id":"https:\/\/portaltela.pt\/noticias\/2026\/01\/23\/intervencao-de-425-mil-euros-em-arronches-avanca-para-consolidar-tunel\/#breadcrumb","itemListElement":[{"@type":"ListItem","position":1,"name":"In\u00edcio","item":"https:\/\/portaltela.pt\/"},{"@type":"ListItem","position":2,"name":"Interven\u00e7\u00e3o de 425 mil euros em Arronches avan\u00e7a para consolidar t\u00fanel"}]},{"@type":"WebSite","@id":"https:\/\/portaltela.pt\/#website","url":"https:\/\/portaltela.pt\/","name":"Portal Tela Portugal","description":"","potentialAction":[{"@type":"SearchAction","target":{"@type":"EntryPoint","urlTemplate":"https:\/\/portaltela.pt\/?s={search_term_string}"},"query-input":{"@type":"PropertyValueSpecification","valueRequired":true,"valueName":"search_term_string"}}],"inLanguage":"pt-PT"},{"@type":"Person","@id":"https:\/\/portaltela.pt\/#\/schema\/person\/c4278d4a6028830caff9ee44b42d32ed","name":"Telinha","image":{"@type":"ImageObject","inLanguage":"pt-PT","@id":"https:\/\/portaltela.pt\/s.01k8rhncp4jt1\/2025\/11\/talking-bot-125x125.png","url":"https:\/\/portaltela.pt\/s.01k8rhncp4jt1\/2025\/11\/talking-bot-125x125.png","contentUrl":"https:\/\/portaltela.pt\/s.01k8rhncp4jt1\/2025\/11\/talking-bot-125x125.png","caption":"Telinha"},"sameAs":["https:\/\/portaltela.pt\/"],"url":"https:\/\/portaltela.pt\/por\/367410592786\/"}]}},"_links":{"self":[{"href":"https:\/\/portaltela.pt\/api\/wp\/v2\/posts\/168299","targetHints":{"allow":["GET"]}}],"collection":[{"href":"https:\/\/portaltela.pt\/api\/wp\/v2\/posts"}],"about":[{"href":"https:\/\/portaltela.pt\/api\/wp\/v2\/types\/post"}],"author":[{"embeddable":true,"href":"https:\/\/portaltela.pt\/api\/wp\/v2\/users\/2"}],"replies":[{"embeddable":true,"href":"https:\/\/portaltela.pt\/api\/wp\/v2\/comments?post=168299"}],"version-history":[{"count":0,"href":"https:\/\/portaltela.pt\/api\/wp\/v2\/posts\/168299\/revisions"}],"wp:featuredmedia":[{"embeddable":true,"href":"https:\/\/portaltela.pt\/api\/wp\/v2\/media\/168325"}],"wp:attachment":[{"href":"https:\/\/portaltela.pt\/api\/wp\/v2\/media?parent=168299"}],"wp:term":[{"taxonomy":"category","embeddable":true,"href":"https:\/\/portaltela.pt\/api\/wp\/v2\/categories?post=168299"},{"taxonomy":"post_tag","embeddable":true,"href":"https:\/\/portaltela.pt\/api\/wp\/v2\/tags?post=168299"}],"curies":[{"name":"wp","href":"https:\/\/api.w.org\/{rel}","templated":true}]}}