{"id":168295,"date":"2026-01-23T16:42:00","date_gmt":"2026-01-23T19:42:00","guid":{"rendered":"https:\/\/portaltela.pt\/noticias\/2026\/01\/23\/tapada-de-coelheiros-branco-2023-novo-vinho-no-mercado\/"},"modified":"2026-01-23T16:42:00","modified_gmt":"2026-01-23T19:42:00","slug":"tapada-de-coelheiros-branco-2023-novo-vinho-no-mercado","status":"publish","type":"post","link":"https:\/\/portaltela.pt\/noticias\/2026\/01\/23\/tapada-de-coelheiros-branco-2023-novo-vinho-no-mercado\/","title":{"rendered":"Tapada de Coelheiros Branco 2023: novo vinho no mercado"},"content":{"rendered":"<p>O Tapada de Coelheiros Branco 2023 \u00e9 apresentado como um branco de grande categoria, pensado para acompanhar grandes momentos \u00e0 mesa. O perfil aponta frescura, acidez marcante e untuosidade, com final salino prolongado.<\/p>\n<p>Produzido no Alentejo, utiliza as castas Arinto (50%) e Roupeiro (50%). A fermenta\u00e7\u00e3o ocorreu em inox e foudres de 20 hectolitros, reduzindo madeira e valorizando a express\u00e3o da fruta e da origem.<\/p>\n<p>O sucesso de prova est\u00e1 associado a um est\u00e1gio de um ano, seguido de seis meses em garrafa, que refor\u00e7a estrutura, eleg\u00e2ncia e ainda mais longevidade. O vinho destaca-se pela complexidade sem perder a mineralidade.<\/p>\n<p>Dados de refer\u00eancia: grau alco\u00f3lico de 13%, pre\u00e7o sugerido de 30 euros e pontua\u00e7\u00e3o de 95. A autoria das notas \u00e9 atribu\u00edda a Ana Isabel Pereira, que descreve citrus, fruto de caro\u00e7o e nuances bals\u00e2micas.<\/p>\n","protected":false},"excerpt":{"rendered":"<ul>\n<li>Produtor: Tapada de Coelheiros; vinho branco 2023 da regi\u00e3o do Alentejo.<\/li>\n<li>Castas: Arinto (50%) e Roupeiro (50%).<\/li>\n<li>Grau alco\u00f3lico: 13% e pre\u00e7o: 30 euros.<\/li>\n<li>Pontua\u00e7\u00e3o: 95.<\/li>\n<li>Notas de prova: aroma a citrinos e alperce, com notas bals\u00e2micas e de cedro; boca com boa acidez, volume e untuosidade; final longo e salino; fermenta\u00e7\u00e3o em inox e em foudres de 20 hectolitros, est\u00e1gio de um ano e seis meses em garrafa.<\/li>\n<\/ul>\n","protected":false},"author":2,"featured_media":168296,"comment_status":"closed","ping_status":"closed","sticky":false,"template":"","format":"standard","meta":{"footnotes":""},"categories":[1],"tags":[883,3671,3837,779],"class_list":["post-168295","post","type-post","status-publish","format-standard","has-post-thumbnail","hentry","category-noticias","tag-alentejo","tag-arinto","tag-roupeiro","tag-vinhos"],"yoast_head":"<!-- This site is optimized with the Yoast SEO plugin v27.2 - https:\/\/yoast.com\/product\/yoast-seo-wordpress\/ -->\n<title>Tapada de Coelheiros Branco 2023: novo vinho no mercado - Portal Tela Portugal<\/title>\n<meta name=\"robots\" content=\"index, follow, max-snippet:-1, max-image-preview:large, max-video-preview:-1\" \/>\n<meta property=\"og:locale\" content=\"pt_PT\" \/>\n<meta property=\"og:type\" content=\"article\" \/>\n<meta property=\"og:title\" content=\"Tapada de Coelheiros Branco 2023: novo vinho no mercado - Portal Tela Portugal\" \/>\n<meta property=\"og:description\" content=\"Produtor: Tapada de Coelheiros; vinho branco 2023 da regi\u00e3o do Alentejo. Castas: Arinto (50%) e Roupeiro (50%). Grau alco\u00f3lico: 13% e pre\u00e7o: 30 euros. Pontua\u00e7\u00e3o: 95. Notas de prova: aroma a citrinos e alperce, com notas bals\u00e2micas e de cedro; boca com boa acidez, volume e untuosidade; final longo e salino; fermenta\u00e7\u00e3o em inox e em foudres de 20 hectolitros, est\u00e1gio de um ano e seis meses em garrafa.\" \/>\n<meta property=\"og:url\" content=\"https:\/\/portaltela.pt\/noticias\/2026\/01\/23\/tapada-de-coelheiros-branco-2023-novo-vinho-no-mercado\/\" \/>\n<meta property=\"og:site_name\" content=\"Portal Tela Portugal\" \/>\n<meta property=\"article:published_time\" content=\"2026-01-23T19:42:00+00:00\" \/>\n<meta name=\"author\" content=\"Telinha\" \/>\n<meta name=\"twitter:card\" content=\"summary_large_image\" \/>\n<meta name=\"twitter:label1\" content=\"Escrito por\" \/>\n\t<meta name=\"twitter:data1\" content=\"Telinha\" \/>\n\t<meta name=\"twitter:label2\" content=\"Tempo estimado de leitura\" \/>\n\t<meta name=\"twitter:data2\" content=\"1 minuto\" \/>\n<script type=\"application\/ld+json\" class=\"yoast-schema-graph\">{\"@context\":\"https:\/\/schema.org\",\"@graph\":[{\"@type\":\"Article\",\"@id\":\"https:\/\/portaltela.pt\/noticias\/2026\/01\/23\/tapada-de-coelheiros-branco-2023-novo-vinho-no-mercado\/#article\",\"isPartOf\":{\"@id\":\"https:\/\/portaltela.pt\/noticias\/2026\/01\/23\/tapada-de-coelheiros-branco-2023-novo-vinho-no-mercado\/\"},\"author\":{\"name\":\"Telinha\",\"@id\":\"https:\/\/portaltela.pt\/#\/schema\/person\/c4278d4a6028830caff9ee44b42d32ed\"},\"headline\":\"Tapada de Coelheiros Branco 2023: novo vinho no mercado\",\"datePublished\":\"2026-01-23T19:42:00+00:00\",\"mainEntityOfPage\":{\"@id\":\"https:\/\/portaltela.pt\/noticias\/2026\/01\/23\/tapada-de-coelheiros-branco-2023-novo-vinho-no-mercado\/\"},\"wordCount\":145,\"image\":{\"@id\":\"https:\/\/portaltela.pt\/noticias\/2026\/01\/23\/tapada-de-coelheiros-branco-2023-novo-vinho-no-mercado\/#primaryimage\"},\"thumbnailUrl\":\"https:\/\/portaltela.pt\/s.01k8rhncp4jt1\/2026\/01\/2061164.jpg\",\"keywords\":[\"Alentejo\",\"Arinto\",\"Roupeiro\",\"vinhos\"],\"articleSection\":[\"Not\u00edcias\"],\"inLanguage\":\"pt-PT\"},{\"@type\":\"WebPage\",\"@id\":\"https:\/\/portaltela.pt\/noticias\/2026\/01\/23\/tapada-de-coelheiros-branco-2023-novo-vinho-no-mercado\/\",\"url\":\"https:\/\/portaltela.pt\/noticias\/2026\/01\/23\/tapada-de-coelheiros-branco-2023-novo-vinho-no-mercado\/\",\"name\":\"Tapada de Coelheiros Branco 2023: novo vinho no mercado - Portal Tela Portugal\",\"isPartOf\":{\"@id\":\"https:\/\/portaltela.pt\/#website\"},\"primaryImageOfPage\":{\"@id\":\"https:\/\/portaltela.pt\/noticias\/2026\/01\/23\/tapada-de-coelheiros-branco-2023-novo-vinho-no-mercado\/#primaryimage\"},\"image\":{\"@id\":\"https:\/\/portaltela.pt\/noticias\/2026\/01\/23\/tapada-de-coelheiros-branco-2023-novo-vinho-no-mercado\/#primaryimage\"},\"thumbnailUrl\":\"https:\/\/portaltela.pt\/s.01k8rhncp4jt1\/2026\/01\/2061164.jpg\",\"datePublished\":\"2026-01-23T19:42:00+00:00\",\"author\":{\"@id\":\"https:\/\/portaltela.pt\/#\/schema\/person\/c4278d4a6028830caff9ee44b42d32ed\"},\"breadcrumb\":{\"@id\":\"https:\/\/portaltela.pt\/noticias\/2026\/01\/23\/tapada-de-coelheiros-branco-2023-novo-vinho-no-mercado\/#breadcrumb\"},\"inLanguage\":\"pt-PT\",\"potentialAction\":[{\"@type\":\"ReadAction\",\"target\":[\"https:\/\/portaltela.pt\/noticias\/2026\/01\/23\/tapada-de-coelheiros-branco-2023-novo-vinho-no-mercado\/\"]}]},{\"@type\":\"ImageObject\",\"inLanguage\":\"pt-PT\",\"@id\":\"https:\/\/portaltela.pt\/noticias\/2026\/01\/23\/tapada-de-coelheiros-branco-2023-novo-vinho-no-mercado\/#primaryimage\",\"url\":\"https:\/\/portaltela.pt\/s.01k8rhncp4jt1\/2026\/01\/2061164.jpg\",\"contentUrl\":\"https:\/\/portaltela.pt\/s.01k8rhncp4jt1\/2026\/01\/2061164.jpg\",\"width\":796,\"height\":448,\"caption\":\"Photo\"},{\"@type\":\"BreadcrumbList\",\"@id\":\"https:\/\/portaltela.pt\/noticias\/2026\/01\/23\/tapada-de-coelheiros-branco-2023-novo-vinho-no-mercado\/#breadcrumb\",\"itemListElement\":[{\"@type\":\"ListItem\",\"position\":1,\"name\":\"In\u00edcio\",\"item\":\"https:\/\/portaltela.pt\/\"},{\"@type\":\"ListItem\",\"position\":2,\"name\":\"Tapada de Coelheiros Branco 2023: novo vinho no mercado\"}]},{\"@type\":\"WebSite\",\"@id\":\"https:\/\/portaltela.pt\/#website\",\"url\":\"https:\/\/portaltela.pt\/\",\"name\":\"Portal Tela Portugal\",\"description\":\"\",\"potentialAction\":[{\"@type\":\"SearchAction\",\"target\":{\"@type\":\"EntryPoint\",\"urlTemplate\":\"https:\/\/portaltela.pt\/?s={search_term_string}\"},\"query-input\":{\"@type\":\"PropertyValueSpecification\",\"valueRequired\":true,\"valueName\":\"search_term_string\"}}],\"inLanguage\":\"pt-PT\"},{\"@type\":\"Person\",\"@id\":\"https:\/\/portaltela.pt\/#\/schema\/person\/c4278d4a6028830caff9ee44b42d32ed\",\"name\":\"Telinha\",\"image\":{\"@type\":\"ImageObject\",\"inLanguage\":\"pt-PT\",\"@id\":\"https:\/\/portaltela.pt\/s.01k8rhncp4jt1\/2025\/11\/talking-bot-125x125.png\",\"url\":\"https:\/\/portaltela.pt\/s.01k8rhncp4jt1\/2025\/11\/talking-bot-125x125.png\",\"contentUrl\":\"https:\/\/portaltela.pt\/s.01k8rhncp4jt1\/2025\/11\/talking-bot-125x125.png\",\"caption\":\"Telinha\"},\"sameAs\":[\"https:\/\/portaltela.pt\/\"],\"url\":\"https:\/\/portaltela.pt\/por\/367410592786\/\"}]}<\/script>\n<!-- \/ Yoast SEO plugin. -->","yoast_head_json":{"title":"Tapada de Coelheiros Branco 2023: novo vinho no mercado - Portal Tela Portugal","robots":{"index":"index","follow":"follow","max-snippet":"max-snippet:-1","max-image-preview":"max-image-preview:large","max-video-preview":"max-video-preview:-1"},"og_locale":"pt_PT","og_type":"article","og_title":"Tapada de Coelheiros Branco 2023: novo vinho no mercado - Portal Tela Portugal","og_description":"Produtor: Tapada de Coelheiros; vinho branco 2023 da regi\u00e3o do Alentejo. Castas: Arinto (50%) e Roupeiro (50%). Grau alco\u00f3lico: 13% e pre\u00e7o: 30 euros. Pontua\u00e7\u00e3o: 95. Notas de prova: aroma a citrinos e alperce, com notas bals\u00e2micas e de cedro; boca com boa acidez, volume e untuosidade; final longo e salino; fermenta\u00e7\u00e3o em inox e em foudres de 20 hectolitros, est\u00e1gio de um ano e seis meses em garrafa.","og_url":"https:\/\/portaltela.pt\/noticias\/2026\/01\/23\/tapada-de-coelheiros-branco-2023-novo-vinho-no-mercado\/","og_site_name":"Portal Tela Portugal","article_published_time":"2026-01-23T19:42:00+00:00","author":"Telinha","twitter_card":"summary_large_image","twitter_misc":{"Escrito por":"Telinha","Tempo estimado de leitura":"1 minuto"},"schema":{"@context":"https:\/\/schema.org","@graph":[{"@type":"Article","@id":"https:\/\/portaltela.pt\/noticias\/2026\/01\/23\/tapada-de-coelheiros-branco-2023-novo-vinho-no-mercado\/#article","isPartOf":{"@id":"https:\/\/portaltela.pt\/noticias\/2026\/01\/23\/tapada-de-coelheiros-branco-2023-novo-vinho-no-mercado\/"},"author":{"name":"Telinha","@id":"https:\/\/portaltela.pt\/#\/schema\/person\/c4278d4a6028830caff9ee44b42d32ed"},"headline":"Tapada de Coelheiros Branco 2023: novo vinho no mercado","datePublished":"2026-01-23T19:42:00+00:00","mainEntityOfPage":{"@id":"https:\/\/portaltela.pt\/noticias\/2026\/01\/23\/tapada-de-coelheiros-branco-2023-novo-vinho-no-mercado\/"},"wordCount":145,"image":{"@id":"https:\/\/portaltela.pt\/noticias\/2026\/01\/23\/tapada-de-coelheiros-branco-2023-novo-vinho-no-mercado\/#primaryimage"},"thumbnailUrl":"https:\/\/portaltela.pt\/s.01k8rhncp4jt1\/2026\/01\/2061164.jpg","keywords":["Alentejo","Arinto","Roupeiro","vinhos"],"articleSection":["Not\u00edcias"],"inLanguage":"pt-PT"},{"@type":"WebPage","@id":"https:\/\/portaltela.pt\/noticias\/2026\/01\/23\/tapada-de-coelheiros-branco-2023-novo-vinho-no-mercado\/","url":"https:\/\/portaltela.pt\/noticias\/2026\/01\/23\/tapada-de-coelheiros-branco-2023-novo-vinho-no-mercado\/","name":"Tapada de Coelheiros Branco 2023: novo vinho no mercado - Portal Tela Portugal","isPartOf":{"@id":"https:\/\/portaltela.pt\/#website"},"primaryImageOfPage":{"@id":"https:\/\/portaltela.pt\/noticias\/2026\/01\/23\/tapada-de-coelheiros-branco-2023-novo-vinho-no-mercado\/#primaryimage"},"image":{"@id":"https:\/\/portaltela.pt\/noticias\/2026\/01\/23\/tapada-de-coelheiros-branco-2023-novo-vinho-no-mercado\/#primaryimage"},"thumbnailUrl":"https:\/\/portaltela.pt\/s.01k8rhncp4jt1\/2026\/01\/2061164.jpg","datePublished":"2026-01-23T19:42:00+00:00","author":{"@id":"https:\/\/portaltela.pt\/#\/schema\/person\/c4278d4a6028830caff9ee44b42d32ed"},"breadcrumb":{"@id":"https:\/\/portaltela.pt\/noticias\/2026\/01\/23\/tapada-de-coelheiros-branco-2023-novo-vinho-no-mercado\/#breadcrumb"},"inLanguage":"pt-PT","potentialAction":[{"@type":"ReadAction","target":["https:\/\/portaltela.pt\/noticias\/2026\/01\/23\/tapada-de-coelheiros-branco-2023-novo-vinho-no-mercado\/"]}]},{"@type":"ImageObject","inLanguage":"pt-PT","@id":"https:\/\/portaltela.pt\/noticias\/2026\/01\/23\/tapada-de-coelheiros-branco-2023-novo-vinho-no-mercado\/#primaryimage","url":"https:\/\/portaltela.pt\/s.01k8rhncp4jt1\/2026\/01\/2061164.jpg","contentUrl":"https:\/\/portaltela.pt\/s.01k8rhncp4jt1\/2026\/01\/2061164.jpg","width":796,"height":448,"caption":"Photo"},{"@type":"BreadcrumbList","@id":"https:\/\/portaltela.pt\/noticias\/2026\/01\/23\/tapada-de-coelheiros-branco-2023-novo-vinho-no-mercado\/#breadcrumb","itemListElement":[{"@type":"ListItem","position":1,"name":"In\u00edcio","item":"https:\/\/portaltela.pt\/"},{"@type":"ListItem","position":2,"name":"Tapada de Coelheiros Branco 2023: novo vinho no mercado"}]},{"@type":"WebSite","@id":"https:\/\/portaltela.pt\/#website","url":"https:\/\/portaltela.pt\/","name":"Portal Tela Portugal","description":"","potentialAction":[{"@type":"SearchAction","target":{"@type":"EntryPoint","urlTemplate":"https:\/\/portaltela.pt\/?s={search_term_string}"},"query-input":{"@type":"PropertyValueSpecification","valueRequired":true,"valueName":"search_term_string"}}],"inLanguage":"pt-PT"},{"@type":"Person","@id":"https:\/\/portaltela.pt\/#\/schema\/person\/c4278d4a6028830caff9ee44b42d32ed","name":"Telinha","image":{"@type":"ImageObject","inLanguage":"pt-PT","@id":"https:\/\/portaltela.pt\/s.01k8rhncp4jt1\/2025\/11\/talking-bot-125x125.png","url":"https:\/\/portaltela.pt\/s.01k8rhncp4jt1\/2025\/11\/talking-bot-125x125.png","contentUrl":"https:\/\/portaltela.pt\/s.01k8rhncp4jt1\/2025\/11\/talking-bot-125x125.png","caption":"Telinha"},"sameAs":["https:\/\/portaltela.pt\/"],"url":"https:\/\/portaltela.pt\/por\/367410592786\/"}]}},"_links":{"self":[{"href":"https:\/\/portaltela.pt\/api\/wp\/v2\/posts\/168295","targetHints":{"allow":["GET"]}}],"collection":[{"href":"https:\/\/portaltela.pt\/api\/wp\/v2\/posts"}],"about":[{"href":"https:\/\/portaltela.pt\/api\/wp\/v2\/types\/post"}],"author":[{"embeddable":true,"href":"https:\/\/portaltela.pt\/api\/wp\/v2\/users\/2"}],"replies":[{"embeddable":true,"href":"https:\/\/portaltela.pt\/api\/wp\/v2\/comments?post=168295"}],"version-history":[{"count":0,"href":"https:\/\/portaltela.pt\/api\/wp\/v2\/posts\/168295\/revisions"}],"wp:featuredmedia":[{"embeddable":true,"href":"https:\/\/portaltela.pt\/api\/wp\/v2\/media\/168296"}],"wp:attachment":[{"href":"https:\/\/portaltela.pt\/api\/wp\/v2\/media?parent=168295"}],"wp:term":[{"taxonomy":"category","embeddable":true,"href":"https:\/\/portaltela.pt\/api\/wp\/v2\/categories?post=168295"},{"taxonomy":"post_tag","embeddable":true,"href":"https:\/\/portaltela.pt\/api\/wp\/v2\/tags?post=168295"}],"curies":[{"name":"wp","href":"https:\/\/api.w.org\/{rel}","templated":true}]}}