{"id":168291,"date":"2026-01-23T16:49:33","date_gmt":"2026-01-23T19:49:33","guid":{"rendered":"https:\/\/portaltela.pt\/noticias\/2026\/01\/23\/2025-foi-o-quinto-ano-mais-quente-em-portugal-continental\/"},"modified":"2026-01-23T16:49:33","modified_gmt":"2026-01-23T19:49:33","slug":"2025-foi-o-quinto-ano-mais-quente-em-portugal-continental","status":"publish","type":"post","link":"https:\/\/portaltela.pt\/noticias\/2026\/01\/23\/2025-foi-o-quinto-ano-mais-quente-em-portugal-continental\/","title":{"rendered":"2025 foi o quinto ano mais quente em Portugal Continental"},"content":{"rendered":"<p>O ano de 2025 foi o quinto mais quente em Portugal Continental desde 1931, com uma temperatura m\u00e9dia anual de 16,47 \u00b0C, +0,81 \u00b0C acima do normal 1991-2020. O pa\u00eds registou tamb\u00e9m o terceiro ano mais chuvoso deste s\u00e9culo.<\/p>\n<p>A temperatura m\u00e1xima m\u00e9dia ficou 4 \u00b0C acima do valor normal, com uma anomalia de +0,97 \u00b0C, enquanto a temperatura m\u00ednima ficou +0,65 \u00b0C acima do normal. Em termos de precipita\u00e7\u00e3o, 2025 foi o terceiro ano mais chuvoso desde 2000, com 1064,8 mm de chuva, mais 245,5 mm que o normal 1991-2020.<\/p>\n<p>Durante o ano, destacaram-se 60 novos extremos de temperatura m\u00e1xima, 90% dos quais ocorreram em maio e junho. Houve 42 novos extremos de temperatura m\u00ednima, com quase metade registada apenas em setembro. Em termos de precipita\u00e7\u00e3o, surgiram 44 novos extremos, sobretudo em janeiro e novembro. Foram registadas 6 ondas de calor e uma seca meteorol\u00f3gica entre julho e outubro, que afetou entre 60 e 99% do territ\u00f3rio.<\/p>\n<h3>Resumo dos principais dados<\/h3>\n<ul>\n<li>60 novos extremos de temperatura m\u00e1xima, maioria em maio e junho.<\/li>\n<li>42 novos extremos de temperatura m\u00ednima, com setembro a registar a maioria.<\/li>\n<li>44 novos extremos de precipita\u00e7\u00e3o, com picos em janeiro e novembro.<\/li>\n<li>6 ondas de calor: primavera, ver\u00e3o e outono.<\/li>\n<li>Seca meteorol\u00f3gica entre julho e outubro, com impacto vasto.<\/li>\n<\/ul>\n<h3>Disponibilidade do relat\u00f3rio<\/h3>\n<p>O documento \u00e9 o Resumo do Boletim Anual de 2025, divulgado pelo IPMA. A vers\u00e3o completa dever\u00e1 ser publicada em breve, disponibilizando dados adicionais e metodologia.<\/p>\n<p>Fonte: IPMA.<\/p>\n","protected":false},"excerpt":{"rendered":"<ul>\n<li>2025 foi o 5\u00ba ano mais quente desde 1931 em Portugal Continental, com temperatura m\u00e9dia anual de 16,47 \u00b0C, +0,81 \u00b0C acima do normal 1991-2020.<\/li>\n<li>Os \u00faltimos quatro anos entre os cinco mais quentes s\u00e3o: 2022, 2023, 1997, 2024 e 2025.<\/li>\n<li>A temperatura m\u00e9dia m\u00e1xima ficou +0,97 \u00b0C acima do normal e a m\u00e9dia m\u00ednima +0,65 \u00b0C, sendo 2025 o 4\u00ba mais quente de m\u00e1ximas e o 7\u00ba de m\u00ednimas desde 1931.<\/li>\n<li>Em precipita\u00e7\u00e3o, 2025 foi o 3\u00ba mais chuvoso desde 2000, com total anual de 1064,8 mm e desvio de +245,5 mm em rela\u00e7\u00e3o ao normal 1991-2020.<\/li>\n<li>Destaques do ano: 60 novos extremos de temperatura m\u00e1xima, 42 de temperatura m\u00ednima, 44 de precipita\u00e7\u00e3o; 6 ondas de calor; seca meteorol\u00f3gica entre julho e outubro em 60 a 99% do territ\u00f3rio.<\/li>\n<\/ul>\n","protected":false},"author":2,"featured_media":168292,"comment_status":"closed","ping_status":"closed","sticky":false,"template":"","format":"standard","meta":{"footnotes":""},"categories":[1],"tags":[2053,2665,167,3968,1014,4038],"class_list":["post-168291","post","type-post","status-publish","format-standard","has-post-thumbnail","hentry","category-noticias","tag-acao-climatica","tag-alteracoes-climaticas","tag-ambiente","tag-ipma","tag-portugal","tag-seca-meteorologica"],"yoast_head":"<!-- This site is optimized with the Yoast SEO plugin v27.2 - https:\/\/yoast.com\/product\/yoast-seo-wordpress\/ -->\n<title>2025 foi o quinto ano mais quente em Portugal Continental - Portal Tela Portugal<\/title>\n<meta name=\"robots\" content=\"index, follow, max-snippet:-1, max-image-preview:large, max-video-preview:-1\" \/>\n<meta property=\"og:locale\" content=\"pt_PT\" \/>\n<meta property=\"og:type\" content=\"article\" \/>\n<meta property=\"og:title\" content=\"2025 foi o quinto ano mais quente em Portugal Continental - Portal Tela Portugal\" \/>\n<meta property=\"og:description\" content=\"2025 foi o 5\u00ba ano mais quente desde 1931 em Portugal Continental, com temperatura m\u00e9dia anual de 16,47 \u00b0C, +0,81 \u00b0C acima do normal 1991-2020. Os \u00faltimos quatro anos entre os cinco mais quentes s\u00e3o: 2022, 2023, 1997, 2024 e 2025. A temperatura m\u00e9dia m\u00e1xima ficou +0,97 \u00b0C acima do normal e a m\u00e9dia m\u00ednima +0,65 \u00b0C, sendo 2025 o 4\u00ba mais quente de m\u00e1ximas e o 7\u00ba de m\u00ednimas desde 1931. Em precipita\u00e7\u00e3o, 2025 foi o 3\u00ba mais chuvoso desde 2000, com total anual de 1064,8 mm e desvio de +245,5 mm em rela\u00e7\u00e3o ao normal 1991-2020. Destaques do ano: 60 novos extremos de temperatura m\u00e1xima, 42 de temperatura m\u00ednima, 44 de precipita\u00e7\u00e3o; 6 ondas de calor; seca meteorol\u00f3gica entre julho e outubro em 60 a 99% do territ\u00f3rio.\" \/>\n<meta property=\"og:url\" content=\"https:\/\/portaltela.pt\/noticias\/2026\/01\/23\/2025-foi-o-quinto-ano-mais-quente-em-portugal-continental\/\" \/>\n<meta property=\"og:site_name\" content=\"Portal Tela Portugal\" \/>\n<meta property=\"article:published_time\" content=\"2026-01-23T19:49:33+00:00\" \/>\n<meta name=\"author\" content=\"Telinha\" \/>\n<meta name=\"twitter:card\" content=\"summary_large_image\" \/>\n<meta name=\"twitter:label1\" content=\"Escrito por\" \/>\n\t<meta name=\"twitter:data1\" content=\"Telinha\" \/>\n\t<meta name=\"twitter:label2\" content=\"Tempo estimado de leitura\" \/>\n\t<meta name=\"twitter:data2\" content=\"1 minuto\" \/>\n<script type=\"application\/ld+json\" class=\"yoast-schema-graph\">{\"@context\":\"https:\/\/schema.org\",\"@graph\":[{\"@type\":\"Article\",\"@id\":\"https:\/\/portaltela.pt\/noticias\/2026\/01\/23\/2025-foi-o-quinto-ano-mais-quente-em-portugal-continental\/#article\",\"isPartOf\":{\"@id\":\"https:\/\/portaltela.pt\/noticias\/2026\/01\/23\/2025-foi-o-quinto-ano-mais-quente-em-portugal-continental\/\"},\"author\":{\"name\":\"Telinha\",\"@id\":\"https:\/\/portaltela.pt\/#\/schema\/person\/c4278d4a6028830caff9ee44b42d32ed\"},\"headline\":\"2025 foi o quinto ano mais quente em Portugal Continental\",\"datePublished\":\"2026-01-23T19:49:33+00:00\",\"mainEntityOfPage\":{\"@id\":\"https:\/\/portaltela.pt\/noticias\/2026\/01\/23\/2025-foi-o-quinto-ano-mais-quente-em-portugal-continental\/\"},\"wordCount\":249,\"image\":{\"@id\":\"https:\/\/portaltela.pt\/noticias\/2026\/01\/23\/2025-foi-o-quinto-ano-mais-quente-em-portugal-continental\/#primaryimage\"},\"thumbnailUrl\":\"https:\/\/portaltela.pt\/s.01k8rhncp4jt1\/2026\/01\/tempo.jpg\",\"keywords\":[\"A\u00e7\u00e3o Clim\u00e1tica\",\"Altera\u00e7\u00f5es Clim\u00e1ticas\",\"ambiente\",\"IPMA\",\"Portugal\",\"seca meteorol\u00f3gica\"],\"articleSection\":[\"Not\u00edcias\"],\"inLanguage\":\"pt-PT\"},{\"@type\":\"WebPage\",\"@id\":\"https:\/\/portaltela.pt\/noticias\/2026\/01\/23\/2025-foi-o-quinto-ano-mais-quente-em-portugal-continental\/\",\"url\":\"https:\/\/portaltela.pt\/noticias\/2026\/01\/23\/2025-foi-o-quinto-ano-mais-quente-em-portugal-continental\/\",\"name\":\"2025 foi o quinto ano mais quente em Portugal Continental - Portal Tela Portugal\",\"isPartOf\":{\"@id\":\"https:\/\/portaltela.pt\/#website\"},\"primaryImageOfPage\":{\"@id\":\"https:\/\/portaltela.pt\/noticias\/2026\/01\/23\/2025-foi-o-quinto-ano-mais-quente-em-portugal-continental\/#primaryimage\"},\"image\":{\"@id\":\"https:\/\/portaltela.pt\/noticias\/2026\/01\/23\/2025-foi-o-quinto-ano-mais-quente-em-portugal-continental\/#primaryimage\"},\"thumbnailUrl\":\"https:\/\/portaltela.pt\/s.01k8rhncp4jt1\/2026\/01\/tempo.jpg\",\"datePublished\":\"2026-01-23T19:49:33+00:00\",\"author\":{\"@id\":\"https:\/\/portaltela.pt\/#\/schema\/person\/c4278d4a6028830caff9ee44b42d32ed\"},\"breadcrumb\":{\"@id\":\"https:\/\/portaltela.pt\/noticias\/2026\/01\/23\/2025-foi-o-quinto-ano-mais-quente-em-portugal-continental\/#breadcrumb\"},\"inLanguage\":\"pt-PT\",\"potentialAction\":[{\"@type\":\"ReadAction\",\"target\":[\"https:\/\/portaltela.pt\/noticias\/2026\/01\/23\/2025-foi-o-quinto-ano-mais-quente-em-portugal-continental\/\"]}]},{\"@type\":\"ImageObject\",\"inLanguage\":\"pt-PT\",\"@id\":\"https:\/\/portaltela.pt\/noticias\/2026\/01\/23\/2025-foi-o-quinto-ano-mais-quente-em-portugal-continental\/#primaryimage\",\"url\":\"https:\/\/portaltela.pt\/s.01k8rhncp4jt1\/2026\/01\/tempo.jpg\",\"contentUrl\":\"https:\/\/portaltela.pt\/s.01k8rhncp4jt1\/2026\/01\/tempo.jpg\",\"width\":796,\"height\":448,\"caption\":\"Chuva, neve, vento e agita\u00e7\u00e3o mar\u00edtima \u2013 Depress\u00e3o INGRID \u2013 continente \u2013 Comunicado n\u00ba3\"},{\"@type\":\"BreadcrumbList\",\"@id\":\"https:\/\/portaltela.pt\/noticias\/2026\/01\/23\/2025-foi-o-quinto-ano-mais-quente-em-portugal-continental\/#breadcrumb\",\"itemListElement\":[{\"@type\":\"ListItem\",\"position\":1,\"name\":\"In\u00edcio\",\"item\":\"https:\/\/portaltela.pt\/\"},{\"@type\":\"ListItem\",\"position\":2,\"name\":\"2025 foi o quinto ano mais quente em Portugal Continental\"}]},{\"@type\":\"WebSite\",\"@id\":\"https:\/\/portaltela.pt\/#website\",\"url\":\"https:\/\/portaltela.pt\/\",\"name\":\"Portal Tela Portugal\",\"description\":\"\",\"potentialAction\":[{\"@type\":\"SearchAction\",\"target\":{\"@type\":\"EntryPoint\",\"urlTemplate\":\"https:\/\/portaltela.pt\/?s={search_term_string}\"},\"query-input\":{\"@type\":\"PropertyValueSpecification\",\"valueRequired\":true,\"valueName\":\"search_term_string\"}}],\"inLanguage\":\"pt-PT\"},{\"@type\":\"Person\",\"@id\":\"https:\/\/portaltela.pt\/#\/schema\/person\/c4278d4a6028830caff9ee44b42d32ed\",\"name\":\"Telinha\",\"image\":{\"@type\":\"ImageObject\",\"inLanguage\":\"pt-PT\",\"@id\":\"https:\/\/portaltela.pt\/s.01k8rhncp4jt1\/2025\/11\/talking-bot-125x125.png\",\"url\":\"https:\/\/portaltela.pt\/s.01k8rhncp4jt1\/2025\/11\/talking-bot-125x125.png\",\"contentUrl\":\"https:\/\/portaltela.pt\/s.01k8rhncp4jt1\/2025\/11\/talking-bot-125x125.png\",\"caption\":\"Telinha\"},\"sameAs\":[\"https:\/\/portaltela.pt\/\"],\"url\":\"https:\/\/portaltela.pt\/por\/367410592786\/\"}]}<\/script>\n<!-- \/ Yoast SEO plugin. -->","yoast_head_json":{"title":"2025 foi o quinto ano mais quente em Portugal Continental - Portal Tela Portugal","robots":{"index":"index","follow":"follow","max-snippet":"max-snippet:-1","max-image-preview":"max-image-preview:large","max-video-preview":"max-video-preview:-1"},"og_locale":"pt_PT","og_type":"article","og_title":"2025 foi o quinto ano mais quente em Portugal Continental - Portal Tela Portugal","og_description":"2025 foi o 5\u00ba ano mais quente desde 1931 em Portugal Continental, com temperatura m\u00e9dia anual de 16,47 \u00b0C, +0,81 \u00b0C acima do normal 1991-2020. Os \u00faltimos quatro anos entre os cinco mais quentes s\u00e3o: 2022, 2023, 1997, 2024 e 2025. A temperatura m\u00e9dia m\u00e1xima ficou +0,97 \u00b0C acima do normal e a m\u00e9dia m\u00ednima +0,65 \u00b0C, sendo 2025 o 4\u00ba mais quente de m\u00e1ximas e o 7\u00ba de m\u00ednimas desde 1931. Em precipita\u00e7\u00e3o, 2025 foi o 3\u00ba mais chuvoso desde 2000, com total anual de 1064,8 mm e desvio de +245,5 mm em rela\u00e7\u00e3o ao normal 1991-2020. Destaques do ano: 60 novos extremos de temperatura m\u00e1xima, 42 de temperatura m\u00ednima, 44 de precipita\u00e7\u00e3o; 6 ondas de calor; seca meteorol\u00f3gica entre julho e outubro em 60 a 99% do territ\u00f3rio.","og_url":"https:\/\/portaltela.pt\/noticias\/2026\/01\/23\/2025-foi-o-quinto-ano-mais-quente-em-portugal-continental\/","og_site_name":"Portal Tela Portugal","article_published_time":"2026-01-23T19:49:33+00:00","author":"Telinha","twitter_card":"summary_large_image","twitter_misc":{"Escrito por":"Telinha","Tempo estimado de leitura":"1 minuto"},"schema":{"@context":"https:\/\/schema.org","@graph":[{"@type":"Article","@id":"https:\/\/portaltela.pt\/noticias\/2026\/01\/23\/2025-foi-o-quinto-ano-mais-quente-em-portugal-continental\/#article","isPartOf":{"@id":"https:\/\/portaltela.pt\/noticias\/2026\/01\/23\/2025-foi-o-quinto-ano-mais-quente-em-portugal-continental\/"},"author":{"name":"Telinha","@id":"https:\/\/portaltela.pt\/#\/schema\/person\/c4278d4a6028830caff9ee44b42d32ed"},"headline":"2025 foi o quinto ano mais quente em Portugal Continental","datePublished":"2026-01-23T19:49:33+00:00","mainEntityOfPage":{"@id":"https:\/\/portaltela.pt\/noticias\/2026\/01\/23\/2025-foi-o-quinto-ano-mais-quente-em-portugal-continental\/"},"wordCount":249,"image":{"@id":"https:\/\/portaltela.pt\/noticias\/2026\/01\/23\/2025-foi-o-quinto-ano-mais-quente-em-portugal-continental\/#primaryimage"},"thumbnailUrl":"https:\/\/portaltela.pt\/s.01k8rhncp4jt1\/2026\/01\/tempo.jpg","keywords":["A\u00e7\u00e3o Clim\u00e1tica","Altera\u00e7\u00f5es Clim\u00e1ticas","ambiente","IPMA","Portugal","seca meteorol\u00f3gica"],"articleSection":["Not\u00edcias"],"inLanguage":"pt-PT"},{"@type":"WebPage","@id":"https:\/\/portaltela.pt\/noticias\/2026\/01\/23\/2025-foi-o-quinto-ano-mais-quente-em-portugal-continental\/","url":"https:\/\/portaltela.pt\/noticias\/2026\/01\/23\/2025-foi-o-quinto-ano-mais-quente-em-portugal-continental\/","name":"2025 foi o quinto ano mais quente em Portugal Continental - Portal Tela Portugal","isPartOf":{"@id":"https:\/\/portaltela.pt\/#website"},"primaryImageOfPage":{"@id":"https:\/\/portaltela.pt\/noticias\/2026\/01\/23\/2025-foi-o-quinto-ano-mais-quente-em-portugal-continental\/#primaryimage"},"image":{"@id":"https:\/\/portaltela.pt\/noticias\/2026\/01\/23\/2025-foi-o-quinto-ano-mais-quente-em-portugal-continental\/#primaryimage"},"thumbnailUrl":"https:\/\/portaltela.pt\/s.01k8rhncp4jt1\/2026\/01\/tempo.jpg","datePublished":"2026-01-23T19:49:33+00:00","author":{"@id":"https:\/\/portaltela.pt\/#\/schema\/person\/c4278d4a6028830caff9ee44b42d32ed"},"breadcrumb":{"@id":"https:\/\/portaltela.pt\/noticias\/2026\/01\/23\/2025-foi-o-quinto-ano-mais-quente-em-portugal-continental\/#breadcrumb"},"inLanguage":"pt-PT","potentialAction":[{"@type":"ReadAction","target":["https:\/\/portaltela.pt\/noticias\/2026\/01\/23\/2025-foi-o-quinto-ano-mais-quente-em-portugal-continental\/"]}]},{"@type":"ImageObject","inLanguage":"pt-PT","@id":"https:\/\/portaltela.pt\/noticias\/2026\/01\/23\/2025-foi-o-quinto-ano-mais-quente-em-portugal-continental\/#primaryimage","url":"https:\/\/portaltela.pt\/s.01k8rhncp4jt1\/2026\/01\/tempo.jpg","contentUrl":"https:\/\/portaltela.pt\/s.01k8rhncp4jt1\/2026\/01\/tempo.jpg","width":796,"height":448,"caption":"Chuva, neve, vento e agita\u00e7\u00e3o mar\u00edtima \u2013 Depress\u00e3o INGRID \u2013 continente \u2013 Comunicado n\u00ba3"},{"@type":"BreadcrumbList","@id":"https:\/\/portaltela.pt\/noticias\/2026\/01\/23\/2025-foi-o-quinto-ano-mais-quente-em-portugal-continental\/#breadcrumb","itemListElement":[{"@type":"ListItem","position":1,"name":"In\u00edcio","item":"https:\/\/portaltela.pt\/"},{"@type":"ListItem","position":2,"name":"2025 foi o quinto ano mais quente em Portugal Continental"}]},{"@type":"WebSite","@id":"https:\/\/portaltela.pt\/#website","url":"https:\/\/portaltela.pt\/","name":"Portal Tela Portugal","description":"","potentialAction":[{"@type":"SearchAction","target":{"@type":"EntryPoint","urlTemplate":"https:\/\/portaltela.pt\/?s={search_term_string}"},"query-input":{"@type":"PropertyValueSpecification","valueRequired":true,"valueName":"search_term_string"}}],"inLanguage":"pt-PT"},{"@type":"Person","@id":"https:\/\/portaltela.pt\/#\/schema\/person\/c4278d4a6028830caff9ee44b42d32ed","name":"Telinha","image":{"@type":"ImageObject","inLanguage":"pt-PT","@id":"https:\/\/portaltela.pt\/s.01k8rhncp4jt1\/2025\/11\/talking-bot-125x125.png","url":"https:\/\/portaltela.pt\/s.01k8rhncp4jt1\/2025\/11\/talking-bot-125x125.png","contentUrl":"https:\/\/portaltela.pt\/s.01k8rhncp4jt1\/2025\/11\/talking-bot-125x125.png","caption":"Telinha"},"sameAs":["https:\/\/portaltela.pt\/"],"url":"https:\/\/portaltela.pt\/por\/367410592786\/"}]}},"_links":{"self":[{"href":"https:\/\/portaltela.pt\/api\/wp\/v2\/posts\/168291","targetHints":{"allow":["GET"]}}],"collection":[{"href":"https:\/\/portaltela.pt\/api\/wp\/v2\/posts"}],"about":[{"href":"https:\/\/portaltela.pt\/api\/wp\/v2\/types\/post"}],"author":[{"embeddable":true,"href":"https:\/\/portaltela.pt\/api\/wp\/v2\/users\/2"}],"replies":[{"embeddable":true,"href":"https:\/\/portaltela.pt\/api\/wp\/v2\/comments?post=168291"}],"version-history":[{"count":0,"href":"https:\/\/portaltela.pt\/api\/wp\/v2\/posts\/168291\/revisions"}],"wp:featuredmedia":[{"embeddable":true,"href":"https:\/\/portaltela.pt\/api\/wp\/v2\/media\/168292"}],"wp:attachment":[{"href":"https:\/\/portaltela.pt\/api\/wp\/v2\/media?parent=168291"}],"wp:term":[{"taxonomy":"category","embeddable":true,"href":"https:\/\/portaltela.pt\/api\/wp\/v2\/categories?post=168291"},{"taxonomy":"post_tag","embeddable":true,"href":"https:\/\/portaltela.pt\/api\/wp\/v2\/tags?post=168291"}],"curies":[{"name":"wp","href":"https:\/\/api.w.org\/{rel}","templated":true}]}}