{"id":168268,"date":"2026-01-23T16:37:00","date_gmt":"2026-01-23T19:37:00","guid":{"rendered":"https:\/\/portaltela.pt\/noticias\/2026\/01\/23\/advogado-critica-perseguicao-a-mario-machado\/"},"modified":"2026-01-23T16:37:00","modified_gmt":"2026-01-23T19:37:00","slug":"advogado-critica-perseguicao-a-mario-machado","status":"publish","type":"post","link":"https:\/\/portaltela.pt\/noticias\/2026\/01\/23\/advogado-critica-perseguicao-a-mario-machado\/","title":{"rendered":"Advogado critica persegui\u00e7\u00e3o a M\u00e1rio Machado"},"content":{"rendered":"<p>O advogado de M\u00e1rio Machado critica a transfer\u00eancia do neonazi para outra pris\u00e3o, qualificando-a como uma viol\u00eancia despropositada sem fundamento. Jos\u00e9 Manuel Castro afirma que n\u00e3o houve qualquer ind\u00edcio relevante na cela de Alcoentre para sustentar lideran\u00e7a \u00e0 dist\u00e2ncia do grupo 1143. A PJ, por\u00e9m, sustenta que o grupo continua sob lideran\u00e7a prisiona.<\/p>\n<p>Na confer\u00eancia de imprensa, o diretor nacional da PJ, Lu\u00eds Neves, comentou a possibilidade de mudar o regime de cumprimento de pena caso haja necessidade. Castro rejeita tais declara\u00e7\u00f5es, descrevendo-as como inven\u00e7\u00f5es de persegui\u00e7\u00e3o pol\u00edtica sem base nos tribunais. O advogado sustenta que n\u00e3o foi encontrado telem\u00f3vel do recluso e que o contacto externo seria feito apenas pelos meios dispon\u00edveis aos presos.<\/p>\n<p>A institui\u00e7\u00e3o de defesa reiterou que s\u00f3 foram apreendidas duas camisolas do 1143 e um jornal, sinalizando normalidade na perten\u00e7a ao grupo. A transfer\u00eancia permanece uma eventualidade a ser definida pela DGRSP, ainda que n\u00e3o constitua impossibilidade, segundo o pr\u00f3prio advogado.<\/p>\n<h3>Elementos-chave da investiga\u00e7\u00e3o<\/h3>\n<p>A PJ informou que elementos relevantes foram encontrados na cela que poder\u00e3o influenciar a investiga\u00e7\u00e3o, incluindo informa\u00e7\u00f5es a analisar pela Unidade Nacional de Contraterrorismo. Ontem, o Jornal de Not\u00edcias indicou a exist\u00eancia de um telem\u00f3vel usado pelo recluso para chamadas de grupo com a c\u00fapula do 1143, not\u00edcia que o advogado contesta, afirmando que o seu cliente n\u00e3o possu\u00eda telem\u00f3vel.<\/p>\n<p>Apesar disso, Castro admite que o contacto com o exterior pode ocorrer atrav\u00e9s de telem\u00f3veis dispon\u00edveis aos prisioneiros ou durante as visitas que M\u00e1rio Machado recebia. O advogado sublinha que o material apreendido n\u00e3o corresponde aos factos apresentados pela PJ e insiste na ideia de persegui\u00e7\u00e3o pol\u00edtica.<\/p>\n<h3>Envolvimento da m\u00e3e e outras argu\u00eddas<\/h3>\n<p>Entre os contactos regulares do l\u00edder preso, segundo o Observador, estaria Aurelina Hortense Machado, a m\u00e3e de M\u00e1rio Machado. Ela, tal como Raquel Fa\u00edsca, ex-mulher do l\u00edder, foi constitu\u00edda arguida e tamb\u00e9m \u00e9 representada pelo mesmo advogado. Castro critica a constitui\u00e7\u00e3o da m\u00e3e, de 78 anos, reputando-a desnecess\u00e1ria.<\/p>\n<p>O Minist\u00e9rio P\u00fablico sustenta que a conta de Hortense, entre outras, era utilizada para receber donativos do grupo 1143 e que Hortense ter\u00e1 participado em mensagens entre o filho e Gil Costa, alegado substituto da lideran\u00e7a. O MP afirma ainda que Hortense foi apanhada a transmitir instru\u00e7\u00f5es para proteger o grupo, sob determinadas condi\u00e7\u00f5es.<\/p>\n<h3>Nova opera\u00e7\u00e3o da PJ e impacto no caso<\/h3>\n<p>A Opera\u00e7\u00e3o Irmandade envolveu 37 deten\u00e7\u00f5es e 15 argu\u00eddos, com 65 buscas em v\u00e1rias regi\u00f5es do pa\u00eds. A a\u00e7\u00e3o contou com cerca de 300 membros da PJ e pretendeu identificar atos de viol\u00eancia e a eventual prepara\u00e7\u00e3o de a\u00e7\u00f5es contra pessoas ou grupos. Patr\u00edcia Silveira, diretora da Unidade Nacional Contraterrorismo, indicou a exist\u00eancia de evid\u00eancias que poder\u00e3o influenciar decis\u00f5es futuras.<\/p>\n<p>O advogado de M\u00e1rio Machado afirmou que a opera\u00e7\u00e3o ter\u00e1 reflexos na vida prisional do l\u00edder, sugerindo que o c\u00famulo jur\u00eddico pode ter sido influenciado pelos acontecimentos medi\u00e1ticos. Castro tamb\u00e9m indicou que a nova investiga\u00e7\u00e3o pode atrasar liberta\u00e7\u00f5es condicionais e que o timing da opera\u00e7\u00e3o \u00e9 inoportuno para o seu cliente.<\/p>\n<h3>Situa\u00e7\u00e3o atual<\/h3>\n<p>M\u00e1rio Machado continua cumprindo pena pela condena\u00e7\u00e3o anterior por discrimina\u00e7\u00e3o e incitamento ao \u00f3dio. O c\u00famulo jur\u00eddico em causa envolve uma pena de quatro anos, com uma parte suspensa por incitamento ao \u00f3dio e \u00e0 viol\u00eancia. O processo atual pode levar a declara\u00e7\u00f5es formais no Minist\u00e9rio P\u00fablico ou no Estabelecimento Prisional de Alcoentre, conforme o procedimento vigente.<\/p>\n","protected":false},"excerpt":{"rendered":"<ul>\n<li>O advogado de M\u00e1rio Machado critica a poss\u00edvel transfer\u00eancia de pris\u00e3o como uma \u201cviol\u00eancia despropositada\u201d e diz que n\u00e3o h\u00e1 fundamento; a posi\u00e7\u00e3o contraria a PJ, que admite eventual mudan\u00e7a de pris\u00e3o.<\/li>\n<li>A PJ afirma que h\u00e1 elementos relevantes para a investiga\u00e7\u00e3o; o jornal aponta telem\u00f3vel usado para chamadas do grupo 1143, mas o advogado sustenta que o r\u00e9u n\u00e3o tinha telem\u00f3vel.<\/li>\n<li>A m\u00e3e de M\u00e1rio Machado, Aurelina Hortense Machado, e a ex-mulher Raquel Fa\u00edsca foram constitu\u00eddas argu\u00eddas; o MP diz que as contas serviam para receber donativos do grupo 1143.<\/li>\n<li>A nova opera\u00e7\u00e3o da PJ, designada Irmandade, gerou 37 deten\u00e7\u00f5es e 15 arguidos, com 65 buscas, e poder\u00e1 refletir-se na vida prisional de Machado e no andamento de c\u00famulos jur\u00eddicos.<\/li>\n<li>O advogado sustenta que n\u00e3o h\u00e1 factos que comprovem lideran\u00e7a ou a\u00e7\u00f5es concretas por parte do grupo 1143 e afirma que a opera\u00e7\u00e3o pode influenciar o julgamento, com cr\u00edticas \u00e0 situa\u00e7\u00e3o atual.<\/li>\n<\/ul>\n","protected":false},"author":2,"featured_media":168269,"comment_status":"closed","ping_status":"closed","sticky":false,"template":"","format":"standard","meta":{"footnotes":""},"categories":[1],"tags":[1695,3528,217,352,1802,4035],"class_list":["post-168268","post","type-post","status-publish","format-standard","has-post-thumbnail","hentry","category-noticias","tag-discriminacao","tag-incitamento-ao-odio","tag-investigacao-criminal","tag-organizacao-criminosa","tag-policia-judiciaria","tag-unidade-nacional-de-contratterrorismo"],"yoast_head":"<!-- This site is optimized with the Yoast SEO plugin v27.2 - https:\/\/yoast.com\/product\/yoast-seo-wordpress\/ -->\n<title>Advogado critica persegui\u00e7\u00e3o a M\u00e1rio Machado - Portal Tela Portugal<\/title>\n<meta name=\"robots\" content=\"index, follow, max-snippet:-1, max-image-preview:large, max-video-preview:-1\" \/>\n<meta property=\"og:locale\" content=\"pt_PT\" \/>\n<meta property=\"og:type\" content=\"article\" \/>\n<meta property=\"og:title\" content=\"Advogado critica persegui\u00e7\u00e3o a M\u00e1rio Machado - Portal Tela Portugal\" \/>\n<meta property=\"og:description\" content=\"O advogado de M\u00e1rio Machado critica a poss\u00edvel transfer\u00eancia de pris\u00e3o como uma \u201cviol\u00eancia despropositada\u201d e diz que n\u00e3o h\u00e1 fundamento; a posi\u00e7\u00e3o contraria a PJ, que admite eventual mudan\u00e7a de pris\u00e3o. A PJ afirma que h\u00e1 elementos relevantes para a investiga\u00e7\u00e3o; o jornal aponta telem\u00f3vel usado para chamadas do grupo 1143, mas o advogado sustenta que o r\u00e9u n\u00e3o tinha telem\u00f3vel. A m\u00e3e de M\u00e1rio Machado, Aurelina Hortense Machado, e a ex-mulher Raquel Fa\u00edsca foram constitu\u00eddas argu\u00eddas; o MP diz que as contas serviam para receber donativos do grupo 1143. A nova opera\u00e7\u00e3o da PJ, designada Irmandade, gerou 37 deten\u00e7\u00f5es e 15 arguidos, com 65 buscas, e poder\u00e1 refletir-se na vida prisional de Machado e no andamento de c\u00famulos jur\u00eddicos. O advogado sustenta que n\u00e3o h\u00e1 factos que comprovem lideran\u00e7a ou a\u00e7\u00f5es concretas por parte do grupo 1143 e afirma que a opera\u00e7\u00e3o pode influenciar o julgamento, com cr\u00edticas \u00e0 situa\u00e7\u00e3o atual.\" \/>\n<meta property=\"og:url\" content=\"https:\/\/portaltela.pt\/noticias\/2026\/01\/23\/advogado-critica-perseguicao-a-mario-machado\/\" \/>\n<meta property=\"og:site_name\" content=\"Portal Tela Portugal\" \/>\n<meta property=\"article:published_time\" content=\"2026-01-23T19:37:00+00:00\" \/>\n<meta name=\"author\" content=\"Telinha\" \/>\n<meta name=\"twitter:card\" content=\"summary_large_image\" \/>\n<meta name=\"twitter:label1\" content=\"Escrito por\" \/>\n\t<meta name=\"twitter:data1\" content=\"Telinha\" \/>\n\t<meta name=\"twitter:label2\" content=\"Tempo estimado de leitura\" \/>\n\t<meta name=\"twitter:data2\" content=\"3 minutos\" \/>\n<script type=\"application\/ld+json\" class=\"yoast-schema-graph\">{\"@context\":\"https:\/\/schema.org\",\"@graph\":[{\"@type\":\"Article\",\"@id\":\"https:\/\/portaltela.pt\/noticias\/2026\/01\/23\/advogado-critica-perseguicao-a-mario-machado\/#article\",\"isPartOf\":{\"@id\":\"https:\/\/portaltela.pt\/noticias\/2026\/01\/23\/advogado-critica-perseguicao-a-mario-machado\/\"},\"author\":{\"name\":\"Telinha\",\"@id\":\"https:\/\/portaltela.pt\/#\/schema\/person\/c4278d4a6028830caff9ee44b42d32ed\"},\"headline\":\"Advogado critica persegui\u00e7\u00e3o a M\u00e1rio Machado\",\"datePublished\":\"2026-01-23T19:37:00+00:00\",\"mainEntityOfPage\":{\"@id\":\"https:\/\/portaltela.pt\/noticias\/2026\/01\/23\/advogado-critica-perseguicao-a-mario-machado\/\"},\"wordCount\":643,\"image\":{\"@id\":\"https:\/\/portaltela.pt\/noticias\/2026\/01\/23\/advogado-critica-perseguicao-a-mario-machado\/#primaryimage\"},\"thumbnailUrl\":\"https:\/\/portaltela.pt\/s.01k8rhncp4jt1\/2026\/01\/44839535.jpg\",\"keywords\":[\"discrimina\u00e7\u00e3o\",\"incitamento ao \u00f3dio\",\"investiga\u00e7\u00e3o criminal\",\"organiza\u00e7\u00e3o criminosa\",\"Pol\u00edcia Judici\u00e1ria\",\"Unidade Nacional de Contratterrorismo\"],\"articleSection\":[\"Not\u00edcias\"],\"inLanguage\":\"pt-PT\"},{\"@type\":\"WebPage\",\"@id\":\"https:\/\/portaltela.pt\/noticias\/2026\/01\/23\/advogado-critica-perseguicao-a-mario-machado\/\",\"url\":\"https:\/\/portaltela.pt\/noticias\/2026\/01\/23\/advogado-critica-perseguicao-a-mario-machado\/\",\"name\":\"Advogado critica persegui\u00e7\u00e3o a M\u00e1rio Machado - Portal Tela Portugal\",\"isPartOf\":{\"@id\":\"https:\/\/portaltela.pt\/#website\"},\"primaryImageOfPage\":{\"@id\":\"https:\/\/portaltela.pt\/noticias\/2026\/01\/23\/advogado-critica-perseguicao-a-mario-machado\/#primaryimage\"},\"image\":{\"@id\":\"https:\/\/portaltela.pt\/noticias\/2026\/01\/23\/advogado-critica-perseguicao-a-mario-machado\/#primaryimage\"},\"thumbnailUrl\":\"https:\/\/portaltela.pt\/s.01k8rhncp4jt1\/2026\/01\/44839535.jpg\",\"datePublished\":\"2026-01-23T19:37:00+00:00\",\"author\":{\"@id\":\"https:\/\/portaltela.pt\/#\/schema\/person\/c4278d4a6028830caff9ee44b42d32ed\"},\"breadcrumb\":{\"@id\":\"https:\/\/portaltela.pt\/noticias\/2026\/01\/23\/advogado-critica-perseguicao-a-mario-machado\/#breadcrumb\"},\"inLanguage\":\"pt-PT\",\"potentialAction\":[{\"@type\":\"ReadAction\",\"target\":[\"https:\/\/portaltela.pt\/noticias\/2026\/01\/23\/advogado-critica-perseguicao-a-mario-machado\/\"]}]},{\"@type\":\"ImageObject\",\"inLanguage\":\"pt-PT\",\"@id\":\"https:\/\/portaltela.pt\/noticias\/2026\/01\/23\/advogado-critica-perseguicao-a-mario-machado\/#primaryimage\",\"url\":\"https:\/\/portaltela.pt\/s.01k8rhncp4jt1\/2026\/01\/44839535.jpg\",\"contentUrl\":\"https:\/\/portaltela.pt\/s.01k8rhncp4jt1\/2026\/01\/44839535.jpg\",\"width\":796,\"height\":448,\"caption\":\"ANT\u00d3NIO COTRIM\/LUSA\"},{\"@type\":\"BreadcrumbList\",\"@id\":\"https:\/\/portaltela.pt\/noticias\/2026\/01\/23\/advogado-critica-perseguicao-a-mario-machado\/#breadcrumb\",\"itemListElement\":[{\"@type\":\"ListItem\",\"position\":1,\"name\":\"In\u00edcio\",\"item\":\"https:\/\/portaltela.pt\/\"},{\"@type\":\"ListItem\",\"position\":2,\"name\":\"Advogado critica persegui\u00e7\u00e3o a M\u00e1rio Machado\"}]},{\"@type\":\"WebSite\",\"@id\":\"https:\/\/portaltela.pt\/#website\",\"url\":\"https:\/\/portaltela.pt\/\",\"name\":\"Portal Tela Portugal\",\"description\":\"\",\"potentialAction\":[{\"@type\":\"SearchAction\",\"target\":{\"@type\":\"EntryPoint\",\"urlTemplate\":\"https:\/\/portaltela.pt\/?s={search_term_string}\"},\"query-input\":{\"@type\":\"PropertyValueSpecification\",\"valueRequired\":true,\"valueName\":\"search_term_string\"}}],\"inLanguage\":\"pt-PT\"},{\"@type\":\"Person\",\"@id\":\"https:\/\/portaltela.pt\/#\/schema\/person\/c4278d4a6028830caff9ee44b42d32ed\",\"name\":\"Telinha\",\"image\":{\"@type\":\"ImageObject\",\"inLanguage\":\"pt-PT\",\"@id\":\"https:\/\/portaltela.pt\/s.01k8rhncp4jt1\/2025\/11\/talking-bot-125x125.png\",\"url\":\"https:\/\/portaltela.pt\/s.01k8rhncp4jt1\/2025\/11\/talking-bot-125x125.png\",\"contentUrl\":\"https:\/\/portaltela.pt\/s.01k8rhncp4jt1\/2025\/11\/talking-bot-125x125.png\",\"caption\":\"Telinha\"},\"sameAs\":[\"https:\/\/portaltela.pt\/\"],\"url\":\"https:\/\/portaltela.pt\/por\/367410592786\/\"}]}<\/script>\n<!-- \/ Yoast SEO plugin. -->","yoast_head_json":{"title":"Advogado critica persegui\u00e7\u00e3o a M\u00e1rio Machado - Portal Tela Portugal","robots":{"index":"index","follow":"follow","max-snippet":"max-snippet:-1","max-image-preview":"max-image-preview:large","max-video-preview":"max-video-preview:-1"},"og_locale":"pt_PT","og_type":"article","og_title":"Advogado critica persegui\u00e7\u00e3o a M\u00e1rio Machado - Portal Tela Portugal","og_description":"O advogado de M\u00e1rio Machado critica a poss\u00edvel transfer\u00eancia de pris\u00e3o como uma \u201cviol\u00eancia despropositada\u201d e diz que n\u00e3o h\u00e1 fundamento; a posi\u00e7\u00e3o contraria a PJ, que admite eventual mudan\u00e7a de pris\u00e3o. A PJ afirma que h\u00e1 elementos relevantes para a investiga\u00e7\u00e3o; o jornal aponta telem\u00f3vel usado para chamadas do grupo 1143, mas o advogado sustenta que o r\u00e9u n\u00e3o tinha telem\u00f3vel. A m\u00e3e de M\u00e1rio Machado, Aurelina Hortense Machado, e a ex-mulher Raquel Fa\u00edsca foram constitu\u00eddas argu\u00eddas; o MP diz que as contas serviam para receber donativos do grupo 1143. A nova opera\u00e7\u00e3o da PJ, designada Irmandade, gerou 37 deten\u00e7\u00f5es e 15 arguidos, com 65 buscas, e poder\u00e1 refletir-se na vida prisional de Machado e no andamento de c\u00famulos jur\u00eddicos. O advogado sustenta que n\u00e3o h\u00e1 factos que comprovem lideran\u00e7a ou a\u00e7\u00f5es concretas por parte do grupo 1143 e afirma que a opera\u00e7\u00e3o pode influenciar o julgamento, com cr\u00edticas \u00e0 situa\u00e7\u00e3o atual.","og_url":"https:\/\/portaltela.pt\/noticias\/2026\/01\/23\/advogado-critica-perseguicao-a-mario-machado\/","og_site_name":"Portal Tela Portugal","article_published_time":"2026-01-23T19:37:00+00:00","author":"Telinha","twitter_card":"summary_large_image","twitter_misc":{"Escrito por":"Telinha","Tempo estimado de leitura":"3 minutos"},"schema":{"@context":"https:\/\/schema.org","@graph":[{"@type":"Article","@id":"https:\/\/portaltela.pt\/noticias\/2026\/01\/23\/advogado-critica-perseguicao-a-mario-machado\/#article","isPartOf":{"@id":"https:\/\/portaltela.pt\/noticias\/2026\/01\/23\/advogado-critica-perseguicao-a-mario-machado\/"},"author":{"name":"Telinha","@id":"https:\/\/portaltela.pt\/#\/schema\/person\/c4278d4a6028830caff9ee44b42d32ed"},"headline":"Advogado critica persegui\u00e7\u00e3o a M\u00e1rio Machado","datePublished":"2026-01-23T19:37:00+00:00","mainEntityOfPage":{"@id":"https:\/\/portaltela.pt\/noticias\/2026\/01\/23\/advogado-critica-perseguicao-a-mario-machado\/"},"wordCount":643,"image":{"@id":"https:\/\/portaltela.pt\/noticias\/2026\/01\/23\/advogado-critica-perseguicao-a-mario-machado\/#primaryimage"},"thumbnailUrl":"https:\/\/portaltela.pt\/s.01k8rhncp4jt1\/2026\/01\/44839535.jpg","keywords":["discrimina\u00e7\u00e3o","incitamento ao \u00f3dio","investiga\u00e7\u00e3o criminal","organiza\u00e7\u00e3o criminosa","Pol\u00edcia Judici\u00e1ria","Unidade Nacional de Contratterrorismo"],"articleSection":["Not\u00edcias"],"inLanguage":"pt-PT"},{"@type":"WebPage","@id":"https:\/\/portaltela.pt\/noticias\/2026\/01\/23\/advogado-critica-perseguicao-a-mario-machado\/","url":"https:\/\/portaltela.pt\/noticias\/2026\/01\/23\/advogado-critica-perseguicao-a-mario-machado\/","name":"Advogado critica persegui\u00e7\u00e3o a M\u00e1rio Machado - Portal Tela Portugal","isPartOf":{"@id":"https:\/\/portaltela.pt\/#website"},"primaryImageOfPage":{"@id":"https:\/\/portaltela.pt\/noticias\/2026\/01\/23\/advogado-critica-perseguicao-a-mario-machado\/#primaryimage"},"image":{"@id":"https:\/\/portaltela.pt\/noticias\/2026\/01\/23\/advogado-critica-perseguicao-a-mario-machado\/#primaryimage"},"thumbnailUrl":"https:\/\/portaltela.pt\/s.01k8rhncp4jt1\/2026\/01\/44839535.jpg","datePublished":"2026-01-23T19:37:00+00:00","author":{"@id":"https:\/\/portaltela.pt\/#\/schema\/person\/c4278d4a6028830caff9ee44b42d32ed"},"breadcrumb":{"@id":"https:\/\/portaltela.pt\/noticias\/2026\/01\/23\/advogado-critica-perseguicao-a-mario-machado\/#breadcrumb"},"inLanguage":"pt-PT","potentialAction":[{"@type":"ReadAction","target":["https:\/\/portaltela.pt\/noticias\/2026\/01\/23\/advogado-critica-perseguicao-a-mario-machado\/"]}]},{"@type":"ImageObject","inLanguage":"pt-PT","@id":"https:\/\/portaltela.pt\/noticias\/2026\/01\/23\/advogado-critica-perseguicao-a-mario-machado\/#primaryimage","url":"https:\/\/portaltela.pt\/s.01k8rhncp4jt1\/2026\/01\/44839535.jpg","contentUrl":"https:\/\/portaltela.pt\/s.01k8rhncp4jt1\/2026\/01\/44839535.jpg","width":796,"height":448,"caption":"ANT\u00d3NIO COTRIM\/LUSA"},{"@type":"BreadcrumbList","@id":"https:\/\/portaltela.pt\/noticias\/2026\/01\/23\/advogado-critica-perseguicao-a-mario-machado\/#breadcrumb","itemListElement":[{"@type":"ListItem","position":1,"name":"In\u00edcio","item":"https:\/\/portaltela.pt\/"},{"@type":"ListItem","position":2,"name":"Advogado critica persegui\u00e7\u00e3o a M\u00e1rio Machado"}]},{"@type":"WebSite","@id":"https:\/\/portaltela.pt\/#website","url":"https:\/\/portaltela.pt\/","name":"Portal Tela Portugal","description":"","potentialAction":[{"@type":"SearchAction","target":{"@type":"EntryPoint","urlTemplate":"https:\/\/portaltela.pt\/?s={search_term_string}"},"query-input":{"@type":"PropertyValueSpecification","valueRequired":true,"valueName":"search_term_string"}}],"inLanguage":"pt-PT"},{"@type":"Person","@id":"https:\/\/portaltela.pt\/#\/schema\/person\/c4278d4a6028830caff9ee44b42d32ed","name":"Telinha","image":{"@type":"ImageObject","inLanguage":"pt-PT","@id":"https:\/\/portaltela.pt\/s.01k8rhncp4jt1\/2025\/11\/talking-bot-125x125.png","url":"https:\/\/portaltela.pt\/s.01k8rhncp4jt1\/2025\/11\/talking-bot-125x125.png","contentUrl":"https:\/\/portaltela.pt\/s.01k8rhncp4jt1\/2025\/11\/talking-bot-125x125.png","caption":"Telinha"},"sameAs":["https:\/\/portaltela.pt\/"],"url":"https:\/\/portaltela.pt\/por\/367410592786\/"}]}},"_links":{"self":[{"href":"https:\/\/portaltela.pt\/api\/wp\/v2\/posts\/168268","targetHints":{"allow":["GET"]}}],"collection":[{"href":"https:\/\/portaltela.pt\/api\/wp\/v2\/posts"}],"about":[{"href":"https:\/\/portaltela.pt\/api\/wp\/v2\/types\/post"}],"author":[{"embeddable":true,"href":"https:\/\/portaltela.pt\/api\/wp\/v2\/users\/2"}],"replies":[{"embeddable":true,"href":"https:\/\/portaltela.pt\/api\/wp\/v2\/comments?post=168268"}],"version-history":[{"count":0,"href":"https:\/\/portaltela.pt\/api\/wp\/v2\/posts\/168268\/revisions"}],"wp:featuredmedia":[{"embeddable":true,"href":"https:\/\/portaltela.pt\/api\/wp\/v2\/media\/168269"}],"wp:attachment":[{"href":"https:\/\/portaltela.pt\/api\/wp\/v2\/media?parent=168268"}],"wp:term":[{"taxonomy":"category","embeddable":true,"href":"https:\/\/portaltela.pt\/api\/wp\/v2\/categories?post=168268"},{"taxonomy":"post_tag","embeddable":true,"href":"https:\/\/portaltela.pt\/api\/wp\/v2\/tags?post=168268"}],"curies":[{"name":"wp","href":"https:\/\/api.w.org\/{rel}","templated":true}]}}