{"id":168237,"date":"2026-01-23T16:37:00","date_gmt":"2026-01-23T19:37:00","guid":{"rendered":"https:\/\/portaltela.pt\/noticias\/2026\/01\/23\/dois-arguidos-acusados-de-roubo-de-100-mil-euros-a-idosa-em-lar\/"},"modified":"2026-01-23T16:37:00","modified_gmt":"2026-01-23T19:37:00","slug":"dois-arguidos-acusados-de-roubo-de-100-mil-euros-a-idosa-em-lar","status":"publish","type":"post","link":"https:\/\/portaltela.pt\/noticias\/2026\/01\/23\/dois-arguidos-acusados-de-roubo-de-100-mil-euros-a-idosa-em-lar\/","title":{"rendered":"Dois arguidos acusados de roubo de 100 mil euros a idosa em lar"},"content":{"rendered":"<p>A Pol\u00edcia Judici\u00e1ria de Braga constituiu dois arguidos suspeitos de se apoderarem dos cart\u00f5es banc\u00e1rios de uma utente de um lar de idosos e de os utilizarem em proveito pr\u00f3prio, causando-lhe um preju\u00edzo superior a 100 mil euros. A acusa\u00e7\u00e3o envolve furto, abuso de cart\u00e3o, dados de pagamento e branqueamento.<\/p>\n<p>A interven\u00e7\u00e3o policial foi motivada pela suspeita de que os arguidos, aproveitando-se da circunst\u00e2ncia de um deles trabalhar no lar, se apoderaram dos cart\u00f5es da v\u00edtima. A utente \u00e9 uma octogen\u00e1ria residente no lar.<\/p>\n<p>Segundo a PJ, os suspeitos teriam associado contactos telef\u00f3nicos \u00e0 conta da v\u00edtima, para efetuarem pagamentos e aquisi\u00e7\u00f5es diversas, com os seus recursos. Os factos ocorreram em contexto de atua\u00e7\u00e3o criminosa.<\/p>\n<h3>Opera\u00e7\u00e3o Cart\u00e3o Dourado<\/h3>\n<p>A PJ cumpriu mandados de busca domicili\u00e1ria em Esposende, no distrito de Braga, e em Valongo, no Porto, com a apreens\u00e3o de documenta\u00e7\u00e3o e equipamentos inform\u00e1ticos utilizados na atividade il\u00edcita, bem como de um autom\u00f3vel adquirido com o produto dos crimes.<\/p>\n<p>Especialistas de pol\u00edcia cient\u00edfica acompanharam a a\u00e7\u00e3o, analisando equipamentos e documenta\u00e7\u00e3o relevantes para a investiga\u00e7\u00e3o, que prossegue com vista ao esclarecimento integral dos factos. O inqu\u00e9rito est\u00e1 dirigido pelo Minist\u00e9rio P\u00fablico de Braga.<\/p>\n","protected":false},"excerpt":{"rendered":"<ul>\n<li>Dois arguidos suspeitos de furtar cart\u00f5es banc\u00e1rios a uma utente de um lar de idosos e de os usar para proveito pr\u00f3prio, com preju\u00edzo superior a 100 mil euros.<\/li>\n<li>Um dos suspeitos trabalha no lar onde a v\u00edtima reside.<\/li>\n<li>S\u00e3o alegados crimes de furto, abuso de cart\u00e3o ou dados de pagamento e branqueamento, com pagamentos indevidos na conta da v\u00edtima.<\/li>\n<li>Mandados de busca domicili\u00e1ria foram cumpridos em Esposende e Valongo, com apreens\u00e3o de documenta\u00e7\u00e3o, equipamentos inform\u00e1ticos e um autom\u00f3vel adquirido com o dinheiro dos crimes.<\/li>\n<li>A opera\u00e7\u00e3o \u201cCart\u00e3o Dourado\u201d contou com apoio de especialistas de pol\u00edcia cient\u00edfica, o inqu\u00e9rito \u00e9 dirigido pelo Minist\u00e9rio P\u00fablico de Braga e vai prosseguir para esclarecer os factos.<\/li>\n<\/ul>\n","protected":false},"author":2,"featured_media":168258,"comment_status":"closed","ping_status":"closed","sticky":false,"template":"","format":"standard","meta":{"footnotes":""},"categories":[1],"tags":[2623,1207,1570,1545,424,2736],"class_list":["post-168237","post","type-post","status-publish","format-standard","has-post-thumbnail","hentry","category-noticias","tag-abuso-de-cartao","tag-braga","tag-branqueamento","tag-esposende","tag-furto","tag-idosos"],"yoast_head":"<!-- This site is optimized with the Yoast SEO plugin v27.2 - https:\/\/yoast.com\/product\/yoast-seo-wordpress\/ -->\n<title>Dois arguidos acusados de roubo de 100 mil euros a idosa em lar - Portal Tela Portugal<\/title>\n<meta name=\"robots\" content=\"index, follow, max-snippet:-1, max-image-preview:large, max-video-preview:-1\" \/>\n<meta property=\"og:locale\" content=\"pt_PT\" \/>\n<meta property=\"og:type\" content=\"article\" \/>\n<meta property=\"og:title\" content=\"Dois arguidos acusados de roubo de 100 mil euros a idosa em lar - Portal Tela Portugal\" \/>\n<meta property=\"og:description\" content=\"Dois arguidos suspeitos de furtar cart\u00f5es banc\u00e1rios a uma utente de um lar de idosos e de os usar para proveito pr\u00f3prio, com preju\u00edzo superior a 100 mil euros. Um dos suspeitos trabalha no lar onde a v\u00edtima reside. S\u00e3o alegados crimes de furto, abuso de cart\u00e3o ou dados de pagamento e branqueamento, com pagamentos indevidos na conta da v\u00edtima. Mandados de busca domicili\u00e1ria foram cumpridos em Esposende e Valongo, com apreens\u00e3o de documenta\u00e7\u00e3o, equipamentos inform\u00e1ticos e um autom\u00f3vel adquirido com o dinheiro dos crimes. A opera\u00e7\u00e3o \u201cCart\u00e3o Dourado\u201d contou com apoio de especialistas de pol\u00edcia cient\u00edfica, o inqu\u00e9rito \u00e9 dirigido pelo Minist\u00e9rio P\u00fablico de Braga e vai prosseguir para esclarecer os factos.\" \/>\n<meta property=\"og:url\" content=\"https:\/\/portaltela.pt\/noticias\/2026\/01\/23\/dois-arguidos-acusados-de-roubo-de-100-mil-euros-a-idosa-em-lar\/\" \/>\n<meta property=\"og:site_name\" content=\"Portal Tela Portugal\" \/>\n<meta property=\"article:published_time\" content=\"2026-01-23T19:37:00+00:00\" \/>\n<meta name=\"author\" content=\"Telinha\" \/>\n<meta name=\"twitter:card\" content=\"summary_large_image\" \/>\n<meta name=\"twitter:label1\" content=\"Escrito por\" \/>\n\t<meta name=\"twitter:data1\" content=\"Telinha\" \/>\n\t<meta name=\"twitter:label2\" content=\"Tempo estimado de leitura\" \/>\n\t<meta name=\"twitter:data2\" content=\"1 minuto\" \/>\n<script type=\"application\/ld+json\" class=\"yoast-schema-graph\">{\"@context\":\"https:\/\/schema.org\",\"@graph\":[{\"@type\":\"Article\",\"@id\":\"https:\/\/portaltela.pt\/noticias\/2026\/01\/23\/dois-arguidos-acusados-de-roubo-de-100-mil-euros-a-idosa-em-lar\/#article\",\"isPartOf\":{\"@id\":\"https:\/\/portaltela.pt\/noticias\/2026\/01\/23\/dois-arguidos-acusados-de-roubo-de-100-mil-euros-a-idosa-em-lar\/\"},\"author\":{\"name\":\"Telinha\",\"@id\":\"https:\/\/portaltela.pt\/#\/schema\/person\/c4278d4a6028830caff9ee44b42d32ed\"},\"headline\":\"Dois arguidos acusados de roubo de 100 mil euros a idosa em lar\",\"datePublished\":\"2026-01-23T19:37:00+00:00\",\"mainEntityOfPage\":{\"@id\":\"https:\/\/portaltela.pt\/noticias\/2026\/01\/23\/dois-arguidos-acusados-de-roubo-de-100-mil-euros-a-idosa-em-lar\/\"},\"wordCount\":234,\"image\":{\"@id\":\"https:\/\/portaltela.pt\/noticias\/2026\/01\/23\/dois-arguidos-acusados-de-roubo-de-100-mil-euros-a-idosa-em-lar\/#primaryimage\"},\"thumbnailUrl\":\"https:\/\/portaltela.pt\/s.01k8rhncp4jt1\/2026\/01\/gettyimages-2227549546-5.jpg\",\"keywords\":[\"abuso de cart\u00e3o\",\"Braga\",\"branqueamento\",\"Esposende\",\"furto\",\"idosos\"],\"articleSection\":[\"Not\u00edcias\"],\"inLanguage\":\"pt-PT\"},{\"@type\":\"WebPage\",\"@id\":\"https:\/\/portaltela.pt\/noticias\/2026\/01\/23\/dois-arguidos-acusados-de-roubo-de-100-mil-euros-a-idosa-em-lar\/\",\"url\":\"https:\/\/portaltela.pt\/noticias\/2026\/01\/23\/dois-arguidos-acusados-de-roubo-de-100-mil-euros-a-idosa-em-lar\/\",\"name\":\"Dois arguidos acusados de roubo de 100 mil euros a idosa em lar - Portal Tela Portugal\",\"isPartOf\":{\"@id\":\"https:\/\/portaltela.pt\/#website\"},\"primaryImageOfPage\":{\"@id\":\"https:\/\/portaltela.pt\/noticias\/2026\/01\/23\/dois-arguidos-acusados-de-roubo-de-100-mil-euros-a-idosa-em-lar\/#primaryimage\"},\"image\":{\"@id\":\"https:\/\/portaltela.pt\/noticias\/2026\/01\/23\/dois-arguidos-acusados-de-roubo-de-100-mil-euros-a-idosa-em-lar\/#primaryimage\"},\"thumbnailUrl\":\"https:\/\/portaltela.pt\/s.01k8rhncp4jt1\/2026\/01\/gettyimages-2227549546-5.jpg\",\"datePublished\":\"2026-01-23T19:37:00+00:00\",\"author\":{\"@id\":\"https:\/\/portaltela.pt\/#\/schema\/person\/c4278d4a6028830caff9ee44b42d32ed\"},\"breadcrumb\":{\"@id\":\"https:\/\/portaltela.pt\/noticias\/2026\/01\/23\/dois-arguidos-acusados-de-roubo-de-100-mil-euros-a-idosa-em-lar\/#breadcrumb\"},\"inLanguage\":\"pt-PT\",\"potentialAction\":[{\"@type\":\"ReadAction\",\"target\":[\"https:\/\/portaltela.pt\/noticias\/2026\/01\/23\/dois-arguidos-acusados-de-roubo-de-100-mil-euros-a-idosa-em-lar\/\"]}]},{\"@type\":\"ImageObject\",\"inLanguage\":\"pt-PT\",\"@id\":\"https:\/\/portaltela.pt\/noticias\/2026\/01\/23\/dois-arguidos-acusados-de-roubo-de-100-mil-euros-a-idosa-em-lar\/#primaryimage\",\"url\":\"https:\/\/portaltela.pt\/s.01k8rhncp4jt1\/2026\/01\/gettyimages-2227549546-5.jpg\",\"contentUrl\":\"https:\/\/portaltela.pt\/s.01k8rhncp4jt1\/2026\/01\/gettyimages-2227549546-5.jpg\",\"width\":796,\"height\":448,\"caption\":\"Pol\u00edcia Judici\u00e1ria\"},{\"@type\":\"BreadcrumbList\",\"@id\":\"https:\/\/portaltela.pt\/noticias\/2026\/01\/23\/dois-arguidos-acusados-de-roubo-de-100-mil-euros-a-idosa-em-lar\/#breadcrumb\",\"itemListElement\":[{\"@type\":\"ListItem\",\"position\":1,\"name\":\"In\u00edcio\",\"item\":\"https:\/\/portaltela.pt\/\"},{\"@type\":\"ListItem\",\"position\":2,\"name\":\"Dois arguidos acusados de roubo de 100 mil euros a idosa em lar\"}]},{\"@type\":\"WebSite\",\"@id\":\"https:\/\/portaltela.pt\/#website\",\"url\":\"https:\/\/portaltela.pt\/\",\"name\":\"Portal Tela Portugal\",\"description\":\"\",\"potentialAction\":[{\"@type\":\"SearchAction\",\"target\":{\"@type\":\"EntryPoint\",\"urlTemplate\":\"https:\/\/portaltela.pt\/?s={search_term_string}\"},\"query-input\":{\"@type\":\"PropertyValueSpecification\",\"valueRequired\":true,\"valueName\":\"search_term_string\"}}],\"inLanguage\":\"pt-PT\"},{\"@type\":\"Person\",\"@id\":\"https:\/\/portaltela.pt\/#\/schema\/person\/c4278d4a6028830caff9ee44b42d32ed\",\"name\":\"Telinha\",\"image\":{\"@type\":\"ImageObject\",\"inLanguage\":\"pt-PT\",\"@id\":\"https:\/\/portaltela.pt\/s.01k8rhncp4jt1\/2025\/11\/talking-bot-125x125.png\",\"url\":\"https:\/\/portaltela.pt\/s.01k8rhncp4jt1\/2025\/11\/talking-bot-125x125.png\",\"contentUrl\":\"https:\/\/portaltela.pt\/s.01k8rhncp4jt1\/2025\/11\/talking-bot-125x125.png\",\"caption\":\"Telinha\"},\"sameAs\":[\"https:\/\/portaltela.pt\/\"],\"url\":\"https:\/\/portaltela.pt\/por\/367410592786\/\"}]}<\/script>\n<!-- \/ Yoast SEO plugin. -->","yoast_head_json":{"title":"Dois arguidos acusados de roubo de 100 mil euros a idosa em lar - Portal Tela Portugal","robots":{"index":"index","follow":"follow","max-snippet":"max-snippet:-1","max-image-preview":"max-image-preview:large","max-video-preview":"max-video-preview:-1"},"og_locale":"pt_PT","og_type":"article","og_title":"Dois arguidos acusados de roubo de 100 mil euros a idosa em lar - Portal Tela Portugal","og_description":"Dois arguidos suspeitos de furtar cart\u00f5es banc\u00e1rios a uma utente de um lar de idosos e de os usar para proveito pr\u00f3prio, com preju\u00edzo superior a 100 mil euros. Um dos suspeitos trabalha no lar onde a v\u00edtima reside. S\u00e3o alegados crimes de furto, abuso de cart\u00e3o ou dados de pagamento e branqueamento, com pagamentos indevidos na conta da v\u00edtima. Mandados de busca domicili\u00e1ria foram cumpridos em Esposende e Valongo, com apreens\u00e3o de documenta\u00e7\u00e3o, equipamentos inform\u00e1ticos e um autom\u00f3vel adquirido com o dinheiro dos crimes. A opera\u00e7\u00e3o \u201cCart\u00e3o Dourado\u201d contou com apoio de especialistas de pol\u00edcia cient\u00edfica, o inqu\u00e9rito \u00e9 dirigido pelo Minist\u00e9rio P\u00fablico de Braga e vai prosseguir para esclarecer os factos.","og_url":"https:\/\/portaltela.pt\/noticias\/2026\/01\/23\/dois-arguidos-acusados-de-roubo-de-100-mil-euros-a-idosa-em-lar\/","og_site_name":"Portal Tela Portugal","article_published_time":"2026-01-23T19:37:00+00:00","author":"Telinha","twitter_card":"summary_large_image","twitter_misc":{"Escrito por":"Telinha","Tempo estimado de leitura":"1 minuto"},"schema":{"@context":"https:\/\/schema.org","@graph":[{"@type":"Article","@id":"https:\/\/portaltela.pt\/noticias\/2026\/01\/23\/dois-arguidos-acusados-de-roubo-de-100-mil-euros-a-idosa-em-lar\/#article","isPartOf":{"@id":"https:\/\/portaltela.pt\/noticias\/2026\/01\/23\/dois-arguidos-acusados-de-roubo-de-100-mil-euros-a-idosa-em-lar\/"},"author":{"name":"Telinha","@id":"https:\/\/portaltela.pt\/#\/schema\/person\/c4278d4a6028830caff9ee44b42d32ed"},"headline":"Dois arguidos acusados de roubo de 100 mil euros a idosa em lar","datePublished":"2026-01-23T19:37:00+00:00","mainEntityOfPage":{"@id":"https:\/\/portaltela.pt\/noticias\/2026\/01\/23\/dois-arguidos-acusados-de-roubo-de-100-mil-euros-a-idosa-em-lar\/"},"wordCount":234,"image":{"@id":"https:\/\/portaltela.pt\/noticias\/2026\/01\/23\/dois-arguidos-acusados-de-roubo-de-100-mil-euros-a-idosa-em-lar\/#primaryimage"},"thumbnailUrl":"https:\/\/portaltela.pt\/s.01k8rhncp4jt1\/2026\/01\/gettyimages-2227549546-5.jpg","keywords":["abuso de cart\u00e3o","Braga","branqueamento","Esposende","furto","idosos"],"articleSection":["Not\u00edcias"],"inLanguage":"pt-PT"},{"@type":"WebPage","@id":"https:\/\/portaltela.pt\/noticias\/2026\/01\/23\/dois-arguidos-acusados-de-roubo-de-100-mil-euros-a-idosa-em-lar\/","url":"https:\/\/portaltela.pt\/noticias\/2026\/01\/23\/dois-arguidos-acusados-de-roubo-de-100-mil-euros-a-idosa-em-lar\/","name":"Dois arguidos acusados de roubo de 100 mil euros a idosa em lar - Portal Tela Portugal","isPartOf":{"@id":"https:\/\/portaltela.pt\/#website"},"primaryImageOfPage":{"@id":"https:\/\/portaltela.pt\/noticias\/2026\/01\/23\/dois-arguidos-acusados-de-roubo-de-100-mil-euros-a-idosa-em-lar\/#primaryimage"},"image":{"@id":"https:\/\/portaltela.pt\/noticias\/2026\/01\/23\/dois-arguidos-acusados-de-roubo-de-100-mil-euros-a-idosa-em-lar\/#primaryimage"},"thumbnailUrl":"https:\/\/portaltela.pt\/s.01k8rhncp4jt1\/2026\/01\/gettyimages-2227549546-5.jpg","datePublished":"2026-01-23T19:37:00+00:00","author":{"@id":"https:\/\/portaltela.pt\/#\/schema\/person\/c4278d4a6028830caff9ee44b42d32ed"},"breadcrumb":{"@id":"https:\/\/portaltela.pt\/noticias\/2026\/01\/23\/dois-arguidos-acusados-de-roubo-de-100-mil-euros-a-idosa-em-lar\/#breadcrumb"},"inLanguage":"pt-PT","potentialAction":[{"@type":"ReadAction","target":["https:\/\/portaltela.pt\/noticias\/2026\/01\/23\/dois-arguidos-acusados-de-roubo-de-100-mil-euros-a-idosa-em-lar\/"]}]},{"@type":"ImageObject","inLanguage":"pt-PT","@id":"https:\/\/portaltela.pt\/noticias\/2026\/01\/23\/dois-arguidos-acusados-de-roubo-de-100-mil-euros-a-idosa-em-lar\/#primaryimage","url":"https:\/\/portaltela.pt\/s.01k8rhncp4jt1\/2026\/01\/gettyimages-2227549546-5.jpg","contentUrl":"https:\/\/portaltela.pt\/s.01k8rhncp4jt1\/2026\/01\/gettyimages-2227549546-5.jpg","width":796,"height":448,"caption":"Pol\u00edcia Judici\u00e1ria"},{"@type":"BreadcrumbList","@id":"https:\/\/portaltela.pt\/noticias\/2026\/01\/23\/dois-arguidos-acusados-de-roubo-de-100-mil-euros-a-idosa-em-lar\/#breadcrumb","itemListElement":[{"@type":"ListItem","position":1,"name":"In\u00edcio","item":"https:\/\/portaltela.pt\/"},{"@type":"ListItem","position":2,"name":"Dois arguidos acusados de roubo de 100 mil euros a idosa em lar"}]},{"@type":"WebSite","@id":"https:\/\/portaltela.pt\/#website","url":"https:\/\/portaltela.pt\/","name":"Portal Tela Portugal","description":"","potentialAction":[{"@type":"SearchAction","target":{"@type":"EntryPoint","urlTemplate":"https:\/\/portaltela.pt\/?s={search_term_string}"},"query-input":{"@type":"PropertyValueSpecification","valueRequired":true,"valueName":"search_term_string"}}],"inLanguage":"pt-PT"},{"@type":"Person","@id":"https:\/\/portaltela.pt\/#\/schema\/person\/c4278d4a6028830caff9ee44b42d32ed","name":"Telinha","image":{"@type":"ImageObject","inLanguage":"pt-PT","@id":"https:\/\/portaltela.pt\/s.01k8rhncp4jt1\/2025\/11\/talking-bot-125x125.png","url":"https:\/\/portaltela.pt\/s.01k8rhncp4jt1\/2025\/11\/talking-bot-125x125.png","contentUrl":"https:\/\/portaltela.pt\/s.01k8rhncp4jt1\/2025\/11\/talking-bot-125x125.png","caption":"Telinha"},"sameAs":["https:\/\/portaltela.pt\/"],"url":"https:\/\/portaltela.pt\/por\/367410592786\/"}]}},"_links":{"self":[{"href":"https:\/\/portaltela.pt\/api\/wp\/v2\/posts\/168237","targetHints":{"allow":["GET"]}}],"collection":[{"href":"https:\/\/portaltela.pt\/api\/wp\/v2\/posts"}],"about":[{"href":"https:\/\/portaltela.pt\/api\/wp\/v2\/types\/post"}],"author":[{"embeddable":true,"href":"https:\/\/portaltela.pt\/api\/wp\/v2\/users\/2"}],"replies":[{"embeddable":true,"href":"https:\/\/portaltela.pt\/api\/wp\/v2\/comments?post=168237"}],"version-history":[{"count":0,"href":"https:\/\/portaltela.pt\/api\/wp\/v2\/posts\/168237\/revisions"}],"wp:featuredmedia":[{"embeddable":true,"href":"https:\/\/portaltela.pt\/api\/wp\/v2\/media\/168258"}],"wp:attachment":[{"href":"https:\/\/portaltela.pt\/api\/wp\/v2\/media?parent=168237"}],"wp:term":[{"taxonomy":"category","embeddable":true,"href":"https:\/\/portaltela.pt\/api\/wp\/v2\/categories?post=168237"},{"taxonomy":"post_tag","embeddable":true,"href":"https:\/\/portaltela.pt\/api\/wp\/v2\/tags?post=168237"}],"curies":[{"name":"wp","href":"https:\/\/api.w.org\/{rel}","templated":true}]}}