{"id":168234,"date":"2026-01-23T16:17:03","date_gmt":"2026-01-23T19:17:03","guid":{"rendered":"https:\/\/portaltela.pt\/noticias\/2026\/01\/23\/gripe-arrefece-mas-excesso-de-mortes-persiste-diz-insa\/"},"modified":"2026-01-23T16:17:03","modified_gmt":"2026-01-23T19:17:03","slug":"gripe-arrefece-mas-excesso-de-mortes-persiste-diz-insa","status":"publish","type":"post","link":"https:\/\/portaltela.pt\/noticias\/2026\/01\/23\/gripe-arrefece-mas-excesso-de-mortes-persiste-diz-insa\/","title":{"rendered":"Gripe arrefece, mas excesso de mortes persiste, diz INSA"},"content":{"rendered":"<p>O recuo da gripe em Portugal \u00e9 real, mas o excesso de \u00f3bitos permanece. O INSA indica que a atividade gripal epid\u00e9mica est\u00e1 em tend\u00eancia decrescente na semana de 12 a 18 janeiro, marcada por menos casos de gripe e de infe\u00e7\u00f5es respirat\u00f3rias graves, bem como menos internamentos em cuidados intensivos.<\/p>\n<p>Desde o in\u00edcio da temporada, em 29 de setembro de 2025, os laborat\u00f3rios notificaram 73 292 infe\u00e7\u00f5es respirat\u00f3rias e identificaram 14 243 casos de gripe. Na semana de an\u00e1lise, foram detetados 495 casos de gripe, menos 258 face \u00e0 semana anterior.<\/p>\n<p>Se\u00e7\u00e3o epidemiol\u00f3gica aponta ainda 75 SARI (infec\u00e7\u00e3o respirat\u00f3ria aguda grave) admitidos nas Unidades Locais de Sa\u00fade, reduzindo em cinco comparativamente \u00e0 semana anterior, com uma taxa de 9,6 casos por 100 000 habitantes. Em termos globais, a taxa de SARI continua decrescente, embora varie entre as ULS que reportaram. A incid\u00eancia \u00e9 mais elevada entre maiores de 65 anos.<\/p>\n<h3>Dados da semana<\/h3>\n<p>Entre 12 e 18 janeiro, oito casos de gripe foram reportados pelas 11 Unidades de Cuidados Intensivos que enviaram dados, quatro menos do que a semana anterior. Seis dos doentes t\u00eam 65 ou mais anos; um tem 55-64 e outro 45-54. Do total, seis apresentam doen\u00e7a cr\u00f3nica subjacente e sete tinham recomenda\u00e7\u00e3o de vacina\u00e7\u00e3o, dois dos quais j\u00e1 vacinados. A propor\u00e7\u00e3o da gripe em UCI situa-se em 9,1%.<\/p>\n<p>A dete\u00e7\u00e3o de RSV tem vindo a aumentar, enquanto a dete\u00e7\u00e3o de gripe diminui. Desde o in\u00edcio da \u00e9poca, registaram-se 5 476 casos de outros agentes respirat\u00f3rios, com 410 detetados na \u00faltima semana, sendo o RSV o mais frequente.<\/p>\n<p>Desde o in\u00edcio da \u00e9poca, ocorreram 111 internamentos por RSV em crian\u00e7as com menos de 24 meses na rede VigiRSV. Entre estas crian\u00e7as internadas, 20,7% tinham at\u00e9 3 meses, 18,6% eram prematuras, 17,8% com baixo peso e 4,5% necessitaram de UCI ou ventila\u00e7\u00e3o.<\/p>\n<h3>Mortalidade e contexto<\/h3>\n<p>O INSA reporta mortalidade por todas as causas acima do esperado no pa\u00eds, com excesso de mortalidade nas regi\u00f5es Norte, Centro, Lisboa e Vale do Tejo e Alentejo, em ambos os sexos e acima dos 75 anos. Em termos internacionais, a circula\u00e7\u00e3o de gripe \u00e9 elevada na maioria dos pa\u00edses da UE\/EEE, com o pico j\u00e1 aparentemente terminado em v\u00e1rias na\u00e7\u00f5es.<\/p>\n<p>O v\u00edrus A(H3N2) continua a ser o subtipo dominante na UE\/EEE, seguido pelo A(H1N1)pdm09. O organismo real\u00e7a que a vacina\u00e7\u00e3o continua a ser a medida mais eficaz de prote\u00e7\u00e3o contra formas graves, incentivando a vacina\u00e7\u00e3o especialmente para quem est\u00e1 em maior risco.<\/p>\n","protected":false},"excerpt":{"rendered":"<ul>\n<li>A atividade gripal epid\u00e9mica est\u00e1 a abrandar em Portugal, com menos casos de gripe, infe\u00e7\u00f5es respirat\u00f3rias graves e internamentos em cuidados intensivos, mantendo-se o excesso de \u00f3bitos.<\/li>\n<li>Entre 12 e 18 de janeiro foram identificados 495 casos de gripe (menos 258 face \u00e0 semana anterior) e 75 casos de infe\u00e7\u00e3o respirat\u00f3ria aguda grave foram admitidos, com uma taxa de 9,6 por 100.000 habitantes.<\/li>\n<li>Desde o in\u00edcio da \u00e9poca, em 29 de setembro de 2025, foram registados 73.292 registos de infe\u00e7\u00e3o respirat\u00f3ria e 14.243 casos de gripe; o RSV continua a aumentar, sendo o v\u00edrus mais detetado na \u00faltima semana.<\/li>\n<li>A mortalidade por todas as causas est\u00e1 acima do esperado, com excessos registados nas regi\u00f5es Norte, Centro, Lisboa e Vale do Tejo e Alentejo, principalmente entre pessoas com 75 anos ou mais.<\/li>\n<li>A vacina\u00e7\u00e3o \u00e9 o principal meio de prote\u00e7\u00e3o: as pessoas eleg\u00edveis, especialmente os grupos de maior risco, devem ser encorajadas a vacinar-se contra a gripe sazonal.<\/li>\n<\/ul>\n","protected":false},"author":2,"featured_media":168261,"comment_status":"closed","ping_status":"closed","sticky":false,"template":"","format":"standard","meta":{"footnotes":""},"categories":[1],"tags":[1905,3976,2765,1014,4034,3949],"class_list":["post-168234","post","type-post","status-publish","format-standard","has-post-thumbnail","hentry","category-noticias","tag-gripe","tag-infeccoes-respiratorias","tag-norte","tag-portugal","tag-unidades-de-cuidados-intensivos","tag-vacinacoes"],"yoast_head":"<!-- This site is optimized with the Yoast SEO plugin v27.2 - https:\/\/yoast.com\/product\/yoast-seo-wordpress\/ -->\n<title>Gripe arrefece, mas excesso de mortes persiste, diz INSA - Portal Tela Portugal<\/title>\n<meta name=\"robots\" content=\"index, follow, max-snippet:-1, max-image-preview:large, max-video-preview:-1\" \/>\n<meta property=\"og:locale\" content=\"pt_PT\" \/>\n<meta property=\"og:type\" content=\"article\" \/>\n<meta property=\"og:title\" content=\"Gripe arrefece, mas excesso de mortes persiste, diz INSA - Portal Tela Portugal\" \/>\n<meta property=\"og:description\" content=\"A atividade gripal epid\u00e9mica est\u00e1 a abrandar em Portugal, com menos casos de gripe, infe\u00e7\u00f5es respirat\u00f3rias graves e internamentos em cuidados intensivos, mantendo-se o excesso de \u00f3bitos. Entre 12 e 18 de janeiro foram identificados 495 casos de gripe (menos 258 face \u00e0 semana anterior) e 75 casos de infe\u00e7\u00e3o respirat\u00f3ria aguda grave foram admitidos, com uma taxa de 9,6 por 100.000 habitantes. Desde o in\u00edcio da \u00e9poca, em 29 de setembro de 2025, foram registados 73.292 registos de infe\u00e7\u00e3o respirat\u00f3ria e 14.243 casos de gripe; o RSV continua a aumentar, sendo o v\u00edrus mais detetado na \u00faltima semana. A mortalidade por todas as causas est\u00e1 acima do esperado, com excessos registados nas regi\u00f5es Norte, Centro, Lisboa e Vale do Tejo e Alentejo, principalmente entre pessoas com 75 anos ou mais. A vacina\u00e7\u00e3o \u00e9 o principal meio de prote\u00e7\u00e3o: as pessoas eleg\u00edveis, especialmente os grupos de maior risco, devem ser encorajadas a vacinar-se contra a gripe sazonal.\" \/>\n<meta property=\"og:url\" content=\"https:\/\/portaltela.pt\/noticias\/2026\/01\/23\/gripe-arrefece-mas-excesso-de-mortes-persiste-diz-insa\/\" \/>\n<meta property=\"og:site_name\" content=\"Portal Tela Portugal\" \/>\n<meta property=\"article:published_time\" content=\"2026-01-23T19:17:03+00:00\" \/>\n<meta name=\"author\" content=\"Telinha\" \/>\n<meta name=\"twitter:card\" content=\"summary_large_image\" \/>\n<meta name=\"twitter:label1\" content=\"Escrito por\" \/>\n\t<meta name=\"twitter:data1\" content=\"Telinha\" \/>\n\t<meta name=\"twitter:label2\" content=\"Tempo estimado de leitura\" \/>\n\t<meta name=\"twitter:data2\" content=\"2 minutos\" \/>\n<script type=\"application\/ld+json\" class=\"yoast-schema-graph\">{\"@context\":\"https:\/\/schema.org\",\"@graph\":[{\"@type\":\"Article\",\"@id\":\"https:\/\/portaltela.pt\/noticias\/2026\/01\/23\/gripe-arrefece-mas-excesso-de-mortes-persiste-diz-insa\/#article\",\"isPartOf\":{\"@id\":\"https:\/\/portaltela.pt\/noticias\/2026\/01\/23\/gripe-arrefece-mas-excesso-de-mortes-persiste-diz-insa\/\"},\"author\":{\"name\":\"Telinha\",\"@id\":\"https:\/\/portaltela.pt\/#\/schema\/person\/c4278d4a6028830caff9ee44b42d32ed\"},\"headline\":\"Gripe arrefece, mas excesso de mortes persiste, diz INSA\",\"datePublished\":\"2026-01-23T19:17:03+00:00\",\"mainEntityOfPage\":{\"@id\":\"https:\/\/portaltela.pt\/noticias\/2026\/01\/23\/gripe-arrefece-mas-excesso-de-mortes-persiste-diz-insa\/\"},\"wordCount\":430,\"image\":{\"@id\":\"https:\/\/portaltela.pt\/noticias\/2026\/01\/23\/gripe-arrefece-mas-excesso-de-mortes-persiste-diz-insa\/#primaryimage\"},\"thumbnailUrl\":\"https:\/\/portaltela.pt\/s.01k8rhncp4jt1\/2026\/01\/unnamed-file-4844.jpg\",\"keywords\":[\"gripe\",\"infec\u00e7\u00f5es respirat\u00f3rias\",\"Norte\",\"Portugal\",\"Unidades de Cuidados Intensivos\",\"vacina\u00e7\u00f5es\"],\"articleSection\":[\"Not\u00edcias\"],\"inLanguage\":\"pt-PT\"},{\"@type\":\"WebPage\",\"@id\":\"https:\/\/portaltela.pt\/noticias\/2026\/01\/23\/gripe-arrefece-mas-excesso-de-mortes-persiste-diz-insa\/\",\"url\":\"https:\/\/portaltela.pt\/noticias\/2026\/01\/23\/gripe-arrefece-mas-excesso-de-mortes-persiste-diz-insa\/\",\"name\":\"Gripe arrefece, mas excesso de mortes persiste, diz INSA - Portal Tela Portugal\",\"isPartOf\":{\"@id\":\"https:\/\/portaltela.pt\/#website\"},\"primaryImageOfPage\":{\"@id\":\"https:\/\/portaltela.pt\/noticias\/2026\/01\/23\/gripe-arrefece-mas-excesso-de-mortes-persiste-diz-insa\/#primaryimage\"},\"image\":{\"@id\":\"https:\/\/portaltela.pt\/noticias\/2026\/01\/23\/gripe-arrefece-mas-excesso-de-mortes-persiste-diz-insa\/#primaryimage\"},\"thumbnailUrl\":\"https:\/\/portaltela.pt\/s.01k8rhncp4jt1\/2026\/01\/unnamed-file-4844.jpg\",\"datePublished\":\"2026-01-23T19:17:03+00:00\",\"author\":{\"@id\":\"https:\/\/portaltela.pt\/#\/schema\/person\/c4278d4a6028830caff9ee44b42d32ed\"},\"breadcrumb\":{\"@id\":\"https:\/\/portaltela.pt\/noticias\/2026\/01\/23\/gripe-arrefece-mas-excesso-de-mortes-persiste-diz-insa\/#breadcrumb\"},\"inLanguage\":\"pt-PT\",\"potentialAction\":[{\"@type\":\"ReadAction\",\"target\":[\"https:\/\/portaltela.pt\/noticias\/2026\/01\/23\/gripe-arrefece-mas-excesso-de-mortes-persiste-diz-insa\/\"]}]},{\"@type\":\"ImageObject\",\"inLanguage\":\"pt-PT\",\"@id\":\"https:\/\/portaltela.pt\/noticias\/2026\/01\/23\/gripe-arrefece-mas-excesso-de-mortes-persiste-diz-insa\/#primaryimage\",\"url\":\"https:\/\/portaltela.pt\/s.01k8rhncp4jt1\/2026\/01\/unnamed-file-4844.jpg\",\"contentUrl\":\"https:\/\/portaltela.pt\/s.01k8rhncp4jt1\/2026\/01\/unnamed-file-4844.jpg\",\"width\":796,\"height\":448,\"caption\":\"Mortalidade est\u00e1 com valores acima do esperado em Portugal\"},{\"@type\":\"BreadcrumbList\",\"@id\":\"https:\/\/portaltela.pt\/noticias\/2026\/01\/23\/gripe-arrefece-mas-excesso-de-mortes-persiste-diz-insa\/#breadcrumb\",\"itemListElement\":[{\"@type\":\"ListItem\",\"position\":1,\"name\":\"In\u00edcio\",\"item\":\"https:\/\/portaltela.pt\/\"},{\"@type\":\"ListItem\",\"position\":2,\"name\":\"Gripe arrefece, mas excesso de mortes persiste, diz INSA\"}]},{\"@type\":\"WebSite\",\"@id\":\"https:\/\/portaltela.pt\/#website\",\"url\":\"https:\/\/portaltela.pt\/\",\"name\":\"Portal Tela Portugal\",\"description\":\"\",\"potentialAction\":[{\"@type\":\"SearchAction\",\"target\":{\"@type\":\"EntryPoint\",\"urlTemplate\":\"https:\/\/portaltela.pt\/?s={search_term_string}\"},\"query-input\":{\"@type\":\"PropertyValueSpecification\",\"valueRequired\":true,\"valueName\":\"search_term_string\"}}],\"inLanguage\":\"pt-PT\"},{\"@type\":\"Person\",\"@id\":\"https:\/\/portaltela.pt\/#\/schema\/person\/c4278d4a6028830caff9ee44b42d32ed\",\"name\":\"Telinha\",\"image\":{\"@type\":\"ImageObject\",\"inLanguage\":\"pt-PT\",\"@id\":\"https:\/\/portaltela.pt\/s.01k8rhncp4jt1\/2025\/11\/talking-bot-125x125.png\",\"url\":\"https:\/\/portaltela.pt\/s.01k8rhncp4jt1\/2025\/11\/talking-bot-125x125.png\",\"contentUrl\":\"https:\/\/portaltela.pt\/s.01k8rhncp4jt1\/2025\/11\/talking-bot-125x125.png\",\"caption\":\"Telinha\"},\"sameAs\":[\"https:\/\/portaltela.pt\/\"],\"url\":\"https:\/\/portaltela.pt\/por\/367410592786\/\"}]}<\/script>\n<!-- \/ Yoast SEO plugin. -->","yoast_head_json":{"title":"Gripe arrefece, mas excesso de mortes persiste, diz INSA - Portal Tela Portugal","robots":{"index":"index","follow":"follow","max-snippet":"max-snippet:-1","max-image-preview":"max-image-preview:large","max-video-preview":"max-video-preview:-1"},"og_locale":"pt_PT","og_type":"article","og_title":"Gripe arrefece, mas excesso de mortes persiste, diz INSA - Portal Tela Portugal","og_description":"A atividade gripal epid\u00e9mica est\u00e1 a abrandar em Portugal, com menos casos de gripe, infe\u00e7\u00f5es respirat\u00f3rias graves e internamentos em cuidados intensivos, mantendo-se o excesso de \u00f3bitos. Entre 12 e 18 de janeiro foram identificados 495 casos de gripe (menos 258 face \u00e0 semana anterior) e 75 casos de infe\u00e7\u00e3o respirat\u00f3ria aguda grave foram admitidos, com uma taxa de 9,6 por 100.000 habitantes. Desde o in\u00edcio da \u00e9poca, em 29 de setembro de 2025, foram registados 73.292 registos de infe\u00e7\u00e3o respirat\u00f3ria e 14.243 casos de gripe; o RSV continua a aumentar, sendo o v\u00edrus mais detetado na \u00faltima semana. A mortalidade por todas as causas est\u00e1 acima do esperado, com excessos registados nas regi\u00f5es Norte, Centro, Lisboa e Vale do Tejo e Alentejo, principalmente entre pessoas com 75 anos ou mais. A vacina\u00e7\u00e3o \u00e9 o principal meio de prote\u00e7\u00e3o: as pessoas eleg\u00edveis, especialmente os grupos de maior risco, devem ser encorajadas a vacinar-se contra a gripe sazonal.","og_url":"https:\/\/portaltela.pt\/noticias\/2026\/01\/23\/gripe-arrefece-mas-excesso-de-mortes-persiste-diz-insa\/","og_site_name":"Portal Tela Portugal","article_published_time":"2026-01-23T19:17:03+00:00","author":"Telinha","twitter_card":"summary_large_image","twitter_misc":{"Escrito por":"Telinha","Tempo estimado de leitura":"2 minutos"},"schema":{"@context":"https:\/\/schema.org","@graph":[{"@type":"Article","@id":"https:\/\/portaltela.pt\/noticias\/2026\/01\/23\/gripe-arrefece-mas-excesso-de-mortes-persiste-diz-insa\/#article","isPartOf":{"@id":"https:\/\/portaltela.pt\/noticias\/2026\/01\/23\/gripe-arrefece-mas-excesso-de-mortes-persiste-diz-insa\/"},"author":{"name":"Telinha","@id":"https:\/\/portaltela.pt\/#\/schema\/person\/c4278d4a6028830caff9ee44b42d32ed"},"headline":"Gripe arrefece, mas excesso de mortes persiste, diz INSA","datePublished":"2026-01-23T19:17:03+00:00","mainEntityOfPage":{"@id":"https:\/\/portaltela.pt\/noticias\/2026\/01\/23\/gripe-arrefece-mas-excesso-de-mortes-persiste-diz-insa\/"},"wordCount":430,"image":{"@id":"https:\/\/portaltela.pt\/noticias\/2026\/01\/23\/gripe-arrefece-mas-excesso-de-mortes-persiste-diz-insa\/#primaryimage"},"thumbnailUrl":"https:\/\/portaltela.pt\/s.01k8rhncp4jt1\/2026\/01\/unnamed-file-4844.jpg","keywords":["gripe","infec\u00e7\u00f5es respirat\u00f3rias","Norte","Portugal","Unidades de Cuidados Intensivos","vacina\u00e7\u00f5es"],"articleSection":["Not\u00edcias"],"inLanguage":"pt-PT"},{"@type":"WebPage","@id":"https:\/\/portaltela.pt\/noticias\/2026\/01\/23\/gripe-arrefece-mas-excesso-de-mortes-persiste-diz-insa\/","url":"https:\/\/portaltela.pt\/noticias\/2026\/01\/23\/gripe-arrefece-mas-excesso-de-mortes-persiste-diz-insa\/","name":"Gripe arrefece, mas excesso de mortes persiste, diz INSA - Portal Tela Portugal","isPartOf":{"@id":"https:\/\/portaltela.pt\/#website"},"primaryImageOfPage":{"@id":"https:\/\/portaltela.pt\/noticias\/2026\/01\/23\/gripe-arrefece-mas-excesso-de-mortes-persiste-diz-insa\/#primaryimage"},"image":{"@id":"https:\/\/portaltela.pt\/noticias\/2026\/01\/23\/gripe-arrefece-mas-excesso-de-mortes-persiste-diz-insa\/#primaryimage"},"thumbnailUrl":"https:\/\/portaltela.pt\/s.01k8rhncp4jt1\/2026\/01\/unnamed-file-4844.jpg","datePublished":"2026-01-23T19:17:03+00:00","author":{"@id":"https:\/\/portaltela.pt\/#\/schema\/person\/c4278d4a6028830caff9ee44b42d32ed"},"breadcrumb":{"@id":"https:\/\/portaltela.pt\/noticias\/2026\/01\/23\/gripe-arrefece-mas-excesso-de-mortes-persiste-diz-insa\/#breadcrumb"},"inLanguage":"pt-PT","potentialAction":[{"@type":"ReadAction","target":["https:\/\/portaltela.pt\/noticias\/2026\/01\/23\/gripe-arrefece-mas-excesso-de-mortes-persiste-diz-insa\/"]}]},{"@type":"ImageObject","inLanguage":"pt-PT","@id":"https:\/\/portaltela.pt\/noticias\/2026\/01\/23\/gripe-arrefece-mas-excesso-de-mortes-persiste-diz-insa\/#primaryimage","url":"https:\/\/portaltela.pt\/s.01k8rhncp4jt1\/2026\/01\/unnamed-file-4844.jpg","contentUrl":"https:\/\/portaltela.pt\/s.01k8rhncp4jt1\/2026\/01\/unnamed-file-4844.jpg","width":796,"height":448,"caption":"Mortalidade est\u00e1 com valores acima do esperado em Portugal"},{"@type":"BreadcrumbList","@id":"https:\/\/portaltela.pt\/noticias\/2026\/01\/23\/gripe-arrefece-mas-excesso-de-mortes-persiste-diz-insa\/#breadcrumb","itemListElement":[{"@type":"ListItem","position":1,"name":"In\u00edcio","item":"https:\/\/portaltela.pt\/"},{"@type":"ListItem","position":2,"name":"Gripe arrefece, mas excesso de mortes persiste, diz INSA"}]},{"@type":"WebSite","@id":"https:\/\/portaltela.pt\/#website","url":"https:\/\/portaltela.pt\/","name":"Portal Tela Portugal","description":"","potentialAction":[{"@type":"SearchAction","target":{"@type":"EntryPoint","urlTemplate":"https:\/\/portaltela.pt\/?s={search_term_string}"},"query-input":{"@type":"PropertyValueSpecification","valueRequired":true,"valueName":"search_term_string"}}],"inLanguage":"pt-PT"},{"@type":"Person","@id":"https:\/\/portaltela.pt\/#\/schema\/person\/c4278d4a6028830caff9ee44b42d32ed","name":"Telinha","image":{"@type":"ImageObject","inLanguage":"pt-PT","@id":"https:\/\/portaltela.pt\/s.01k8rhncp4jt1\/2025\/11\/talking-bot-125x125.png","url":"https:\/\/portaltela.pt\/s.01k8rhncp4jt1\/2025\/11\/talking-bot-125x125.png","contentUrl":"https:\/\/portaltela.pt\/s.01k8rhncp4jt1\/2025\/11\/talking-bot-125x125.png","caption":"Telinha"},"sameAs":["https:\/\/portaltela.pt\/"],"url":"https:\/\/portaltela.pt\/por\/367410592786\/"}]}},"_links":{"self":[{"href":"https:\/\/portaltela.pt\/api\/wp\/v2\/posts\/168234","targetHints":{"allow":["GET"]}}],"collection":[{"href":"https:\/\/portaltela.pt\/api\/wp\/v2\/posts"}],"about":[{"href":"https:\/\/portaltela.pt\/api\/wp\/v2\/types\/post"}],"author":[{"embeddable":true,"href":"https:\/\/portaltela.pt\/api\/wp\/v2\/users\/2"}],"replies":[{"embeddable":true,"href":"https:\/\/portaltela.pt\/api\/wp\/v2\/comments?post=168234"}],"version-history":[{"count":0,"href":"https:\/\/portaltela.pt\/api\/wp\/v2\/posts\/168234\/revisions"}],"wp:featuredmedia":[{"embeddable":true,"href":"https:\/\/portaltela.pt\/api\/wp\/v2\/media\/168261"}],"wp:attachment":[{"href":"https:\/\/portaltela.pt\/api\/wp\/v2\/media?parent=168234"}],"wp:term":[{"taxonomy":"category","embeddable":true,"href":"https:\/\/portaltela.pt\/api\/wp\/v2\/categories?post=168234"},{"taxonomy":"post_tag","embeddable":true,"href":"https:\/\/portaltela.pt\/api\/wp\/v2\/tags?post=168234"}],"curies":[{"name":"wp","href":"https:\/\/api.w.org\/{rel}","templated":true}]}}