{"id":168222,"date":"2026-01-23T16:01:00","date_gmt":"2026-01-23T19:01:00","guid":{"rendered":"https:\/\/portaltela.pt\/noticias\/2026\/01\/23\/alemanha-e-italia-invocam-razoes-juridicas-para-nao-integrar-conselho-de-paz\/"},"modified":"2026-01-23T16:01:00","modified_gmt":"2026-01-23T19:01:00","slug":"alemanha-e-italia-invocam-razoes-juridicas-para-nao-integrar-conselho-de-paz","status":"publish","type":"post","link":"https:\/\/portaltela.pt\/noticias\/politica\/2026\/01\/23\/alemanha-e-italia-invocam-razoes-juridicas-para-nao-integrar-conselho-de-paz\/","title":{"rendered":"Alemanha e It\u00e1lia invocam raz\u00f5es jur\u00eddicas para n\u00e3o integrar Conselho de Paz"},"content":{"rendered":"<p>A chefe do Governo italiano, Giorgia Meloni, e o chanceler alem\u00e3o, Friedrich Merz, anunciaram hoje em Roma que n\u00e3o v\u00e3o integrar o Conselho de Paz para a Faixa de Gaza proposto pelos Estados Unidos, por motivos jur\u00eddicos e constitucionais.<\/p>\n<p>Os dois l\u00edderes disseram partilhar o objetivo de estabilizar o M\u00e9dio Oriente, mas sustentaram que as estruturas de governa\u00e7\u00e3o da iniciativa, propostas pela Casa Branca, entram em conflito com os quadros legais dos seus pa\u00edses.<\/p>\n<p>Merz indicou disponibilidade para participar num eventual segundo fase de trabalho sobre Gaza, admitindo faz\u00ea-lo pessoalmente, desde que a estrutura atual seja revista. Tamb\u00e9m afirmou que informou Trump dessa disponibilidade.<\/p>\n<p>Meloni sublinhou que a It\u00e1lia enfrenta problemas constitucionais com a atual forma de organiza\u00e7\u00e3o da iniciativa e pediu a reabertura do formato para permitir a inclus\u00e3o de pa\u00edses europeus com quadros jur\u00eddicos semelhantes.<\/p>\n<p>Apesar das obje\u00e7\u00f5es, a primeira-ministra reiterou interesse em participar, considerando que a presen\u00e7a de It\u00e1lia e Alemanha poderia fazer a diferen\u00e7a para o processo. Refor\u00e7ou ainda que a participa\u00e7\u00e3o europeia \u00e9 vista como essencial para uma tr\u00e9gua est\u00e1vel e para uma solu\u00e7\u00e3o de dois Estados.<\/p>\n","protected":false},"excerpt":{"rendered":"<ul>\n<li>Alemanha e It\u00e1lia n\u00e3o v\u00e3o integrar o Conselho de Paz para a Faixa de Gaza proposto pelos Estados Unidos, citando raz\u00f5es jur\u00eddicas e constitucionais.<\/li>\n<li>Giorgia Meloni, primeira-ministra italiana, e Friedrich Merz, chanceler alem\u00e3o, falaram em Roma e destacaram que as estruturas de governa\u00e7\u00e3o propostas entram em conflito com os quadros jur\u00eddicos dos seus pa\u00edses.<\/li>\n<li>Merz disse que est\u00e1 dispon\u00edvel para participar pessoalmente se houver uma segunda fase do processo, e afirmou ter contactado Donald Trump sobre a disponibilidade de integrar um \u00f3rg\u00e3o que acompanhasse o processo.<\/li>\n<li>Meloni explicou que existem problemas constitucionais com o formato atual e pediu a Trump que reabra o formato para permitir a inclus\u00e3o de pa\u00edses europeus com quadros jur\u00eddicos semelhantes.<\/li>\n<li>A l\u00edder italiana refor\u00e7ou que a participa\u00e7\u00e3o europeia \u00e9 essencial para consolidar a tr\u00e9gua e, a longo prazo, promover uma solu\u00e7\u00e3o de dois Estados no M\u00e9dio Oriente.<\/li>\n<\/ul>\n","protected":false},"author":2,"featured_media":168267,"comment_status":"closed","ping_status":"closed","sticky":false,"template":"","format":"standard","meta":{"footnotes":""},"categories":[1,5],"tags":[1603,3782,3034,34,1857,2832],"class_list":["post-168222","post","type-post","status-publish","format-standard","has-post-thumbnail","hentry","category-noticias","category-politica","tag-alemanha","tag-conselho-de-paz","tag-direito-internacional","tag-governo","tag-italia","tag-politica"],"yoast_head":"<!-- This site is optimized with the Yoast SEO plugin v27.2 - https:\/\/yoast.com\/product\/yoast-seo-wordpress\/ -->\n<title>Alemanha e It\u00e1lia invocam raz\u00f5es jur\u00eddicas para n\u00e3o integrar Conselho de Paz - Portal Tela Portugal<\/title>\n<meta name=\"robots\" content=\"index, follow, max-snippet:-1, max-image-preview:large, max-video-preview:-1\" \/>\n<meta property=\"og:locale\" content=\"pt_PT\" \/>\n<meta property=\"og:type\" content=\"article\" \/>\n<meta property=\"og:title\" content=\"Alemanha e It\u00e1lia invocam raz\u00f5es jur\u00eddicas para n\u00e3o integrar Conselho de Paz - Portal Tela Portugal\" \/>\n<meta property=\"og:description\" content=\"Alemanha e It\u00e1lia n\u00e3o v\u00e3o integrar o Conselho de Paz para a Faixa de Gaza proposto pelos Estados Unidos, citando raz\u00f5es jur\u00eddicas e constitucionais. Giorgia Meloni, primeira-ministra italiana, e Friedrich Merz, chanceler alem\u00e3o, falaram em Roma e destacaram que as estruturas de governa\u00e7\u00e3o propostas entram em conflito com os quadros jur\u00eddicos dos seus pa\u00edses. Merz disse que est\u00e1 dispon\u00edvel para participar pessoalmente se houver uma segunda fase do processo, e afirmou ter contactado Donald Trump sobre a disponibilidade de integrar um \u00f3rg\u00e3o que acompanhasse o processo. Meloni explicou que existem problemas constitucionais com o formato atual e pediu a Trump que reabra o formato para permitir a inclus\u00e3o de pa\u00edses europeus com quadros jur\u00eddicos semelhantes. A l\u00edder italiana refor\u00e7ou que a participa\u00e7\u00e3o europeia \u00e9 essencial para consolidar a tr\u00e9gua e, a longo prazo, promover uma solu\u00e7\u00e3o de dois Estados no M\u00e9dio Oriente.\" \/>\n<meta property=\"og:url\" content=\"https:\/\/portaltela.pt\/noticias\/2026\/01\/23\/alemanha-e-italia-invocam-razoes-juridicas-para-nao-integrar-conselho-de-paz\/\" \/>\n<meta property=\"og:site_name\" content=\"Portal Tela Portugal\" \/>\n<meta property=\"article:published_time\" content=\"2026-01-23T19:01:00+00:00\" \/>\n<meta name=\"author\" content=\"Telinha\" \/>\n<meta name=\"twitter:card\" content=\"summary_large_image\" \/>\n<meta name=\"twitter:label1\" content=\"Escrito por\" \/>\n\t<meta name=\"twitter:data1\" content=\"Telinha\" \/>\n\t<meta name=\"twitter:label2\" content=\"Tempo estimado de leitura\" \/>\n\t<meta name=\"twitter:data2\" content=\"1 minuto\" \/>\n<script type=\"application\/ld+json\" class=\"yoast-schema-graph\">{\"@context\":\"https:\/\/schema.org\",\"@graph\":[{\"@type\":\"Article\",\"@id\":\"https:\/\/portaltela.pt\/noticias\/2026\/01\/23\/alemanha-e-italia-invocam-razoes-juridicas-para-nao-integrar-conselho-de-paz\/#article\",\"isPartOf\":{\"@id\":\"https:\/\/portaltela.pt\/noticias\/2026\/01\/23\/alemanha-e-italia-invocam-razoes-juridicas-para-nao-integrar-conselho-de-paz\/\"},\"author\":{\"name\":\"Telinha\",\"@id\":\"https:\/\/portaltela.pt\/#\/schema\/person\/c4278d4a6028830caff9ee44b42d32ed\"},\"headline\":\"Alemanha e It\u00e1lia invocam raz\u00f5es jur\u00eddicas para n\u00e3o integrar Conselho de Paz\",\"datePublished\":\"2026-01-23T19:01:00+00:00\",\"mainEntityOfPage\":{\"@id\":\"https:\/\/portaltela.pt\/noticias\/2026\/01\/23\/alemanha-e-italia-invocam-razoes-juridicas-para-nao-integrar-conselho-de-paz\/\"},\"wordCount\":221,\"image\":{\"@id\":\"https:\/\/portaltela.pt\/noticias\/2026\/01\/23\/alemanha-e-italia-invocam-razoes-juridicas-para-nao-integrar-conselho-de-paz\/#primaryimage\"},\"thumbnailUrl\":\"https:\/\/portaltela.pt\/s.01k8rhncp4jt1\/2026\/01\/unnamed-file-4845.jpg\",\"keywords\":[\"Alemanha\",\"Conselho de Paz\",\"direito internacional\",\"governo\",\"It\u00e1lia\",\"pol\u00edtica\"],\"articleSection\":[\"Not\u00edcias\",\"Pol\u00edtica\"],\"inLanguage\":\"pt-PT\"},{\"@type\":\"WebPage\",\"@id\":\"https:\/\/portaltela.pt\/noticias\/2026\/01\/23\/alemanha-e-italia-invocam-razoes-juridicas-para-nao-integrar-conselho-de-paz\/\",\"url\":\"https:\/\/portaltela.pt\/noticias\/2026\/01\/23\/alemanha-e-italia-invocam-razoes-juridicas-para-nao-integrar-conselho-de-paz\/\",\"name\":\"Alemanha e It\u00e1lia invocam raz\u00f5es jur\u00eddicas para n\u00e3o integrar Conselho de Paz - Portal Tela Portugal\",\"isPartOf\":{\"@id\":\"https:\/\/portaltela.pt\/#website\"},\"primaryImageOfPage\":{\"@id\":\"https:\/\/portaltela.pt\/noticias\/2026\/01\/23\/alemanha-e-italia-invocam-razoes-juridicas-para-nao-integrar-conselho-de-paz\/#primaryimage\"},\"image\":{\"@id\":\"https:\/\/portaltela.pt\/noticias\/2026\/01\/23\/alemanha-e-italia-invocam-razoes-juridicas-para-nao-integrar-conselho-de-paz\/#primaryimage\"},\"thumbnailUrl\":\"https:\/\/portaltela.pt\/s.01k8rhncp4jt1\/2026\/01\/unnamed-file-4845.jpg\",\"datePublished\":\"2026-01-23T19:01:00+00:00\",\"author\":{\"@id\":\"https:\/\/portaltela.pt\/#\/schema\/person\/c4278d4a6028830caff9ee44b42d32ed\"},\"breadcrumb\":{\"@id\":\"https:\/\/portaltela.pt\/noticias\/2026\/01\/23\/alemanha-e-italia-invocam-razoes-juridicas-para-nao-integrar-conselho-de-paz\/#breadcrumb\"},\"inLanguage\":\"pt-PT\",\"potentialAction\":[{\"@type\":\"ReadAction\",\"target\":[\"https:\/\/portaltela.pt\/noticias\/2026\/01\/23\/alemanha-e-italia-invocam-razoes-juridicas-para-nao-integrar-conselho-de-paz\/\"]}]},{\"@type\":\"ImageObject\",\"inLanguage\":\"pt-PT\",\"@id\":\"https:\/\/portaltela.pt\/noticias\/2026\/01\/23\/alemanha-e-italia-invocam-razoes-juridicas-para-nao-integrar-conselho-de-paz\/#primaryimage\",\"url\":\"https:\/\/portaltela.pt\/s.01k8rhncp4jt1\/2026\/01\/unnamed-file-4845.jpg\",\"contentUrl\":\"https:\/\/portaltela.pt\/s.01k8rhncp4jt1\/2026\/01\/unnamed-file-4845.jpg\",\"width\":796,\"height\":448,\"caption\":\"Alemanha e It\u00e1lia invocam raz\u00f5es jur\u00eddicas para n\u00e3o integrar Conselho de Paz\"},{\"@type\":\"BreadcrumbList\",\"@id\":\"https:\/\/portaltela.pt\/noticias\/2026\/01\/23\/alemanha-e-italia-invocam-razoes-juridicas-para-nao-integrar-conselho-de-paz\/#breadcrumb\",\"itemListElement\":[{\"@type\":\"ListItem\",\"position\":1,\"name\":\"In\u00edcio\",\"item\":\"https:\/\/portaltela.pt\/\"},{\"@type\":\"ListItem\",\"position\":2,\"name\":\"Alemanha e It\u00e1lia invocam raz\u00f5es jur\u00eddicas para n\u00e3o integrar Conselho de Paz\"}]},{\"@type\":\"WebSite\",\"@id\":\"https:\/\/portaltela.pt\/#website\",\"url\":\"https:\/\/portaltela.pt\/\",\"name\":\"Portal Tela Portugal\",\"description\":\"\",\"potentialAction\":[{\"@type\":\"SearchAction\",\"target\":{\"@type\":\"EntryPoint\",\"urlTemplate\":\"https:\/\/portaltela.pt\/?s={search_term_string}\"},\"query-input\":{\"@type\":\"PropertyValueSpecification\",\"valueRequired\":true,\"valueName\":\"search_term_string\"}}],\"inLanguage\":\"pt-PT\"},{\"@type\":\"Person\",\"@id\":\"https:\/\/portaltela.pt\/#\/schema\/person\/c4278d4a6028830caff9ee44b42d32ed\",\"name\":\"Telinha\",\"image\":{\"@type\":\"ImageObject\",\"inLanguage\":\"pt-PT\",\"@id\":\"https:\/\/portaltela.pt\/s.01k8rhncp4jt1\/2025\/11\/talking-bot-125x125.png\",\"url\":\"https:\/\/portaltela.pt\/s.01k8rhncp4jt1\/2025\/11\/talking-bot-125x125.png\",\"contentUrl\":\"https:\/\/portaltela.pt\/s.01k8rhncp4jt1\/2025\/11\/talking-bot-125x125.png\",\"caption\":\"Telinha\"},\"sameAs\":[\"https:\/\/portaltela.pt\/\"],\"url\":\"https:\/\/portaltela.pt\/por\/367410592786\/\"}]}<\/script>\n<!-- \/ Yoast SEO plugin. -->","yoast_head_json":{"title":"Alemanha e It\u00e1lia invocam raz\u00f5es jur\u00eddicas para n\u00e3o integrar Conselho de Paz - Portal Tela Portugal","robots":{"index":"index","follow":"follow","max-snippet":"max-snippet:-1","max-image-preview":"max-image-preview:large","max-video-preview":"max-video-preview:-1"},"og_locale":"pt_PT","og_type":"article","og_title":"Alemanha e It\u00e1lia invocam raz\u00f5es jur\u00eddicas para n\u00e3o integrar Conselho de Paz - Portal Tela Portugal","og_description":"Alemanha e It\u00e1lia n\u00e3o v\u00e3o integrar o Conselho de Paz para a Faixa de Gaza proposto pelos Estados Unidos, citando raz\u00f5es jur\u00eddicas e constitucionais. Giorgia Meloni, primeira-ministra italiana, e Friedrich Merz, chanceler alem\u00e3o, falaram em Roma e destacaram que as estruturas de governa\u00e7\u00e3o propostas entram em conflito com os quadros jur\u00eddicos dos seus pa\u00edses. Merz disse que est\u00e1 dispon\u00edvel para participar pessoalmente se houver uma segunda fase do processo, e afirmou ter contactado Donald Trump sobre a disponibilidade de integrar um \u00f3rg\u00e3o que acompanhasse o processo. Meloni explicou que existem problemas constitucionais com o formato atual e pediu a Trump que reabra o formato para permitir a inclus\u00e3o de pa\u00edses europeus com quadros jur\u00eddicos semelhantes. A l\u00edder italiana refor\u00e7ou que a participa\u00e7\u00e3o europeia \u00e9 essencial para consolidar a tr\u00e9gua e, a longo prazo, promover uma solu\u00e7\u00e3o de dois Estados no M\u00e9dio Oriente.","og_url":"https:\/\/portaltela.pt\/noticias\/2026\/01\/23\/alemanha-e-italia-invocam-razoes-juridicas-para-nao-integrar-conselho-de-paz\/","og_site_name":"Portal Tela Portugal","article_published_time":"2026-01-23T19:01:00+00:00","author":"Telinha","twitter_card":"summary_large_image","twitter_misc":{"Escrito por":"Telinha","Tempo estimado de leitura":"1 minuto"},"schema":{"@context":"https:\/\/schema.org","@graph":[{"@type":"Article","@id":"https:\/\/portaltela.pt\/noticias\/2026\/01\/23\/alemanha-e-italia-invocam-razoes-juridicas-para-nao-integrar-conselho-de-paz\/#article","isPartOf":{"@id":"https:\/\/portaltela.pt\/noticias\/2026\/01\/23\/alemanha-e-italia-invocam-razoes-juridicas-para-nao-integrar-conselho-de-paz\/"},"author":{"name":"Telinha","@id":"https:\/\/portaltela.pt\/#\/schema\/person\/c4278d4a6028830caff9ee44b42d32ed"},"headline":"Alemanha e It\u00e1lia invocam raz\u00f5es jur\u00eddicas para n\u00e3o integrar Conselho de Paz","datePublished":"2026-01-23T19:01:00+00:00","mainEntityOfPage":{"@id":"https:\/\/portaltela.pt\/noticias\/2026\/01\/23\/alemanha-e-italia-invocam-razoes-juridicas-para-nao-integrar-conselho-de-paz\/"},"wordCount":221,"image":{"@id":"https:\/\/portaltela.pt\/noticias\/2026\/01\/23\/alemanha-e-italia-invocam-razoes-juridicas-para-nao-integrar-conselho-de-paz\/#primaryimage"},"thumbnailUrl":"https:\/\/portaltela.pt\/s.01k8rhncp4jt1\/2026\/01\/unnamed-file-4845.jpg","keywords":["Alemanha","Conselho de Paz","direito internacional","governo","It\u00e1lia","pol\u00edtica"],"articleSection":["Not\u00edcias","Pol\u00edtica"],"inLanguage":"pt-PT"},{"@type":"WebPage","@id":"https:\/\/portaltela.pt\/noticias\/2026\/01\/23\/alemanha-e-italia-invocam-razoes-juridicas-para-nao-integrar-conselho-de-paz\/","url":"https:\/\/portaltela.pt\/noticias\/2026\/01\/23\/alemanha-e-italia-invocam-razoes-juridicas-para-nao-integrar-conselho-de-paz\/","name":"Alemanha e It\u00e1lia invocam raz\u00f5es jur\u00eddicas para n\u00e3o integrar Conselho de Paz - Portal Tela Portugal","isPartOf":{"@id":"https:\/\/portaltela.pt\/#website"},"primaryImageOfPage":{"@id":"https:\/\/portaltela.pt\/noticias\/2026\/01\/23\/alemanha-e-italia-invocam-razoes-juridicas-para-nao-integrar-conselho-de-paz\/#primaryimage"},"image":{"@id":"https:\/\/portaltela.pt\/noticias\/2026\/01\/23\/alemanha-e-italia-invocam-razoes-juridicas-para-nao-integrar-conselho-de-paz\/#primaryimage"},"thumbnailUrl":"https:\/\/portaltela.pt\/s.01k8rhncp4jt1\/2026\/01\/unnamed-file-4845.jpg","datePublished":"2026-01-23T19:01:00+00:00","author":{"@id":"https:\/\/portaltela.pt\/#\/schema\/person\/c4278d4a6028830caff9ee44b42d32ed"},"breadcrumb":{"@id":"https:\/\/portaltela.pt\/noticias\/2026\/01\/23\/alemanha-e-italia-invocam-razoes-juridicas-para-nao-integrar-conselho-de-paz\/#breadcrumb"},"inLanguage":"pt-PT","potentialAction":[{"@type":"ReadAction","target":["https:\/\/portaltela.pt\/noticias\/2026\/01\/23\/alemanha-e-italia-invocam-razoes-juridicas-para-nao-integrar-conselho-de-paz\/"]}]},{"@type":"ImageObject","inLanguage":"pt-PT","@id":"https:\/\/portaltela.pt\/noticias\/2026\/01\/23\/alemanha-e-italia-invocam-razoes-juridicas-para-nao-integrar-conselho-de-paz\/#primaryimage","url":"https:\/\/portaltela.pt\/s.01k8rhncp4jt1\/2026\/01\/unnamed-file-4845.jpg","contentUrl":"https:\/\/portaltela.pt\/s.01k8rhncp4jt1\/2026\/01\/unnamed-file-4845.jpg","width":796,"height":448,"caption":"Alemanha e It\u00e1lia invocam raz\u00f5es jur\u00eddicas para n\u00e3o integrar Conselho de Paz"},{"@type":"BreadcrumbList","@id":"https:\/\/portaltela.pt\/noticias\/2026\/01\/23\/alemanha-e-italia-invocam-razoes-juridicas-para-nao-integrar-conselho-de-paz\/#breadcrumb","itemListElement":[{"@type":"ListItem","position":1,"name":"In\u00edcio","item":"https:\/\/portaltela.pt\/"},{"@type":"ListItem","position":2,"name":"Alemanha e It\u00e1lia invocam raz\u00f5es jur\u00eddicas para n\u00e3o integrar Conselho de Paz"}]},{"@type":"WebSite","@id":"https:\/\/portaltela.pt\/#website","url":"https:\/\/portaltela.pt\/","name":"Portal Tela Portugal","description":"","potentialAction":[{"@type":"SearchAction","target":{"@type":"EntryPoint","urlTemplate":"https:\/\/portaltela.pt\/?s={search_term_string}"},"query-input":{"@type":"PropertyValueSpecification","valueRequired":true,"valueName":"search_term_string"}}],"inLanguage":"pt-PT"},{"@type":"Person","@id":"https:\/\/portaltela.pt\/#\/schema\/person\/c4278d4a6028830caff9ee44b42d32ed","name":"Telinha","image":{"@type":"ImageObject","inLanguage":"pt-PT","@id":"https:\/\/portaltela.pt\/s.01k8rhncp4jt1\/2025\/11\/talking-bot-125x125.png","url":"https:\/\/portaltela.pt\/s.01k8rhncp4jt1\/2025\/11\/talking-bot-125x125.png","contentUrl":"https:\/\/portaltela.pt\/s.01k8rhncp4jt1\/2025\/11\/talking-bot-125x125.png","caption":"Telinha"},"sameAs":["https:\/\/portaltela.pt\/"],"url":"https:\/\/portaltela.pt\/por\/367410592786\/"}]}},"_links":{"self":[{"href":"https:\/\/portaltela.pt\/api\/wp\/v2\/posts\/168222","targetHints":{"allow":["GET"]}}],"collection":[{"href":"https:\/\/portaltela.pt\/api\/wp\/v2\/posts"}],"about":[{"href":"https:\/\/portaltela.pt\/api\/wp\/v2\/types\/post"}],"author":[{"embeddable":true,"href":"https:\/\/portaltela.pt\/api\/wp\/v2\/users\/2"}],"replies":[{"embeddable":true,"href":"https:\/\/portaltela.pt\/api\/wp\/v2\/comments?post=168222"}],"version-history":[{"count":0,"href":"https:\/\/portaltela.pt\/api\/wp\/v2\/posts\/168222\/revisions"}],"wp:featuredmedia":[{"embeddable":true,"href":"https:\/\/portaltela.pt\/api\/wp\/v2\/media\/168267"}],"wp:attachment":[{"href":"https:\/\/portaltela.pt\/api\/wp\/v2\/media?parent=168222"}],"wp:term":[{"taxonomy":"category","embeddable":true,"href":"https:\/\/portaltela.pt\/api\/wp\/v2\/categories?post=168222"},{"taxonomy":"post_tag","embeddable":true,"href":"https:\/\/portaltela.pt\/api\/wp\/v2\/tags?post=168222"}],"curies":[{"name":"wp","href":"https:\/\/api.w.org\/{rel}","templated":true}]}}