{"id":168165,"date":"2026-01-23T16:11:00","date_gmt":"2026-01-23T19:11:00","guid":{"rendered":"https:\/\/portaltela.pt\/noticias\/2026\/01\/23\/pacos-de-ferreira-apela-a-populacao-para-identificar-colonias-de-gatos\/"},"modified":"2026-01-23T16:11:00","modified_gmt":"2026-01-23T19:11:00","slug":"pacos-de-ferreira-apela-a-populacao-para-identificar-colonias-de-gatos","status":"publish","type":"post","link":"https:\/\/portaltela.pt\/noticias\/2026\/01\/23\/pacos-de-ferreira-apela-a-populacao-para-identificar-colonias-de-gatos\/","title":{"rendered":"Pa\u00e7os de Ferreira apela \u00e0 popula\u00e7\u00e3o para identificar col\u00f3nias de gatos"},"content":{"rendered":"<p>A C\u00e2mara Municipal de Pa\u00e7os de Ferreira apelou \u00e0 popula\u00e7\u00e3o para identificar col\u00f3nias de gatos, no \u00e2mbito do seu programa de esteriliza\u00e7\u00e3o e controlo animal. Os Servi\u00e7os Veterin\u00e1rios promovem o Programa CED, que visa gerir de forma humanizada as col\u00f3nias de rua.<\/p>\n<p>O programa CED \u2013 Captura, Esteriliza\u00e7\u00e3o e Devolu\u00e7\u00e3o \u2013 envolve a captura com gaiolas adequadas, a esteriliza\u00e7\u00e3o e a devolu\u00e7\u00e3o ao territ\u00f3rio de origem. Os animais ficam identificados com um corte na orelha esquerda, marcador institucional do programa.<\/p>\n<h3>Como ajudar<\/h3>\n<p>O objetivo \u00e9 controlar a popula\u00e7\u00e3o felina, reduzir ninhadas indesejadas, proteger a sa\u00fade p\u00fablica e melhorar o bem-estar animal. A autarquia solicita aos cidad\u00e3os que identifiquem col\u00f3nias ou cuidadores informais e contactem os servi\u00e7os via mensagem privada nas redes sociais ou canais oficiais, com a localiza\u00e7\u00e3o precisa. Com a colabora\u00e7\u00e3o da comunidade, pretende-se proteger os animais e melhorar a qualidade de vida de todos.<\/p>\n","protected":false},"excerpt":{"rendered":"<ul>\n<li>A C\u00e2mara de Pa\u00e7os de Ferreira lan\u00e7ou o Programa CED (Captura, Esteriliza\u00e7\u00e3o e Devolu\u00e7\u00e3o) para o controlo humanizado de col\u00f3nias de gatos de rua.<\/li>\n<li>O programa envolve a captura com gaiolas adequadas, a esteriliza\u00e7\u00e3o e a devolu\u00e7\u00e3o ao territ\u00f3rio de origem, com o corte na orelha esquerda para identifica\u00e7\u00e3o.<\/li>\n<li>O objetivo \u00e9 controlar a popula\u00e7\u00e3o, reduzir ninhadas indesejadas, melhorar a sa\u00fade p\u00fablica e o bem-estar animal.<\/li>\n<li>A autarquia pede aos mun\u00edcipes que identifiquem col\u00f3nias ou cuidadores informais e contactem os servi\u00e7os por mensagem privada nas redes sociais ou canais oficiais, indicando a localiza\u00e7\u00e3o exata.<\/li>\n<li>A colabora\u00e7\u00e3o da comunidade visa proteger os animais e melhorar a qualidade de vida de todos.<\/li>\n<\/ul>\n","protected":false},"author":2,"featured_media":168209,"comment_status":"closed","ping_status":"closed","sticky":false,"template":"","format":"standard","meta":{"footnotes":""},"categories":[1],"tags":[3091,2863,2864,1499,271],"class_list":["post-168165","post","type-post","status-publish","format-standard","has-post-thumbnail","hentry","category-noticias","tag-animais","tag-animais-de-rua","tag-esterilizacoes","tag-pacos-de-ferreira","tag-saude-publica"],"yoast_head":"<!-- This site is optimized with the Yoast SEO plugin v27.2 - https:\/\/yoast.com\/product\/yoast-seo-wordpress\/ -->\n<title>Pa\u00e7os de Ferreira apela \u00e0 popula\u00e7\u00e3o para identificar col\u00f3nias de gatos - Portal Tela Portugal<\/title>\n<meta name=\"robots\" content=\"index, follow, max-snippet:-1, max-image-preview:large, max-video-preview:-1\" \/>\n<meta property=\"og:locale\" content=\"pt_PT\" \/>\n<meta property=\"og:type\" content=\"article\" \/>\n<meta property=\"og:title\" content=\"Pa\u00e7os de Ferreira apela \u00e0 popula\u00e7\u00e3o para identificar col\u00f3nias de gatos - Portal Tela Portugal\" \/>\n<meta property=\"og:description\" content=\"A C\u00e2mara de Pa\u00e7os de Ferreira lan\u00e7ou o Programa CED (Captura, Esteriliza\u00e7\u00e3o e Devolu\u00e7\u00e3o) para o controlo humanizado de col\u00f3nias de gatos de rua. O programa envolve a captura com gaiolas adequadas, a esteriliza\u00e7\u00e3o e a devolu\u00e7\u00e3o ao territ\u00f3rio de origem, com o corte na orelha esquerda para identifica\u00e7\u00e3o. O objetivo \u00e9 controlar a popula\u00e7\u00e3o, reduzir ninhadas indesejadas, melhorar a sa\u00fade p\u00fablica e o bem-estar animal. A autarquia pede aos mun\u00edcipes que identifiquem col\u00f3nias ou cuidadores informais e contactem os servi\u00e7os por mensagem privada nas redes sociais ou canais oficiais, indicando a localiza\u00e7\u00e3o exata. A colabora\u00e7\u00e3o da comunidade visa proteger os animais e melhorar a qualidade de vida de todos.\" \/>\n<meta property=\"og:url\" content=\"https:\/\/portaltela.pt\/noticias\/2026\/01\/23\/pacos-de-ferreira-apela-a-populacao-para-identificar-colonias-de-gatos\/\" \/>\n<meta property=\"og:site_name\" content=\"Portal Tela Portugal\" \/>\n<meta property=\"article:published_time\" content=\"2026-01-23T19:11:00+00:00\" \/>\n<meta name=\"author\" content=\"Telinha\" \/>\n<meta name=\"twitter:card\" content=\"summary_large_image\" \/>\n<meta name=\"twitter:label1\" content=\"Escrito por\" \/>\n\t<meta name=\"twitter:data1\" content=\"Telinha\" \/>\n\t<meta name=\"twitter:label2\" content=\"Tempo estimado de leitura\" \/>\n\t<meta name=\"twitter:data2\" content=\"1 minuto\" \/>\n<script type=\"application\/ld+json\" class=\"yoast-schema-graph\">{\"@context\":\"https:\/\/schema.org\",\"@graph\":[{\"@type\":\"Article\",\"@id\":\"https:\/\/portaltela.pt\/noticias\/2026\/01\/23\/pacos-de-ferreira-apela-a-populacao-para-identificar-colonias-de-gatos\/#article\",\"isPartOf\":{\"@id\":\"https:\/\/portaltela.pt\/noticias\/2026\/01\/23\/pacos-de-ferreira-apela-a-populacao-para-identificar-colonias-de-gatos\/\"},\"author\":{\"name\":\"Telinha\",\"@id\":\"https:\/\/portaltela.pt\/#\/schema\/person\/c4278d4a6028830caff9ee44b42d32ed\"},\"headline\":\"Pa\u00e7os de Ferreira apela \u00e0 popula\u00e7\u00e3o para identificar col\u00f3nias de gatos\",\"datePublished\":\"2026-01-23T19:11:00+00:00\",\"mainEntityOfPage\":{\"@id\":\"https:\/\/portaltela.pt\/noticias\/2026\/01\/23\/pacos-de-ferreira-apela-a-populacao-para-identificar-colonias-de-gatos\/\"},\"wordCount\":176,\"image\":{\"@id\":\"https:\/\/portaltela.pt\/noticias\/2026\/01\/23\/pacos-de-ferreira-apela-a-populacao-para-identificar-colonias-de-gatos\/#primaryimage\"},\"thumbnailUrl\":\"https:\/\/portaltela.pt\/s.01k8rhncp4jt1\/2026\/01\/unnamed-file-4842.jpg\",\"keywords\":[\"animais\",\"Animais de Rua\",\"esteriliza\u00e7\u00f5es\",\"Pa\u00e7os de Ferreira\",\"sa\u00fade p\u00fablica\"],\"articleSection\":[\"Not\u00edcias\"],\"inLanguage\":\"pt-PT\"},{\"@type\":\"WebPage\",\"@id\":\"https:\/\/portaltela.pt\/noticias\/2026\/01\/23\/pacos-de-ferreira-apela-a-populacao-para-identificar-colonias-de-gatos\/\",\"url\":\"https:\/\/portaltela.pt\/noticias\/2026\/01\/23\/pacos-de-ferreira-apela-a-populacao-para-identificar-colonias-de-gatos\/\",\"name\":\"Pa\u00e7os de Ferreira apela \u00e0 popula\u00e7\u00e3o para identificar col\u00f3nias de gatos - Portal Tela Portugal\",\"isPartOf\":{\"@id\":\"https:\/\/portaltela.pt\/#website\"},\"primaryImageOfPage\":{\"@id\":\"https:\/\/portaltela.pt\/noticias\/2026\/01\/23\/pacos-de-ferreira-apela-a-populacao-para-identificar-colonias-de-gatos\/#primaryimage\"},\"image\":{\"@id\":\"https:\/\/portaltela.pt\/noticias\/2026\/01\/23\/pacos-de-ferreira-apela-a-populacao-para-identificar-colonias-de-gatos\/#primaryimage\"},\"thumbnailUrl\":\"https:\/\/portaltela.pt\/s.01k8rhncp4jt1\/2026\/01\/unnamed-file-4842.jpg\",\"datePublished\":\"2026-01-23T19:11:00+00:00\",\"author\":{\"@id\":\"https:\/\/portaltela.pt\/#\/schema\/person\/c4278d4a6028830caff9ee44b42d32ed\"},\"breadcrumb\":{\"@id\":\"https:\/\/portaltela.pt\/noticias\/2026\/01\/23\/pacos-de-ferreira-apela-a-populacao-para-identificar-colonias-de-gatos\/#breadcrumb\"},\"inLanguage\":\"pt-PT\",\"potentialAction\":[{\"@type\":\"ReadAction\",\"target\":[\"https:\/\/portaltela.pt\/noticias\/2026\/01\/23\/pacos-de-ferreira-apela-a-populacao-para-identificar-colonias-de-gatos\/\"]}]},{\"@type\":\"ImageObject\",\"inLanguage\":\"pt-PT\",\"@id\":\"https:\/\/portaltela.pt\/noticias\/2026\/01\/23\/pacos-de-ferreira-apela-a-populacao-para-identificar-colonias-de-gatos\/#primaryimage\",\"url\":\"https:\/\/portaltela.pt\/s.01k8rhncp4jt1\/2026\/01\/unnamed-file-4842.jpg\",\"contentUrl\":\"https:\/\/portaltela.pt\/s.01k8rhncp4jt1\/2026\/01\/unnamed-file-4842.jpg\",\"width\":796,\"height\":448,\"caption\":\"Munic\u00edpio de Pa\u00e7os de Ferreira apela \u00e0 popula\u00e7\u00e3o para identifica\u00e7\u00e3o de col\u00f3nias de gatos\"},{\"@type\":\"BreadcrumbList\",\"@id\":\"https:\/\/portaltela.pt\/noticias\/2026\/01\/23\/pacos-de-ferreira-apela-a-populacao-para-identificar-colonias-de-gatos\/#breadcrumb\",\"itemListElement\":[{\"@type\":\"ListItem\",\"position\":1,\"name\":\"In\u00edcio\",\"item\":\"https:\/\/portaltela.pt\/\"},{\"@type\":\"ListItem\",\"position\":2,\"name\":\"Pa\u00e7os de Ferreira apela \u00e0 popula\u00e7\u00e3o para identificar col\u00f3nias de gatos\"}]},{\"@type\":\"WebSite\",\"@id\":\"https:\/\/portaltela.pt\/#website\",\"url\":\"https:\/\/portaltela.pt\/\",\"name\":\"Portal Tela Portugal\",\"description\":\"\",\"potentialAction\":[{\"@type\":\"SearchAction\",\"target\":{\"@type\":\"EntryPoint\",\"urlTemplate\":\"https:\/\/portaltela.pt\/?s={search_term_string}\"},\"query-input\":{\"@type\":\"PropertyValueSpecification\",\"valueRequired\":true,\"valueName\":\"search_term_string\"}}],\"inLanguage\":\"pt-PT\"},{\"@type\":\"Person\",\"@id\":\"https:\/\/portaltela.pt\/#\/schema\/person\/c4278d4a6028830caff9ee44b42d32ed\",\"name\":\"Telinha\",\"image\":{\"@type\":\"ImageObject\",\"inLanguage\":\"pt-PT\",\"@id\":\"https:\/\/portaltela.pt\/s.01k8rhncp4jt1\/2025\/11\/talking-bot-125x125.png\",\"url\":\"https:\/\/portaltela.pt\/s.01k8rhncp4jt1\/2025\/11\/talking-bot-125x125.png\",\"contentUrl\":\"https:\/\/portaltela.pt\/s.01k8rhncp4jt1\/2025\/11\/talking-bot-125x125.png\",\"caption\":\"Telinha\"},\"sameAs\":[\"https:\/\/portaltela.pt\/\"],\"url\":\"https:\/\/portaltela.pt\/por\/367410592786\/\"}]}<\/script>\n<!-- \/ Yoast SEO plugin. -->","yoast_head_json":{"title":"Pa\u00e7os de Ferreira apela \u00e0 popula\u00e7\u00e3o para identificar col\u00f3nias de gatos - Portal Tela Portugal","robots":{"index":"index","follow":"follow","max-snippet":"max-snippet:-1","max-image-preview":"max-image-preview:large","max-video-preview":"max-video-preview:-1"},"og_locale":"pt_PT","og_type":"article","og_title":"Pa\u00e7os de Ferreira apela \u00e0 popula\u00e7\u00e3o para identificar col\u00f3nias de gatos - Portal Tela Portugal","og_description":"A C\u00e2mara de Pa\u00e7os de Ferreira lan\u00e7ou o Programa CED (Captura, Esteriliza\u00e7\u00e3o e Devolu\u00e7\u00e3o) para o controlo humanizado de col\u00f3nias de gatos de rua. O programa envolve a captura com gaiolas adequadas, a esteriliza\u00e7\u00e3o e a devolu\u00e7\u00e3o ao territ\u00f3rio de origem, com o corte na orelha esquerda para identifica\u00e7\u00e3o. O objetivo \u00e9 controlar a popula\u00e7\u00e3o, reduzir ninhadas indesejadas, melhorar a sa\u00fade p\u00fablica e o bem-estar animal. A autarquia pede aos mun\u00edcipes que identifiquem col\u00f3nias ou cuidadores informais e contactem os servi\u00e7os por mensagem privada nas redes sociais ou canais oficiais, indicando a localiza\u00e7\u00e3o exata. A colabora\u00e7\u00e3o da comunidade visa proteger os animais e melhorar a qualidade de vida de todos.","og_url":"https:\/\/portaltela.pt\/noticias\/2026\/01\/23\/pacos-de-ferreira-apela-a-populacao-para-identificar-colonias-de-gatos\/","og_site_name":"Portal Tela Portugal","article_published_time":"2026-01-23T19:11:00+00:00","author":"Telinha","twitter_card":"summary_large_image","twitter_misc":{"Escrito por":"Telinha","Tempo estimado de leitura":"1 minuto"},"schema":{"@context":"https:\/\/schema.org","@graph":[{"@type":"Article","@id":"https:\/\/portaltela.pt\/noticias\/2026\/01\/23\/pacos-de-ferreira-apela-a-populacao-para-identificar-colonias-de-gatos\/#article","isPartOf":{"@id":"https:\/\/portaltela.pt\/noticias\/2026\/01\/23\/pacos-de-ferreira-apela-a-populacao-para-identificar-colonias-de-gatos\/"},"author":{"name":"Telinha","@id":"https:\/\/portaltela.pt\/#\/schema\/person\/c4278d4a6028830caff9ee44b42d32ed"},"headline":"Pa\u00e7os de Ferreira apela \u00e0 popula\u00e7\u00e3o para identificar col\u00f3nias de gatos","datePublished":"2026-01-23T19:11:00+00:00","mainEntityOfPage":{"@id":"https:\/\/portaltela.pt\/noticias\/2026\/01\/23\/pacos-de-ferreira-apela-a-populacao-para-identificar-colonias-de-gatos\/"},"wordCount":176,"image":{"@id":"https:\/\/portaltela.pt\/noticias\/2026\/01\/23\/pacos-de-ferreira-apela-a-populacao-para-identificar-colonias-de-gatos\/#primaryimage"},"thumbnailUrl":"https:\/\/portaltela.pt\/s.01k8rhncp4jt1\/2026\/01\/unnamed-file-4842.jpg","keywords":["animais","Animais de Rua","esteriliza\u00e7\u00f5es","Pa\u00e7os de Ferreira","sa\u00fade p\u00fablica"],"articleSection":["Not\u00edcias"],"inLanguage":"pt-PT"},{"@type":"WebPage","@id":"https:\/\/portaltela.pt\/noticias\/2026\/01\/23\/pacos-de-ferreira-apela-a-populacao-para-identificar-colonias-de-gatos\/","url":"https:\/\/portaltela.pt\/noticias\/2026\/01\/23\/pacos-de-ferreira-apela-a-populacao-para-identificar-colonias-de-gatos\/","name":"Pa\u00e7os de Ferreira apela \u00e0 popula\u00e7\u00e3o para identificar col\u00f3nias de gatos - Portal Tela Portugal","isPartOf":{"@id":"https:\/\/portaltela.pt\/#website"},"primaryImageOfPage":{"@id":"https:\/\/portaltela.pt\/noticias\/2026\/01\/23\/pacos-de-ferreira-apela-a-populacao-para-identificar-colonias-de-gatos\/#primaryimage"},"image":{"@id":"https:\/\/portaltela.pt\/noticias\/2026\/01\/23\/pacos-de-ferreira-apela-a-populacao-para-identificar-colonias-de-gatos\/#primaryimage"},"thumbnailUrl":"https:\/\/portaltela.pt\/s.01k8rhncp4jt1\/2026\/01\/unnamed-file-4842.jpg","datePublished":"2026-01-23T19:11:00+00:00","author":{"@id":"https:\/\/portaltela.pt\/#\/schema\/person\/c4278d4a6028830caff9ee44b42d32ed"},"breadcrumb":{"@id":"https:\/\/portaltela.pt\/noticias\/2026\/01\/23\/pacos-de-ferreira-apela-a-populacao-para-identificar-colonias-de-gatos\/#breadcrumb"},"inLanguage":"pt-PT","potentialAction":[{"@type":"ReadAction","target":["https:\/\/portaltela.pt\/noticias\/2026\/01\/23\/pacos-de-ferreira-apela-a-populacao-para-identificar-colonias-de-gatos\/"]}]},{"@type":"ImageObject","inLanguage":"pt-PT","@id":"https:\/\/portaltela.pt\/noticias\/2026\/01\/23\/pacos-de-ferreira-apela-a-populacao-para-identificar-colonias-de-gatos\/#primaryimage","url":"https:\/\/portaltela.pt\/s.01k8rhncp4jt1\/2026\/01\/unnamed-file-4842.jpg","contentUrl":"https:\/\/portaltela.pt\/s.01k8rhncp4jt1\/2026\/01\/unnamed-file-4842.jpg","width":796,"height":448,"caption":"Munic\u00edpio de Pa\u00e7os de Ferreira apela \u00e0 popula\u00e7\u00e3o para identifica\u00e7\u00e3o de col\u00f3nias de gatos"},{"@type":"BreadcrumbList","@id":"https:\/\/portaltela.pt\/noticias\/2026\/01\/23\/pacos-de-ferreira-apela-a-populacao-para-identificar-colonias-de-gatos\/#breadcrumb","itemListElement":[{"@type":"ListItem","position":1,"name":"In\u00edcio","item":"https:\/\/portaltela.pt\/"},{"@type":"ListItem","position":2,"name":"Pa\u00e7os de Ferreira apela \u00e0 popula\u00e7\u00e3o para identificar col\u00f3nias de gatos"}]},{"@type":"WebSite","@id":"https:\/\/portaltela.pt\/#website","url":"https:\/\/portaltela.pt\/","name":"Portal Tela Portugal","description":"","potentialAction":[{"@type":"SearchAction","target":{"@type":"EntryPoint","urlTemplate":"https:\/\/portaltela.pt\/?s={search_term_string}"},"query-input":{"@type":"PropertyValueSpecification","valueRequired":true,"valueName":"search_term_string"}}],"inLanguage":"pt-PT"},{"@type":"Person","@id":"https:\/\/portaltela.pt\/#\/schema\/person\/c4278d4a6028830caff9ee44b42d32ed","name":"Telinha","image":{"@type":"ImageObject","inLanguage":"pt-PT","@id":"https:\/\/portaltela.pt\/s.01k8rhncp4jt1\/2025\/11\/talking-bot-125x125.png","url":"https:\/\/portaltela.pt\/s.01k8rhncp4jt1\/2025\/11\/talking-bot-125x125.png","contentUrl":"https:\/\/portaltela.pt\/s.01k8rhncp4jt1\/2025\/11\/talking-bot-125x125.png","caption":"Telinha"},"sameAs":["https:\/\/portaltela.pt\/"],"url":"https:\/\/portaltela.pt\/por\/367410592786\/"}]}},"_links":{"self":[{"href":"https:\/\/portaltela.pt\/api\/wp\/v2\/posts\/168165","targetHints":{"allow":["GET"]}}],"collection":[{"href":"https:\/\/portaltela.pt\/api\/wp\/v2\/posts"}],"about":[{"href":"https:\/\/portaltela.pt\/api\/wp\/v2\/types\/post"}],"author":[{"embeddable":true,"href":"https:\/\/portaltela.pt\/api\/wp\/v2\/users\/2"}],"replies":[{"embeddable":true,"href":"https:\/\/portaltela.pt\/api\/wp\/v2\/comments?post=168165"}],"version-history":[{"count":0,"href":"https:\/\/portaltela.pt\/api\/wp\/v2\/posts\/168165\/revisions"}],"wp:featuredmedia":[{"embeddable":true,"href":"https:\/\/portaltela.pt\/api\/wp\/v2\/media\/168209"}],"wp:attachment":[{"href":"https:\/\/portaltela.pt\/api\/wp\/v2\/media?parent=168165"}],"wp:term":[{"taxonomy":"category","embeddable":true,"href":"https:\/\/portaltela.pt\/api\/wp\/v2\/categories?post=168165"},{"taxonomy":"post_tag","embeddable":true,"href":"https:\/\/portaltela.pt\/api\/wp\/v2\/tags?post=168165"}],"curies":[{"name":"wp","href":"https:\/\/api.w.org\/{rel}","templated":true}]}}