{"id":168095,"date":"2026-01-23T15:48:00","date_gmt":"2026-01-23T18:48:00","guid":{"rendered":"https:\/\/portaltela.pt\/noticias\/2026\/01\/23\/lutador-de-ufc-desmaia-apos-pesagem-e-cai-de-cara-no-chao\/"},"modified":"2026-01-23T15:48:00","modified_gmt":"2026-01-23T18:48:00","slug":"lutador-de-ufc-desmaia-apos-pesagem-e-cai-de-cara-no-chao","status":"publish","type":"post","link":"https:\/\/portaltela.pt\/desporto\/2026\/01\/23\/lutador-de-ufc-desmaia-apos-pesagem-e-cai-de-cara-no-chao\/","title":{"rendered":"Lutador de UFC desmaia ap\u00f3s pesagem e cai de cara no ch\u00e3o"},"content":{"rendered":"<p>Cameron Smotherman, lutador de UFC de 27 anos, desmaiou ap\u00f3s descer da balan\u00e7a, batendo a cara no ch\u00e3o. A luta contra Ricky Turcios teve o combate cancelado na sequ\u00eancia.<\/p>\n<p>O incidente ocorreu durante a pesagem oficial da competi\u00e7\u00e3o, com Smotherman a exceder o peso permitido antes do confronto. A equipa de apoio intervindou de imediato.<\/p>\n<p>Smotherman foi assistido no local e manteve-se consciente durante o atendimento. A organiza\u00e7\u00e3o ainda n\u00e3o confirmou nova data para o combate ou detalhes adicionais sobre o estado de sa\u00fade do atleta.<\/p>\n<p>A pesagem \u00e9 parte integrante do processo de combate no UFC, visando definir o advers\u00e1rio e as condi\u00e7\u00f5es da luta. O motivo exato do desmaio permanece sob avalia\u00e7\u00e3o m\u00e9dica.<\/p>\n","protected":false},"excerpt":{"rendered":"<ul>\n<li>Cameron Smotherman, lutador de UFC, de 27 anos, desmaiou ap\u00f3s descer da balan\u00e7a.<\/li>\n<li>O atleta norte-americano tinha atingido 61,5 kg para enfrentar Ricky Turcios.<\/li>\n<li>A luta acabou por ser cancelada devido ao incidente.<\/li>\n<li>Smotherman foi assistido e ergueu-se pouco depois, mantendo-se consciente.<\/li>\n<\/ul>\n","protected":false},"author":2,"featured_media":168101,"comment_status":"closed","ping_status":"closed","sticky":false,"template":"","format":"standard","meta":{"footnotes":""},"categories":[21],"tags":[152,60,3611,172],"class_list":["post-168095","post","type-post","status-publish","format-standard","has-post-thumbnail","hentry","category-desporto","tag-desporto","tag-esportes","tag-peso","tag-saude"],"yoast_head":"<!-- This site is optimized with the Yoast SEO plugin v27.2 - https:\/\/yoast.com\/product\/yoast-seo-wordpress\/ -->\n<title>Lutador de UFC desmaia ap\u00f3s pesagem e cai de cara no ch\u00e3o - Portal Tela Portugal<\/title>\n<meta name=\"robots\" content=\"index, follow, max-snippet:-1, max-image-preview:large, max-video-preview:-1\" \/>\n<meta property=\"og:locale\" content=\"pt_PT\" \/>\n<meta property=\"og:type\" content=\"article\" \/>\n<meta property=\"og:title\" content=\"Lutador de UFC desmaia ap\u00f3s pesagem e cai de cara no ch\u00e3o - Portal Tela Portugal\" \/>\n<meta property=\"og:description\" content=\"Cameron Smotherman, lutador de UFC, de 27 anos, desmaiou ap\u00f3s descer da balan\u00e7a. O atleta norte-americano tinha atingido 61,5 kg para enfrentar Ricky Turcios. A luta acabou por ser cancelada devido ao incidente. Smotherman foi assistido e ergueu-se pouco depois, mantendo-se consciente.\" \/>\n<meta property=\"og:url\" content=\"https:\/\/portaltela.pt\/noticias\/2026\/01\/23\/lutador-de-ufc-desmaia-apos-pesagem-e-cai-de-cara-no-chao\/\" \/>\n<meta property=\"og:site_name\" content=\"Portal Tela Portugal\" \/>\n<meta property=\"article:published_time\" content=\"2026-01-23T18:48:00+00:00\" \/>\n<meta name=\"author\" content=\"Telinha\" \/>\n<meta name=\"twitter:card\" content=\"summary_large_image\" \/>\n<meta name=\"twitter:label1\" content=\"Escrito por\" \/>\n\t<meta name=\"twitter:data1\" content=\"Telinha\" \/>\n\t<meta name=\"twitter:label2\" content=\"Tempo estimado de leitura\" \/>\n\t<meta name=\"twitter:data2\" content=\"1 minuto\" \/>\n<script type=\"application\/ld+json\" class=\"yoast-schema-graph\">{\"@context\":\"https:\/\/schema.org\",\"@graph\":[{\"@type\":\"Article\",\"@id\":\"https:\/\/portaltela.pt\/noticias\/2026\/01\/23\/lutador-de-ufc-desmaia-apos-pesagem-e-cai-de-cara-no-chao\/#article\",\"isPartOf\":{\"@id\":\"https:\/\/portaltela.pt\/noticias\/2026\/01\/23\/lutador-de-ufc-desmaia-apos-pesagem-e-cai-de-cara-no-chao\/\"},\"author\":{\"name\":\"Telinha\",\"@id\":\"https:\/\/portaltela.pt\/#\/schema\/person\/c4278d4a6028830caff9ee44b42d32ed\"},\"headline\":\"Lutador de UFC desmaia ap\u00f3s pesagem e cai de cara no ch\u00e3o\",\"datePublished\":\"2026-01-23T18:48:00+00:00\",\"mainEntityOfPage\":{\"@id\":\"https:\/\/portaltela.pt\/noticias\/2026\/01\/23\/lutador-de-ufc-desmaia-apos-pesagem-e-cai-de-cara-no-chao\/\"},\"wordCount\":139,\"image\":{\"@id\":\"https:\/\/portaltela.pt\/noticias\/2026\/01\/23\/lutador-de-ufc-desmaia-apos-pesagem-e-cai-de-cara-no-chao\/#primaryimage\"},\"thumbnailUrl\":\"https:\/\/portaltela.pt\/s.01k8rhncp4jt1\/2026\/01\/img_1200x721uu2026-01-23-18-46-45-2416890.jpg\",\"keywords\":[\"desporto\",\"esportes\",\"peso\",\"sa\u00fade\"],\"articleSection\":[\"Desporto\"],\"inLanguage\":\"pt-PT\"},{\"@type\":\"WebPage\",\"@id\":\"https:\/\/portaltela.pt\/noticias\/2026\/01\/23\/lutador-de-ufc-desmaia-apos-pesagem-e-cai-de-cara-no-chao\/\",\"url\":\"https:\/\/portaltela.pt\/noticias\/2026\/01\/23\/lutador-de-ufc-desmaia-apos-pesagem-e-cai-de-cara-no-chao\/\",\"name\":\"Lutador de UFC desmaia ap\u00f3s pesagem e cai de cara no ch\u00e3o - Portal Tela Portugal\",\"isPartOf\":{\"@id\":\"https:\/\/portaltela.pt\/#website\"},\"primaryImageOfPage\":{\"@id\":\"https:\/\/portaltela.pt\/noticias\/2026\/01\/23\/lutador-de-ufc-desmaia-apos-pesagem-e-cai-de-cara-no-chao\/#primaryimage\"},\"image\":{\"@id\":\"https:\/\/portaltela.pt\/noticias\/2026\/01\/23\/lutador-de-ufc-desmaia-apos-pesagem-e-cai-de-cara-no-chao\/#primaryimage\"},\"thumbnailUrl\":\"https:\/\/portaltela.pt\/s.01k8rhncp4jt1\/2026\/01\/img_1200x721uu2026-01-23-18-46-45-2416890.jpg\",\"datePublished\":\"2026-01-23T18:48:00+00:00\",\"author\":{\"@id\":\"https:\/\/portaltela.pt\/#\/schema\/person\/c4278d4a6028830caff9ee44b42d32ed\"},\"breadcrumb\":{\"@id\":\"https:\/\/portaltela.pt\/noticias\/2026\/01\/23\/lutador-de-ufc-desmaia-apos-pesagem-e-cai-de-cara-no-chao\/#breadcrumb\"},\"inLanguage\":\"pt-PT\",\"potentialAction\":[{\"@type\":\"ReadAction\",\"target\":[\"https:\/\/portaltela.pt\/noticias\/2026\/01\/23\/lutador-de-ufc-desmaia-apos-pesagem-e-cai-de-cara-no-chao\/\"]}]},{\"@type\":\"ImageObject\",\"inLanguage\":\"pt-PT\",\"@id\":\"https:\/\/portaltela.pt\/noticias\/2026\/01\/23\/lutador-de-ufc-desmaia-apos-pesagem-e-cai-de-cara-no-chao\/#primaryimage\",\"url\":\"https:\/\/portaltela.pt\/s.01k8rhncp4jt1\/2026\/01\/img_1200x721uu2026-01-23-18-46-45-2416890.jpg\",\"contentUrl\":\"https:\/\/portaltela.pt\/s.01k8rhncp4jt1\/2026\/01\/img_1200x721uu2026-01-23-18-46-45-2416890.jpg\",\"width\":796,\"height\":448,\"caption\":\"Photo\"},{\"@type\":\"BreadcrumbList\",\"@id\":\"https:\/\/portaltela.pt\/noticias\/2026\/01\/23\/lutador-de-ufc-desmaia-apos-pesagem-e-cai-de-cara-no-chao\/#breadcrumb\",\"itemListElement\":[{\"@type\":\"ListItem\",\"position\":1,\"name\":\"In\u00edcio\",\"item\":\"https:\/\/portaltela.pt\/\"},{\"@type\":\"ListItem\",\"position\":2,\"name\":\"Lutador de UFC desmaia ap\u00f3s pesagem e cai de cara no ch\u00e3o\"}]},{\"@type\":\"WebSite\",\"@id\":\"https:\/\/portaltela.pt\/#website\",\"url\":\"https:\/\/portaltela.pt\/\",\"name\":\"Portal Tela Portugal\",\"description\":\"\",\"potentialAction\":[{\"@type\":\"SearchAction\",\"target\":{\"@type\":\"EntryPoint\",\"urlTemplate\":\"https:\/\/portaltela.pt\/?s={search_term_string}\"},\"query-input\":{\"@type\":\"PropertyValueSpecification\",\"valueRequired\":true,\"valueName\":\"search_term_string\"}}],\"inLanguage\":\"pt-PT\"},{\"@type\":\"Person\",\"@id\":\"https:\/\/portaltela.pt\/#\/schema\/person\/c4278d4a6028830caff9ee44b42d32ed\",\"name\":\"Telinha\",\"image\":{\"@type\":\"ImageObject\",\"inLanguage\":\"pt-PT\",\"@id\":\"https:\/\/portaltela.pt\/s.01k8rhncp4jt1\/2025\/11\/talking-bot-125x125.png\",\"url\":\"https:\/\/portaltela.pt\/s.01k8rhncp4jt1\/2025\/11\/talking-bot-125x125.png\",\"contentUrl\":\"https:\/\/portaltela.pt\/s.01k8rhncp4jt1\/2025\/11\/talking-bot-125x125.png\",\"caption\":\"Telinha\"},\"sameAs\":[\"https:\/\/portaltela.pt\/\"],\"url\":\"https:\/\/portaltela.pt\/por\/367410592786\/\"}]}<\/script>\n<!-- \/ Yoast SEO plugin. -->","yoast_head_json":{"title":"Lutador de UFC desmaia ap\u00f3s pesagem e cai de cara no ch\u00e3o - Portal Tela Portugal","robots":{"index":"index","follow":"follow","max-snippet":"max-snippet:-1","max-image-preview":"max-image-preview:large","max-video-preview":"max-video-preview:-1"},"og_locale":"pt_PT","og_type":"article","og_title":"Lutador de UFC desmaia ap\u00f3s pesagem e cai de cara no ch\u00e3o - Portal Tela Portugal","og_description":"Cameron Smotherman, lutador de UFC, de 27 anos, desmaiou ap\u00f3s descer da balan\u00e7a. O atleta norte-americano tinha atingido 61,5 kg para enfrentar Ricky Turcios. A luta acabou por ser cancelada devido ao incidente. Smotherman foi assistido e ergueu-se pouco depois, mantendo-se consciente.","og_url":"https:\/\/portaltela.pt\/noticias\/2026\/01\/23\/lutador-de-ufc-desmaia-apos-pesagem-e-cai-de-cara-no-chao\/","og_site_name":"Portal Tela Portugal","article_published_time":"2026-01-23T18:48:00+00:00","author":"Telinha","twitter_card":"summary_large_image","twitter_misc":{"Escrito por":"Telinha","Tempo estimado de leitura":"1 minuto"},"schema":{"@context":"https:\/\/schema.org","@graph":[{"@type":"Article","@id":"https:\/\/portaltela.pt\/noticias\/2026\/01\/23\/lutador-de-ufc-desmaia-apos-pesagem-e-cai-de-cara-no-chao\/#article","isPartOf":{"@id":"https:\/\/portaltela.pt\/noticias\/2026\/01\/23\/lutador-de-ufc-desmaia-apos-pesagem-e-cai-de-cara-no-chao\/"},"author":{"name":"Telinha","@id":"https:\/\/portaltela.pt\/#\/schema\/person\/c4278d4a6028830caff9ee44b42d32ed"},"headline":"Lutador de UFC desmaia ap\u00f3s pesagem e cai de cara no ch\u00e3o","datePublished":"2026-01-23T18:48:00+00:00","mainEntityOfPage":{"@id":"https:\/\/portaltela.pt\/noticias\/2026\/01\/23\/lutador-de-ufc-desmaia-apos-pesagem-e-cai-de-cara-no-chao\/"},"wordCount":139,"image":{"@id":"https:\/\/portaltela.pt\/noticias\/2026\/01\/23\/lutador-de-ufc-desmaia-apos-pesagem-e-cai-de-cara-no-chao\/#primaryimage"},"thumbnailUrl":"https:\/\/portaltela.pt\/s.01k8rhncp4jt1\/2026\/01\/img_1200x721uu2026-01-23-18-46-45-2416890.jpg","keywords":["desporto","esportes","peso","sa\u00fade"],"articleSection":["Desporto"],"inLanguage":"pt-PT"},{"@type":"WebPage","@id":"https:\/\/portaltela.pt\/noticias\/2026\/01\/23\/lutador-de-ufc-desmaia-apos-pesagem-e-cai-de-cara-no-chao\/","url":"https:\/\/portaltela.pt\/noticias\/2026\/01\/23\/lutador-de-ufc-desmaia-apos-pesagem-e-cai-de-cara-no-chao\/","name":"Lutador de UFC desmaia ap\u00f3s pesagem e cai de cara no ch\u00e3o - Portal Tela Portugal","isPartOf":{"@id":"https:\/\/portaltela.pt\/#website"},"primaryImageOfPage":{"@id":"https:\/\/portaltela.pt\/noticias\/2026\/01\/23\/lutador-de-ufc-desmaia-apos-pesagem-e-cai-de-cara-no-chao\/#primaryimage"},"image":{"@id":"https:\/\/portaltela.pt\/noticias\/2026\/01\/23\/lutador-de-ufc-desmaia-apos-pesagem-e-cai-de-cara-no-chao\/#primaryimage"},"thumbnailUrl":"https:\/\/portaltela.pt\/s.01k8rhncp4jt1\/2026\/01\/img_1200x721uu2026-01-23-18-46-45-2416890.jpg","datePublished":"2026-01-23T18:48:00+00:00","author":{"@id":"https:\/\/portaltela.pt\/#\/schema\/person\/c4278d4a6028830caff9ee44b42d32ed"},"breadcrumb":{"@id":"https:\/\/portaltela.pt\/noticias\/2026\/01\/23\/lutador-de-ufc-desmaia-apos-pesagem-e-cai-de-cara-no-chao\/#breadcrumb"},"inLanguage":"pt-PT","potentialAction":[{"@type":"ReadAction","target":["https:\/\/portaltela.pt\/noticias\/2026\/01\/23\/lutador-de-ufc-desmaia-apos-pesagem-e-cai-de-cara-no-chao\/"]}]},{"@type":"ImageObject","inLanguage":"pt-PT","@id":"https:\/\/portaltela.pt\/noticias\/2026\/01\/23\/lutador-de-ufc-desmaia-apos-pesagem-e-cai-de-cara-no-chao\/#primaryimage","url":"https:\/\/portaltela.pt\/s.01k8rhncp4jt1\/2026\/01\/img_1200x721uu2026-01-23-18-46-45-2416890.jpg","contentUrl":"https:\/\/portaltela.pt\/s.01k8rhncp4jt1\/2026\/01\/img_1200x721uu2026-01-23-18-46-45-2416890.jpg","width":796,"height":448,"caption":"Photo"},{"@type":"BreadcrumbList","@id":"https:\/\/portaltela.pt\/noticias\/2026\/01\/23\/lutador-de-ufc-desmaia-apos-pesagem-e-cai-de-cara-no-chao\/#breadcrumb","itemListElement":[{"@type":"ListItem","position":1,"name":"In\u00edcio","item":"https:\/\/portaltela.pt\/"},{"@type":"ListItem","position":2,"name":"Lutador de UFC desmaia ap\u00f3s pesagem e cai de cara no ch\u00e3o"}]},{"@type":"WebSite","@id":"https:\/\/portaltela.pt\/#website","url":"https:\/\/portaltela.pt\/","name":"Portal Tela Portugal","description":"","potentialAction":[{"@type":"SearchAction","target":{"@type":"EntryPoint","urlTemplate":"https:\/\/portaltela.pt\/?s={search_term_string}"},"query-input":{"@type":"PropertyValueSpecification","valueRequired":true,"valueName":"search_term_string"}}],"inLanguage":"pt-PT"},{"@type":"Person","@id":"https:\/\/portaltela.pt\/#\/schema\/person\/c4278d4a6028830caff9ee44b42d32ed","name":"Telinha","image":{"@type":"ImageObject","inLanguage":"pt-PT","@id":"https:\/\/portaltela.pt\/s.01k8rhncp4jt1\/2025\/11\/talking-bot-125x125.png","url":"https:\/\/portaltela.pt\/s.01k8rhncp4jt1\/2025\/11\/talking-bot-125x125.png","contentUrl":"https:\/\/portaltela.pt\/s.01k8rhncp4jt1\/2025\/11\/talking-bot-125x125.png","caption":"Telinha"},"sameAs":["https:\/\/portaltela.pt\/"],"url":"https:\/\/portaltela.pt\/por\/367410592786\/"}]}},"_links":{"self":[{"href":"https:\/\/portaltela.pt\/api\/wp\/v2\/posts\/168095","targetHints":{"allow":["GET"]}}],"collection":[{"href":"https:\/\/portaltela.pt\/api\/wp\/v2\/posts"}],"about":[{"href":"https:\/\/portaltela.pt\/api\/wp\/v2\/types\/post"}],"author":[{"embeddable":true,"href":"https:\/\/portaltela.pt\/api\/wp\/v2\/users\/2"}],"replies":[{"embeddable":true,"href":"https:\/\/portaltela.pt\/api\/wp\/v2\/comments?post=168095"}],"version-history":[{"count":0,"href":"https:\/\/portaltela.pt\/api\/wp\/v2\/posts\/168095\/revisions"}],"wp:featuredmedia":[{"embeddable":true,"href":"https:\/\/portaltela.pt\/api\/wp\/v2\/media\/168101"}],"wp:attachment":[{"href":"https:\/\/portaltela.pt\/api\/wp\/v2\/media?parent=168095"}],"wp:term":[{"taxonomy":"category","embeddable":true,"href":"https:\/\/portaltela.pt\/api\/wp\/v2\/categories?post=168095"},{"taxonomy":"post_tag","embeddable":true,"href":"https:\/\/portaltela.pt\/api\/wp\/v2\/tags?post=168095"}],"curies":[{"name":"wp","href":"https:\/\/api.w.org\/{rel}","templated":true}]}}