{"id":167973,"date":"2026-01-23T15:00:12","date_gmt":"2026-01-23T18:00:12","guid":{"rendered":"https:\/\/portaltela.pt\/noticias\/2026\/01\/23\/rui-borges-teme-impactos-de-ingrid-em-arouca-ipma-ja-tem-relatorios\/"},"modified":"2026-01-23T15:00:12","modified_gmt":"2026-01-23T18:00:12","slug":"rui-borges-teme-impactos-de-ingrid-em-arouca-ipma-ja-tem-relatorios","status":"publish","type":"post","link":"https:\/\/portaltela.pt\/desporto\/futebol\/2026\/01\/23\/rui-borges-teme-impactos-de-ingrid-em-arouca-ipma-ja-tem-relatorios\/","title":{"rendered":"Rui Borges teme impactos de Ingrid em Arouca; IPMA j\u00e1 tem relat\u00f3rios"},"content":{"rendered":"<p>O pa\u00eds atravessa um cen\u00e1rio meteorol\u00f3gico extremo, com alertas de v\u00e1rias cores e o risco de neve acima de 0 metros. No futebol, a depress\u00e3o Ingrid dominou parte da confer\u00eancia de imprensa de Rui Borges, treinador do Arouca, antes do jogo com o Sporting.<\/p>\n<p>Borges abordou as consequ\u00eancias no planeamento da equipa para a 19.\u00aa jornada, marcada para amanh\u00e3 \u00e0s 18h00. O t\u00e9cnico participou numa sess\u00e3o p\u00fablica no audit\u00f3rio Artur Agostinho, onde comentou a influ\u00eancia do mau tempo na organiza\u00e7\u00e3o da viagem, treino e prepara\u00e7\u00e3o t\u00e1tica.<\/p>\n<p>A depress\u00e3o Ingrid entrou com for\u00e7a no encontro de antevis\u00e3o, centralizando parte das perguntas e respostas. A situa\u00e7\u00e3o meteorol\u00f3gica gerou cautela entre os clubes, que j\u00e1 receberam informa\u00e7\u00f5es t\u00e9cnicas para avaliar impactos log\u00edsticos e de seguran\u00e7a antes da partida.<\/p>\n<h3>Relat\u00f3rios oficiais sobre o tempo e impactos no jogo<\/h3>\n<p>Em comunicado recebido pela Liga e pela Federa\u00e7\u00e3o Portuguesa de Futebol, a IPMA disponibilizou relat\u00f3rios com previs\u00f5es de evolu\u00e7\u00e3o clim\u00e1tica para o dia do jogo. As informa\u00e7\u00f5es permitem planeamento de hor\u00e1rios, transporte e condi\u00e7\u00f5es de atua\u00e7\u00e3o em campo.<\/p>\n<h3>Implica\u00e7\u00f5es para o encontro em Arouca<\/h3>\n<p>Ainda n\u00e3o est\u00e3o anunciadas altera\u00e7\u00f5es de hor\u00e1rios, mas dirigentes de Arouca e Sporting acompanham de perto as recomenda\u00e7\u00f5es das autoridades. O objetivo \u00e9 manter a seguran\u00e7a de jogadores, equipa t\u00e9cnica e adeptos, mantendo o confronto dentro das normas vigentes.<\/p>\n","protected":false},"excerpt":{"rendered":"<ul>\n<li>Rui Borges teme consequ\u00eancias da depress\u00e3o Ingrid em Arouca; a Liga e a Federa\u00e7\u00e3o Portuguesa de Futebol j\u00e1 t\u00eam relat\u00f3rios do IPMA.<\/li>\n<li>O pa\u00eds est\u00e1 em alerta vermelho, laranja e com possibilidade de neve abaixo de 400 metros, o que afeta os planos dos clubes.<\/li>\n<li>Na confer\u00eancia, o treinador falou sobre o impacto da depress\u00e3o Ingrid no jogo entre Arouca e Sporting, da 19.\u00aa jornada.<\/li>\n<li>O encontro Arouca-Sporting realiza-se amanh\u00e3, \u00e0s 18h00, na 19.\u00aa jornada do campeonato.<\/li>\n<li>A IPMA j\u00e1 disponibilizou relat\u00f3rios \u00e0 Liga e \u00e0 Federa\u00e7\u00e3o Portuguesa de Futebol.<\/li>\n<\/ul>\n","protected":false},"author":2,"featured_media":168023,"comment_status":"closed","ping_status":"closed","sticky":false,"template":"","format":"standard","meta":{"footnotes":""},"categories":[21,24],"tags":[900,32,3968,961,1652,1505],"class_list":["post-167973","post","type-post","status-publish","format-standard","has-post-thumbnail","hentry","category-desporto","category-futebol","tag-arouca","tag-futebol","tag-ipma","tag-logistica","tag-sporting","tag-transportes-rodoviarios"],"yoast_head":"<!-- This site is optimized with the Yoast SEO plugin v27.2 - https:\/\/yoast.com\/product\/yoast-seo-wordpress\/ -->\n<title>Rui Borges teme impactos de Ingrid em Arouca; IPMA j\u00e1 tem relat\u00f3rios - Portal Tela Portugal<\/title>\n<meta name=\"robots\" content=\"index, follow, max-snippet:-1, max-image-preview:large, max-video-preview:-1\" \/>\n<meta property=\"og:locale\" content=\"pt_PT\" \/>\n<meta property=\"og:type\" content=\"article\" \/>\n<meta property=\"og:title\" content=\"Rui Borges teme impactos de Ingrid em Arouca; IPMA j\u00e1 tem relat\u00f3rios - Portal Tela Portugal\" \/>\n<meta property=\"og:description\" content=\"Rui Borges teme consequ\u00eancias da depress\u00e3o Ingrid em Arouca; a Liga e a Federa\u00e7\u00e3o Portuguesa de Futebol j\u00e1 t\u00eam relat\u00f3rios do IPMA. O pa\u00eds est\u00e1 em alerta vermelho, laranja e com possibilidade de neve abaixo de 400 metros, o que afeta os planos dos clubes. Na confer\u00eancia, o treinador falou sobre o impacto da depress\u00e3o Ingrid no jogo entre Arouca e Sporting, da 19.\u00aa jornada. O encontro Arouca-Sporting realiza-se amanh\u00e3, \u00e0s 18h00, na 19.\u00aa jornada do campeonato. A IPMA j\u00e1 disponibilizou relat\u00f3rios \u00e0 Liga e \u00e0 Federa\u00e7\u00e3o Portuguesa de Futebol.\" \/>\n<meta property=\"og:url\" content=\"https:\/\/portaltela.pt\/noticias\/2026\/01\/23\/rui-borges-teme-impactos-de-ingrid-em-arouca-ipma-ja-tem-relatorios\/\" \/>\n<meta property=\"og:site_name\" content=\"Portal Tela Portugal\" \/>\n<meta property=\"article:published_time\" content=\"2026-01-23T18:00:12+00:00\" \/>\n<meta name=\"author\" content=\"Telinha\" \/>\n<meta name=\"twitter:card\" content=\"summary_large_image\" \/>\n<meta name=\"twitter:label1\" content=\"Escrito por\" \/>\n\t<meta name=\"twitter:data1\" content=\"Telinha\" \/>\n\t<meta name=\"twitter:label2\" content=\"Tempo estimado de leitura\" \/>\n\t<meta name=\"twitter:data2\" content=\"1 minuto\" \/>\n<script type=\"application\/ld+json\" class=\"yoast-schema-graph\">{\"@context\":\"https:\/\/schema.org\",\"@graph\":[{\"@type\":\"Article\",\"@id\":\"https:\/\/portaltela.pt\/noticias\/2026\/01\/23\/rui-borges-teme-impactos-de-ingrid-em-arouca-ipma-ja-tem-relatorios\/#article\",\"isPartOf\":{\"@id\":\"https:\/\/portaltela.pt\/noticias\/2026\/01\/23\/rui-borges-teme-impactos-de-ingrid-em-arouca-ipma-ja-tem-relatorios\/\"},\"author\":{\"name\":\"Telinha\",\"@id\":\"https:\/\/portaltela.pt\/#\/schema\/person\/c4278d4a6028830caff9ee44b42d32ed\"},\"headline\":\"Rui Borges teme impactos de Ingrid em Arouca; IPMA j\u00e1 tem relat\u00f3rios\",\"datePublished\":\"2026-01-23T18:00:12+00:00\",\"mainEntityOfPage\":{\"@id\":\"https:\/\/portaltela.pt\/noticias\/2026\/01\/23\/rui-borges-teme-impactos-de-ingrid-em-arouca-ipma-ja-tem-relatorios\/\"},\"wordCount\":269,\"image\":{\"@id\":\"https:\/\/portaltela.pt\/noticias\/2026\/01\/23\/rui-borges-teme-impactos-de-ingrid-em-arouca-ipma-ja-tem-relatorios\/#primaryimage\"},\"thumbnailUrl\":\"https:\/\/portaltela.pt\/s.01k8rhncp4jt1\/2026\/01\/img_1200x721uu2026-01-23-17-04-07-2416873.jpg\",\"keywords\":[\"Arouca\",\"futebol\",\"IPMA\",\"Log\u00edstica\",\"Sporting\",\"Transportes Rodovi\u00e1rios\"],\"articleSection\":[\"Desporto\",\"Futebol\"],\"inLanguage\":\"pt-PT\"},{\"@type\":\"WebPage\",\"@id\":\"https:\/\/portaltela.pt\/noticias\/2026\/01\/23\/rui-borges-teme-impactos-de-ingrid-em-arouca-ipma-ja-tem-relatorios\/\",\"url\":\"https:\/\/portaltela.pt\/noticias\/2026\/01\/23\/rui-borges-teme-impactos-de-ingrid-em-arouca-ipma-ja-tem-relatorios\/\",\"name\":\"Rui Borges teme impactos de Ingrid em Arouca; IPMA j\u00e1 tem relat\u00f3rios - Portal Tela Portugal\",\"isPartOf\":{\"@id\":\"https:\/\/portaltela.pt\/#website\"},\"primaryImageOfPage\":{\"@id\":\"https:\/\/portaltela.pt\/noticias\/2026\/01\/23\/rui-borges-teme-impactos-de-ingrid-em-arouca-ipma-ja-tem-relatorios\/#primaryimage\"},\"image\":{\"@id\":\"https:\/\/portaltela.pt\/noticias\/2026\/01\/23\/rui-borges-teme-impactos-de-ingrid-em-arouca-ipma-ja-tem-relatorios\/#primaryimage\"},\"thumbnailUrl\":\"https:\/\/portaltela.pt\/s.01k8rhncp4jt1\/2026\/01\/img_1200x721uu2026-01-23-17-04-07-2416873.jpg\",\"datePublished\":\"2026-01-23T18:00:12+00:00\",\"author\":{\"@id\":\"https:\/\/portaltela.pt\/#\/schema\/person\/c4278d4a6028830caff9ee44b42d32ed\"},\"breadcrumb\":{\"@id\":\"https:\/\/portaltela.pt\/noticias\/2026\/01\/23\/rui-borges-teme-impactos-de-ingrid-em-arouca-ipma-ja-tem-relatorios\/#breadcrumb\"},\"inLanguage\":\"pt-PT\",\"potentialAction\":[{\"@type\":\"ReadAction\",\"target\":[\"https:\/\/portaltela.pt\/noticias\/2026\/01\/23\/rui-borges-teme-impactos-de-ingrid-em-arouca-ipma-ja-tem-relatorios\/\"]}]},{\"@type\":\"ImageObject\",\"inLanguage\":\"pt-PT\",\"@id\":\"https:\/\/portaltela.pt\/noticias\/2026\/01\/23\/rui-borges-teme-impactos-de-ingrid-em-arouca-ipma-ja-tem-relatorios\/#primaryimage\",\"url\":\"https:\/\/portaltela.pt\/s.01k8rhncp4jt1\/2026\/01\/img_1200x721uu2026-01-23-17-04-07-2416873.jpg\",\"contentUrl\":\"https:\/\/portaltela.pt\/s.01k8rhncp4jt1\/2026\/01\/img_1200x721uu2026-01-23-17-04-07-2416873.jpg\",\"width\":796,\"height\":448,\"caption\":\"Portugal est\u00e1 em alerta m\u00e1ximo e... os treinadores mostram preocupa\u00e7\u00e3o\"},{\"@type\":\"BreadcrumbList\",\"@id\":\"https:\/\/portaltela.pt\/noticias\/2026\/01\/23\/rui-borges-teme-impactos-de-ingrid-em-arouca-ipma-ja-tem-relatorios\/#breadcrumb\",\"itemListElement\":[{\"@type\":\"ListItem\",\"position\":1,\"name\":\"In\u00edcio\",\"item\":\"https:\/\/portaltela.pt\/\"},{\"@type\":\"ListItem\",\"position\":2,\"name\":\"Rui Borges teme impactos de Ingrid em Arouca; IPMA j\u00e1 tem relat\u00f3rios\"}]},{\"@type\":\"WebSite\",\"@id\":\"https:\/\/portaltela.pt\/#website\",\"url\":\"https:\/\/portaltela.pt\/\",\"name\":\"Portal Tela Portugal\",\"description\":\"\",\"potentialAction\":[{\"@type\":\"SearchAction\",\"target\":{\"@type\":\"EntryPoint\",\"urlTemplate\":\"https:\/\/portaltela.pt\/?s={search_term_string}\"},\"query-input\":{\"@type\":\"PropertyValueSpecification\",\"valueRequired\":true,\"valueName\":\"search_term_string\"}}],\"inLanguage\":\"pt-PT\"},{\"@type\":\"Person\",\"@id\":\"https:\/\/portaltela.pt\/#\/schema\/person\/c4278d4a6028830caff9ee44b42d32ed\",\"name\":\"Telinha\",\"image\":{\"@type\":\"ImageObject\",\"inLanguage\":\"pt-PT\",\"@id\":\"https:\/\/portaltela.pt\/s.01k8rhncp4jt1\/2025\/11\/talking-bot-125x125.png\",\"url\":\"https:\/\/portaltela.pt\/s.01k8rhncp4jt1\/2025\/11\/talking-bot-125x125.png\",\"contentUrl\":\"https:\/\/portaltela.pt\/s.01k8rhncp4jt1\/2025\/11\/talking-bot-125x125.png\",\"caption\":\"Telinha\"},\"sameAs\":[\"https:\/\/portaltela.pt\/\"],\"url\":\"https:\/\/portaltela.pt\/por\/367410592786\/\"}]}<\/script>\n<!-- \/ Yoast SEO plugin. -->","yoast_head_json":{"title":"Rui Borges teme impactos de Ingrid em Arouca; IPMA j\u00e1 tem relat\u00f3rios - Portal Tela Portugal","robots":{"index":"index","follow":"follow","max-snippet":"max-snippet:-1","max-image-preview":"max-image-preview:large","max-video-preview":"max-video-preview:-1"},"og_locale":"pt_PT","og_type":"article","og_title":"Rui Borges teme impactos de Ingrid em Arouca; IPMA j\u00e1 tem relat\u00f3rios - Portal Tela Portugal","og_description":"Rui Borges teme consequ\u00eancias da depress\u00e3o Ingrid em Arouca; a Liga e a Federa\u00e7\u00e3o Portuguesa de Futebol j\u00e1 t\u00eam relat\u00f3rios do IPMA. O pa\u00eds est\u00e1 em alerta vermelho, laranja e com possibilidade de neve abaixo de 400 metros, o que afeta os planos dos clubes. Na confer\u00eancia, o treinador falou sobre o impacto da depress\u00e3o Ingrid no jogo entre Arouca e Sporting, da 19.\u00aa jornada. O encontro Arouca-Sporting realiza-se amanh\u00e3, \u00e0s 18h00, na 19.\u00aa jornada do campeonato. A IPMA j\u00e1 disponibilizou relat\u00f3rios \u00e0 Liga e \u00e0 Federa\u00e7\u00e3o Portuguesa de Futebol.","og_url":"https:\/\/portaltela.pt\/noticias\/2026\/01\/23\/rui-borges-teme-impactos-de-ingrid-em-arouca-ipma-ja-tem-relatorios\/","og_site_name":"Portal Tela Portugal","article_published_time":"2026-01-23T18:00:12+00:00","author":"Telinha","twitter_card":"summary_large_image","twitter_misc":{"Escrito por":"Telinha","Tempo estimado de leitura":"1 minuto"},"schema":{"@context":"https:\/\/schema.org","@graph":[{"@type":"Article","@id":"https:\/\/portaltela.pt\/noticias\/2026\/01\/23\/rui-borges-teme-impactos-de-ingrid-em-arouca-ipma-ja-tem-relatorios\/#article","isPartOf":{"@id":"https:\/\/portaltela.pt\/noticias\/2026\/01\/23\/rui-borges-teme-impactos-de-ingrid-em-arouca-ipma-ja-tem-relatorios\/"},"author":{"name":"Telinha","@id":"https:\/\/portaltela.pt\/#\/schema\/person\/c4278d4a6028830caff9ee44b42d32ed"},"headline":"Rui Borges teme impactos de Ingrid em Arouca; IPMA j\u00e1 tem relat\u00f3rios","datePublished":"2026-01-23T18:00:12+00:00","mainEntityOfPage":{"@id":"https:\/\/portaltela.pt\/noticias\/2026\/01\/23\/rui-borges-teme-impactos-de-ingrid-em-arouca-ipma-ja-tem-relatorios\/"},"wordCount":269,"image":{"@id":"https:\/\/portaltela.pt\/noticias\/2026\/01\/23\/rui-borges-teme-impactos-de-ingrid-em-arouca-ipma-ja-tem-relatorios\/#primaryimage"},"thumbnailUrl":"https:\/\/portaltela.pt\/s.01k8rhncp4jt1\/2026\/01\/img_1200x721uu2026-01-23-17-04-07-2416873.jpg","keywords":["Arouca","futebol","IPMA","Log\u00edstica","Sporting","Transportes Rodovi\u00e1rios"],"articleSection":["Desporto","Futebol"],"inLanguage":"pt-PT"},{"@type":"WebPage","@id":"https:\/\/portaltela.pt\/noticias\/2026\/01\/23\/rui-borges-teme-impactos-de-ingrid-em-arouca-ipma-ja-tem-relatorios\/","url":"https:\/\/portaltela.pt\/noticias\/2026\/01\/23\/rui-borges-teme-impactos-de-ingrid-em-arouca-ipma-ja-tem-relatorios\/","name":"Rui Borges teme impactos de Ingrid em Arouca; IPMA j\u00e1 tem relat\u00f3rios - Portal Tela Portugal","isPartOf":{"@id":"https:\/\/portaltela.pt\/#website"},"primaryImageOfPage":{"@id":"https:\/\/portaltela.pt\/noticias\/2026\/01\/23\/rui-borges-teme-impactos-de-ingrid-em-arouca-ipma-ja-tem-relatorios\/#primaryimage"},"image":{"@id":"https:\/\/portaltela.pt\/noticias\/2026\/01\/23\/rui-borges-teme-impactos-de-ingrid-em-arouca-ipma-ja-tem-relatorios\/#primaryimage"},"thumbnailUrl":"https:\/\/portaltela.pt\/s.01k8rhncp4jt1\/2026\/01\/img_1200x721uu2026-01-23-17-04-07-2416873.jpg","datePublished":"2026-01-23T18:00:12+00:00","author":{"@id":"https:\/\/portaltela.pt\/#\/schema\/person\/c4278d4a6028830caff9ee44b42d32ed"},"breadcrumb":{"@id":"https:\/\/portaltela.pt\/noticias\/2026\/01\/23\/rui-borges-teme-impactos-de-ingrid-em-arouca-ipma-ja-tem-relatorios\/#breadcrumb"},"inLanguage":"pt-PT","potentialAction":[{"@type":"ReadAction","target":["https:\/\/portaltela.pt\/noticias\/2026\/01\/23\/rui-borges-teme-impactos-de-ingrid-em-arouca-ipma-ja-tem-relatorios\/"]}]},{"@type":"ImageObject","inLanguage":"pt-PT","@id":"https:\/\/portaltela.pt\/noticias\/2026\/01\/23\/rui-borges-teme-impactos-de-ingrid-em-arouca-ipma-ja-tem-relatorios\/#primaryimage","url":"https:\/\/portaltela.pt\/s.01k8rhncp4jt1\/2026\/01\/img_1200x721uu2026-01-23-17-04-07-2416873.jpg","contentUrl":"https:\/\/portaltela.pt\/s.01k8rhncp4jt1\/2026\/01\/img_1200x721uu2026-01-23-17-04-07-2416873.jpg","width":796,"height":448,"caption":"Portugal est\u00e1 em alerta m\u00e1ximo e... os treinadores mostram preocupa\u00e7\u00e3o"},{"@type":"BreadcrumbList","@id":"https:\/\/portaltela.pt\/noticias\/2026\/01\/23\/rui-borges-teme-impactos-de-ingrid-em-arouca-ipma-ja-tem-relatorios\/#breadcrumb","itemListElement":[{"@type":"ListItem","position":1,"name":"In\u00edcio","item":"https:\/\/portaltela.pt\/"},{"@type":"ListItem","position":2,"name":"Rui Borges teme impactos de Ingrid em Arouca; IPMA j\u00e1 tem relat\u00f3rios"}]},{"@type":"WebSite","@id":"https:\/\/portaltela.pt\/#website","url":"https:\/\/portaltela.pt\/","name":"Portal Tela Portugal","description":"","potentialAction":[{"@type":"SearchAction","target":{"@type":"EntryPoint","urlTemplate":"https:\/\/portaltela.pt\/?s={search_term_string}"},"query-input":{"@type":"PropertyValueSpecification","valueRequired":true,"valueName":"search_term_string"}}],"inLanguage":"pt-PT"},{"@type":"Person","@id":"https:\/\/portaltela.pt\/#\/schema\/person\/c4278d4a6028830caff9ee44b42d32ed","name":"Telinha","image":{"@type":"ImageObject","inLanguage":"pt-PT","@id":"https:\/\/portaltela.pt\/s.01k8rhncp4jt1\/2025\/11\/talking-bot-125x125.png","url":"https:\/\/portaltela.pt\/s.01k8rhncp4jt1\/2025\/11\/talking-bot-125x125.png","contentUrl":"https:\/\/portaltela.pt\/s.01k8rhncp4jt1\/2025\/11\/talking-bot-125x125.png","caption":"Telinha"},"sameAs":["https:\/\/portaltela.pt\/"],"url":"https:\/\/portaltela.pt\/por\/367410592786\/"}]}},"_links":{"self":[{"href":"https:\/\/portaltela.pt\/api\/wp\/v2\/posts\/167973","targetHints":{"allow":["GET"]}}],"collection":[{"href":"https:\/\/portaltela.pt\/api\/wp\/v2\/posts"}],"about":[{"href":"https:\/\/portaltela.pt\/api\/wp\/v2\/types\/post"}],"author":[{"embeddable":true,"href":"https:\/\/portaltela.pt\/api\/wp\/v2\/users\/2"}],"replies":[{"embeddable":true,"href":"https:\/\/portaltela.pt\/api\/wp\/v2\/comments?post=167973"}],"version-history":[{"count":0,"href":"https:\/\/portaltela.pt\/api\/wp\/v2\/posts\/167973\/revisions"}],"wp:featuredmedia":[{"embeddable":true,"href":"https:\/\/portaltela.pt\/api\/wp\/v2\/media\/168023"}],"wp:attachment":[{"href":"https:\/\/portaltela.pt\/api\/wp\/v2\/media?parent=167973"}],"wp:term":[{"taxonomy":"category","embeddable":true,"href":"https:\/\/portaltela.pt\/api\/wp\/v2\/categories?post=167973"},{"taxonomy":"post_tag","embeddable":true,"href":"https:\/\/portaltela.pt\/api\/wp\/v2\/tags?post=167973"}],"curies":[{"name":"wp","href":"https:\/\/api.w.org\/{rel}","templated":true}]}}