{"id":167965,"date":"2026-01-23T15:07:00","date_gmt":"2026-01-23T18:07:00","guid":{"rendered":"https:\/\/portaltela.pt\/noticias\/2026\/01\/23\/iraque-pede-repatriacao-de-membros-europeus-do-daesh\/"},"modified":"2026-01-23T15:07:00","modified_gmt":"2026-01-23T18:07:00","slug":"iraque-pede-repatriacao-de-membros-europeus-do-daesh","status":"publish","type":"post","link":"https:\/\/portaltela.pt\/noticias\/2026\/01\/23\/iraque-pede-repatriacao-de-membros-europeus-do-daesh\/","title":{"rendered":"Iraque pede repatria\u00e7\u00e3o de membros europeus do Daesh"},"content":{"rendered":"<p>O primeiro-ministro do Iraque, Mohammed Shia al-Sudani, pediu aos pa\u00edses europeus para repatriarem cidad\u00e3os seus que integram o grupo extremista EI, agora prisioneiros no Iraque. O apelo chegou numa conversa telef\u00f3nica com o presidente franc\u00eas, Emmanuel Macron, confirmou o gabinete de Sudani \u00e0 AFP.<\/p>\n<p>A troca de palavras ocorreu num momento em que os Estados Unidos iniciaram a transfer\u00eancia de cerca de 7.000 prisioneiros do EI, desde a S\u00edria para o Iraque. Entre os primeiros 150 detidos estavam europeus, segundo dois respons\u00e1veis de seguran\u00e7a iraquianos.<\/p>\n<p>Sudani refor\u00e7ou que pa\u00edses de todo o mundo, incluindo membros da Uni\u00e3o Europeia, devem assumir responsabilidades e apresentar os detidos \u00e0 justi\u00e7a, lembrando que s\u00e3o nacionais dos seus Estados.<\/p>\n<p>Sob press\u00e3o do ex\u00e9rcito s\u00edrio, as For\u00e7as Democr\u00e1ticas S\u00edrias retiraram-se de pris\u00f5es onde estavam combatentes do EI e de campos que acolhiam as fam\u00edlias dos detidos, no nordeste da S\u00edria. As FDS foram a principal for\u00e7a contra o EI na regi\u00e3o.<\/p>\n<p>As autoridades curdas capturaram milhares de combatentes do grupo, que controlou um califado entre o Iraque e a S\u00edria at\u00e9 2019, com apoio de uma coliga\u00e7\u00e3o liderada pelos EUA. A retirada ocorreu enquanto for\u00e7as s\u00edrias entraram no campo de Al-Hol ap\u00f3s a sa\u00edda das FDS.<\/p>\n<p>Segundo testemunhas, v\u00e1rios detidos aproveitaram o \u201cvazio de seguran\u00e7a\u201d no campo de Al-Hol para fugir, sem n\u00fameros oficiais sobre as nacionalidades envolvidas. O campo acolhe mais de 23.000 pessoas, principalmente mulheres e crian\u00e7as, entre as quais dezenas de milhares de s\u00edrios e iraquianos.<\/p>\n<p>Al\u00e9m dos iraquianos, h\u00e1 6.280 estrangeiros no campo, maioritariamente de origem \u00e1rabe e asi\u00e1tica, com um menor contingente ocidental. O ACNUR tem feito desloca\u00e7\u00f5es limitadas devido \u00e0 instabilidade local, mas entregou \u00e1gua e planeia retomar a distribui\u00e7\u00e3o de p\u00e3o.<\/p>\n<p>O ACNUR assumiu a gest\u00e3o de Al-Hol a 1 de janeiro, antes do conflito atual. Organiza\u00e7\u00f5es humanit\u00e1rias que operavam l\u00e1 retiraram-se, com relatos de centros incendiados pelos detidos. Um segundo campo menor, Roj, est\u00e1 sob controlo das FDS e abriga 2.328 pessoas, principalmente estrangeiros.<\/p>\n<p>O cessar-fogo entre o ex\u00e9rcito s\u00edrio e as FDS tem sido respeitado globalmente, segundo a AFP. Sob o acordo, centenas de combatentes curdos foram retirados sob guarda s\u00edria de uma pris\u00e3o no norte do pa\u00eds.<\/p>\n","protected":false},"excerpt":{"rendered":"<ul>\n<li>O primeiro-ministro do Iraque, Mohammed Shia al-Sudani, pediu aos pa\u00edses europeus que repatriem os seus cidad\u00e3os \u2014 membros do Daesh \u2014 transferidos para o Iraque como prisioneiros.<\/li>\n<li>O apelo foi feito numa conversa telef\u00f3nica com o presidente franc\u00eas, Emmanuel Macron, segundo um comunicado do gabinete de Sudani citado pela AFP.<\/li>\n<li>Os Estados Unidos iniciaram esta semana a transfer\u00eancia de sete mil prisioneiros do Daesh da S\u00edria para o Iraque; entre os primeiros 150 detidos estavam europeus, disseram dois respons\u00e1veis de seguran\u00e7a iraquianos.<\/li>\n<li>As For\u00e7as Democr\u00e1ticas S\u00edrias retiraram-se das pris\u00f5es e campos no nordeste da S\u00edria, incluindo o maior campo de familiares de extremistas, Al-Hol, gerindo um \u201cvazio de seguran\u00e7a\u201d que facilitou fugas, segundo fontes citadas pela AFP.<\/li>\n<li>O campo de Al-Hol acolhe mais de vinte e tr\u00eas mil pessoas, em sua maioria mulheres e crian\u00e7as, com cerca de quinze mil s\u00edrios e mais de 2.200 iraquianos; a Uni\u00e3o Europeia expressou preocupa\u00e7\u00e3o com as fugas e as autoridades s\u00edrias continuam a tomar decis\u00f5es de seguran\u00e7a.<\/li>\n<\/ul>\n","protected":false},"author":2,"featured_media":168001,"comment_status":"closed","ping_status":"closed","sticky":false,"template":"","format":"standard","meta":{"footnotes":""},"categories":[1],"tags":[4019,3395,3625,712,3786,2055],"class_list":["post-167965","post","type-post","status-publish","format-standard","has-post-thumbnail","hentry","category-noticias","tag-acnur","tag-daesh","tag-estado-islamico","tag-imigracao","tag-refugiados-internos","tag-uniao-europeia"],"yoast_head":"<!-- This site is optimized with the Yoast SEO plugin v27.2 - https:\/\/yoast.com\/product\/yoast-seo-wordpress\/ -->\n<title>Iraque pede repatria\u00e7\u00e3o de membros europeus do Daesh - Portal Tela Portugal<\/title>\n<meta name=\"robots\" content=\"index, follow, max-snippet:-1, max-image-preview:large, max-video-preview:-1\" \/>\n<meta property=\"og:locale\" content=\"pt_PT\" \/>\n<meta property=\"og:type\" content=\"article\" \/>\n<meta property=\"og:title\" content=\"Iraque pede repatria\u00e7\u00e3o de membros europeus do Daesh - Portal Tela Portugal\" \/>\n<meta property=\"og:description\" content=\"O primeiro-ministro do Iraque, Mohammed Shia al-Sudani, pediu aos pa\u00edses europeus que repatriem os seus cidad\u00e3os \u2014 membros do Daesh \u2014 transferidos para o Iraque como prisioneiros. O apelo foi feito numa conversa telef\u00f3nica com o presidente franc\u00eas, Emmanuel Macron, segundo um comunicado do gabinete de Sudani citado pela AFP. Os Estados Unidos iniciaram esta semana a transfer\u00eancia de sete mil prisioneiros do Daesh da S\u00edria para o Iraque; entre os primeiros 150 detidos estavam europeus, disseram dois respons\u00e1veis de seguran\u00e7a iraquianos. As For\u00e7as Democr\u00e1ticas S\u00edrias retiraram-se das pris\u00f5es e campos no nordeste da S\u00edria, incluindo o maior campo de familiares de extremistas, Al-Hol, gerindo um \u201cvazio de seguran\u00e7a\u201d que facilitou fugas, segundo fontes citadas pela AFP. O campo de Al-Hol acolhe mais de vinte e tr\u00eas mil pessoas, em sua maioria mulheres e crian\u00e7as, com cerca de quinze mil s\u00edrios e mais de 2.200 iraquianos; a Uni\u00e3o Europeia expressou preocupa\u00e7\u00e3o com as fugas e as autoridades s\u00edrias continuam a tomar decis\u00f5es de seguran\u00e7a.\" \/>\n<meta property=\"og:url\" content=\"https:\/\/portaltela.pt\/noticias\/2026\/01\/23\/iraque-pede-repatriacao-de-membros-europeus-do-daesh\/\" \/>\n<meta property=\"og:site_name\" content=\"Portal Tela Portugal\" \/>\n<meta property=\"article:published_time\" content=\"2026-01-23T18:07:00+00:00\" \/>\n<meta name=\"author\" content=\"Telinha\" \/>\n<meta name=\"twitter:card\" content=\"summary_large_image\" \/>\n<meta name=\"twitter:label1\" content=\"Escrito por\" \/>\n\t<meta name=\"twitter:data1\" content=\"Telinha\" \/>\n\t<meta name=\"twitter:label2\" content=\"Tempo estimado de leitura\" \/>\n\t<meta name=\"twitter:data2\" content=\"2 minutos\" \/>\n<script type=\"application\/ld+json\" class=\"yoast-schema-graph\">{\"@context\":\"https:\/\/schema.org\",\"@graph\":[{\"@type\":\"Article\",\"@id\":\"https:\/\/portaltela.pt\/noticias\/2026\/01\/23\/iraque-pede-repatriacao-de-membros-europeus-do-daesh\/#article\",\"isPartOf\":{\"@id\":\"https:\/\/portaltela.pt\/noticias\/2026\/01\/23\/iraque-pede-repatriacao-de-membros-europeus-do-daesh\/\"},\"author\":{\"name\":\"Telinha\",\"@id\":\"https:\/\/portaltela.pt\/#\/schema\/person\/c4278d4a6028830caff9ee44b42d32ed\"},\"headline\":\"Iraque pede repatria\u00e7\u00e3o de membros europeus do Daesh\",\"datePublished\":\"2026-01-23T18:07:00+00:00\",\"mainEntityOfPage\":{\"@id\":\"https:\/\/portaltela.pt\/noticias\/2026\/01\/23\/iraque-pede-repatriacao-de-membros-europeus-do-daesh\/\"},\"wordCount\":408,\"image\":{\"@id\":\"https:\/\/portaltela.pt\/noticias\/2026\/01\/23\/iraque-pede-repatriacao-de-membros-europeus-do-daesh\/#primaryimage\"},\"thumbnailUrl\":\"https:\/\/portaltela.pt\/s.01k8rhncp4jt1\/2026\/01\/46010430-1.jpg\",\"keywords\":[\"ACNUR\",\"Daesh\",\"Estado Isl\u00e2mico\",\"imigra\u00e7\u00e3o\",\"refugiados internos\",\"Uni\u00e3o Europeia\"],\"articleSection\":[\"Not\u00edcias\"],\"inLanguage\":\"pt-PT\"},{\"@type\":\"WebPage\",\"@id\":\"https:\/\/portaltela.pt\/noticias\/2026\/01\/23\/iraque-pede-repatriacao-de-membros-europeus-do-daesh\/\",\"url\":\"https:\/\/portaltela.pt\/noticias\/2026\/01\/23\/iraque-pede-repatriacao-de-membros-europeus-do-daesh\/\",\"name\":\"Iraque pede repatria\u00e7\u00e3o de membros europeus do Daesh - Portal Tela Portugal\",\"isPartOf\":{\"@id\":\"https:\/\/portaltela.pt\/#website\"},\"primaryImageOfPage\":{\"@id\":\"https:\/\/portaltela.pt\/noticias\/2026\/01\/23\/iraque-pede-repatriacao-de-membros-europeus-do-daesh\/#primaryimage\"},\"image\":{\"@id\":\"https:\/\/portaltela.pt\/noticias\/2026\/01\/23\/iraque-pede-repatriacao-de-membros-europeus-do-daesh\/#primaryimage\"},\"thumbnailUrl\":\"https:\/\/portaltela.pt\/s.01k8rhncp4jt1\/2026\/01\/46010430-1.jpg\",\"datePublished\":\"2026-01-23T18:07:00+00:00\",\"author\":{\"@id\":\"https:\/\/portaltela.pt\/#\/schema\/person\/c4278d4a6028830caff9ee44b42d32ed\"},\"breadcrumb\":{\"@id\":\"https:\/\/portaltela.pt\/noticias\/2026\/01\/23\/iraque-pede-repatriacao-de-membros-europeus-do-daesh\/#breadcrumb\"},\"inLanguage\":\"pt-PT\",\"potentialAction\":[{\"@type\":\"ReadAction\",\"target\":[\"https:\/\/portaltela.pt\/noticias\/2026\/01\/23\/iraque-pede-repatriacao-de-membros-europeus-do-daesh\/\"]}]},{\"@type\":\"ImageObject\",\"inLanguage\":\"pt-PT\",\"@id\":\"https:\/\/portaltela.pt\/noticias\/2026\/01\/23\/iraque-pede-repatriacao-de-membros-europeus-do-daesh\/#primaryimage\",\"url\":\"https:\/\/portaltela.pt\/s.01k8rhncp4jt1\/2026\/01\/46010430-1.jpg\",\"contentUrl\":\"https:\/\/portaltela.pt\/s.01k8rhncp4jt1\/2026\/01\/46010430-1.jpg\",\"width\":796,\"height\":448,\"caption\":\"EUA enviaram cerca de 7 mil presos para o Iraque\"},{\"@type\":\"BreadcrumbList\",\"@id\":\"https:\/\/portaltela.pt\/noticias\/2026\/01\/23\/iraque-pede-repatriacao-de-membros-europeus-do-daesh\/#breadcrumb\",\"itemListElement\":[{\"@type\":\"ListItem\",\"position\":1,\"name\":\"In\u00edcio\",\"item\":\"https:\/\/portaltela.pt\/\"},{\"@type\":\"ListItem\",\"position\":2,\"name\":\"Iraque pede repatria\u00e7\u00e3o de membros europeus do Daesh\"}]},{\"@type\":\"WebSite\",\"@id\":\"https:\/\/portaltela.pt\/#website\",\"url\":\"https:\/\/portaltela.pt\/\",\"name\":\"Portal Tela Portugal\",\"description\":\"\",\"potentialAction\":[{\"@type\":\"SearchAction\",\"target\":{\"@type\":\"EntryPoint\",\"urlTemplate\":\"https:\/\/portaltela.pt\/?s={search_term_string}\"},\"query-input\":{\"@type\":\"PropertyValueSpecification\",\"valueRequired\":true,\"valueName\":\"search_term_string\"}}],\"inLanguage\":\"pt-PT\"},{\"@type\":\"Person\",\"@id\":\"https:\/\/portaltela.pt\/#\/schema\/person\/c4278d4a6028830caff9ee44b42d32ed\",\"name\":\"Telinha\",\"image\":{\"@type\":\"ImageObject\",\"inLanguage\":\"pt-PT\",\"@id\":\"https:\/\/portaltela.pt\/s.01k8rhncp4jt1\/2025\/11\/talking-bot-125x125.png\",\"url\":\"https:\/\/portaltela.pt\/s.01k8rhncp4jt1\/2025\/11\/talking-bot-125x125.png\",\"contentUrl\":\"https:\/\/portaltela.pt\/s.01k8rhncp4jt1\/2025\/11\/talking-bot-125x125.png\",\"caption\":\"Telinha\"},\"sameAs\":[\"https:\/\/portaltela.pt\/\"],\"url\":\"https:\/\/portaltela.pt\/por\/367410592786\/\"}]}<\/script>\n<!-- \/ Yoast SEO plugin. -->","yoast_head_json":{"title":"Iraque pede repatria\u00e7\u00e3o de membros europeus do Daesh - Portal Tela Portugal","robots":{"index":"index","follow":"follow","max-snippet":"max-snippet:-1","max-image-preview":"max-image-preview:large","max-video-preview":"max-video-preview:-1"},"og_locale":"pt_PT","og_type":"article","og_title":"Iraque pede repatria\u00e7\u00e3o de membros europeus do Daesh - Portal Tela Portugal","og_description":"O primeiro-ministro do Iraque, Mohammed Shia al-Sudani, pediu aos pa\u00edses europeus que repatriem os seus cidad\u00e3os \u2014 membros do Daesh \u2014 transferidos para o Iraque como prisioneiros. O apelo foi feito numa conversa telef\u00f3nica com o presidente franc\u00eas, Emmanuel Macron, segundo um comunicado do gabinete de Sudani citado pela AFP. Os Estados Unidos iniciaram esta semana a transfer\u00eancia de sete mil prisioneiros do Daesh da S\u00edria para o Iraque; entre os primeiros 150 detidos estavam europeus, disseram dois respons\u00e1veis de seguran\u00e7a iraquianos. As For\u00e7as Democr\u00e1ticas S\u00edrias retiraram-se das pris\u00f5es e campos no nordeste da S\u00edria, incluindo o maior campo de familiares de extremistas, Al-Hol, gerindo um \u201cvazio de seguran\u00e7a\u201d que facilitou fugas, segundo fontes citadas pela AFP. O campo de Al-Hol acolhe mais de vinte e tr\u00eas mil pessoas, em sua maioria mulheres e crian\u00e7as, com cerca de quinze mil s\u00edrios e mais de 2.200 iraquianos; a Uni\u00e3o Europeia expressou preocupa\u00e7\u00e3o com as fugas e as autoridades s\u00edrias continuam a tomar decis\u00f5es de seguran\u00e7a.","og_url":"https:\/\/portaltela.pt\/noticias\/2026\/01\/23\/iraque-pede-repatriacao-de-membros-europeus-do-daesh\/","og_site_name":"Portal Tela Portugal","article_published_time":"2026-01-23T18:07:00+00:00","author":"Telinha","twitter_card":"summary_large_image","twitter_misc":{"Escrito por":"Telinha","Tempo estimado de leitura":"2 minutos"},"schema":{"@context":"https:\/\/schema.org","@graph":[{"@type":"Article","@id":"https:\/\/portaltela.pt\/noticias\/2026\/01\/23\/iraque-pede-repatriacao-de-membros-europeus-do-daesh\/#article","isPartOf":{"@id":"https:\/\/portaltela.pt\/noticias\/2026\/01\/23\/iraque-pede-repatriacao-de-membros-europeus-do-daesh\/"},"author":{"name":"Telinha","@id":"https:\/\/portaltela.pt\/#\/schema\/person\/c4278d4a6028830caff9ee44b42d32ed"},"headline":"Iraque pede repatria\u00e7\u00e3o de membros europeus do Daesh","datePublished":"2026-01-23T18:07:00+00:00","mainEntityOfPage":{"@id":"https:\/\/portaltela.pt\/noticias\/2026\/01\/23\/iraque-pede-repatriacao-de-membros-europeus-do-daesh\/"},"wordCount":408,"image":{"@id":"https:\/\/portaltela.pt\/noticias\/2026\/01\/23\/iraque-pede-repatriacao-de-membros-europeus-do-daesh\/#primaryimage"},"thumbnailUrl":"https:\/\/portaltela.pt\/s.01k8rhncp4jt1\/2026\/01\/46010430-1.jpg","keywords":["ACNUR","Daesh","Estado Isl\u00e2mico","imigra\u00e7\u00e3o","refugiados internos","Uni\u00e3o Europeia"],"articleSection":["Not\u00edcias"],"inLanguage":"pt-PT"},{"@type":"WebPage","@id":"https:\/\/portaltela.pt\/noticias\/2026\/01\/23\/iraque-pede-repatriacao-de-membros-europeus-do-daesh\/","url":"https:\/\/portaltela.pt\/noticias\/2026\/01\/23\/iraque-pede-repatriacao-de-membros-europeus-do-daesh\/","name":"Iraque pede repatria\u00e7\u00e3o de membros europeus do Daesh - Portal Tela Portugal","isPartOf":{"@id":"https:\/\/portaltela.pt\/#website"},"primaryImageOfPage":{"@id":"https:\/\/portaltela.pt\/noticias\/2026\/01\/23\/iraque-pede-repatriacao-de-membros-europeus-do-daesh\/#primaryimage"},"image":{"@id":"https:\/\/portaltela.pt\/noticias\/2026\/01\/23\/iraque-pede-repatriacao-de-membros-europeus-do-daesh\/#primaryimage"},"thumbnailUrl":"https:\/\/portaltela.pt\/s.01k8rhncp4jt1\/2026\/01\/46010430-1.jpg","datePublished":"2026-01-23T18:07:00+00:00","author":{"@id":"https:\/\/portaltela.pt\/#\/schema\/person\/c4278d4a6028830caff9ee44b42d32ed"},"breadcrumb":{"@id":"https:\/\/portaltela.pt\/noticias\/2026\/01\/23\/iraque-pede-repatriacao-de-membros-europeus-do-daesh\/#breadcrumb"},"inLanguage":"pt-PT","potentialAction":[{"@type":"ReadAction","target":["https:\/\/portaltela.pt\/noticias\/2026\/01\/23\/iraque-pede-repatriacao-de-membros-europeus-do-daesh\/"]}]},{"@type":"ImageObject","inLanguage":"pt-PT","@id":"https:\/\/portaltela.pt\/noticias\/2026\/01\/23\/iraque-pede-repatriacao-de-membros-europeus-do-daesh\/#primaryimage","url":"https:\/\/portaltela.pt\/s.01k8rhncp4jt1\/2026\/01\/46010430-1.jpg","contentUrl":"https:\/\/portaltela.pt\/s.01k8rhncp4jt1\/2026\/01\/46010430-1.jpg","width":796,"height":448,"caption":"EUA enviaram cerca de 7 mil presos para o Iraque"},{"@type":"BreadcrumbList","@id":"https:\/\/portaltela.pt\/noticias\/2026\/01\/23\/iraque-pede-repatriacao-de-membros-europeus-do-daesh\/#breadcrumb","itemListElement":[{"@type":"ListItem","position":1,"name":"In\u00edcio","item":"https:\/\/portaltela.pt\/"},{"@type":"ListItem","position":2,"name":"Iraque pede repatria\u00e7\u00e3o de membros europeus do Daesh"}]},{"@type":"WebSite","@id":"https:\/\/portaltela.pt\/#website","url":"https:\/\/portaltela.pt\/","name":"Portal Tela Portugal","description":"","potentialAction":[{"@type":"SearchAction","target":{"@type":"EntryPoint","urlTemplate":"https:\/\/portaltela.pt\/?s={search_term_string}"},"query-input":{"@type":"PropertyValueSpecification","valueRequired":true,"valueName":"search_term_string"}}],"inLanguage":"pt-PT"},{"@type":"Person","@id":"https:\/\/portaltela.pt\/#\/schema\/person\/c4278d4a6028830caff9ee44b42d32ed","name":"Telinha","image":{"@type":"ImageObject","inLanguage":"pt-PT","@id":"https:\/\/portaltela.pt\/s.01k8rhncp4jt1\/2025\/11\/talking-bot-125x125.png","url":"https:\/\/portaltela.pt\/s.01k8rhncp4jt1\/2025\/11\/talking-bot-125x125.png","contentUrl":"https:\/\/portaltela.pt\/s.01k8rhncp4jt1\/2025\/11\/talking-bot-125x125.png","caption":"Telinha"},"sameAs":["https:\/\/portaltela.pt\/"],"url":"https:\/\/portaltela.pt\/por\/367410592786\/"}]}},"_links":{"self":[{"href":"https:\/\/portaltela.pt\/api\/wp\/v2\/posts\/167965","targetHints":{"allow":["GET"]}}],"collection":[{"href":"https:\/\/portaltela.pt\/api\/wp\/v2\/posts"}],"about":[{"href":"https:\/\/portaltela.pt\/api\/wp\/v2\/types\/post"}],"author":[{"embeddable":true,"href":"https:\/\/portaltela.pt\/api\/wp\/v2\/users\/2"}],"replies":[{"embeddable":true,"href":"https:\/\/portaltela.pt\/api\/wp\/v2\/comments?post=167965"}],"version-history":[{"count":0,"href":"https:\/\/portaltela.pt\/api\/wp\/v2\/posts\/167965\/revisions"}],"wp:featuredmedia":[{"embeddable":true,"href":"https:\/\/portaltela.pt\/api\/wp\/v2\/media\/168001"}],"wp:attachment":[{"href":"https:\/\/portaltela.pt\/api\/wp\/v2\/media?parent=167965"}],"wp:term":[{"taxonomy":"category","embeddable":true,"href":"https:\/\/portaltela.pt\/api\/wp\/v2\/categories?post=167965"},{"taxonomy":"post_tag","embeddable":true,"href":"https:\/\/portaltela.pt\/api\/wp\/v2\/tags?post=167965"}],"curies":[{"name":"wp","href":"https:\/\/api.w.org\/{rel}","templated":true}]}}