{"id":167949,"date":"2026-01-23T15:06:20","date_gmt":"2026-01-23T18:06:20","guid":{"rendered":"https:\/\/portaltela.pt\/noticias\/2026\/01\/23\/arbitragens-para-a-19-a-jornada-da-divisao-de-honra-da-afvr\/"},"modified":"2026-01-23T15:06:20","modified_gmt":"2026-01-23T18:06:20","slug":"arbitragens-para-a-19-a-jornada-da-divisao-de-honra-da-afvr","status":"publish","type":"post","link":"https:\/\/portaltela.pt\/desporto\/futebol\/2026\/01\/23\/arbitragens-para-a-19-a-jornada-da-divisao-de-honra-da-afvr\/","title":{"rendered":"Arbitragens para a 19.\u00aa jornada da Divis\u00e3o de Honra da AFVR"},"content":{"rendered":"<p>O Conselho de Arbitragem da Associa\u00e7\u00e3o de Futebol de Vila Real (AFVR) divulgou as equipas de arbitragem para a 19.\u00aa jornada da Divis\u00e3o de Honra, que se realiza no dia 25 de janeiro. O conjunto de nomea\u00e7\u00f5es abrange oito jogos da ronda.<\/p>\n<p>No domingo, 25 de janeiro, \u00e0s 15:00, disputam-se Santa Marta \u2013 R\u00e9gua, com o \u00e1rbitro Dylan Brito e assistentes Jorge Silva e Filipe Cachide. O duelo abre a lista de partidas da jornada.<\/p>\n<p>Seguem-se Mondinense \u2013 Mes\u00e3o Frio, com o \u00e1rbitro Jos\u00e9 Carvalho e assistentes Tiago Mota e Miguel Ferreira; Vidago \u2013 Atei, com Henrique Sousa e assistentes Jorge Capela e Gon\u00e7alo Alves.<\/p>\n<p>Depois vem Valpa\u00e7os \u2013 Constantim, sob a dire\u00e7\u00e3o de Sergio Sousa, com assistentes Bruno Domingos e Filipe Silva; Fontelas \u2013 Cerva, com Sergio Faceira e assistentes Jo\u00e3o Moreira e Diogo Pereira.<\/p>\n<p>Na sequ\u00eancia, Sabroso \u2013 Pedras Salgadas tem Carlos Leite como \u00e1rbitro, com Ruben Fernandes e Hugo Zineira como assistentes; Abambres \u2013 Vila Pouca \u00e9 coordenado por Andr\u00e9 Santos, com Fernando Nunes e Gon\u00e7alo Sim\u00f5es.<\/p>\n<p>Por fim, Montalegre \u2013 Cumieira aparece como jogo adiado, com data a designar. O Conselho de Arbitragem mant\u00e9m a designa\u00e7\u00e3o pendente para este encontro.<\/p>\n","protected":false},"excerpt":{"rendered":"<ul>\n<li>Santa Marta \u2013 R\u00e9gua, \u00e1rbitro Dylan Brito; assistentes Jorge Silva e Filipe Cachide (25 de janeiro, 15:00).<\/li>\n<li>Mondinense \u2013 Mes\u00e3o Frio, \u00e1rbitro Jos\u00e9 Carvalho; assistentes Tiago Mota e Miguel Ferreira; Vidago \u2013 Atei, \u00e1rbitro Henrique Sousa; assistentes Jorge Capela e Gon\u00e7alo Alves (25 de janeiro, 15:00).<\/li>\n<li>Valpa\u00e7os \u2013 Constantim, \u00e1rbitro Sergio Sousa; assistentes Bruno Domingos e Filipe Silva; Fontelas \u2013 Cerva, \u00e1rbitro Sergio Faceira; assistentes Jo\u00e3o Moreira e Diogo Pereira (25 de janeiro, 15:00).<\/li>\n<li>Sabroso \u2013 Pedras Salgadas, \u00e1rbitro Carlos Leite; assistentes Ruben Fernandes e Hugo Zineira; Abambres \u2013 Vila Pouca, \u00e1rbitro Andr\u00e9 Santos; assistentes Fernando Nunes e Gon\u00e7alo Sim\u00f5es (25 de janeiro, 15:00).<\/li>\n<li>Montalegre \u2013 Cumieira (Adiado | Data a designar).<\/li>\n<\/ul>\n","protected":false},"author":2,"featured_media":168004,"comment_status":"closed","ping_status":"closed","sticky":false,"template":"","format":"standard","meta":{"footnotes":""},"categories":[21,24],"tags":[1289,2887,32,1393,1391,2884],"class_list":["post-167949","post","type-post","status-publish","format-standard","has-post-thumbnail","hentry","category-desporto","category-futebol","tag-arbitragem","tag-divisao-de-honra-serie-a","tag-futebol","tag-pedras-salgadas","tag-regua","tag-vidago"],"yoast_head":"<!-- This site is optimized with the Yoast SEO plugin v27.2 - https:\/\/yoast.com\/product\/yoast-seo-wordpress\/ -->\n<title>Arbitragens para a 19.\u00aa jornada da Divis\u00e3o de Honra da AFVR - Portal Tela Portugal<\/title>\n<meta name=\"robots\" content=\"index, follow, max-snippet:-1, max-image-preview:large, max-video-preview:-1\" \/>\n<meta property=\"og:locale\" content=\"pt_PT\" \/>\n<meta property=\"og:type\" content=\"article\" \/>\n<meta property=\"og:title\" content=\"Arbitragens para a 19.\u00aa jornada da Divis\u00e3o de Honra da AFVR - Portal Tela Portugal\" \/>\n<meta property=\"og:description\" content=\"Santa Marta \u2013 R\u00e9gua, \u00e1rbitro Dylan Brito; assistentes Jorge Silva e Filipe Cachide (25 de janeiro, 15:00). Mondinense \u2013 Mes\u00e3o Frio, \u00e1rbitro Jos\u00e9 Carvalho; assistentes Tiago Mota e Miguel Ferreira; Vidago \u2013 Atei, \u00e1rbitro Henrique Sousa; assistentes Jorge Capela e Gon\u00e7alo Alves (25 de janeiro, 15:00). Valpa\u00e7os \u2013 Constantim, \u00e1rbitro Sergio Sousa; assistentes Bruno Domingos e Filipe Silva; Fontelas \u2013 Cerva, \u00e1rbitro Sergio Faceira; assistentes Jo\u00e3o Moreira e Diogo Pereira (25 de janeiro, 15:00). Sabroso \u2013 Pedras Salgadas, \u00e1rbitro Carlos Leite; assistentes Ruben Fernandes e Hugo Zineira; Abambres \u2013 Vila Pouca, \u00e1rbitro Andr\u00e9 Santos; assistentes Fernando Nunes e Gon\u00e7alo Sim\u00f5es (25 de janeiro, 15:00). Montalegre \u2013 Cumieira (Adiado | Data a designar).\" \/>\n<meta property=\"og:url\" content=\"https:\/\/portaltela.pt\/noticias\/2026\/01\/23\/arbitragens-para-a-19-a-jornada-da-divisao-de-honra-da-afvr\/\" \/>\n<meta property=\"og:site_name\" content=\"Portal Tela Portugal\" \/>\n<meta property=\"article:published_time\" content=\"2026-01-23T18:06:20+00:00\" \/>\n<meta name=\"author\" content=\"Telinha\" \/>\n<meta name=\"twitter:card\" content=\"summary_large_image\" \/>\n<meta name=\"twitter:label1\" content=\"Escrito por\" \/>\n\t<meta name=\"twitter:data1\" content=\"Telinha\" \/>\n\t<meta name=\"twitter:label2\" content=\"Tempo estimado de leitura\" \/>\n\t<meta name=\"twitter:data2\" content=\"1 minuto\" \/>\n<script type=\"application\/ld+json\" class=\"yoast-schema-graph\">{\"@context\":\"https:\/\/schema.org\",\"@graph\":[{\"@type\":\"Article\",\"@id\":\"https:\/\/portaltela.pt\/noticias\/2026\/01\/23\/arbitragens-para-a-19-a-jornada-da-divisao-de-honra-da-afvr\/#article\",\"isPartOf\":{\"@id\":\"https:\/\/portaltela.pt\/noticias\/2026\/01\/23\/arbitragens-para-a-19-a-jornada-da-divisao-de-honra-da-afvr\/\"},\"author\":{\"name\":\"Telinha\",\"@id\":\"https:\/\/portaltela.pt\/#\/schema\/person\/c4278d4a6028830caff9ee44b42d32ed\"},\"headline\":\"Arbitragens para a 19.\u00aa jornada da Divis\u00e3o de Honra da AFVR\",\"datePublished\":\"2026-01-23T18:06:20+00:00\",\"mainEntityOfPage\":{\"@id\":\"https:\/\/portaltela.pt\/noticias\/2026\/01\/23\/arbitragens-para-a-19-a-jornada-da-divisao-de-honra-da-afvr\/\"},\"wordCount\":206,\"image\":{\"@id\":\"https:\/\/portaltela.pt\/noticias\/2026\/01\/23\/arbitragens-para-a-19-a-jornada-da-divisao-de-honra-da-afvr\/#primaryimage\"},\"thumbnailUrl\":\"https:\/\/portaltela.pt\/s.01k8rhncp4jt1\/2026\/01\/unnamed-file-4833.jpg\",\"keywords\":[\"arbitragem\",\"Divis\u00e3o de Honra \u2013 S\u00e9rie A\",\"futebol\",\"Pedras Salgadas\",\"R\u00e9gua\",\"Vidago\"],\"articleSection\":[\"Desporto\",\"Futebol\"],\"inLanguage\":\"pt-PT\"},{\"@type\":\"WebPage\",\"@id\":\"https:\/\/portaltela.pt\/noticias\/2026\/01\/23\/arbitragens-para-a-19-a-jornada-da-divisao-de-honra-da-afvr\/\",\"url\":\"https:\/\/portaltela.pt\/noticias\/2026\/01\/23\/arbitragens-para-a-19-a-jornada-da-divisao-de-honra-da-afvr\/\",\"name\":\"Arbitragens para a 19.\u00aa jornada da Divis\u00e3o de Honra da AFVR - Portal Tela Portugal\",\"isPartOf\":{\"@id\":\"https:\/\/portaltela.pt\/#website\"},\"primaryImageOfPage\":{\"@id\":\"https:\/\/portaltela.pt\/noticias\/2026\/01\/23\/arbitragens-para-a-19-a-jornada-da-divisao-de-honra-da-afvr\/#primaryimage\"},\"image\":{\"@id\":\"https:\/\/portaltela.pt\/noticias\/2026\/01\/23\/arbitragens-para-a-19-a-jornada-da-divisao-de-honra-da-afvr\/#primaryimage\"},\"thumbnailUrl\":\"https:\/\/portaltela.pt\/s.01k8rhncp4jt1\/2026\/01\/unnamed-file-4833.jpg\",\"datePublished\":\"2026-01-23T18:06:20+00:00\",\"author\":{\"@id\":\"https:\/\/portaltela.pt\/#\/schema\/person\/c4278d4a6028830caff9ee44b42d32ed\"},\"breadcrumb\":{\"@id\":\"https:\/\/portaltela.pt\/noticias\/2026\/01\/23\/arbitragens-para-a-19-a-jornada-da-divisao-de-honra-da-afvr\/#breadcrumb\"},\"inLanguage\":\"pt-PT\",\"potentialAction\":[{\"@type\":\"ReadAction\",\"target\":[\"https:\/\/portaltela.pt\/noticias\/2026\/01\/23\/arbitragens-para-a-19-a-jornada-da-divisao-de-honra-da-afvr\/\"]}]},{\"@type\":\"ImageObject\",\"inLanguage\":\"pt-PT\",\"@id\":\"https:\/\/portaltela.pt\/noticias\/2026\/01\/23\/arbitragens-para-a-19-a-jornada-da-divisao-de-honra-da-afvr\/#primaryimage\",\"url\":\"https:\/\/portaltela.pt\/s.01k8rhncp4jt1\/2026\/01\/unnamed-file-4833.jpg\",\"contentUrl\":\"https:\/\/portaltela.pt\/s.01k8rhncp4jt1\/2026\/01\/unnamed-file-4833.jpg\",\"width\":796,\"height\":448,\"caption\":\"AFVR: As nomea\u00e7\u00f5es dos \u00e1rbitros para a 34\u00aa jornada da Divis\u00e3o de Honra\"},{\"@type\":\"BreadcrumbList\",\"@id\":\"https:\/\/portaltela.pt\/noticias\/2026\/01\/23\/arbitragens-para-a-19-a-jornada-da-divisao-de-honra-da-afvr\/#breadcrumb\",\"itemListElement\":[{\"@type\":\"ListItem\",\"position\":1,\"name\":\"In\u00edcio\",\"item\":\"https:\/\/portaltela.pt\/\"},{\"@type\":\"ListItem\",\"position\":2,\"name\":\"Arbitragens para a 19.\u00aa jornada da Divis\u00e3o de Honra da AFVR\"}]},{\"@type\":\"WebSite\",\"@id\":\"https:\/\/portaltela.pt\/#website\",\"url\":\"https:\/\/portaltela.pt\/\",\"name\":\"Portal Tela Portugal\",\"description\":\"\",\"potentialAction\":[{\"@type\":\"SearchAction\",\"target\":{\"@type\":\"EntryPoint\",\"urlTemplate\":\"https:\/\/portaltela.pt\/?s={search_term_string}\"},\"query-input\":{\"@type\":\"PropertyValueSpecification\",\"valueRequired\":true,\"valueName\":\"search_term_string\"}}],\"inLanguage\":\"pt-PT\"},{\"@type\":\"Person\",\"@id\":\"https:\/\/portaltela.pt\/#\/schema\/person\/c4278d4a6028830caff9ee44b42d32ed\",\"name\":\"Telinha\",\"image\":{\"@type\":\"ImageObject\",\"inLanguage\":\"pt-PT\",\"@id\":\"https:\/\/portaltela.pt\/s.01k8rhncp4jt1\/2025\/11\/talking-bot-125x125.png\",\"url\":\"https:\/\/portaltela.pt\/s.01k8rhncp4jt1\/2025\/11\/talking-bot-125x125.png\",\"contentUrl\":\"https:\/\/portaltela.pt\/s.01k8rhncp4jt1\/2025\/11\/talking-bot-125x125.png\",\"caption\":\"Telinha\"},\"sameAs\":[\"https:\/\/portaltela.pt\/\"],\"url\":\"https:\/\/portaltela.pt\/por\/367410592786\/\"}]}<\/script>\n<!-- \/ Yoast SEO plugin. -->","yoast_head_json":{"title":"Arbitragens para a 19.\u00aa jornada da Divis\u00e3o de Honra da AFVR - Portal Tela Portugal","robots":{"index":"index","follow":"follow","max-snippet":"max-snippet:-1","max-image-preview":"max-image-preview:large","max-video-preview":"max-video-preview:-1"},"og_locale":"pt_PT","og_type":"article","og_title":"Arbitragens para a 19.\u00aa jornada da Divis\u00e3o de Honra da AFVR - Portal Tela Portugal","og_description":"Santa Marta \u2013 R\u00e9gua, \u00e1rbitro Dylan Brito; assistentes Jorge Silva e Filipe Cachide (25 de janeiro, 15:00). Mondinense \u2013 Mes\u00e3o Frio, \u00e1rbitro Jos\u00e9 Carvalho; assistentes Tiago Mota e Miguel Ferreira; Vidago \u2013 Atei, \u00e1rbitro Henrique Sousa; assistentes Jorge Capela e Gon\u00e7alo Alves (25 de janeiro, 15:00). Valpa\u00e7os \u2013 Constantim, \u00e1rbitro Sergio Sousa; assistentes Bruno Domingos e Filipe Silva; Fontelas \u2013 Cerva, \u00e1rbitro Sergio Faceira; assistentes Jo\u00e3o Moreira e Diogo Pereira (25 de janeiro, 15:00). Sabroso \u2013 Pedras Salgadas, \u00e1rbitro Carlos Leite; assistentes Ruben Fernandes e Hugo Zineira; Abambres \u2013 Vila Pouca, \u00e1rbitro Andr\u00e9 Santos; assistentes Fernando Nunes e Gon\u00e7alo Sim\u00f5es (25 de janeiro, 15:00). Montalegre \u2013 Cumieira (Adiado | Data a designar).","og_url":"https:\/\/portaltela.pt\/noticias\/2026\/01\/23\/arbitragens-para-a-19-a-jornada-da-divisao-de-honra-da-afvr\/","og_site_name":"Portal Tela Portugal","article_published_time":"2026-01-23T18:06:20+00:00","author":"Telinha","twitter_card":"summary_large_image","twitter_misc":{"Escrito por":"Telinha","Tempo estimado de leitura":"1 minuto"},"schema":{"@context":"https:\/\/schema.org","@graph":[{"@type":"Article","@id":"https:\/\/portaltela.pt\/noticias\/2026\/01\/23\/arbitragens-para-a-19-a-jornada-da-divisao-de-honra-da-afvr\/#article","isPartOf":{"@id":"https:\/\/portaltela.pt\/noticias\/2026\/01\/23\/arbitragens-para-a-19-a-jornada-da-divisao-de-honra-da-afvr\/"},"author":{"name":"Telinha","@id":"https:\/\/portaltela.pt\/#\/schema\/person\/c4278d4a6028830caff9ee44b42d32ed"},"headline":"Arbitragens para a 19.\u00aa jornada da Divis\u00e3o de Honra da AFVR","datePublished":"2026-01-23T18:06:20+00:00","mainEntityOfPage":{"@id":"https:\/\/portaltela.pt\/noticias\/2026\/01\/23\/arbitragens-para-a-19-a-jornada-da-divisao-de-honra-da-afvr\/"},"wordCount":206,"image":{"@id":"https:\/\/portaltela.pt\/noticias\/2026\/01\/23\/arbitragens-para-a-19-a-jornada-da-divisao-de-honra-da-afvr\/#primaryimage"},"thumbnailUrl":"https:\/\/portaltela.pt\/s.01k8rhncp4jt1\/2026\/01\/unnamed-file-4833.jpg","keywords":["arbitragem","Divis\u00e3o de Honra \u2013 S\u00e9rie A","futebol","Pedras Salgadas","R\u00e9gua","Vidago"],"articleSection":["Desporto","Futebol"],"inLanguage":"pt-PT"},{"@type":"WebPage","@id":"https:\/\/portaltela.pt\/noticias\/2026\/01\/23\/arbitragens-para-a-19-a-jornada-da-divisao-de-honra-da-afvr\/","url":"https:\/\/portaltela.pt\/noticias\/2026\/01\/23\/arbitragens-para-a-19-a-jornada-da-divisao-de-honra-da-afvr\/","name":"Arbitragens para a 19.\u00aa jornada da Divis\u00e3o de Honra da AFVR - Portal Tela Portugal","isPartOf":{"@id":"https:\/\/portaltela.pt\/#website"},"primaryImageOfPage":{"@id":"https:\/\/portaltela.pt\/noticias\/2026\/01\/23\/arbitragens-para-a-19-a-jornada-da-divisao-de-honra-da-afvr\/#primaryimage"},"image":{"@id":"https:\/\/portaltela.pt\/noticias\/2026\/01\/23\/arbitragens-para-a-19-a-jornada-da-divisao-de-honra-da-afvr\/#primaryimage"},"thumbnailUrl":"https:\/\/portaltela.pt\/s.01k8rhncp4jt1\/2026\/01\/unnamed-file-4833.jpg","datePublished":"2026-01-23T18:06:20+00:00","author":{"@id":"https:\/\/portaltela.pt\/#\/schema\/person\/c4278d4a6028830caff9ee44b42d32ed"},"breadcrumb":{"@id":"https:\/\/portaltela.pt\/noticias\/2026\/01\/23\/arbitragens-para-a-19-a-jornada-da-divisao-de-honra-da-afvr\/#breadcrumb"},"inLanguage":"pt-PT","potentialAction":[{"@type":"ReadAction","target":["https:\/\/portaltela.pt\/noticias\/2026\/01\/23\/arbitragens-para-a-19-a-jornada-da-divisao-de-honra-da-afvr\/"]}]},{"@type":"ImageObject","inLanguage":"pt-PT","@id":"https:\/\/portaltela.pt\/noticias\/2026\/01\/23\/arbitragens-para-a-19-a-jornada-da-divisao-de-honra-da-afvr\/#primaryimage","url":"https:\/\/portaltela.pt\/s.01k8rhncp4jt1\/2026\/01\/unnamed-file-4833.jpg","contentUrl":"https:\/\/portaltela.pt\/s.01k8rhncp4jt1\/2026\/01\/unnamed-file-4833.jpg","width":796,"height":448,"caption":"AFVR: As nomea\u00e7\u00f5es dos \u00e1rbitros para a 34\u00aa jornada da Divis\u00e3o de Honra"},{"@type":"BreadcrumbList","@id":"https:\/\/portaltela.pt\/noticias\/2026\/01\/23\/arbitragens-para-a-19-a-jornada-da-divisao-de-honra-da-afvr\/#breadcrumb","itemListElement":[{"@type":"ListItem","position":1,"name":"In\u00edcio","item":"https:\/\/portaltela.pt\/"},{"@type":"ListItem","position":2,"name":"Arbitragens para a 19.\u00aa jornada da Divis\u00e3o de Honra da AFVR"}]},{"@type":"WebSite","@id":"https:\/\/portaltela.pt\/#website","url":"https:\/\/portaltela.pt\/","name":"Portal Tela Portugal","description":"","potentialAction":[{"@type":"SearchAction","target":{"@type":"EntryPoint","urlTemplate":"https:\/\/portaltela.pt\/?s={search_term_string}"},"query-input":{"@type":"PropertyValueSpecification","valueRequired":true,"valueName":"search_term_string"}}],"inLanguage":"pt-PT"},{"@type":"Person","@id":"https:\/\/portaltela.pt\/#\/schema\/person\/c4278d4a6028830caff9ee44b42d32ed","name":"Telinha","image":{"@type":"ImageObject","inLanguage":"pt-PT","@id":"https:\/\/portaltela.pt\/s.01k8rhncp4jt1\/2025\/11\/talking-bot-125x125.png","url":"https:\/\/portaltela.pt\/s.01k8rhncp4jt1\/2025\/11\/talking-bot-125x125.png","contentUrl":"https:\/\/portaltela.pt\/s.01k8rhncp4jt1\/2025\/11\/talking-bot-125x125.png","caption":"Telinha"},"sameAs":["https:\/\/portaltela.pt\/"],"url":"https:\/\/portaltela.pt\/por\/367410592786\/"}]}},"_links":{"self":[{"href":"https:\/\/portaltela.pt\/api\/wp\/v2\/posts\/167949","targetHints":{"allow":["GET"]}}],"collection":[{"href":"https:\/\/portaltela.pt\/api\/wp\/v2\/posts"}],"about":[{"href":"https:\/\/portaltela.pt\/api\/wp\/v2\/types\/post"}],"author":[{"embeddable":true,"href":"https:\/\/portaltela.pt\/api\/wp\/v2\/users\/2"}],"replies":[{"embeddable":true,"href":"https:\/\/portaltela.pt\/api\/wp\/v2\/comments?post=167949"}],"version-history":[{"count":0,"href":"https:\/\/portaltela.pt\/api\/wp\/v2\/posts\/167949\/revisions"}],"wp:featuredmedia":[{"embeddable":true,"href":"https:\/\/portaltela.pt\/api\/wp\/v2\/media\/168004"}],"wp:attachment":[{"href":"https:\/\/portaltela.pt\/api\/wp\/v2\/media?parent=167949"}],"wp:term":[{"taxonomy":"category","embeddable":true,"href":"https:\/\/portaltela.pt\/api\/wp\/v2\/categories?post=167949"},{"taxonomy":"post_tag","embeddable":true,"href":"https:\/\/portaltela.pt\/api\/wp\/v2\/tags?post=167949"}],"curies":[{"name":"wp","href":"https:\/\/api.w.org\/{rel}","templated":true}]}}