{"id":167946,"date":"2026-01-23T15:07:02","date_gmt":"2026-01-23T18:07:02","guid":{"rendered":"https:\/\/portaltela.pt\/noticias\/2026\/01\/23\/ugt-prepara-contraproposta-ao-governo-em-breve\/"},"modified":"2026-01-23T15:07:02","modified_gmt":"2026-01-23T18:07:02","slug":"ugt-prepara-contraproposta-ao-governo-em-breve","status":"publish","type":"post","link":"https:\/\/portaltela.pt\/noticias\/2026\/01\/23\/ugt-prepara-contraproposta-ao-governo-em-breve\/","title":{"rendered":"UGT prepara contraproposta ao Governo em breve"},"content":{"rendered":"<p>A UGT est\u00e1 a finalizar uma contraproposta ao Governo sobre a lei laboral, anunciando que a entregar\u00e1 em breve. A proposta surge ap\u00f3s a greve geral de 11 de dezembro e a apresenta\u00e7\u00e3o de uma nova proposta governamental, que a central considera insuficiente para desconvocar o protesto. As negocia\u00e7\u00f5es est\u00e3o, por ora, paradas.<\/p>\n<p>O Governo j\u00e1 tinha apresentado uma vers\u00e3o alterada do anteprojeto de julho. Mesmo assim, a UGT afirmou que o documento \u00e9 inadequado e que a contraproposta incluir\u00e1 conte\u00fados n\u00e3o constantes do texto original. A entrega dever\u00e1 ocorrer num curto prazo, segundo o secret\u00e1rio-geral adjunto da UGT.<\/p>\n<p>A dire\u00e7\u00e3o da UGT mencionou que a data de envio n\u00e3o depende apenas da Concerta\u00e7\u00e3o Social, pois solicitou uma reuni\u00e3o plen\u00e1ria para discutir tamb\u00e9m sal\u00e1rios, rendimentos e mat\u00e9ria fiscal. Enquanto isso, as negocia\u00e7\u00f5es bilaterais com o Governo continuam suspensas, manteram os interlocutores.<\/p>\n<h3>Conte\u00fados da contraproposta e perspetivas<\/h3>\n<p>A proposta em prepara\u00e7\u00e3o pode incluir altera\u00e7\u00f5es v\u00e1rias ao texto governamental, por\u00e9m alguns pontos controversos mant\u00eam-se, como registo de banco de horas, limita\u00e7\u00f5es \u00e0 reintegra\u00e7\u00e3o de trabalhadores e altera\u00e7\u00f5es \u00e0 legisla\u00e7\u00e3o de greve. A retirada completa do texto n\u00e3o est\u00e1 em an\u00e1lise.<\/p>\n<p>O Governo afirmou n\u00e3o estar dispon\u00edvel para retirar toda a proposta, mantendo as &#8220;traves mestras&#8221; do anteprojeto, mas mostrou abertura ao di\u00e1logo e \u00e0 extens\u00e3o de prazos para aprecia\u00e7\u00e3o. A ministra do Trabalho j\u00e1 sublinhou que o calend\u00e1rio depende da din\u00e2mica da Concerta\u00e7\u00e3o Social.<\/p>\n","protected":false},"excerpt":{"rendered":"<ul>\n<li>A UGT est\u00e1 a finalizar uma contraproposta \u00e0 lei laboral apresentada pelo Governo e pretende entreg\u00e1-la ao Executivo em breve.<\/li>\n<li>A greve geral de 11 de dezembro levou o Governo a apresentar uma proposta; a UGT considerou-a \u201cmuito pouco\u201d para desconvocar a paralisa\u00e7\u00e3o e indicou que vai responder.<\/li>\n<li>As negocia\u00e7\u00f5es bilaterais est\u00e3o paradas; a UGT pediu a marca\u00e7\u00e3o de uma reuni\u00e3o plen\u00e1ria da Concerta\u00e7\u00e3o Social para discutir v\u00e1rios temas, n\u00e3o apenas a legisla\u00e7\u00e3o laboral.<\/li>\n<li>A nova proposta do Governo manteve medidas controversas, como o regresso do banco de horas individual, a revoga\u00e7\u00e3o de restri\u00e7\u00f5es ao outsourcing em despedimento e altera\u00e7\u00f5es \u00e0 lei da greve; algumas ced\u00eancias foram feitas.<\/li>\n<li>Ap\u00f3s a greve, a ministra do Trabalho reuniu-se com a UGT, que reiterou a inten\u00e7\u00e3o de apresentar uma contraproposta, enquanto o Governo rejeita retirar toda a proposta e mant\u00e9m as suas traves mestras.<\/li>\n<\/ul>\n","protected":false},"author":2,"featured_media":168055,"comment_status":"closed","ping_status":"closed","sticky":false,"template":"","format":"standard","meta":{"footnotes":""},"categories":[1],"tags":[4024,2431,34,1164,156,2201],"class_list":["post-167946","post","type-post","status-publish","format-standard","has-post-thumbnail","hentry","category-noticias","tag-banco-de-horas","tag-concertacao-social","tag-governo","tag-greve","tag-rendimentos","tag-trabalho"],"yoast_head":"<!-- This site is optimized with the Yoast SEO plugin v27.2 - https:\/\/yoast.com\/product\/yoast-seo-wordpress\/ -->\n<title>UGT prepara contraproposta ao Governo em breve - Portal Tela Portugal<\/title>\n<meta name=\"robots\" content=\"index, follow, max-snippet:-1, max-image-preview:large, max-video-preview:-1\" \/>\n<meta property=\"og:locale\" content=\"pt_PT\" \/>\n<meta property=\"og:type\" content=\"article\" \/>\n<meta property=\"og:title\" content=\"UGT prepara contraproposta ao Governo em breve - Portal Tela Portugal\" \/>\n<meta property=\"og:description\" content=\"A UGT est\u00e1 a finalizar uma contraproposta \u00e0 lei laboral apresentada pelo Governo e pretende entreg\u00e1-la ao Executivo em breve. A greve geral de 11 de dezembro levou o Governo a apresentar uma proposta; a UGT considerou-a \u201cmuito pouco\u201d para desconvocar a paralisa\u00e7\u00e3o e indicou que vai responder. As negocia\u00e7\u00f5es bilaterais est\u00e3o paradas; a UGT pediu a marca\u00e7\u00e3o de uma reuni\u00e3o plen\u00e1ria da Concerta\u00e7\u00e3o Social para discutir v\u00e1rios temas, n\u00e3o apenas a legisla\u00e7\u00e3o laboral. A nova proposta do Governo manteve medidas controversas, como o regresso do banco de horas individual, a revoga\u00e7\u00e3o de restri\u00e7\u00f5es ao outsourcing em despedimento e altera\u00e7\u00f5es \u00e0 lei da greve; algumas ced\u00eancias foram feitas. Ap\u00f3s a greve, a ministra do Trabalho reuniu-se com a UGT, que reiterou a inten\u00e7\u00e3o de apresentar uma contraproposta, enquanto o Governo rejeita retirar toda a proposta e mant\u00e9m as suas traves mestras.\" \/>\n<meta property=\"og:url\" content=\"https:\/\/portaltela.pt\/noticias\/2026\/01\/23\/ugt-prepara-contraproposta-ao-governo-em-breve\/\" \/>\n<meta property=\"og:site_name\" content=\"Portal Tela Portugal\" \/>\n<meta property=\"article:published_time\" content=\"2026-01-23T18:07:02+00:00\" \/>\n<meta name=\"author\" content=\"Telinha\" \/>\n<meta name=\"twitter:card\" content=\"summary_large_image\" \/>\n<meta name=\"twitter:label1\" content=\"Escrito por\" \/>\n\t<meta name=\"twitter:data1\" content=\"Telinha\" \/>\n\t<meta name=\"twitter:label2\" content=\"Tempo estimado de leitura\" \/>\n\t<meta name=\"twitter:data2\" content=\"1 minuto\" \/>\n<script type=\"application\/ld+json\" class=\"yoast-schema-graph\">{\"@context\":\"https:\/\/schema.org\",\"@graph\":[{\"@type\":\"Article\",\"@id\":\"https:\/\/portaltela.pt\/noticias\/2026\/01\/23\/ugt-prepara-contraproposta-ao-governo-em-breve\/#article\",\"isPartOf\":{\"@id\":\"https:\/\/portaltela.pt\/noticias\/2026\/01\/23\/ugt-prepara-contraproposta-ao-governo-em-breve\/\"},\"author\":{\"name\":\"Telinha\",\"@id\":\"https:\/\/portaltela.pt\/#\/schema\/person\/c4278d4a6028830caff9ee44b42d32ed\"},\"headline\":\"UGT prepara contraproposta ao Governo em breve\",\"datePublished\":\"2026-01-23T18:07:02+00:00\",\"mainEntityOfPage\":{\"@id\":\"https:\/\/portaltela.pt\/noticias\/2026\/01\/23\/ugt-prepara-contraproposta-ao-governo-em-breve\/\"},\"wordCount\":271,\"image\":{\"@id\":\"https:\/\/portaltela.pt\/noticias\/2026\/01\/23\/ugt-prepara-contraproposta-ao-governo-em-breve\/#primaryimage\"},\"thumbnailUrl\":\"https:\/\/portaltela.pt\/s.01k8rhncp4jt1\/2026\/01\/unnamed-file-4837.jpg\",\"keywords\":[\"banco de horas\",\"Concerta\u00e7\u00e3o Social\",\"governo\",\"greve\",\"rendimentos\",\"trabalho\"],\"articleSection\":[\"Not\u00edcias\"],\"inLanguage\":\"pt-PT\"},{\"@type\":\"WebPage\",\"@id\":\"https:\/\/portaltela.pt\/noticias\/2026\/01\/23\/ugt-prepara-contraproposta-ao-governo-em-breve\/\",\"url\":\"https:\/\/portaltela.pt\/noticias\/2026\/01\/23\/ugt-prepara-contraproposta-ao-governo-em-breve\/\",\"name\":\"UGT prepara contraproposta ao Governo em breve - Portal Tela Portugal\",\"isPartOf\":{\"@id\":\"https:\/\/portaltela.pt\/#website\"},\"primaryImageOfPage\":{\"@id\":\"https:\/\/portaltela.pt\/noticias\/2026\/01\/23\/ugt-prepara-contraproposta-ao-governo-em-breve\/#primaryimage\"},\"image\":{\"@id\":\"https:\/\/portaltela.pt\/noticias\/2026\/01\/23\/ugt-prepara-contraproposta-ao-governo-em-breve\/#primaryimage\"},\"thumbnailUrl\":\"https:\/\/portaltela.pt\/s.01k8rhncp4jt1\/2026\/01\/unnamed-file-4837.jpg\",\"datePublished\":\"2026-01-23T18:07:02+00:00\",\"author\":{\"@id\":\"https:\/\/portaltela.pt\/#\/schema\/person\/c4278d4a6028830caff9ee44b42d32ed\"},\"breadcrumb\":{\"@id\":\"https:\/\/portaltela.pt\/noticias\/2026\/01\/23\/ugt-prepara-contraproposta-ao-governo-em-breve\/#breadcrumb\"},\"inLanguage\":\"pt-PT\",\"potentialAction\":[{\"@type\":\"ReadAction\",\"target\":[\"https:\/\/portaltela.pt\/noticias\/2026\/01\/23\/ugt-prepara-contraproposta-ao-governo-em-breve\/\"]}]},{\"@type\":\"ImageObject\",\"inLanguage\":\"pt-PT\",\"@id\":\"https:\/\/portaltela.pt\/noticias\/2026\/01\/23\/ugt-prepara-contraproposta-ao-governo-em-breve\/#primaryimage\",\"url\":\"https:\/\/portaltela.pt\/s.01k8rhncp4jt1\/2026\/01\/unnamed-file-4837.jpg\",\"contentUrl\":\"https:\/\/portaltela.pt\/s.01k8rhncp4jt1\/2026\/01\/unnamed-file-4837.jpg\",\"width\":796,\"height\":448,\"caption\":\"UGT vai reunir e depois enviar proposta ao Governo\"},{\"@type\":\"BreadcrumbList\",\"@id\":\"https:\/\/portaltela.pt\/noticias\/2026\/01\/23\/ugt-prepara-contraproposta-ao-governo-em-breve\/#breadcrumb\",\"itemListElement\":[{\"@type\":\"ListItem\",\"position\":1,\"name\":\"In\u00edcio\",\"item\":\"https:\/\/portaltela.pt\/\"},{\"@type\":\"ListItem\",\"position\":2,\"name\":\"UGT prepara contraproposta ao Governo em breve\"}]},{\"@type\":\"WebSite\",\"@id\":\"https:\/\/portaltela.pt\/#website\",\"url\":\"https:\/\/portaltela.pt\/\",\"name\":\"Portal Tela Portugal\",\"description\":\"\",\"potentialAction\":[{\"@type\":\"SearchAction\",\"target\":{\"@type\":\"EntryPoint\",\"urlTemplate\":\"https:\/\/portaltela.pt\/?s={search_term_string}\"},\"query-input\":{\"@type\":\"PropertyValueSpecification\",\"valueRequired\":true,\"valueName\":\"search_term_string\"}}],\"inLanguage\":\"pt-PT\"},{\"@type\":\"Person\",\"@id\":\"https:\/\/portaltela.pt\/#\/schema\/person\/c4278d4a6028830caff9ee44b42d32ed\",\"name\":\"Telinha\",\"image\":{\"@type\":\"ImageObject\",\"inLanguage\":\"pt-PT\",\"@id\":\"https:\/\/portaltela.pt\/s.01k8rhncp4jt1\/2025\/11\/talking-bot-125x125.png\",\"url\":\"https:\/\/portaltela.pt\/s.01k8rhncp4jt1\/2025\/11\/talking-bot-125x125.png\",\"contentUrl\":\"https:\/\/portaltela.pt\/s.01k8rhncp4jt1\/2025\/11\/talking-bot-125x125.png\",\"caption\":\"Telinha\"},\"sameAs\":[\"https:\/\/portaltela.pt\/\"],\"url\":\"https:\/\/portaltela.pt\/por\/367410592786\/\"}]}<\/script>\n<!-- \/ Yoast SEO plugin. -->","yoast_head_json":{"title":"UGT prepara contraproposta ao Governo em breve - Portal Tela Portugal","robots":{"index":"index","follow":"follow","max-snippet":"max-snippet:-1","max-image-preview":"max-image-preview:large","max-video-preview":"max-video-preview:-1"},"og_locale":"pt_PT","og_type":"article","og_title":"UGT prepara contraproposta ao Governo em breve - Portal Tela Portugal","og_description":"A UGT est\u00e1 a finalizar uma contraproposta \u00e0 lei laboral apresentada pelo Governo e pretende entreg\u00e1-la ao Executivo em breve. A greve geral de 11 de dezembro levou o Governo a apresentar uma proposta; a UGT considerou-a \u201cmuito pouco\u201d para desconvocar a paralisa\u00e7\u00e3o e indicou que vai responder. As negocia\u00e7\u00f5es bilaterais est\u00e3o paradas; a UGT pediu a marca\u00e7\u00e3o de uma reuni\u00e3o plen\u00e1ria da Concerta\u00e7\u00e3o Social para discutir v\u00e1rios temas, n\u00e3o apenas a legisla\u00e7\u00e3o laboral. A nova proposta do Governo manteve medidas controversas, como o regresso do banco de horas individual, a revoga\u00e7\u00e3o de restri\u00e7\u00f5es ao outsourcing em despedimento e altera\u00e7\u00f5es \u00e0 lei da greve; algumas ced\u00eancias foram feitas. Ap\u00f3s a greve, a ministra do Trabalho reuniu-se com a UGT, que reiterou a inten\u00e7\u00e3o de apresentar uma contraproposta, enquanto o Governo rejeita retirar toda a proposta e mant\u00e9m as suas traves mestras.","og_url":"https:\/\/portaltela.pt\/noticias\/2026\/01\/23\/ugt-prepara-contraproposta-ao-governo-em-breve\/","og_site_name":"Portal Tela Portugal","article_published_time":"2026-01-23T18:07:02+00:00","author":"Telinha","twitter_card":"summary_large_image","twitter_misc":{"Escrito por":"Telinha","Tempo estimado de leitura":"1 minuto"},"schema":{"@context":"https:\/\/schema.org","@graph":[{"@type":"Article","@id":"https:\/\/portaltela.pt\/noticias\/2026\/01\/23\/ugt-prepara-contraproposta-ao-governo-em-breve\/#article","isPartOf":{"@id":"https:\/\/portaltela.pt\/noticias\/2026\/01\/23\/ugt-prepara-contraproposta-ao-governo-em-breve\/"},"author":{"name":"Telinha","@id":"https:\/\/portaltela.pt\/#\/schema\/person\/c4278d4a6028830caff9ee44b42d32ed"},"headline":"UGT prepara contraproposta ao Governo em breve","datePublished":"2026-01-23T18:07:02+00:00","mainEntityOfPage":{"@id":"https:\/\/portaltela.pt\/noticias\/2026\/01\/23\/ugt-prepara-contraproposta-ao-governo-em-breve\/"},"wordCount":271,"image":{"@id":"https:\/\/portaltela.pt\/noticias\/2026\/01\/23\/ugt-prepara-contraproposta-ao-governo-em-breve\/#primaryimage"},"thumbnailUrl":"https:\/\/portaltela.pt\/s.01k8rhncp4jt1\/2026\/01\/unnamed-file-4837.jpg","keywords":["banco de horas","Concerta\u00e7\u00e3o Social","governo","greve","rendimentos","trabalho"],"articleSection":["Not\u00edcias"],"inLanguage":"pt-PT"},{"@type":"WebPage","@id":"https:\/\/portaltela.pt\/noticias\/2026\/01\/23\/ugt-prepara-contraproposta-ao-governo-em-breve\/","url":"https:\/\/portaltela.pt\/noticias\/2026\/01\/23\/ugt-prepara-contraproposta-ao-governo-em-breve\/","name":"UGT prepara contraproposta ao Governo em breve - Portal Tela Portugal","isPartOf":{"@id":"https:\/\/portaltela.pt\/#website"},"primaryImageOfPage":{"@id":"https:\/\/portaltela.pt\/noticias\/2026\/01\/23\/ugt-prepara-contraproposta-ao-governo-em-breve\/#primaryimage"},"image":{"@id":"https:\/\/portaltela.pt\/noticias\/2026\/01\/23\/ugt-prepara-contraproposta-ao-governo-em-breve\/#primaryimage"},"thumbnailUrl":"https:\/\/portaltela.pt\/s.01k8rhncp4jt1\/2026\/01\/unnamed-file-4837.jpg","datePublished":"2026-01-23T18:07:02+00:00","author":{"@id":"https:\/\/portaltela.pt\/#\/schema\/person\/c4278d4a6028830caff9ee44b42d32ed"},"breadcrumb":{"@id":"https:\/\/portaltela.pt\/noticias\/2026\/01\/23\/ugt-prepara-contraproposta-ao-governo-em-breve\/#breadcrumb"},"inLanguage":"pt-PT","potentialAction":[{"@type":"ReadAction","target":["https:\/\/portaltela.pt\/noticias\/2026\/01\/23\/ugt-prepara-contraproposta-ao-governo-em-breve\/"]}]},{"@type":"ImageObject","inLanguage":"pt-PT","@id":"https:\/\/portaltela.pt\/noticias\/2026\/01\/23\/ugt-prepara-contraproposta-ao-governo-em-breve\/#primaryimage","url":"https:\/\/portaltela.pt\/s.01k8rhncp4jt1\/2026\/01\/unnamed-file-4837.jpg","contentUrl":"https:\/\/portaltela.pt\/s.01k8rhncp4jt1\/2026\/01\/unnamed-file-4837.jpg","width":796,"height":448,"caption":"UGT vai reunir e depois enviar proposta ao Governo"},{"@type":"BreadcrumbList","@id":"https:\/\/portaltela.pt\/noticias\/2026\/01\/23\/ugt-prepara-contraproposta-ao-governo-em-breve\/#breadcrumb","itemListElement":[{"@type":"ListItem","position":1,"name":"In\u00edcio","item":"https:\/\/portaltela.pt\/"},{"@type":"ListItem","position":2,"name":"UGT prepara contraproposta ao Governo em breve"}]},{"@type":"WebSite","@id":"https:\/\/portaltela.pt\/#website","url":"https:\/\/portaltela.pt\/","name":"Portal Tela Portugal","description":"","potentialAction":[{"@type":"SearchAction","target":{"@type":"EntryPoint","urlTemplate":"https:\/\/portaltela.pt\/?s={search_term_string}"},"query-input":{"@type":"PropertyValueSpecification","valueRequired":true,"valueName":"search_term_string"}}],"inLanguage":"pt-PT"},{"@type":"Person","@id":"https:\/\/portaltela.pt\/#\/schema\/person\/c4278d4a6028830caff9ee44b42d32ed","name":"Telinha","image":{"@type":"ImageObject","inLanguage":"pt-PT","@id":"https:\/\/portaltela.pt\/s.01k8rhncp4jt1\/2025\/11\/talking-bot-125x125.png","url":"https:\/\/portaltela.pt\/s.01k8rhncp4jt1\/2025\/11\/talking-bot-125x125.png","contentUrl":"https:\/\/portaltela.pt\/s.01k8rhncp4jt1\/2025\/11\/talking-bot-125x125.png","caption":"Telinha"},"sameAs":["https:\/\/portaltela.pt\/"],"url":"https:\/\/portaltela.pt\/por\/367410592786\/"}]}},"_links":{"self":[{"href":"https:\/\/portaltela.pt\/api\/wp\/v2\/posts\/167946","targetHints":{"allow":["GET"]}}],"collection":[{"href":"https:\/\/portaltela.pt\/api\/wp\/v2\/posts"}],"about":[{"href":"https:\/\/portaltela.pt\/api\/wp\/v2\/types\/post"}],"author":[{"embeddable":true,"href":"https:\/\/portaltela.pt\/api\/wp\/v2\/users\/2"}],"replies":[{"embeddable":true,"href":"https:\/\/portaltela.pt\/api\/wp\/v2\/comments?post=167946"}],"version-history":[{"count":0,"href":"https:\/\/portaltela.pt\/api\/wp\/v2\/posts\/167946\/revisions"}],"wp:featuredmedia":[{"embeddable":true,"href":"https:\/\/portaltela.pt\/api\/wp\/v2\/media\/168055"}],"wp:attachment":[{"href":"https:\/\/portaltela.pt\/api\/wp\/v2\/media?parent=167946"}],"wp:term":[{"taxonomy":"category","embeddable":true,"href":"https:\/\/portaltela.pt\/api\/wp\/v2\/categories?post=167946"},{"taxonomy":"post_tag","embeddable":true,"href":"https:\/\/portaltela.pt\/api\/wp\/v2\/tags?post=167946"}],"curies":[{"name":"wp","href":"https:\/\/api.w.org\/{rel}","templated":true}]}}