{"id":167924,"date":"2026-01-23T15:05:00","date_gmt":"2026-01-23T18:05:00","guid":{"rendered":"https:\/\/portaltela.pt\/noticias\/2026\/01\/23\/parlamento-chumba-projeto-do-pcp-para-fixar-preco-da-botija-de-gas\/"},"modified":"2026-01-23T15:05:00","modified_gmt":"2026-01-23T18:05:00","slug":"parlamento-chumba-projeto-do-pcp-para-fixar-preco-da-botija-de-gas","status":"publish","type":"post","link":"https:\/\/portaltela.pt\/noticias\/politica\/2026\/01\/23\/parlamento-chumba-projeto-do-pcp-para-fixar-preco-da-botija-de-gas\/","title":{"rendered":"Parlamento chumba projeto do PCP para fixar pre\u00e7o da botija de g\u00e1s"},"content":{"rendered":"<p>O parlamento chumbou nesta sexta-feira o projeto do PCP para fixar o pre\u00e7o da botija de g\u00e1s em 20 euros. A proposta visava regular o pre\u00e7o da garrafa de g\u00e1s butano e propano, numa tentativa de conter custos para fam\u00edlias com rendimento mais baixo. O debate tamb\u00e9m incidiu sobre a poss\u00edvel descida do IVA desta fonte de energia, de 23% para 6%.<\/p>\n<p>Al\u00e9m do PCP, os textos de Chega, IL, BE e Livre com vista a reduzir o IVA tamb\u00e9m ficaram pela comiss\u00e3o, sem vota\u00e7\u00e3o. De igual modo, uma iniciativa do PS para criar um regime jur\u00eddico sobre o pre\u00e7o do g\u00e1s n\u00e3o seguiu para vota\u00e7\u00e3o. Os textos aprovados foram apenas dois projetos de resolu\u00e7\u00e3o, do PSD e do PAN.<\/p>\n<p>Alfredo Maia, do PCP, defendeu que o pre\u00e7o de 20 euros por garrafa ajudaria mais de dois milh\u00f5es de fam\u00edlias, apontando que j\u00e1 h\u00e1 casos em que o valor praticado no pa\u00eds ultrapassa os 30 euros, especialmente na Madeira e nos A\u00e7ores. Questionou a pobreza energ\u00e9tica sem intervir de forma econ\u00f3mica mais direta.<\/p>\n<h3>Posi\u00e7\u00f5es partid\u00e1rias e argumentos<\/h3>\n<p>Rui Afonso, do Chega, rejeitou a ideia de controlo de pre\u00e7os e defendeu a redu\u00e7\u00e3o do IVA para 6%, defendendo que o g\u00e1s \u00e9 um bem essencial. Criticou o PCP e acusou os sociais-democratas de apresentarem apenas inten\u00e7\u00f5es sem a\u00e7\u00e3o pr\u00e1tica.<\/p>\n<p>Carlos Ca\u00e7\u00e3o, do PSD, afirmou que solu\u00e7\u00f5es r\u00e1pidas n\u00e3o resolvem o problema e que a redu\u00e7\u00e3o do IVA pode n\u00e3o chegar \u00e0s fam\u00edlias, alegando que a medida \u00e9 regressiva e beneficia quem consome mais, mantendo incentivos ao uso de energia f\u00f3ssil.<\/p>\n<p>Pedro Coelho, tamb\u00e9m do PSD, disse que o IVA \u00e9 definido a n\u00edvel europeu e que n\u00e3o cabe aos estados membros reduzir taxas de forma unilateral. Acrescentou que as propostas n\u00e3o s\u00e3o pratic\u00e1veis e acusou a oposi\u00e7\u00e3o de criar falsas expectativas.<\/p>\n<p>Jo\u00e3o Miguel Teixeira, liberal, destacou a necessidade de compatibilidade europeia e pediu aos deputados que deixassem passar as propostas para an\u00e1lise na especialidade. Pedro Vaz, socialista, defendeu avalia\u00e7\u00e3o de distor\u00e7\u00f5es de mercado pelo regulador para, se necess\u00e1rio, o Estado fixar margens.<\/p>\n<p>Jorge Pinto, do Livre, e Fabian Figueiredo, do BE, defenderam a redu\u00e7\u00e3o da carga fiscal por justi\u00e7a social. O CDS-PP, atrav\u00e9s de Jo\u00e3o Almeida, apoiou tamb\u00e9m o texto de resolu\u00e7\u00e3o do PSD, mantendo posi\u00e7\u00f5es de defesa da abranda\u00e7\u00e3o fiscal.<\/p>\n","protected":false},"excerpt":{"rendered":"<ul>\n<li>O parlamento chumbou o projeto do PCP para fixar o pre\u00e7o da botija de g\u00e1s em 20 euros.<\/li>\n<li>Vai haver discuss\u00e3o na especialidade sobre a descida do IVA do g\u00e1s de 23% para 6%.<\/li>\n<li>Os projetos de Chega, IL, BE e Livre foram enviados \u00e0 comiss\u00e3o sem vota\u00e7\u00e3o, tal como a iniciativa do PS sobre um regime jur\u00eddico para o pre\u00e7o do g\u00e1s.<\/li>\n<li>Os \u00fanicos textos aprovados foram dois projetos de resolu\u00e7\u00e3o, sem for\u00e7a de lei, do PSD e do PAN.<\/li>\n<li>Durante o debate, Alfredo Maia (PCP) defendeu a fixa\u00e7\u00e3o a 20 euros e destacou que o pre\u00e7o j\u00e1 supera 30 euros em Portugal (Madeira e A\u00e7ores citado).<\/li>\n<\/ul>\n","protected":false},"author":2,"featured_media":167945,"comment_status":"closed","ping_status":"closed","sticky":false,"template":"","format":"standard","meta":{"footnotes":""},"categories":[1,5],"tags":[3426,2459,1053,2832,2144,3695],"class_list":["post-167924","post","type-post","status-publish","format-standard","has-post-thumbnail","hentry","category-noticias","category-politica","tag-be","tag-pcp","tag-pobreza-energetica","tag-politica","tag-ps","tag-psd"],"yoast_head":"<!-- This site is optimized with the Yoast SEO plugin v27.2 - https:\/\/yoast.com\/product\/yoast-seo-wordpress\/ -->\n<title>Parlamento chumba projeto do PCP para fixar pre\u00e7o da botija de g\u00e1s - Portal Tela Portugal<\/title>\n<meta name=\"robots\" content=\"index, follow, max-snippet:-1, max-image-preview:large, max-video-preview:-1\" \/>\n<meta property=\"og:locale\" content=\"pt_PT\" \/>\n<meta property=\"og:type\" content=\"article\" \/>\n<meta property=\"og:title\" content=\"Parlamento chumba projeto do PCP para fixar pre\u00e7o da botija de g\u00e1s - Portal Tela Portugal\" \/>\n<meta property=\"og:description\" content=\"O parlamento chumbou o projeto do PCP para fixar o pre\u00e7o da botija de g\u00e1s em 20 euros. Vai haver discuss\u00e3o na especialidade sobre a descida do IVA do g\u00e1s de 23% para 6%. Os projetos de Chega, IL, BE e Livre foram enviados \u00e0 comiss\u00e3o sem vota\u00e7\u00e3o, tal como a iniciativa do PS sobre um regime jur\u00eddico para o pre\u00e7o do g\u00e1s. Os \u00fanicos textos aprovados foram dois projetos de resolu\u00e7\u00e3o, sem for\u00e7a de lei, do PSD e do PAN. Durante o debate, Alfredo Maia (PCP) defendeu a fixa\u00e7\u00e3o a 20 euros e destacou que o pre\u00e7o j\u00e1 supera 30 euros em Portugal (Madeira e A\u00e7ores citado).\" \/>\n<meta property=\"og:url\" content=\"https:\/\/portaltela.pt\/noticias\/2026\/01\/23\/parlamento-chumba-projeto-do-pcp-para-fixar-preco-da-botija-de-gas\/\" \/>\n<meta property=\"og:site_name\" content=\"Portal Tela Portugal\" \/>\n<meta property=\"article:published_time\" content=\"2026-01-23T18:05:00+00:00\" \/>\n<meta name=\"author\" content=\"Telinha\" \/>\n<meta name=\"twitter:card\" content=\"summary_large_image\" \/>\n<meta name=\"twitter:label1\" content=\"Escrito por\" \/>\n\t<meta name=\"twitter:data1\" content=\"Telinha\" \/>\n\t<meta name=\"twitter:label2\" content=\"Tempo estimado de leitura\" \/>\n\t<meta name=\"twitter:data2\" content=\"2 minutos\" \/>\n<script type=\"application\/ld+json\" class=\"yoast-schema-graph\">{\"@context\":\"https:\/\/schema.org\",\"@graph\":[{\"@type\":\"Article\",\"@id\":\"https:\/\/portaltela.pt\/noticias\/2026\/01\/23\/parlamento-chumba-projeto-do-pcp-para-fixar-preco-da-botija-de-gas\/#article\",\"isPartOf\":{\"@id\":\"https:\/\/portaltela.pt\/noticias\/2026\/01\/23\/parlamento-chumba-projeto-do-pcp-para-fixar-preco-da-botija-de-gas\/\"},\"author\":{\"name\":\"Telinha\",\"@id\":\"https:\/\/portaltela.pt\/#\/schema\/person\/c4278d4a6028830caff9ee44b42d32ed\"},\"headline\":\"Parlamento chumba projeto do PCP para fixar pre\u00e7o da botija de g\u00e1s\",\"datePublished\":\"2026-01-23T18:05:00+00:00\",\"mainEntityOfPage\":{\"@id\":\"https:\/\/portaltela.pt\/noticias\/2026\/01\/23\/parlamento-chumba-projeto-do-pcp-para-fixar-preco-da-botija-de-gas\/\"},\"wordCount\":445,\"image\":{\"@id\":\"https:\/\/portaltela.pt\/noticias\/2026\/01\/23\/parlamento-chumba-projeto-do-pcp-para-fixar-preco-da-botija-de-gas\/#primaryimage\"},\"thumbnailUrl\":\"https:\/\/portaltela.pt\/s.01k8rhncp4jt1\/2026\/01\/image-1573.jpg\",\"keywords\":[\"BE\",\"PCP\",\"pobreza energ\u00e9tica\",\"pol\u00edtica\",\"PS\",\"PSD\"],\"articleSection\":[\"Not\u00edcias\",\"Pol\u00edtica\"],\"inLanguage\":\"pt-PT\"},{\"@type\":\"WebPage\",\"@id\":\"https:\/\/portaltela.pt\/noticias\/2026\/01\/23\/parlamento-chumba-projeto-do-pcp-para-fixar-preco-da-botija-de-gas\/\",\"url\":\"https:\/\/portaltela.pt\/noticias\/2026\/01\/23\/parlamento-chumba-projeto-do-pcp-para-fixar-preco-da-botija-de-gas\/\",\"name\":\"Parlamento chumba projeto do PCP para fixar pre\u00e7o da botija de g\u00e1s - Portal Tela Portugal\",\"isPartOf\":{\"@id\":\"https:\/\/portaltela.pt\/#website\"},\"primaryImageOfPage\":{\"@id\":\"https:\/\/portaltela.pt\/noticias\/2026\/01\/23\/parlamento-chumba-projeto-do-pcp-para-fixar-preco-da-botija-de-gas\/#primaryimage\"},\"image\":{\"@id\":\"https:\/\/portaltela.pt\/noticias\/2026\/01\/23\/parlamento-chumba-projeto-do-pcp-para-fixar-preco-da-botija-de-gas\/#primaryimage\"},\"thumbnailUrl\":\"https:\/\/portaltela.pt\/s.01k8rhncp4jt1\/2026\/01\/image-1573.jpg\",\"datePublished\":\"2026-01-23T18:05:00+00:00\",\"author\":{\"@id\":\"https:\/\/portaltela.pt\/#\/schema\/person\/c4278d4a6028830caff9ee44b42d32ed\"},\"breadcrumb\":{\"@id\":\"https:\/\/portaltela.pt\/noticias\/2026\/01\/23\/parlamento-chumba-projeto-do-pcp-para-fixar-preco-da-botija-de-gas\/#breadcrumb\"},\"inLanguage\":\"pt-PT\",\"potentialAction\":[{\"@type\":\"ReadAction\",\"target\":[\"https:\/\/portaltela.pt\/noticias\/2026\/01\/23\/parlamento-chumba-projeto-do-pcp-para-fixar-preco-da-botija-de-gas\/\"]}]},{\"@type\":\"ImageObject\",\"inLanguage\":\"pt-PT\",\"@id\":\"https:\/\/portaltela.pt\/noticias\/2026\/01\/23\/parlamento-chumba-projeto-do-pcp-para-fixar-preco-da-botija-de-gas\/#primaryimage\",\"url\":\"https:\/\/portaltela.pt\/s.01k8rhncp4jt1\/2026\/01\/image-1573.jpg\",\"contentUrl\":\"https:\/\/portaltela.pt\/s.01k8rhncp4jt1\/2026\/01\/image-1573.jpg\",\"width\":796,\"height\":448,\"caption\":\"Mercado livre define pre\u00e7os do g\u00e1s engarrafado em Portugal, sem intromiss\u00e3o do Governo\"},{\"@type\":\"BreadcrumbList\",\"@id\":\"https:\/\/portaltela.pt\/noticias\/2026\/01\/23\/parlamento-chumba-projeto-do-pcp-para-fixar-preco-da-botija-de-gas\/#breadcrumb\",\"itemListElement\":[{\"@type\":\"ListItem\",\"position\":1,\"name\":\"In\u00edcio\",\"item\":\"https:\/\/portaltela.pt\/\"},{\"@type\":\"ListItem\",\"position\":2,\"name\":\"Parlamento chumba projeto do PCP para fixar pre\u00e7o da botija de g\u00e1s\"}]},{\"@type\":\"WebSite\",\"@id\":\"https:\/\/portaltela.pt\/#website\",\"url\":\"https:\/\/portaltela.pt\/\",\"name\":\"Portal Tela Portugal\",\"description\":\"\",\"potentialAction\":[{\"@type\":\"SearchAction\",\"target\":{\"@type\":\"EntryPoint\",\"urlTemplate\":\"https:\/\/portaltela.pt\/?s={search_term_string}\"},\"query-input\":{\"@type\":\"PropertyValueSpecification\",\"valueRequired\":true,\"valueName\":\"search_term_string\"}}],\"inLanguage\":\"pt-PT\"},{\"@type\":\"Person\",\"@id\":\"https:\/\/portaltela.pt\/#\/schema\/person\/c4278d4a6028830caff9ee44b42d32ed\",\"name\":\"Telinha\",\"image\":{\"@type\":\"ImageObject\",\"inLanguage\":\"pt-PT\",\"@id\":\"https:\/\/portaltela.pt\/s.01k8rhncp4jt1\/2025\/11\/talking-bot-125x125.png\",\"url\":\"https:\/\/portaltela.pt\/s.01k8rhncp4jt1\/2025\/11\/talking-bot-125x125.png\",\"contentUrl\":\"https:\/\/portaltela.pt\/s.01k8rhncp4jt1\/2025\/11\/talking-bot-125x125.png\",\"caption\":\"Telinha\"},\"sameAs\":[\"https:\/\/portaltela.pt\/\"],\"url\":\"https:\/\/portaltela.pt\/por\/367410592786\/\"}]}<\/script>\n<!-- \/ Yoast SEO plugin. -->","yoast_head_json":{"title":"Parlamento chumba projeto do PCP para fixar pre\u00e7o da botija de g\u00e1s - Portal Tela Portugal","robots":{"index":"index","follow":"follow","max-snippet":"max-snippet:-1","max-image-preview":"max-image-preview:large","max-video-preview":"max-video-preview:-1"},"og_locale":"pt_PT","og_type":"article","og_title":"Parlamento chumba projeto do PCP para fixar pre\u00e7o da botija de g\u00e1s - Portal Tela Portugal","og_description":"O parlamento chumbou o projeto do PCP para fixar o pre\u00e7o da botija de g\u00e1s em 20 euros. Vai haver discuss\u00e3o na especialidade sobre a descida do IVA do g\u00e1s de 23% para 6%. Os projetos de Chega, IL, BE e Livre foram enviados \u00e0 comiss\u00e3o sem vota\u00e7\u00e3o, tal como a iniciativa do PS sobre um regime jur\u00eddico para o pre\u00e7o do g\u00e1s. Os \u00fanicos textos aprovados foram dois projetos de resolu\u00e7\u00e3o, sem for\u00e7a de lei, do PSD e do PAN. Durante o debate, Alfredo Maia (PCP) defendeu a fixa\u00e7\u00e3o a 20 euros e destacou que o pre\u00e7o j\u00e1 supera 30 euros em Portugal (Madeira e A\u00e7ores citado).","og_url":"https:\/\/portaltela.pt\/noticias\/2026\/01\/23\/parlamento-chumba-projeto-do-pcp-para-fixar-preco-da-botija-de-gas\/","og_site_name":"Portal Tela Portugal","article_published_time":"2026-01-23T18:05:00+00:00","author":"Telinha","twitter_card":"summary_large_image","twitter_misc":{"Escrito por":"Telinha","Tempo estimado de leitura":"2 minutos"},"schema":{"@context":"https:\/\/schema.org","@graph":[{"@type":"Article","@id":"https:\/\/portaltela.pt\/noticias\/2026\/01\/23\/parlamento-chumba-projeto-do-pcp-para-fixar-preco-da-botija-de-gas\/#article","isPartOf":{"@id":"https:\/\/portaltela.pt\/noticias\/2026\/01\/23\/parlamento-chumba-projeto-do-pcp-para-fixar-preco-da-botija-de-gas\/"},"author":{"name":"Telinha","@id":"https:\/\/portaltela.pt\/#\/schema\/person\/c4278d4a6028830caff9ee44b42d32ed"},"headline":"Parlamento chumba projeto do PCP para fixar pre\u00e7o da botija de g\u00e1s","datePublished":"2026-01-23T18:05:00+00:00","mainEntityOfPage":{"@id":"https:\/\/portaltela.pt\/noticias\/2026\/01\/23\/parlamento-chumba-projeto-do-pcp-para-fixar-preco-da-botija-de-gas\/"},"wordCount":445,"image":{"@id":"https:\/\/portaltela.pt\/noticias\/2026\/01\/23\/parlamento-chumba-projeto-do-pcp-para-fixar-preco-da-botija-de-gas\/#primaryimage"},"thumbnailUrl":"https:\/\/portaltela.pt\/s.01k8rhncp4jt1\/2026\/01\/image-1573.jpg","keywords":["BE","PCP","pobreza energ\u00e9tica","pol\u00edtica","PS","PSD"],"articleSection":["Not\u00edcias","Pol\u00edtica"],"inLanguage":"pt-PT"},{"@type":"WebPage","@id":"https:\/\/portaltela.pt\/noticias\/2026\/01\/23\/parlamento-chumba-projeto-do-pcp-para-fixar-preco-da-botija-de-gas\/","url":"https:\/\/portaltela.pt\/noticias\/2026\/01\/23\/parlamento-chumba-projeto-do-pcp-para-fixar-preco-da-botija-de-gas\/","name":"Parlamento chumba projeto do PCP para fixar pre\u00e7o da botija de g\u00e1s - Portal Tela Portugal","isPartOf":{"@id":"https:\/\/portaltela.pt\/#website"},"primaryImageOfPage":{"@id":"https:\/\/portaltela.pt\/noticias\/2026\/01\/23\/parlamento-chumba-projeto-do-pcp-para-fixar-preco-da-botija-de-gas\/#primaryimage"},"image":{"@id":"https:\/\/portaltela.pt\/noticias\/2026\/01\/23\/parlamento-chumba-projeto-do-pcp-para-fixar-preco-da-botija-de-gas\/#primaryimage"},"thumbnailUrl":"https:\/\/portaltela.pt\/s.01k8rhncp4jt1\/2026\/01\/image-1573.jpg","datePublished":"2026-01-23T18:05:00+00:00","author":{"@id":"https:\/\/portaltela.pt\/#\/schema\/person\/c4278d4a6028830caff9ee44b42d32ed"},"breadcrumb":{"@id":"https:\/\/portaltela.pt\/noticias\/2026\/01\/23\/parlamento-chumba-projeto-do-pcp-para-fixar-preco-da-botija-de-gas\/#breadcrumb"},"inLanguage":"pt-PT","potentialAction":[{"@type":"ReadAction","target":["https:\/\/portaltela.pt\/noticias\/2026\/01\/23\/parlamento-chumba-projeto-do-pcp-para-fixar-preco-da-botija-de-gas\/"]}]},{"@type":"ImageObject","inLanguage":"pt-PT","@id":"https:\/\/portaltela.pt\/noticias\/2026\/01\/23\/parlamento-chumba-projeto-do-pcp-para-fixar-preco-da-botija-de-gas\/#primaryimage","url":"https:\/\/portaltela.pt\/s.01k8rhncp4jt1\/2026\/01\/image-1573.jpg","contentUrl":"https:\/\/portaltela.pt\/s.01k8rhncp4jt1\/2026\/01\/image-1573.jpg","width":796,"height":448,"caption":"Mercado livre define pre\u00e7os do g\u00e1s engarrafado em Portugal, sem intromiss\u00e3o do Governo"},{"@type":"BreadcrumbList","@id":"https:\/\/portaltela.pt\/noticias\/2026\/01\/23\/parlamento-chumba-projeto-do-pcp-para-fixar-preco-da-botija-de-gas\/#breadcrumb","itemListElement":[{"@type":"ListItem","position":1,"name":"In\u00edcio","item":"https:\/\/portaltela.pt\/"},{"@type":"ListItem","position":2,"name":"Parlamento chumba projeto do PCP para fixar pre\u00e7o da botija de g\u00e1s"}]},{"@type":"WebSite","@id":"https:\/\/portaltela.pt\/#website","url":"https:\/\/portaltela.pt\/","name":"Portal Tela Portugal","description":"","potentialAction":[{"@type":"SearchAction","target":{"@type":"EntryPoint","urlTemplate":"https:\/\/portaltela.pt\/?s={search_term_string}"},"query-input":{"@type":"PropertyValueSpecification","valueRequired":true,"valueName":"search_term_string"}}],"inLanguage":"pt-PT"},{"@type":"Person","@id":"https:\/\/portaltela.pt\/#\/schema\/person\/c4278d4a6028830caff9ee44b42d32ed","name":"Telinha","image":{"@type":"ImageObject","inLanguage":"pt-PT","@id":"https:\/\/portaltela.pt\/s.01k8rhncp4jt1\/2025\/11\/talking-bot-125x125.png","url":"https:\/\/portaltela.pt\/s.01k8rhncp4jt1\/2025\/11\/talking-bot-125x125.png","contentUrl":"https:\/\/portaltela.pt\/s.01k8rhncp4jt1\/2025\/11\/talking-bot-125x125.png","caption":"Telinha"},"sameAs":["https:\/\/portaltela.pt\/"],"url":"https:\/\/portaltela.pt\/por\/367410592786\/"}]}},"_links":{"self":[{"href":"https:\/\/portaltela.pt\/api\/wp\/v2\/posts\/167924","targetHints":{"allow":["GET"]}}],"collection":[{"href":"https:\/\/portaltela.pt\/api\/wp\/v2\/posts"}],"about":[{"href":"https:\/\/portaltela.pt\/api\/wp\/v2\/types\/post"}],"author":[{"embeddable":true,"href":"https:\/\/portaltela.pt\/api\/wp\/v2\/users\/2"}],"replies":[{"embeddable":true,"href":"https:\/\/portaltela.pt\/api\/wp\/v2\/comments?post=167924"}],"version-history":[{"count":0,"href":"https:\/\/portaltela.pt\/api\/wp\/v2\/posts\/167924\/revisions"}],"wp:featuredmedia":[{"embeddable":true,"href":"https:\/\/portaltela.pt\/api\/wp\/v2\/media\/167945"}],"wp:attachment":[{"href":"https:\/\/portaltela.pt\/api\/wp\/v2\/media?parent=167924"}],"wp:term":[{"taxonomy":"category","embeddable":true,"href":"https:\/\/portaltela.pt\/api\/wp\/v2\/categories?post=167924"},{"taxonomy":"post_tag","embeddable":true,"href":"https:\/\/portaltela.pt\/api\/wp\/v2\/tags?post=167924"}],"curies":[{"name":"wp","href":"https:\/\/api.w.org\/{rel}","templated":true}]}}