{"id":167916,"date":"2026-01-23T13:58:27","date_gmt":"2026-01-23T16:58:27","guid":{"rendered":"https:\/\/portaltela.pt\/noticias\/2026\/01\/23\/champions-e-liga-europa-quem-esta-nos-oitavos-e-quem-luta-pela-qualificacao\/"},"modified":"2026-01-23T13:58:27","modified_gmt":"2026-01-23T16:58:27","slug":"champions-e-liga-europa-quem-esta-nos-oitavos-e-quem-luta-pela-qualificacao","status":"publish","type":"post","link":"https:\/\/portaltela.pt\/desporto\/futebol\/2026\/01\/23\/champions-e-liga-europa-quem-esta-nos-oitavos-e-quem-luta-pela-qualificacao\/","title":{"rendered":"Champions e Liga Europa: quem est\u00e1 nos oitavos e quem luta pela qualifica\u00e7\u00e3o"},"content":{"rendered":"<p>O fim da jornada europeia devolveu aos clubes uma imagem mais clara das classifica\u00e7\u00f5es. Na Liga dos Campe\u00f5es, Arsenal e Bayern de Munique asseguraram o acesso direto aos oitavos de final, independentemente dos resultados que ainda possam surgir. Os restantes concorrentes continuam na luta pelo apuramento direto ou para o play-off da fase a eliminar. Na Liga Europa, Lyon e Aston Villa garantiram j\u00e1 passagem direta, enquanto outras equipas seguem na corrida pelo acesso direto ou pelo playoff.<\/p>\n<p>No quadro da Champions League, al\u00e9m de Arsenal e Bayern, equipas como Atalanta, Atl\u00e9tico de Madrid, Barcelona, Chelsea, Inter, Juventus, Liverpool, Manchester City, Newcastle, PSG, Real Madrid, Sporting e Tottenham podem ainda disputar o registo direto ou o play-off, dependendo dos resultados das jornadas finais. O panorama permanece aberto para v\u00e1rias vagas decisivas.<\/p>\n<p>Na Liga Europa, Lyon e Aston Villa consolidaram o lugar nos oitavos de final. Entre as equipas que ainda aspiram \u00e0 qualifica\u00e7\u00e3o direta ou ao playoff surgem Bolonha, SC Braga, Celta de Vigo, Estrela Vermelha, Fenerbah\u00e7e, Ferencvaros, Friburgo, Genk, Midtjylland, Nottingham Forest e Viktoria Plzen, com a decis\u00e3o dependente das \u00faltimas partidas da fase de grupos.<\/p>\n","protected":false},"excerpt":{"rendered":"<ul>\n<li>Arsenal j\u00e1 festejou passagem aos oitavos de final da Liga dos Campe\u00f5es.<\/li>\n<li>Bayern j\u00e1 est\u00e1 apurado para os oitavos de final da Liga dos Campe\u00f5es.<\/li>\n<li>Lyon garantiu o acesso direto aos oitavos de final da Liga Europa.<\/li>\n<li>Aston Villa garantiu o acesso direto aos oitavos de final da Liga Europa.<\/li>\n<li>Ainda h\u00e1 equipas na luta por apurar-se diretamente ou, em caso de falha, com presen\u00e7a assegurada no play-off, em ambas as competi\u00e7\u00f5es.<\/li>\n<\/ul>\n","protected":false},"author":2,"featured_media":167917,"comment_status":"closed","ping_status":"closed","sticky":false,"template":"","format":"standard","meta":{"footnotes":""},"categories":[21,24],"tags":[1720,3577,4018,4017,2056,3725],"class_list":["post-167916","post","type-post","status-publish","format-standard","has-post-thumbnail","hentry","category-desporto","category-futebol","tag-bayern-munique","tag-champions-league","tag-estrela-vermelha","tag-genk","tag-sc-braga","tag-viktoria-plzen"],"yoast_head":"<!-- This site is optimized with the Yoast SEO plugin v27.2 - https:\/\/yoast.com\/product\/yoast-seo-wordpress\/ -->\n<title>Champions e Liga Europa: quem est\u00e1 nos oitavos e quem luta pela qualifica\u00e7\u00e3o - Portal Tela Portugal<\/title>\n<meta name=\"robots\" content=\"index, follow, max-snippet:-1, max-image-preview:large, max-video-preview:-1\" \/>\n<meta property=\"og:locale\" content=\"pt_PT\" \/>\n<meta property=\"og:type\" content=\"article\" \/>\n<meta property=\"og:title\" content=\"Champions e Liga Europa: quem est\u00e1 nos oitavos e quem luta pela qualifica\u00e7\u00e3o - Portal Tela Portugal\" \/>\n<meta property=\"og:description\" content=\"Arsenal j\u00e1 festejou passagem aos oitavos de final da Liga dos Campe\u00f5es. Bayern j\u00e1 est\u00e1 apurado para os oitavos de final da Liga dos Campe\u00f5es. Lyon garantiu o acesso direto aos oitavos de final da Liga Europa. Aston Villa garantiu o acesso direto aos oitavos de final da Liga Europa. Ainda h\u00e1 equipas na luta por apurar-se diretamente ou, em caso de falha, com presen\u00e7a assegurada no play-off, em ambas as competi\u00e7\u00f5es.\" \/>\n<meta property=\"og:url\" content=\"https:\/\/portaltela.pt\/noticias\/2026\/01\/23\/champions-e-liga-europa-quem-esta-nos-oitavos-e-quem-luta-pela-qualificacao\/\" \/>\n<meta property=\"og:site_name\" content=\"Portal Tela Portugal\" \/>\n<meta property=\"article:published_time\" content=\"2026-01-23T16:58:27+00:00\" \/>\n<meta name=\"author\" content=\"Telinha\" \/>\n<meta name=\"twitter:card\" content=\"summary_large_image\" \/>\n<meta name=\"twitter:label1\" content=\"Escrito por\" \/>\n\t<meta name=\"twitter:data1\" content=\"Telinha\" \/>\n\t<meta name=\"twitter:label2\" content=\"Tempo estimado de leitura\" \/>\n\t<meta name=\"twitter:data2\" content=\"1 minuto\" \/>\n<script type=\"application\/ld+json\" class=\"yoast-schema-graph\">{\"@context\":\"https:\/\/schema.org\",\"@graph\":[{\"@type\":\"Article\",\"@id\":\"https:\/\/portaltela.pt\/noticias\/2026\/01\/23\/champions-e-liga-europa-quem-esta-nos-oitavos-e-quem-luta-pela-qualificacao\/#article\",\"isPartOf\":{\"@id\":\"https:\/\/portaltela.pt\/noticias\/2026\/01\/23\/champions-e-liga-europa-quem-esta-nos-oitavos-e-quem-luta-pela-qualificacao\/\"},\"author\":{\"name\":\"Telinha\",\"@id\":\"https:\/\/portaltela.pt\/#\/schema\/person\/c4278d4a6028830caff9ee44b42d32ed\"},\"headline\":\"Champions e Liga Europa: quem est\u00e1 nos oitavos e quem luta pela qualifica\u00e7\u00e3o\",\"datePublished\":\"2026-01-23T16:58:27+00:00\",\"mainEntityOfPage\":{\"@id\":\"https:\/\/portaltela.pt\/noticias\/2026\/01\/23\/champions-e-liga-europa-quem-esta-nos-oitavos-e-quem-luta-pela-qualificacao\/\"},\"wordCount\":208,\"image\":{\"@id\":\"https:\/\/portaltela.pt\/noticias\/2026\/01\/23\/champions-e-liga-europa-quem-esta-nos-oitavos-e-quem-luta-pela-qualificacao\/#primaryimage\"},\"thumbnailUrl\":\"https:\/\/portaltela.pt\/s.01k8rhncp4jt1\/2026\/01\/eaadcb51-3d9d-4370-a163-02ee5c2d2209-2.jpg\",\"keywords\":[\"Bayern Munique\",\"Champions League\",\"Estrela Vermelha\",\"Genk\",\"SC Braga\",\"Viktoria Plzen\"],\"articleSection\":[\"Desporto\",\"Futebol\"],\"inLanguage\":\"pt-PT\"},{\"@type\":\"WebPage\",\"@id\":\"https:\/\/portaltela.pt\/noticias\/2026\/01\/23\/champions-e-liga-europa-quem-esta-nos-oitavos-e-quem-luta-pela-qualificacao\/\",\"url\":\"https:\/\/portaltela.pt\/noticias\/2026\/01\/23\/champions-e-liga-europa-quem-esta-nos-oitavos-e-quem-luta-pela-qualificacao\/\",\"name\":\"Champions e Liga Europa: quem est\u00e1 nos oitavos e quem luta pela qualifica\u00e7\u00e3o - Portal Tela Portugal\",\"isPartOf\":{\"@id\":\"https:\/\/portaltela.pt\/#website\"},\"primaryImageOfPage\":{\"@id\":\"https:\/\/portaltela.pt\/noticias\/2026\/01\/23\/champions-e-liga-europa-quem-esta-nos-oitavos-e-quem-luta-pela-qualificacao\/#primaryimage\"},\"image\":{\"@id\":\"https:\/\/portaltela.pt\/noticias\/2026\/01\/23\/champions-e-liga-europa-quem-esta-nos-oitavos-e-quem-luta-pela-qualificacao\/#primaryimage\"},\"thumbnailUrl\":\"https:\/\/portaltela.pt\/s.01k8rhncp4jt1\/2026\/01\/eaadcb51-3d9d-4370-a163-02ee5c2d2209-2.jpg\",\"datePublished\":\"2026-01-23T16:58:27+00:00\",\"author\":{\"@id\":\"https:\/\/portaltela.pt\/#\/schema\/person\/c4278d4a6028830caff9ee44b42d32ed\"},\"breadcrumb\":{\"@id\":\"https:\/\/portaltela.pt\/noticias\/2026\/01\/23\/champions-e-liga-europa-quem-esta-nos-oitavos-e-quem-luta-pela-qualificacao\/#breadcrumb\"},\"inLanguage\":\"pt-PT\",\"potentialAction\":[{\"@type\":\"ReadAction\",\"target\":[\"https:\/\/portaltela.pt\/noticias\/2026\/01\/23\/champions-e-liga-europa-quem-esta-nos-oitavos-e-quem-luta-pela-qualificacao\/\"]}]},{\"@type\":\"ImageObject\",\"inLanguage\":\"pt-PT\",\"@id\":\"https:\/\/portaltela.pt\/noticias\/2026\/01\/23\/champions-e-liga-europa-quem-esta-nos-oitavos-e-quem-luta-pela-qualificacao\/#primaryimage\",\"url\":\"https:\/\/portaltela.pt\/s.01k8rhncp4jt1\/2026\/01\/eaadcb51-3d9d-4370-a163-02ee5c2d2209-2.jpg\",\"contentUrl\":\"https:\/\/portaltela.pt\/s.01k8rhncp4jt1\/2026\/01\/eaadcb51-3d9d-4370-a163-02ee5c2d2209-2.jpg\",\"width\":796,\"height\":448,\"caption\":\"Arsenal j\u00e1 festejou passagem aos oitavos de final da Liga dos Campe\u00f5es\"},{\"@type\":\"BreadcrumbList\",\"@id\":\"https:\/\/portaltela.pt\/noticias\/2026\/01\/23\/champions-e-liga-europa-quem-esta-nos-oitavos-e-quem-luta-pela-qualificacao\/#breadcrumb\",\"itemListElement\":[{\"@type\":\"ListItem\",\"position\":1,\"name\":\"In\u00edcio\",\"item\":\"https:\/\/portaltela.pt\/\"},{\"@type\":\"ListItem\",\"position\":2,\"name\":\"Champions e Liga Europa: quem est\u00e1 nos oitavos e quem luta pela qualifica\u00e7\u00e3o\"}]},{\"@type\":\"WebSite\",\"@id\":\"https:\/\/portaltela.pt\/#website\",\"url\":\"https:\/\/portaltela.pt\/\",\"name\":\"Portal Tela Portugal\",\"description\":\"\",\"potentialAction\":[{\"@type\":\"SearchAction\",\"target\":{\"@type\":\"EntryPoint\",\"urlTemplate\":\"https:\/\/portaltela.pt\/?s={search_term_string}\"},\"query-input\":{\"@type\":\"PropertyValueSpecification\",\"valueRequired\":true,\"valueName\":\"search_term_string\"}}],\"inLanguage\":\"pt-PT\"},{\"@type\":\"Person\",\"@id\":\"https:\/\/portaltela.pt\/#\/schema\/person\/c4278d4a6028830caff9ee44b42d32ed\",\"name\":\"Telinha\",\"image\":{\"@type\":\"ImageObject\",\"inLanguage\":\"pt-PT\",\"@id\":\"https:\/\/portaltela.pt\/s.01k8rhncp4jt1\/2025\/11\/talking-bot-125x125.png\",\"url\":\"https:\/\/portaltela.pt\/s.01k8rhncp4jt1\/2025\/11\/talking-bot-125x125.png\",\"contentUrl\":\"https:\/\/portaltela.pt\/s.01k8rhncp4jt1\/2025\/11\/talking-bot-125x125.png\",\"caption\":\"Telinha\"},\"sameAs\":[\"https:\/\/portaltela.pt\/\"],\"url\":\"https:\/\/portaltela.pt\/por\/367410592786\/\"}]}<\/script>\n<!-- \/ Yoast SEO plugin. -->","yoast_head_json":{"title":"Champions e Liga Europa: quem est\u00e1 nos oitavos e quem luta pela qualifica\u00e7\u00e3o - Portal Tela Portugal","robots":{"index":"index","follow":"follow","max-snippet":"max-snippet:-1","max-image-preview":"max-image-preview:large","max-video-preview":"max-video-preview:-1"},"og_locale":"pt_PT","og_type":"article","og_title":"Champions e Liga Europa: quem est\u00e1 nos oitavos e quem luta pela qualifica\u00e7\u00e3o - Portal Tela Portugal","og_description":"Arsenal j\u00e1 festejou passagem aos oitavos de final da Liga dos Campe\u00f5es. Bayern j\u00e1 est\u00e1 apurado para os oitavos de final da Liga dos Campe\u00f5es. Lyon garantiu o acesso direto aos oitavos de final da Liga Europa. Aston Villa garantiu o acesso direto aos oitavos de final da Liga Europa. Ainda h\u00e1 equipas na luta por apurar-se diretamente ou, em caso de falha, com presen\u00e7a assegurada no play-off, em ambas as competi\u00e7\u00f5es.","og_url":"https:\/\/portaltela.pt\/noticias\/2026\/01\/23\/champions-e-liga-europa-quem-esta-nos-oitavos-e-quem-luta-pela-qualificacao\/","og_site_name":"Portal Tela Portugal","article_published_time":"2026-01-23T16:58:27+00:00","author":"Telinha","twitter_card":"summary_large_image","twitter_misc":{"Escrito por":"Telinha","Tempo estimado de leitura":"1 minuto"},"schema":{"@context":"https:\/\/schema.org","@graph":[{"@type":"Article","@id":"https:\/\/portaltela.pt\/noticias\/2026\/01\/23\/champions-e-liga-europa-quem-esta-nos-oitavos-e-quem-luta-pela-qualificacao\/#article","isPartOf":{"@id":"https:\/\/portaltela.pt\/noticias\/2026\/01\/23\/champions-e-liga-europa-quem-esta-nos-oitavos-e-quem-luta-pela-qualificacao\/"},"author":{"name":"Telinha","@id":"https:\/\/portaltela.pt\/#\/schema\/person\/c4278d4a6028830caff9ee44b42d32ed"},"headline":"Champions e Liga Europa: quem est\u00e1 nos oitavos e quem luta pela qualifica\u00e7\u00e3o","datePublished":"2026-01-23T16:58:27+00:00","mainEntityOfPage":{"@id":"https:\/\/portaltela.pt\/noticias\/2026\/01\/23\/champions-e-liga-europa-quem-esta-nos-oitavos-e-quem-luta-pela-qualificacao\/"},"wordCount":208,"image":{"@id":"https:\/\/portaltela.pt\/noticias\/2026\/01\/23\/champions-e-liga-europa-quem-esta-nos-oitavos-e-quem-luta-pela-qualificacao\/#primaryimage"},"thumbnailUrl":"https:\/\/portaltela.pt\/s.01k8rhncp4jt1\/2026\/01\/eaadcb51-3d9d-4370-a163-02ee5c2d2209-2.jpg","keywords":["Bayern Munique","Champions League","Estrela Vermelha","Genk","SC Braga","Viktoria Plzen"],"articleSection":["Desporto","Futebol"],"inLanguage":"pt-PT"},{"@type":"WebPage","@id":"https:\/\/portaltela.pt\/noticias\/2026\/01\/23\/champions-e-liga-europa-quem-esta-nos-oitavos-e-quem-luta-pela-qualificacao\/","url":"https:\/\/portaltela.pt\/noticias\/2026\/01\/23\/champions-e-liga-europa-quem-esta-nos-oitavos-e-quem-luta-pela-qualificacao\/","name":"Champions e Liga Europa: quem est\u00e1 nos oitavos e quem luta pela qualifica\u00e7\u00e3o - Portal Tela Portugal","isPartOf":{"@id":"https:\/\/portaltela.pt\/#website"},"primaryImageOfPage":{"@id":"https:\/\/portaltela.pt\/noticias\/2026\/01\/23\/champions-e-liga-europa-quem-esta-nos-oitavos-e-quem-luta-pela-qualificacao\/#primaryimage"},"image":{"@id":"https:\/\/portaltela.pt\/noticias\/2026\/01\/23\/champions-e-liga-europa-quem-esta-nos-oitavos-e-quem-luta-pela-qualificacao\/#primaryimage"},"thumbnailUrl":"https:\/\/portaltela.pt\/s.01k8rhncp4jt1\/2026\/01\/eaadcb51-3d9d-4370-a163-02ee5c2d2209-2.jpg","datePublished":"2026-01-23T16:58:27+00:00","author":{"@id":"https:\/\/portaltela.pt\/#\/schema\/person\/c4278d4a6028830caff9ee44b42d32ed"},"breadcrumb":{"@id":"https:\/\/portaltela.pt\/noticias\/2026\/01\/23\/champions-e-liga-europa-quem-esta-nos-oitavos-e-quem-luta-pela-qualificacao\/#breadcrumb"},"inLanguage":"pt-PT","potentialAction":[{"@type":"ReadAction","target":["https:\/\/portaltela.pt\/noticias\/2026\/01\/23\/champions-e-liga-europa-quem-esta-nos-oitavos-e-quem-luta-pela-qualificacao\/"]}]},{"@type":"ImageObject","inLanguage":"pt-PT","@id":"https:\/\/portaltela.pt\/noticias\/2026\/01\/23\/champions-e-liga-europa-quem-esta-nos-oitavos-e-quem-luta-pela-qualificacao\/#primaryimage","url":"https:\/\/portaltela.pt\/s.01k8rhncp4jt1\/2026\/01\/eaadcb51-3d9d-4370-a163-02ee5c2d2209-2.jpg","contentUrl":"https:\/\/portaltela.pt\/s.01k8rhncp4jt1\/2026\/01\/eaadcb51-3d9d-4370-a163-02ee5c2d2209-2.jpg","width":796,"height":448,"caption":"Arsenal j\u00e1 festejou passagem aos oitavos de final da Liga dos Campe\u00f5es"},{"@type":"BreadcrumbList","@id":"https:\/\/portaltela.pt\/noticias\/2026\/01\/23\/champions-e-liga-europa-quem-esta-nos-oitavos-e-quem-luta-pela-qualificacao\/#breadcrumb","itemListElement":[{"@type":"ListItem","position":1,"name":"In\u00edcio","item":"https:\/\/portaltela.pt\/"},{"@type":"ListItem","position":2,"name":"Champions e Liga Europa: quem est\u00e1 nos oitavos e quem luta pela qualifica\u00e7\u00e3o"}]},{"@type":"WebSite","@id":"https:\/\/portaltela.pt\/#website","url":"https:\/\/portaltela.pt\/","name":"Portal Tela Portugal","description":"","potentialAction":[{"@type":"SearchAction","target":{"@type":"EntryPoint","urlTemplate":"https:\/\/portaltela.pt\/?s={search_term_string}"},"query-input":{"@type":"PropertyValueSpecification","valueRequired":true,"valueName":"search_term_string"}}],"inLanguage":"pt-PT"},{"@type":"Person","@id":"https:\/\/portaltela.pt\/#\/schema\/person\/c4278d4a6028830caff9ee44b42d32ed","name":"Telinha","image":{"@type":"ImageObject","inLanguage":"pt-PT","@id":"https:\/\/portaltela.pt\/s.01k8rhncp4jt1\/2025\/11\/talking-bot-125x125.png","url":"https:\/\/portaltela.pt\/s.01k8rhncp4jt1\/2025\/11\/talking-bot-125x125.png","contentUrl":"https:\/\/portaltela.pt\/s.01k8rhncp4jt1\/2025\/11\/talking-bot-125x125.png","caption":"Telinha"},"sameAs":["https:\/\/portaltela.pt\/"],"url":"https:\/\/portaltela.pt\/por\/367410592786\/"}]}},"_links":{"self":[{"href":"https:\/\/portaltela.pt\/api\/wp\/v2\/posts\/167916","targetHints":{"allow":["GET"]}}],"collection":[{"href":"https:\/\/portaltela.pt\/api\/wp\/v2\/posts"}],"about":[{"href":"https:\/\/portaltela.pt\/api\/wp\/v2\/types\/post"}],"author":[{"embeddable":true,"href":"https:\/\/portaltela.pt\/api\/wp\/v2\/users\/2"}],"replies":[{"embeddable":true,"href":"https:\/\/portaltela.pt\/api\/wp\/v2\/comments?post=167916"}],"version-history":[{"count":0,"href":"https:\/\/portaltela.pt\/api\/wp\/v2\/posts\/167916\/revisions"}],"wp:featuredmedia":[{"embeddable":true,"href":"https:\/\/portaltela.pt\/api\/wp\/v2\/media\/167917"}],"wp:attachment":[{"href":"https:\/\/portaltela.pt\/api\/wp\/v2\/media?parent=167916"}],"wp:term":[{"taxonomy":"category","embeddable":true,"href":"https:\/\/portaltela.pt\/api\/wp\/v2\/categories?post=167916"},{"taxonomy":"post_tag","embeddable":true,"href":"https:\/\/portaltela.pt\/api\/wp\/v2\/tags?post=167916"}],"curies":[{"name":"wp","href":"https:\/\/api.w.org\/{rel}","templated":true}]}}