{"id":167905,"date":"2026-01-23T14:35:16","date_gmt":"2026-01-23T17:35:16","guid":{"rendered":"https:\/\/portaltela.pt\/noticias\/2026\/01\/23\/nucleo-de-cinotecnia-da-marinha-recebe-nova-recruta-canina-no-funchal-2\/"},"modified":"2026-01-23T14:35:16","modified_gmt":"2026-01-23T17:35:16","slug":"nucleo-de-cinotecnia-da-marinha-recebe-nova-recruta-canina-no-funchal-2","status":"publish","type":"post","link":"https:\/\/portaltela.pt\/noticias\/2026\/01\/23\/nucleo-de-cinotecnia-da-marinha-recebe-nova-recruta-canina-no-funchal-2\/","title":{"rendered":"N\u00facleo de Cinot\u00e9cnia da Marinha recebe nova recruta canina no Funchal"},"content":{"rendered":"<p>O N\u00facleo de Cinot\u00e9cnia da Marinha recebeu no dia 22 de janeiro uma cadela da ra\u00e7a Pastor-belga-malinois. A jovem fuzileira agora integra a Escola de Fuzileiros para iniciar o seu percurso de prepara\u00e7\u00e3o e treino.<\/p>\n<p>A cadela foi entregue pelo canil Terra do Geranium, no Funchal, com o apoio da For\u00e7a A\u00e9rea Portuguesa, que contribuiu para as desloca\u00e7\u00f5es necess\u00e1rias. A coopera\u00e7\u00e3o entre entidades permitiu a viabiliza\u00e7\u00e3o da integra\u00e7\u00e3o da cadela no programa de cinot\u00e9cnia.<\/p>\n<p>A Marinha divulga que o p\u00fablico poder\u00e1 colaborar na escolha do nome da nova militar de quatro patas. As sugest\u00f5es ser\u00e3o comunicadas atrav\u00e9s das redes sociais institucionais, que tamb\u00e9m acompanhar\u00e3o o processo de sele\u00e7\u00e3o.<\/p>\n<p>Entretanto, o objetivo do refor\u00e7o canino passa pelo treino operacional e pela melhoria de capacidades no \u00e2mbito da cinot\u00e9cnia. O acompanhamento \u00e9 realizado pela equipa do N\u00facleo de Cinot\u00e9cnia, em parceria com as estruturas envolvidas.<\/p>\n","protected":false},"excerpt":{"rendered":"<ul>\n<li>Em 22 de janeiro, o N\u00facleo de Cinot\u00e9cnia da Marinha recebeu uma cadela da ra\u00e7a Pastor-belga-malinois para iniciar o treino na Escola de Fuzileiros, no Funchal.<\/li>\n<li>A cadela foi entregue pelo canil Terra do Geranium, com o apoio da For\u00e7a A\u00e9rea Portuguesa, que ajudou nas desloca\u00e7\u00f5es.<\/li>\n<li>A nova militar de quatro patas j\u00e1 est\u00e1 integrada na Escola de Fuzileiros para o in\u00edcio do seu percurso de prepara\u00e7\u00e3o.<\/li>\n<li>A Marinha vai permitir que o p\u00fablico participe na escolha do nome da cadela, atrav\u00e9s de sugest\u00f5es divulgadas nas redes sociais oficiais.<\/li>\n<li>O processo de sele\u00e7\u00e3o do nome ser\u00e1 acompanhado pela institui\u00e7\u00e3o nas suas plataformas online.<\/li>\n<\/ul>\n","protected":false},"author":2,"featured_media":167908,"comment_status":"closed","ping_status":"closed","sticky":false,"template":"","format":"standard","meta":{"footnotes":""},"categories":[1],"tags":[3091,256,4006,1779,1120,859],"class_list":["post-167905","post","type-post","status-publish","format-standard","has-post-thumbnail","hentry","category-noticias","tag-animais","tag-cooperacao-internacional","tag-escola-de-fuzileiros","tag-forcas-armadas","tag-funchal","tag-madeira"],"yoast_head":"<!-- This site is optimized with the Yoast SEO plugin v27.2 - https:\/\/yoast.com\/product\/yoast-seo-wordpress\/ -->\n<title>N\u00facleo de Cinot\u00e9cnia da Marinha recebe nova recruta canina no Funchal - Portal Tela Portugal<\/title>\n<meta name=\"robots\" content=\"index, follow, max-snippet:-1, max-image-preview:large, max-video-preview:-1\" \/>\n<meta property=\"og:locale\" content=\"pt_PT\" \/>\n<meta property=\"og:type\" content=\"article\" \/>\n<meta property=\"og:title\" content=\"N\u00facleo de Cinot\u00e9cnia da Marinha recebe nova recruta canina no Funchal - Portal Tela Portugal\" \/>\n<meta property=\"og:description\" content=\"Em 22 de janeiro, o N\u00facleo de Cinot\u00e9cnia da Marinha recebeu uma cadela da ra\u00e7a Pastor-belga-malinois para iniciar o treino na Escola de Fuzileiros, no Funchal. A cadela foi entregue pelo canil Terra do Geranium, com o apoio da For\u00e7a A\u00e9rea Portuguesa, que ajudou nas desloca\u00e7\u00f5es. A nova militar de quatro patas j\u00e1 est\u00e1 integrada na Escola de Fuzileiros para o in\u00edcio do seu percurso de prepara\u00e7\u00e3o. A Marinha vai permitir que o p\u00fablico participe na escolha do nome da cadela, atrav\u00e9s de sugest\u00f5es divulgadas nas redes sociais oficiais. O processo de sele\u00e7\u00e3o do nome ser\u00e1 acompanhado pela institui\u00e7\u00e3o nas suas plataformas online.\" \/>\n<meta property=\"og:url\" content=\"https:\/\/portaltela.pt\/noticias\/2026\/01\/23\/nucleo-de-cinotecnia-da-marinha-recebe-nova-recruta-canina-no-funchal-2\/\" \/>\n<meta property=\"og:site_name\" content=\"Portal Tela Portugal\" \/>\n<meta property=\"article:published_time\" content=\"2026-01-23T17:35:16+00:00\" \/>\n<meta name=\"author\" content=\"Telinha\" \/>\n<meta name=\"twitter:card\" content=\"summary_large_image\" \/>\n<meta name=\"twitter:label1\" content=\"Escrito por\" \/>\n\t<meta name=\"twitter:data1\" content=\"Telinha\" \/>\n\t<meta name=\"twitter:label2\" content=\"Tempo estimado de leitura\" \/>\n\t<meta name=\"twitter:data2\" content=\"1 minuto\" \/>\n<script type=\"application\/ld+json\" class=\"yoast-schema-graph\">{\"@context\":\"https:\/\/schema.org\",\"@graph\":[{\"@type\":\"Article\",\"@id\":\"https:\/\/portaltela.pt\/noticias\/2026\/01\/23\/nucleo-de-cinotecnia-da-marinha-recebe-nova-recruta-canina-no-funchal-2\/#article\",\"isPartOf\":{\"@id\":\"https:\/\/portaltela.pt\/noticias\/2026\/01\/23\/nucleo-de-cinotecnia-da-marinha-recebe-nova-recruta-canina-no-funchal-2\/\"},\"author\":{\"name\":\"Telinha\",\"@id\":\"https:\/\/portaltela.pt\/#\/schema\/person\/c4278d4a6028830caff9ee44b42d32ed\"},\"headline\":\"N\u00facleo de Cinot\u00e9cnia da Marinha recebe nova recruta canina no Funchal\",\"datePublished\":\"2026-01-23T17:35:16+00:00\",\"mainEntityOfPage\":{\"@id\":\"https:\/\/portaltela.pt\/noticias\/2026\/01\/23\/nucleo-de-cinotecnia-da-marinha-recebe-nova-recruta-canina-no-funchal-2\/\"},\"wordCount\":177,\"image\":{\"@id\":\"https:\/\/portaltela.pt\/noticias\/2026\/01\/23\/nucleo-de-cinotecnia-da-marinha-recebe-nova-recruta-canina-no-funchal-2\/#primaryimage\"},\"thumbnailUrl\":\"https:\/\/portaltela.pt\/s.01k8rhncp4jt1\/2026\/01\/nova_recruta-1.jpg\",\"keywords\":[\"animais\",\"coopera\u00e7\u00e3o internacional\",\"Escola de Fuzileiros\",\"For\u00e7as Armadas\",\"Funchal\",\"Madeira\"],\"articleSection\":[\"Not\u00edcias\"],\"inLanguage\":\"pt-PT\"},{\"@type\":\"WebPage\",\"@id\":\"https:\/\/portaltela.pt\/noticias\/2026\/01\/23\/nucleo-de-cinotecnia-da-marinha-recebe-nova-recruta-canina-no-funchal-2\/\",\"url\":\"https:\/\/portaltela.pt\/noticias\/2026\/01\/23\/nucleo-de-cinotecnia-da-marinha-recebe-nova-recruta-canina-no-funchal-2\/\",\"name\":\"N\u00facleo de Cinot\u00e9cnia da Marinha recebe nova recruta canina no Funchal - Portal Tela Portugal\",\"isPartOf\":{\"@id\":\"https:\/\/portaltela.pt\/#website\"},\"primaryImageOfPage\":{\"@id\":\"https:\/\/portaltela.pt\/noticias\/2026\/01\/23\/nucleo-de-cinotecnia-da-marinha-recebe-nova-recruta-canina-no-funchal-2\/#primaryimage\"},\"image\":{\"@id\":\"https:\/\/portaltela.pt\/noticias\/2026\/01\/23\/nucleo-de-cinotecnia-da-marinha-recebe-nova-recruta-canina-no-funchal-2\/#primaryimage\"},\"thumbnailUrl\":\"https:\/\/portaltela.pt\/s.01k8rhncp4jt1\/2026\/01\/nova_recruta-1.jpg\",\"datePublished\":\"2026-01-23T17:35:16+00:00\",\"author\":{\"@id\":\"https:\/\/portaltela.pt\/#\/schema\/person\/c4278d4a6028830caff9ee44b42d32ed\"},\"breadcrumb\":{\"@id\":\"https:\/\/portaltela.pt\/noticias\/2026\/01\/23\/nucleo-de-cinotecnia-da-marinha-recebe-nova-recruta-canina-no-funchal-2\/#breadcrumb\"},\"inLanguage\":\"pt-PT\",\"potentialAction\":[{\"@type\":\"ReadAction\",\"target\":[\"https:\/\/portaltela.pt\/noticias\/2026\/01\/23\/nucleo-de-cinotecnia-da-marinha-recebe-nova-recruta-canina-no-funchal-2\/\"]}]},{\"@type\":\"ImageObject\",\"inLanguage\":\"pt-PT\",\"@id\":\"https:\/\/portaltela.pt\/noticias\/2026\/01\/23\/nucleo-de-cinotecnia-da-marinha-recebe-nova-recruta-canina-no-funchal-2\/#primaryimage\",\"url\":\"https:\/\/portaltela.pt\/s.01k8rhncp4jt1\/2026\/01\/nova_recruta-1.jpg\",\"contentUrl\":\"https:\/\/portaltela.pt\/s.01k8rhncp4jt1\/2026\/01\/nova_recruta-1.jpg\",\"width\":796,\"height\":448,\"caption\":\"N\u00facleo de Cinot\u00e9cnia da Marinha recebe nova recruta de quatro patas no Funchal\"},{\"@type\":\"BreadcrumbList\",\"@id\":\"https:\/\/portaltela.pt\/noticias\/2026\/01\/23\/nucleo-de-cinotecnia-da-marinha-recebe-nova-recruta-canina-no-funchal-2\/#breadcrumb\",\"itemListElement\":[{\"@type\":\"ListItem\",\"position\":1,\"name\":\"In\u00edcio\",\"item\":\"https:\/\/portaltela.pt\/\"},{\"@type\":\"ListItem\",\"position\":2,\"name\":\"N\u00facleo de Cinot\u00e9cnia da Marinha recebe nova recruta canina no Funchal\"}]},{\"@type\":\"WebSite\",\"@id\":\"https:\/\/portaltela.pt\/#website\",\"url\":\"https:\/\/portaltela.pt\/\",\"name\":\"Portal Tela Portugal\",\"description\":\"\",\"potentialAction\":[{\"@type\":\"SearchAction\",\"target\":{\"@type\":\"EntryPoint\",\"urlTemplate\":\"https:\/\/portaltela.pt\/?s={search_term_string}\"},\"query-input\":{\"@type\":\"PropertyValueSpecification\",\"valueRequired\":true,\"valueName\":\"search_term_string\"}}],\"inLanguage\":\"pt-PT\"},{\"@type\":\"Person\",\"@id\":\"https:\/\/portaltela.pt\/#\/schema\/person\/c4278d4a6028830caff9ee44b42d32ed\",\"name\":\"Telinha\",\"image\":{\"@type\":\"ImageObject\",\"inLanguage\":\"pt-PT\",\"@id\":\"https:\/\/portaltela.pt\/s.01k8rhncp4jt1\/2025\/11\/talking-bot-125x125.png\",\"url\":\"https:\/\/portaltela.pt\/s.01k8rhncp4jt1\/2025\/11\/talking-bot-125x125.png\",\"contentUrl\":\"https:\/\/portaltela.pt\/s.01k8rhncp4jt1\/2025\/11\/talking-bot-125x125.png\",\"caption\":\"Telinha\"},\"sameAs\":[\"https:\/\/portaltela.pt\/\"],\"url\":\"https:\/\/portaltela.pt\/por\/367410592786\/\"}]}<\/script>\n<!-- \/ Yoast SEO plugin. -->","yoast_head_json":{"title":"N\u00facleo de Cinot\u00e9cnia da Marinha recebe nova recruta canina no Funchal - Portal Tela Portugal","robots":{"index":"index","follow":"follow","max-snippet":"max-snippet:-1","max-image-preview":"max-image-preview:large","max-video-preview":"max-video-preview:-1"},"og_locale":"pt_PT","og_type":"article","og_title":"N\u00facleo de Cinot\u00e9cnia da Marinha recebe nova recruta canina no Funchal - Portal Tela Portugal","og_description":"Em 22 de janeiro, o N\u00facleo de Cinot\u00e9cnia da Marinha recebeu uma cadela da ra\u00e7a Pastor-belga-malinois para iniciar o treino na Escola de Fuzileiros, no Funchal. A cadela foi entregue pelo canil Terra do Geranium, com o apoio da For\u00e7a A\u00e9rea Portuguesa, que ajudou nas desloca\u00e7\u00f5es. A nova militar de quatro patas j\u00e1 est\u00e1 integrada na Escola de Fuzileiros para o in\u00edcio do seu percurso de prepara\u00e7\u00e3o. A Marinha vai permitir que o p\u00fablico participe na escolha do nome da cadela, atrav\u00e9s de sugest\u00f5es divulgadas nas redes sociais oficiais. O processo de sele\u00e7\u00e3o do nome ser\u00e1 acompanhado pela institui\u00e7\u00e3o nas suas plataformas online.","og_url":"https:\/\/portaltela.pt\/noticias\/2026\/01\/23\/nucleo-de-cinotecnia-da-marinha-recebe-nova-recruta-canina-no-funchal-2\/","og_site_name":"Portal Tela Portugal","article_published_time":"2026-01-23T17:35:16+00:00","author":"Telinha","twitter_card":"summary_large_image","twitter_misc":{"Escrito por":"Telinha","Tempo estimado de leitura":"1 minuto"},"schema":{"@context":"https:\/\/schema.org","@graph":[{"@type":"Article","@id":"https:\/\/portaltela.pt\/noticias\/2026\/01\/23\/nucleo-de-cinotecnia-da-marinha-recebe-nova-recruta-canina-no-funchal-2\/#article","isPartOf":{"@id":"https:\/\/portaltela.pt\/noticias\/2026\/01\/23\/nucleo-de-cinotecnia-da-marinha-recebe-nova-recruta-canina-no-funchal-2\/"},"author":{"name":"Telinha","@id":"https:\/\/portaltela.pt\/#\/schema\/person\/c4278d4a6028830caff9ee44b42d32ed"},"headline":"N\u00facleo de Cinot\u00e9cnia da Marinha recebe nova recruta canina no Funchal","datePublished":"2026-01-23T17:35:16+00:00","mainEntityOfPage":{"@id":"https:\/\/portaltela.pt\/noticias\/2026\/01\/23\/nucleo-de-cinotecnia-da-marinha-recebe-nova-recruta-canina-no-funchal-2\/"},"wordCount":177,"image":{"@id":"https:\/\/portaltela.pt\/noticias\/2026\/01\/23\/nucleo-de-cinotecnia-da-marinha-recebe-nova-recruta-canina-no-funchal-2\/#primaryimage"},"thumbnailUrl":"https:\/\/portaltela.pt\/s.01k8rhncp4jt1\/2026\/01\/nova_recruta-1.jpg","keywords":["animais","coopera\u00e7\u00e3o internacional","Escola de Fuzileiros","For\u00e7as Armadas","Funchal","Madeira"],"articleSection":["Not\u00edcias"],"inLanguage":"pt-PT"},{"@type":"WebPage","@id":"https:\/\/portaltela.pt\/noticias\/2026\/01\/23\/nucleo-de-cinotecnia-da-marinha-recebe-nova-recruta-canina-no-funchal-2\/","url":"https:\/\/portaltela.pt\/noticias\/2026\/01\/23\/nucleo-de-cinotecnia-da-marinha-recebe-nova-recruta-canina-no-funchal-2\/","name":"N\u00facleo de Cinot\u00e9cnia da Marinha recebe nova recruta canina no Funchal - Portal Tela Portugal","isPartOf":{"@id":"https:\/\/portaltela.pt\/#website"},"primaryImageOfPage":{"@id":"https:\/\/portaltela.pt\/noticias\/2026\/01\/23\/nucleo-de-cinotecnia-da-marinha-recebe-nova-recruta-canina-no-funchal-2\/#primaryimage"},"image":{"@id":"https:\/\/portaltela.pt\/noticias\/2026\/01\/23\/nucleo-de-cinotecnia-da-marinha-recebe-nova-recruta-canina-no-funchal-2\/#primaryimage"},"thumbnailUrl":"https:\/\/portaltela.pt\/s.01k8rhncp4jt1\/2026\/01\/nova_recruta-1.jpg","datePublished":"2026-01-23T17:35:16+00:00","author":{"@id":"https:\/\/portaltela.pt\/#\/schema\/person\/c4278d4a6028830caff9ee44b42d32ed"},"breadcrumb":{"@id":"https:\/\/portaltela.pt\/noticias\/2026\/01\/23\/nucleo-de-cinotecnia-da-marinha-recebe-nova-recruta-canina-no-funchal-2\/#breadcrumb"},"inLanguage":"pt-PT","potentialAction":[{"@type":"ReadAction","target":["https:\/\/portaltela.pt\/noticias\/2026\/01\/23\/nucleo-de-cinotecnia-da-marinha-recebe-nova-recruta-canina-no-funchal-2\/"]}]},{"@type":"ImageObject","inLanguage":"pt-PT","@id":"https:\/\/portaltela.pt\/noticias\/2026\/01\/23\/nucleo-de-cinotecnia-da-marinha-recebe-nova-recruta-canina-no-funchal-2\/#primaryimage","url":"https:\/\/portaltela.pt\/s.01k8rhncp4jt1\/2026\/01\/nova_recruta-1.jpg","contentUrl":"https:\/\/portaltela.pt\/s.01k8rhncp4jt1\/2026\/01\/nova_recruta-1.jpg","width":796,"height":448,"caption":"N\u00facleo de Cinot\u00e9cnia da Marinha recebe nova recruta de quatro patas no Funchal"},{"@type":"BreadcrumbList","@id":"https:\/\/portaltela.pt\/noticias\/2026\/01\/23\/nucleo-de-cinotecnia-da-marinha-recebe-nova-recruta-canina-no-funchal-2\/#breadcrumb","itemListElement":[{"@type":"ListItem","position":1,"name":"In\u00edcio","item":"https:\/\/portaltela.pt\/"},{"@type":"ListItem","position":2,"name":"N\u00facleo de Cinot\u00e9cnia da Marinha recebe nova recruta canina no Funchal"}]},{"@type":"WebSite","@id":"https:\/\/portaltela.pt\/#website","url":"https:\/\/portaltela.pt\/","name":"Portal Tela Portugal","description":"","potentialAction":[{"@type":"SearchAction","target":{"@type":"EntryPoint","urlTemplate":"https:\/\/portaltela.pt\/?s={search_term_string}"},"query-input":{"@type":"PropertyValueSpecification","valueRequired":true,"valueName":"search_term_string"}}],"inLanguage":"pt-PT"},{"@type":"Person","@id":"https:\/\/portaltela.pt\/#\/schema\/person\/c4278d4a6028830caff9ee44b42d32ed","name":"Telinha","image":{"@type":"ImageObject","inLanguage":"pt-PT","@id":"https:\/\/portaltela.pt\/s.01k8rhncp4jt1\/2025\/11\/talking-bot-125x125.png","url":"https:\/\/portaltela.pt\/s.01k8rhncp4jt1\/2025\/11\/talking-bot-125x125.png","contentUrl":"https:\/\/portaltela.pt\/s.01k8rhncp4jt1\/2025\/11\/talking-bot-125x125.png","caption":"Telinha"},"sameAs":["https:\/\/portaltela.pt\/"],"url":"https:\/\/portaltela.pt\/por\/367410592786\/"}]}},"_links":{"self":[{"href":"https:\/\/portaltela.pt\/api\/wp\/v2\/posts\/167905","targetHints":{"allow":["GET"]}}],"collection":[{"href":"https:\/\/portaltela.pt\/api\/wp\/v2\/posts"}],"about":[{"href":"https:\/\/portaltela.pt\/api\/wp\/v2\/types\/post"}],"author":[{"embeddable":true,"href":"https:\/\/portaltela.pt\/api\/wp\/v2\/users\/2"}],"replies":[{"embeddable":true,"href":"https:\/\/portaltela.pt\/api\/wp\/v2\/comments?post=167905"}],"version-history":[{"count":0,"href":"https:\/\/portaltela.pt\/api\/wp\/v2\/posts\/167905\/revisions"}],"wp:featuredmedia":[{"embeddable":true,"href":"https:\/\/portaltela.pt\/api\/wp\/v2\/media\/167908"}],"wp:attachment":[{"href":"https:\/\/portaltela.pt\/api\/wp\/v2\/media?parent=167905"}],"wp:term":[{"taxonomy":"category","embeddable":true,"href":"https:\/\/portaltela.pt\/api\/wp\/v2\/categories?post=167905"},{"taxonomy":"post_tag","embeddable":true,"href":"https:\/\/portaltela.pt\/api\/wp\/v2\/tags?post=167905"}],"curies":[{"name":"wp","href":"https:\/\/api.w.org\/{rel}","templated":true}]}}