{"id":167895,"date":"2026-01-23T15:08:07","date_gmt":"2026-01-23T18:08:07","guid":{"rendered":"https:\/\/portaltela.pt\/noticias\/2026\/01\/23\/celorico-da-beira-revive-tradicao-das-janeiras-nas-ipss\/"},"modified":"2026-01-23T15:08:07","modified_gmt":"2026-01-23T18:08:07","slug":"celorico-da-beira-revive-tradicao-das-janeiras-nas-ipss","status":"publish","type":"post","link":"https:\/\/portaltela.pt\/noticias\/2026\/01\/23\/celorico-da-beira-revive-tradicao-das-janeiras-nas-ipss\/","title":{"rendered":"Celorico da Beira revive tradi\u00e7\u00e3o das Janeiras nas IPSS"},"content":{"rendered":"<p>Entre 19 e 22 de janeiro, a equipa de Anima\u00e7\u00e3o Sociocultural da C\u00e2mara Municipal de Celorico da Beira dinamizou a iniciativa &#8220;Cantar as Janeiras&#8221; nas Institui\u00e7\u00f5es de Solidariedade Social (IPSS) do concelho.<\/p>\n<p>A a\u00e7\u00e3o visou saudar o Ano Novo junto de utentes e respons\u00e1veis, promovendo m\u00fasica, alegria e conv\u00edvio.<\/p>\n<p>Para os seniores, foi uma oportunidade de viver um dia diferente e reviver mem\u00f3rias familiares.<\/p>\n<p>A atividade tamb\u00e9m permitiu partilhar conhecimentos sobre as tradi\u00e7\u00f5es culturais de cada freguesia, com foco nas cantigas da \u00e9poca natal\u00edcia e de Ano Novo.<\/p>\n<h3>A\u00e7\u00e3o local e legado<\/h3>\n<p>A iniciativa reuniu diversas IPSS do concelho, fortalecendo o interc\u00e2mbio entre moradores e institui\u00e7\u00f5es.<\/p>\n<p>A C\u00e2mara Municipal destacou o papel das Janeiras na identidade local e na promo\u00e7\u00e3o de momentos de conviv\u00eancia entre gera\u00e7\u00f5es.<\/p>\n<p>Fotos: Munic\u00edpio de Celorico da Beira<\/p>\n","protected":false},"excerpt":{"rendered":"<ul>\n<li>Entre os dias 19 e 22 de janeiro, a equipa de Anima\u00e7\u00e3o Sociocultural da C\u00e2mara Municipal de Celorico da Beira dinamizou a iniciativa \u201cCantar as Janeiras\u201d nas IPSS do concelho.<\/li>\n<li>A atividade teve como objetivo saudar o Ano Novo junto de utentes e respons\u00e1veis, gerando momentos de m\u00fasica, alegria e conv\u00edvio.<\/li>\n<li>Para os seniores, proporcionou um dia diferente, permitindo recordar mem\u00f3rias familiares e tradi\u00e7\u00f5es de outrora.<\/li>\n<li>Al\u00e9m da anima\u00e7\u00e3o, a a\u00e7\u00e3o promoveu o interc\u00e2mbio de saberes sobre as tradi\u00e7\u00f5es culturais de cada freguesia, especialmente as cantigas da \u00e9poca natal\u00edcia e de Ano Novo.<\/li>\n<li>Fotos: Munic\u00edpio de Celorico da Beira.<\/li>\n<\/ul>\n","protected":false},"author":2,"featured_media":167901,"comment_status":"closed","ping_status":"closed","sticky":false,"template":"","format":"standard","meta":{"footnotes":""},"categories":[1],"tags":[3591,1966,75,145,3129,146],"class_list":["post-167895","post","type-post","status-publish","format-standard","has-post-thumbnail","hentry","category-noticias","tag-animacao-sociocultural","tag-celorico-da-beira","tag-convivencia","tag-cultura","tag-ipss","tag-tradicoes"],"yoast_head":"<!-- This site is optimized with the Yoast SEO plugin v27.2 - https:\/\/yoast.com\/product\/yoast-seo-wordpress\/ -->\n<title>Celorico da Beira revive tradi\u00e7\u00e3o das Janeiras nas IPSS - Portal Tela Portugal<\/title>\n<meta name=\"robots\" content=\"index, follow, max-snippet:-1, max-image-preview:large, max-video-preview:-1\" \/>\n<meta property=\"og:locale\" content=\"pt_PT\" \/>\n<meta property=\"og:type\" content=\"article\" \/>\n<meta property=\"og:title\" content=\"Celorico da Beira revive tradi\u00e7\u00e3o das Janeiras nas IPSS - Portal Tela Portugal\" \/>\n<meta property=\"og:description\" content=\"Entre os dias 19 e 22 de janeiro, a equipa de Anima\u00e7\u00e3o Sociocultural da C\u00e2mara Municipal de Celorico da Beira dinamizou a iniciativa \u201cCantar as Janeiras\u201d nas IPSS do concelho. A atividade teve como objetivo saudar o Ano Novo junto de utentes e respons\u00e1veis, gerando momentos de m\u00fasica, alegria e conv\u00edvio. Para os seniores, proporcionou um dia diferente, permitindo recordar mem\u00f3rias familiares e tradi\u00e7\u00f5es de outrora. Al\u00e9m da anima\u00e7\u00e3o, a a\u00e7\u00e3o promoveu o interc\u00e2mbio de saberes sobre as tradi\u00e7\u00f5es culturais de cada freguesia, especialmente as cantigas da \u00e9poca natal\u00edcia e de Ano Novo. Fotos: Munic\u00edpio de Celorico da Beira.\" \/>\n<meta property=\"og:url\" content=\"https:\/\/portaltela.pt\/noticias\/2026\/01\/23\/celorico-da-beira-revive-tradicao-das-janeiras-nas-ipss\/\" \/>\n<meta property=\"og:site_name\" content=\"Portal Tela Portugal\" \/>\n<meta property=\"article:published_time\" content=\"2026-01-23T18:08:07+00:00\" \/>\n<meta name=\"author\" content=\"Telinha\" \/>\n<meta name=\"twitter:card\" content=\"summary_large_image\" \/>\n<meta name=\"twitter:label1\" content=\"Escrito por\" \/>\n\t<meta name=\"twitter:data1\" content=\"Telinha\" \/>\n\t<meta name=\"twitter:label2\" content=\"Tempo estimado de leitura\" \/>\n\t<meta name=\"twitter:data2\" content=\"1 minuto\" \/>\n<script type=\"application\/ld+json\" class=\"yoast-schema-graph\">{\"@context\":\"https:\/\/schema.org\",\"@graph\":[{\"@type\":\"Article\",\"@id\":\"https:\/\/portaltela.pt\/noticias\/2026\/01\/23\/celorico-da-beira-revive-tradicao-das-janeiras-nas-ipss\/#article\",\"isPartOf\":{\"@id\":\"https:\/\/portaltela.pt\/noticias\/2026\/01\/23\/celorico-da-beira-revive-tradicao-das-janeiras-nas-ipss\/\"},\"author\":{\"name\":\"Telinha\",\"@id\":\"https:\/\/portaltela.pt\/#\/schema\/person\/c4278d4a6028830caff9ee44b42d32ed\"},\"headline\":\"Celorico da Beira revive tradi\u00e7\u00e3o das Janeiras nas IPSS\",\"datePublished\":\"2026-01-23T18:08:07+00:00\",\"mainEntityOfPage\":{\"@id\":\"https:\/\/portaltela.pt\/noticias\/2026\/01\/23\/celorico-da-beira-revive-tradicao-das-janeiras-nas-ipss\/\"},\"wordCount\":159,\"image\":{\"@id\":\"https:\/\/portaltela.pt\/noticias\/2026\/01\/23\/celorico-da-beira-revive-tradicao-das-janeiras-nas-ipss\/#primaryimage\"},\"thumbnailUrl\":\"https:\/\/portaltela.pt\/s.01k8rhncp4jt1\/2026\/01\/unnamed-file-4827.jpg\",\"keywords\":[\"Anima\u00e7\u00e3o Sociocultural\",\"Celorico da Beira\",\"conviv\u00eancia\",\"cultura\",\"IPSS\",\"tradi\u00e7\u00f5es\"],\"articleSection\":[\"Not\u00edcias\"],\"inLanguage\":\"pt-PT\"},{\"@type\":\"WebPage\",\"@id\":\"https:\/\/portaltela.pt\/noticias\/2026\/01\/23\/celorico-da-beira-revive-tradicao-das-janeiras-nas-ipss\/\",\"url\":\"https:\/\/portaltela.pt\/noticias\/2026\/01\/23\/celorico-da-beira-revive-tradicao-das-janeiras-nas-ipss\/\",\"name\":\"Celorico da Beira revive tradi\u00e7\u00e3o das Janeiras nas IPSS - Portal Tela Portugal\",\"isPartOf\":{\"@id\":\"https:\/\/portaltela.pt\/#website\"},\"primaryImageOfPage\":{\"@id\":\"https:\/\/portaltela.pt\/noticias\/2026\/01\/23\/celorico-da-beira-revive-tradicao-das-janeiras-nas-ipss\/#primaryimage\"},\"image\":{\"@id\":\"https:\/\/portaltela.pt\/noticias\/2026\/01\/23\/celorico-da-beira-revive-tradicao-das-janeiras-nas-ipss\/#primaryimage\"},\"thumbnailUrl\":\"https:\/\/portaltela.pt\/s.01k8rhncp4jt1\/2026\/01\/unnamed-file-4827.jpg\",\"datePublished\":\"2026-01-23T18:08:07+00:00\",\"author\":{\"@id\":\"https:\/\/portaltela.pt\/#\/schema\/person\/c4278d4a6028830caff9ee44b42d32ed\"},\"breadcrumb\":{\"@id\":\"https:\/\/portaltela.pt\/noticias\/2026\/01\/23\/celorico-da-beira-revive-tradicao-das-janeiras-nas-ipss\/#breadcrumb\"},\"inLanguage\":\"pt-PT\",\"potentialAction\":[{\"@type\":\"ReadAction\",\"target\":[\"https:\/\/portaltela.pt\/noticias\/2026\/01\/23\/celorico-da-beira-revive-tradicao-das-janeiras-nas-ipss\/\"]}]},{\"@type\":\"ImageObject\",\"inLanguage\":\"pt-PT\",\"@id\":\"https:\/\/portaltela.pt\/noticias\/2026\/01\/23\/celorico-da-beira-revive-tradicao-das-janeiras-nas-ipss\/#primaryimage\",\"url\":\"https:\/\/portaltela.pt\/s.01k8rhncp4jt1\/2026\/01\/unnamed-file-4827.jpg\",\"contentUrl\":\"https:\/\/portaltela.pt\/s.01k8rhncp4jt1\/2026\/01\/unnamed-file-4827.jpg\",\"width\":796,\"height\":448,\"caption\":\"Celorico da Beira revive tradi\u00e7\u00e3o das Janeiras nas IPSS\"},{\"@type\":\"BreadcrumbList\",\"@id\":\"https:\/\/portaltela.pt\/noticias\/2026\/01\/23\/celorico-da-beira-revive-tradicao-das-janeiras-nas-ipss\/#breadcrumb\",\"itemListElement\":[{\"@type\":\"ListItem\",\"position\":1,\"name\":\"In\u00edcio\",\"item\":\"https:\/\/portaltela.pt\/\"},{\"@type\":\"ListItem\",\"position\":2,\"name\":\"Celorico da Beira revive tradi\u00e7\u00e3o das Janeiras nas IPSS\"}]},{\"@type\":\"WebSite\",\"@id\":\"https:\/\/portaltela.pt\/#website\",\"url\":\"https:\/\/portaltela.pt\/\",\"name\":\"Portal Tela Portugal\",\"description\":\"\",\"potentialAction\":[{\"@type\":\"SearchAction\",\"target\":{\"@type\":\"EntryPoint\",\"urlTemplate\":\"https:\/\/portaltela.pt\/?s={search_term_string}\"},\"query-input\":{\"@type\":\"PropertyValueSpecification\",\"valueRequired\":true,\"valueName\":\"search_term_string\"}}],\"inLanguage\":\"pt-PT\"},{\"@type\":\"Person\",\"@id\":\"https:\/\/portaltela.pt\/#\/schema\/person\/c4278d4a6028830caff9ee44b42d32ed\",\"name\":\"Telinha\",\"image\":{\"@type\":\"ImageObject\",\"inLanguage\":\"pt-PT\",\"@id\":\"https:\/\/portaltela.pt\/s.01k8rhncp4jt1\/2025\/11\/talking-bot-125x125.png\",\"url\":\"https:\/\/portaltela.pt\/s.01k8rhncp4jt1\/2025\/11\/talking-bot-125x125.png\",\"contentUrl\":\"https:\/\/portaltela.pt\/s.01k8rhncp4jt1\/2025\/11\/talking-bot-125x125.png\",\"caption\":\"Telinha\"},\"sameAs\":[\"https:\/\/portaltela.pt\/\"],\"url\":\"https:\/\/portaltela.pt\/por\/367410592786\/\"}]}<\/script>\n<!-- \/ Yoast SEO plugin. -->","yoast_head_json":{"title":"Celorico da Beira revive tradi\u00e7\u00e3o das Janeiras nas IPSS - Portal Tela Portugal","robots":{"index":"index","follow":"follow","max-snippet":"max-snippet:-1","max-image-preview":"max-image-preview:large","max-video-preview":"max-video-preview:-1"},"og_locale":"pt_PT","og_type":"article","og_title":"Celorico da Beira revive tradi\u00e7\u00e3o das Janeiras nas IPSS - Portal Tela Portugal","og_description":"Entre os dias 19 e 22 de janeiro, a equipa de Anima\u00e7\u00e3o Sociocultural da C\u00e2mara Municipal de Celorico da Beira dinamizou a iniciativa \u201cCantar as Janeiras\u201d nas IPSS do concelho. A atividade teve como objetivo saudar o Ano Novo junto de utentes e respons\u00e1veis, gerando momentos de m\u00fasica, alegria e conv\u00edvio. Para os seniores, proporcionou um dia diferente, permitindo recordar mem\u00f3rias familiares e tradi\u00e7\u00f5es de outrora. Al\u00e9m da anima\u00e7\u00e3o, a a\u00e7\u00e3o promoveu o interc\u00e2mbio de saberes sobre as tradi\u00e7\u00f5es culturais de cada freguesia, especialmente as cantigas da \u00e9poca natal\u00edcia e de Ano Novo. Fotos: Munic\u00edpio de Celorico da Beira.","og_url":"https:\/\/portaltela.pt\/noticias\/2026\/01\/23\/celorico-da-beira-revive-tradicao-das-janeiras-nas-ipss\/","og_site_name":"Portal Tela Portugal","article_published_time":"2026-01-23T18:08:07+00:00","author":"Telinha","twitter_card":"summary_large_image","twitter_misc":{"Escrito por":"Telinha","Tempo estimado de leitura":"1 minuto"},"schema":{"@context":"https:\/\/schema.org","@graph":[{"@type":"Article","@id":"https:\/\/portaltela.pt\/noticias\/2026\/01\/23\/celorico-da-beira-revive-tradicao-das-janeiras-nas-ipss\/#article","isPartOf":{"@id":"https:\/\/portaltela.pt\/noticias\/2026\/01\/23\/celorico-da-beira-revive-tradicao-das-janeiras-nas-ipss\/"},"author":{"name":"Telinha","@id":"https:\/\/portaltela.pt\/#\/schema\/person\/c4278d4a6028830caff9ee44b42d32ed"},"headline":"Celorico da Beira revive tradi\u00e7\u00e3o das Janeiras nas IPSS","datePublished":"2026-01-23T18:08:07+00:00","mainEntityOfPage":{"@id":"https:\/\/portaltela.pt\/noticias\/2026\/01\/23\/celorico-da-beira-revive-tradicao-das-janeiras-nas-ipss\/"},"wordCount":159,"image":{"@id":"https:\/\/portaltela.pt\/noticias\/2026\/01\/23\/celorico-da-beira-revive-tradicao-das-janeiras-nas-ipss\/#primaryimage"},"thumbnailUrl":"https:\/\/portaltela.pt\/s.01k8rhncp4jt1\/2026\/01\/unnamed-file-4827.jpg","keywords":["Anima\u00e7\u00e3o Sociocultural","Celorico da Beira","conviv\u00eancia","cultura","IPSS","tradi\u00e7\u00f5es"],"articleSection":["Not\u00edcias"],"inLanguage":"pt-PT"},{"@type":"WebPage","@id":"https:\/\/portaltela.pt\/noticias\/2026\/01\/23\/celorico-da-beira-revive-tradicao-das-janeiras-nas-ipss\/","url":"https:\/\/portaltela.pt\/noticias\/2026\/01\/23\/celorico-da-beira-revive-tradicao-das-janeiras-nas-ipss\/","name":"Celorico da Beira revive tradi\u00e7\u00e3o das Janeiras nas IPSS - Portal Tela Portugal","isPartOf":{"@id":"https:\/\/portaltela.pt\/#website"},"primaryImageOfPage":{"@id":"https:\/\/portaltela.pt\/noticias\/2026\/01\/23\/celorico-da-beira-revive-tradicao-das-janeiras-nas-ipss\/#primaryimage"},"image":{"@id":"https:\/\/portaltela.pt\/noticias\/2026\/01\/23\/celorico-da-beira-revive-tradicao-das-janeiras-nas-ipss\/#primaryimage"},"thumbnailUrl":"https:\/\/portaltela.pt\/s.01k8rhncp4jt1\/2026\/01\/unnamed-file-4827.jpg","datePublished":"2026-01-23T18:08:07+00:00","author":{"@id":"https:\/\/portaltela.pt\/#\/schema\/person\/c4278d4a6028830caff9ee44b42d32ed"},"breadcrumb":{"@id":"https:\/\/portaltela.pt\/noticias\/2026\/01\/23\/celorico-da-beira-revive-tradicao-das-janeiras-nas-ipss\/#breadcrumb"},"inLanguage":"pt-PT","potentialAction":[{"@type":"ReadAction","target":["https:\/\/portaltela.pt\/noticias\/2026\/01\/23\/celorico-da-beira-revive-tradicao-das-janeiras-nas-ipss\/"]}]},{"@type":"ImageObject","inLanguage":"pt-PT","@id":"https:\/\/portaltela.pt\/noticias\/2026\/01\/23\/celorico-da-beira-revive-tradicao-das-janeiras-nas-ipss\/#primaryimage","url":"https:\/\/portaltela.pt\/s.01k8rhncp4jt1\/2026\/01\/unnamed-file-4827.jpg","contentUrl":"https:\/\/portaltela.pt\/s.01k8rhncp4jt1\/2026\/01\/unnamed-file-4827.jpg","width":796,"height":448,"caption":"Celorico da Beira revive tradi\u00e7\u00e3o das Janeiras nas IPSS"},{"@type":"BreadcrumbList","@id":"https:\/\/portaltela.pt\/noticias\/2026\/01\/23\/celorico-da-beira-revive-tradicao-das-janeiras-nas-ipss\/#breadcrumb","itemListElement":[{"@type":"ListItem","position":1,"name":"In\u00edcio","item":"https:\/\/portaltela.pt\/"},{"@type":"ListItem","position":2,"name":"Celorico da Beira revive tradi\u00e7\u00e3o das Janeiras nas IPSS"}]},{"@type":"WebSite","@id":"https:\/\/portaltela.pt\/#website","url":"https:\/\/portaltela.pt\/","name":"Portal Tela Portugal","description":"","potentialAction":[{"@type":"SearchAction","target":{"@type":"EntryPoint","urlTemplate":"https:\/\/portaltela.pt\/?s={search_term_string}"},"query-input":{"@type":"PropertyValueSpecification","valueRequired":true,"valueName":"search_term_string"}}],"inLanguage":"pt-PT"},{"@type":"Person","@id":"https:\/\/portaltela.pt\/#\/schema\/person\/c4278d4a6028830caff9ee44b42d32ed","name":"Telinha","image":{"@type":"ImageObject","inLanguage":"pt-PT","@id":"https:\/\/portaltela.pt\/s.01k8rhncp4jt1\/2025\/11\/talking-bot-125x125.png","url":"https:\/\/portaltela.pt\/s.01k8rhncp4jt1\/2025\/11\/talking-bot-125x125.png","contentUrl":"https:\/\/portaltela.pt\/s.01k8rhncp4jt1\/2025\/11\/talking-bot-125x125.png","caption":"Telinha"},"sameAs":["https:\/\/portaltela.pt\/"],"url":"https:\/\/portaltela.pt\/por\/367410592786\/"}]}},"_links":{"self":[{"href":"https:\/\/portaltela.pt\/api\/wp\/v2\/posts\/167895","targetHints":{"allow":["GET"]}}],"collection":[{"href":"https:\/\/portaltela.pt\/api\/wp\/v2\/posts"}],"about":[{"href":"https:\/\/portaltela.pt\/api\/wp\/v2\/types\/post"}],"author":[{"embeddable":true,"href":"https:\/\/portaltela.pt\/api\/wp\/v2\/users\/2"}],"replies":[{"embeddable":true,"href":"https:\/\/portaltela.pt\/api\/wp\/v2\/comments?post=167895"}],"version-history":[{"count":0,"href":"https:\/\/portaltela.pt\/api\/wp\/v2\/posts\/167895\/revisions"}],"wp:featuredmedia":[{"embeddable":true,"href":"https:\/\/portaltela.pt\/api\/wp\/v2\/media\/167901"}],"wp:attachment":[{"href":"https:\/\/portaltela.pt\/api\/wp\/v2\/media?parent=167895"}],"wp:term":[{"taxonomy":"category","embeddable":true,"href":"https:\/\/portaltela.pt\/api\/wp\/v2\/categories?post=167895"},{"taxonomy":"post_tag","embeddable":true,"href":"https:\/\/portaltela.pt\/api\/wp\/v2\/tags?post=167895"}],"curies":[{"name":"wp","href":"https:\/\/api.w.org\/{rel}","templated":true}]}}