{"id":167876,"date":"2026-01-23T07:33:34","date_gmt":"2026-01-23T10:33:34","guid":{"rendered":"https:\/\/portaltela.pt\/noticias\/2026\/01\/23\/neve-em-vila-real-corta-o-ip4-e-condiciona-a-a24\/"},"modified":"2026-01-23T07:33:34","modified_gmt":"2026-01-23T10:33:34","slug":"neve-em-vila-real-corta-o-ip4-e-condiciona-a-a24","status":"publish","type":"post","link":"https:\/\/portaltela.pt\/noticias\/2026\/01\/23\/neve-em-vila-real-corta-o-ip4-e-condiciona-a-a24\/","title":{"rendered":"Neve em Vila Real corta o IP4 e condiciona a A24"},"content":{"rendered":"<p>O Itiner\u00e1rio Principal 4 (IP4) est\u00e1 cortado ao tr\u00e2nsito na serra do Mar\u00e3o, entre os n\u00f3s da Campe\u00e3 (Vila Real) e da Aboadela (Amarante). A circula\u00e7\u00e3o est\u00e1 condicionada na Autoestrada 24 (A24) entre Vila Real e Vila Pouca de Aguiar, devido \u00e0 neve, segundo a GNR.<\/p>\n<p>\u00c0s 9h45 de hoje, a GNR de Vila Real confirmou o corte no IP4 e a restriction na A24 por acumula\u00e7\u00e3o de neve. Na A24, h\u00e1 cami\u00f5es e autom\u00f3veis parados ou atrasados na desloca\u00e7\u00e3o entre Vila Real e Vila Pouca de Aguiar. Um limpa-neves est\u00e1 a trabalhar para limpar a via.<\/p>\n<p>O distrito de Vila Real est\u00e1 em aviso vermelho pela previs\u00e3o de neve. Escolas e transportes escolares foram suspensos em Boticas, Chaves, Montalegre, Mondim de Basto, Ribeira de Pena, Valpa\u00e7os e Vila Pouca de Aguiar.<\/p>\n<h3>Condi\u00e7\u00f5es meteorol\u00f3gicas e medidas preventivas<\/h3>\n<p>O IPMA prev\u00ea chuva, neve, vento e agita\u00e7\u00e3o mar\u00edtima com a passagem da depress\u00e3o Ingrid. V\u00e1rias regi\u00f5es portuguesas est\u00e3o sob aviso vermelho devido \u00e0 neve e \u00e0 agita\u00e7\u00e3o mar\u00edtima prevista.<\/p>\n<p>A ANEPC colocou quase todo o territ\u00f3rio continental em estado de prontid\u00e3o especial de n\u00edvel 3 at\u00e9 s\u00e1bado, devido aos impactos esperados. O estado entrou em vigor \u00e0s 16h de quinta-feira e termina \u00e0s 23h59 de s\u00e1bado.<\/p>\n","protected":false},"excerpt":{"rendered":"<ul>\n<li>O tro\u00e7o do IP4 est\u00e1 cortado entre os n\u00f3s da Campe\u00e3 (Vila Real) e da Aboadela (Amarante), devido \u00e0 neve na serra do Mar\u00e3o.<\/li>\n<li>A Autoestrada 24 (A24) entre Vila Real e Vila Pouca de Aguiar est\u00e1 transit\u00e1vel, mas com circula\u00e7\u00e3o condicionada pela neve; h\u00e1 cami\u00f5es e autom\u00f3veis parados ou atravessados, com um limpa-neves a cumprir a limpeza.<\/li>\n<li>O distrito de Vila Real est\u00e1 em aviso vermelho; escolas e transportes escolares foram suspensos em Boticas, Chaves, Montalegre, Mondim de Basto, Ribeira de Pena, Valpa\u00e7os e Vila Pouca de Aguiar.<\/li>\n<li>A depress\u00e3o Ingrid traz chuva, neve, vento e agita\u00e7\u00e3o mar\u00edtima, com v\u00e1rios distritos sob aviso vermelho hoje.<\/li>\n<li>A Autoridade Nacional de Emerg\u00eancia e Prote\u00e7\u00e3o Civil colocou quase todo o territ\u00f3rio continental em prontid\u00e3o especial de n\u00edvel 3 at\u00e9 s\u00e1bado, devido \u00e0 neve e \u00e0 agita\u00e7\u00e3o mar\u00edtima.<\/li>\n<\/ul>\n","protected":false},"author":2,"featured_media":167885,"comment_status":"closed","ping_status":"closed","sticky":false,"template":"","format":"standard","meta":{"footnotes":""},"categories":[1],"tags":[2749,3734,4016,3913,2146,1665],"class_list":["post-167876","post","type-post","status-publish","format-standard","has-post-thumbnail","hentry","category-noticias","tag-boticas","tag-chaves","tag-mondim-de-basto","tag-montalegre","tag-valpacos","tag-vila-real"],"yoast_head":"<!-- This site is optimized with the Yoast SEO plugin v27.2 - https:\/\/yoast.com\/product\/yoast-seo-wordpress\/ -->\n<title>Neve em Vila Real corta o IP4 e condiciona a A24 - Portal Tela Portugal<\/title>\n<meta name=\"robots\" content=\"index, follow, max-snippet:-1, max-image-preview:large, max-video-preview:-1\" \/>\n<meta property=\"og:locale\" content=\"pt_PT\" \/>\n<meta property=\"og:type\" content=\"article\" \/>\n<meta property=\"og:title\" content=\"Neve em Vila Real corta o IP4 e condiciona a A24 - Portal Tela Portugal\" \/>\n<meta property=\"og:description\" content=\"O tro\u00e7o do IP4 est\u00e1 cortado entre os n\u00f3s da Campe\u00e3 (Vila Real) e da Aboadela (Amarante), devido \u00e0 neve na serra do Mar\u00e3o. A Autoestrada 24 (A24) entre Vila Real e Vila Pouca de Aguiar est\u00e1 transit\u00e1vel, mas com circula\u00e7\u00e3o condicionada pela neve; h\u00e1 cami\u00f5es e autom\u00f3veis parados ou atravessados, com um limpa-neves a cumprir a limpeza. O distrito de Vila Real est\u00e1 em aviso vermelho; escolas e transportes escolares foram suspensos em Boticas, Chaves, Montalegre, Mondim de Basto, Ribeira de Pena, Valpa\u00e7os e Vila Pouca de Aguiar. A depress\u00e3o Ingrid traz chuva, neve, vento e agita\u00e7\u00e3o mar\u00edtima, com v\u00e1rios distritos sob aviso vermelho hoje. A Autoridade Nacional de Emerg\u00eancia e Prote\u00e7\u00e3o Civil colocou quase todo o territ\u00f3rio continental em prontid\u00e3o especial de n\u00edvel 3 at\u00e9 s\u00e1bado, devido \u00e0 neve e \u00e0 agita\u00e7\u00e3o mar\u00edtima.\" \/>\n<meta property=\"og:url\" content=\"https:\/\/portaltela.pt\/noticias\/2026\/01\/23\/neve-em-vila-real-corta-o-ip4-e-condiciona-a-a24\/\" \/>\n<meta property=\"og:site_name\" content=\"Portal Tela Portugal\" \/>\n<meta property=\"article:published_time\" content=\"2026-01-23T10:33:34+00:00\" \/>\n<meta name=\"author\" content=\"Telinha\" \/>\n<meta name=\"twitter:card\" content=\"summary_large_image\" \/>\n<meta name=\"twitter:label1\" content=\"Escrito por\" \/>\n\t<meta name=\"twitter:data1\" content=\"Telinha\" \/>\n\t<meta name=\"twitter:label2\" content=\"Tempo estimado de leitura\" \/>\n\t<meta name=\"twitter:data2\" content=\"1 minuto\" \/>\n<script type=\"application\/ld+json\" class=\"yoast-schema-graph\">{\"@context\":\"https:\/\/schema.org\",\"@graph\":[{\"@type\":\"Article\",\"@id\":\"https:\/\/portaltela.pt\/noticias\/2026\/01\/23\/neve-em-vila-real-corta-o-ip4-e-condiciona-a-a24\/#article\",\"isPartOf\":{\"@id\":\"https:\/\/portaltela.pt\/noticias\/2026\/01\/23\/neve-em-vila-real-corta-o-ip4-e-condiciona-a-a24\/\"},\"author\":{\"name\":\"Telinha\",\"@id\":\"https:\/\/portaltela.pt\/#\/schema\/person\/c4278d4a6028830caff9ee44b42d32ed\"},\"headline\":\"Neve em Vila Real corta o IP4 e condiciona a A24\",\"datePublished\":\"2026-01-23T10:33:34+00:00\",\"mainEntityOfPage\":{\"@id\":\"https:\/\/portaltela.pt\/noticias\/2026\/01\/23\/neve-em-vila-real-corta-o-ip4-e-condiciona-a-a24\/\"},\"wordCount\":235,\"image\":{\"@id\":\"https:\/\/portaltela.pt\/noticias\/2026\/01\/23\/neve-em-vila-real-corta-o-ip4-e-condiciona-a-a24\/#primaryimage\"},\"thumbnailUrl\":\"https:\/\/portaltela.pt\/s.01k8rhncp4jt1\/2026\/01\/unnamed-file-4822.jpg\",\"keywords\":[\"Boticas\",\"Chaves\",\"Mondim de Basto\",\"Montalegre\",\"Valpa\u00e7os\",\"Vila Real\"],\"articleSection\":[\"Not\u00edcias\"],\"inLanguage\":\"pt-PT\"},{\"@type\":\"WebPage\",\"@id\":\"https:\/\/portaltela.pt\/noticias\/2026\/01\/23\/neve-em-vila-real-corta-o-ip4-e-condiciona-a-a24\/\",\"url\":\"https:\/\/portaltela.pt\/noticias\/2026\/01\/23\/neve-em-vila-real-corta-o-ip4-e-condiciona-a-a24\/\",\"name\":\"Neve em Vila Real corta o IP4 e condiciona a A24 - Portal Tela Portugal\",\"isPartOf\":{\"@id\":\"https:\/\/portaltela.pt\/#website\"},\"primaryImageOfPage\":{\"@id\":\"https:\/\/portaltela.pt\/noticias\/2026\/01\/23\/neve-em-vila-real-corta-o-ip4-e-condiciona-a-a24\/#primaryimage\"},\"image\":{\"@id\":\"https:\/\/portaltela.pt\/noticias\/2026\/01\/23\/neve-em-vila-real-corta-o-ip4-e-condiciona-a-a24\/#primaryimage\"},\"thumbnailUrl\":\"https:\/\/portaltela.pt\/s.01k8rhncp4jt1\/2026\/01\/unnamed-file-4822.jpg\",\"datePublished\":\"2026-01-23T10:33:34+00:00\",\"author\":{\"@id\":\"https:\/\/portaltela.pt\/#\/schema\/person\/c4278d4a6028830caff9ee44b42d32ed\"},\"breadcrumb\":{\"@id\":\"https:\/\/portaltela.pt\/noticias\/2026\/01\/23\/neve-em-vila-real-corta-o-ip4-e-condiciona-a-a24\/#breadcrumb\"},\"inLanguage\":\"pt-PT\",\"potentialAction\":[{\"@type\":\"ReadAction\",\"target\":[\"https:\/\/portaltela.pt\/noticias\/2026\/01\/23\/neve-em-vila-real-corta-o-ip4-e-condiciona-a-a24\/\"]}]},{\"@type\":\"ImageObject\",\"inLanguage\":\"pt-PT\",\"@id\":\"https:\/\/portaltela.pt\/noticias\/2026\/01\/23\/neve-em-vila-real-corta-o-ip4-e-condiciona-a-a24\/#primaryimage\",\"url\":\"https:\/\/portaltela.pt\/s.01k8rhncp4jt1\/2026\/01\/unnamed-file-4822.jpg\",\"contentUrl\":\"https:\/\/portaltela.pt\/s.01k8rhncp4jt1\/2026\/01\/unnamed-file-4822.jpg\",\"width\":796,\"height\":448,\"caption\":\"Depress\u00e3o Ingrid: tro\u00e7o do IP4 cortado e A24 condicionada por causa da neve em Vila Real\"},{\"@type\":\"BreadcrumbList\",\"@id\":\"https:\/\/portaltela.pt\/noticias\/2026\/01\/23\/neve-em-vila-real-corta-o-ip4-e-condiciona-a-a24\/#breadcrumb\",\"itemListElement\":[{\"@type\":\"ListItem\",\"position\":1,\"name\":\"In\u00edcio\",\"item\":\"https:\/\/portaltela.pt\/\"},{\"@type\":\"ListItem\",\"position\":2,\"name\":\"Neve em Vila Real corta o IP4 e condiciona a A24\"}]},{\"@type\":\"WebSite\",\"@id\":\"https:\/\/portaltela.pt\/#website\",\"url\":\"https:\/\/portaltela.pt\/\",\"name\":\"Portal Tela Portugal\",\"description\":\"\",\"potentialAction\":[{\"@type\":\"SearchAction\",\"target\":{\"@type\":\"EntryPoint\",\"urlTemplate\":\"https:\/\/portaltela.pt\/?s={search_term_string}\"},\"query-input\":{\"@type\":\"PropertyValueSpecification\",\"valueRequired\":true,\"valueName\":\"search_term_string\"}}],\"inLanguage\":\"pt-PT\"},{\"@type\":\"Person\",\"@id\":\"https:\/\/portaltela.pt\/#\/schema\/person\/c4278d4a6028830caff9ee44b42d32ed\",\"name\":\"Telinha\",\"image\":{\"@type\":\"ImageObject\",\"inLanguage\":\"pt-PT\",\"@id\":\"https:\/\/portaltela.pt\/s.01k8rhncp4jt1\/2025\/11\/talking-bot-125x125.png\",\"url\":\"https:\/\/portaltela.pt\/s.01k8rhncp4jt1\/2025\/11\/talking-bot-125x125.png\",\"contentUrl\":\"https:\/\/portaltela.pt\/s.01k8rhncp4jt1\/2025\/11\/talking-bot-125x125.png\",\"caption\":\"Telinha\"},\"sameAs\":[\"https:\/\/portaltela.pt\/\"],\"url\":\"https:\/\/portaltela.pt\/por\/367410592786\/\"}]}<\/script>\n<!-- \/ Yoast SEO plugin. -->","yoast_head_json":{"title":"Neve em Vila Real corta o IP4 e condiciona a A24 - Portal Tela Portugal","robots":{"index":"index","follow":"follow","max-snippet":"max-snippet:-1","max-image-preview":"max-image-preview:large","max-video-preview":"max-video-preview:-1"},"og_locale":"pt_PT","og_type":"article","og_title":"Neve em Vila Real corta o IP4 e condiciona a A24 - Portal Tela Portugal","og_description":"O tro\u00e7o do IP4 est\u00e1 cortado entre os n\u00f3s da Campe\u00e3 (Vila Real) e da Aboadela (Amarante), devido \u00e0 neve na serra do Mar\u00e3o. A Autoestrada 24 (A24) entre Vila Real e Vila Pouca de Aguiar est\u00e1 transit\u00e1vel, mas com circula\u00e7\u00e3o condicionada pela neve; h\u00e1 cami\u00f5es e autom\u00f3veis parados ou atravessados, com um limpa-neves a cumprir a limpeza. O distrito de Vila Real est\u00e1 em aviso vermelho; escolas e transportes escolares foram suspensos em Boticas, Chaves, Montalegre, Mondim de Basto, Ribeira de Pena, Valpa\u00e7os e Vila Pouca de Aguiar. A depress\u00e3o Ingrid traz chuva, neve, vento e agita\u00e7\u00e3o mar\u00edtima, com v\u00e1rios distritos sob aviso vermelho hoje. A Autoridade Nacional de Emerg\u00eancia e Prote\u00e7\u00e3o Civil colocou quase todo o territ\u00f3rio continental em prontid\u00e3o especial de n\u00edvel 3 at\u00e9 s\u00e1bado, devido \u00e0 neve e \u00e0 agita\u00e7\u00e3o mar\u00edtima.","og_url":"https:\/\/portaltela.pt\/noticias\/2026\/01\/23\/neve-em-vila-real-corta-o-ip4-e-condiciona-a-a24\/","og_site_name":"Portal Tela Portugal","article_published_time":"2026-01-23T10:33:34+00:00","author":"Telinha","twitter_card":"summary_large_image","twitter_misc":{"Escrito por":"Telinha","Tempo estimado de leitura":"1 minuto"},"schema":{"@context":"https:\/\/schema.org","@graph":[{"@type":"Article","@id":"https:\/\/portaltela.pt\/noticias\/2026\/01\/23\/neve-em-vila-real-corta-o-ip4-e-condiciona-a-a24\/#article","isPartOf":{"@id":"https:\/\/portaltela.pt\/noticias\/2026\/01\/23\/neve-em-vila-real-corta-o-ip4-e-condiciona-a-a24\/"},"author":{"name":"Telinha","@id":"https:\/\/portaltela.pt\/#\/schema\/person\/c4278d4a6028830caff9ee44b42d32ed"},"headline":"Neve em Vila Real corta o IP4 e condiciona a A24","datePublished":"2026-01-23T10:33:34+00:00","mainEntityOfPage":{"@id":"https:\/\/portaltela.pt\/noticias\/2026\/01\/23\/neve-em-vila-real-corta-o-ip4-e-condiciona-a-a24\/"},"wordCount":235,"image":{"@id":"https:\/\/portaltela.pt\/noticias\/2026\/01\/23\/neve-em-vila-real-corta-o-ip4-e-condiciona-a-a24\/#primaryimage"},"thumbnailUrl":"https:\/\/portaltela.pt\/s.01k8rhncp4jt1\/2026\/01\/unnamed-file-4822.jpg","keywords":["Boticas","Chaves","Mondim de Basto","Montalegre","Valpa\u00e7os","Vila Real"],"articleSection":["Not\u00edcias"],"inLanguage":"pt-PT"},{"@type":"WebPage","@id":"https:\/\/portaltela.pt\/noticias\/2026\/01\/23\/neve-em-vila-real-corta-o-ip4-e-condiciona-a-a24\/","url":"https:\/\/portaltela.pt\/noticias\/2026\/01\/23\/neve-em-vila-real-corta-o-ip4-e-condiciona-a-a24\/","name":"Neve em Vila Real corta o IP4 e condiciona a A24 - Portal Tela Portugal","isPartOf":{"@id":"https:\/\/portaltela.pt\/#website"},"primaryImageOfPage":{"@id":"https:\/\/portaltela.pt\/noticias\/2026\/01\/23\/neve-em-vila-real-corta-o-ip4-e-condiciona-a-a24\/#primaryimage"},"image":{"@id":"https:\/\/portaltela.pt\/noticias\/2026\/01\/23\/neve-em-vila-real-corta-o-ip4-e-condiciona-a-a24\/#primaryimage"},"thumbnailUrl":"https:\/\/portaltela.pt\/s.01k8rhncp4jt1\/2026\/01\/unnamed-file-4822.jpg","datePublished":"2026-01-23T10:33:34+00:00","author":{"@id":"https:\/\/portaltela.pt\/#\/schema\/person\/c4278d4a6028830caff9ee44b42d32ed"},"breadcrumb":{"@id":"https:\/\/portaltela.pt\/noticias\/2026\/01\/23\/neve-em-vila-real-corta-o-ip4-e-condiciona-a-a24\/#breadcrumb"},"inLanguage":"pt-PT","potentialAction":[{"@type":"ReadAction","target":["https:\/\/portaltela.pt\/noticias\/2026\/01\/23\/neve-em-vila-real-corta-o-ip4-e-condiciona-a-a24\/"]}]},{"@type":"ImageObject","inLanguage":"pt-PT","@id":"https:\/\/portaltela.pt\/noticias\/2026\/01\/23\/neve-em-vila-real-corta-o-ip4-e-condiciona-a-a24\/#primaryimage","url":"https:\/\/portaltela.pt\/s.01k8rhncp4jt1\/2026\/01\/unnamed-file-4822.jpg","contentUrl":"https:\/\/portaltela.pt\/s.01k8rhncp4jt1\/2026\/01\/unnamed-file-4822.jpg","width":796,"height":448,"caption":"Depress\u00e3o Ingrid: tro\u00e7o do IP4 cortado e A24 condicionada por causa da neve em Vila Real"},{"@type":"BreadcrumbList","@id":"https:\/\/portaltela.pt\/noticias\/2026\/01\/23\/neve-em-vila-real-corta-o-ip4-e-condiciona-a-a24\/#breadcrumb","itemListElement":[{"@type":"ListItem","position":1,"name":"In\u00edcio","item":"https:\/\/portaltela.pt\/"},{"@type":"ListItem","position":2,"name":"Neve em Vila Real corta o IP4 e condiciona a A24"}]},{"@type":"WebSite","@id":"https:\/\/portaltela.pt\/#website","url":"https:\/\/portaltela.pt\/","name":"Portal Tela Portugal","description":"","potentialAction":[{"@type":"SearchAction","target":{"@type":"EntryPoint","urlTemplate":"https:\/\/portaltela.pt\/?s={search_term_string}"},"query-input":{"@type":"PropertyValueSpecification","valueRequired":true,"valueName":"search_term_string"}}],"inLanguage":"pt-PT"},{"@type":"Person","@id":"https:\/\/portaltela.pt\/#\/schema\/person\/c4278d4a6028830caff9ee44b42d32ed","name":"Telinha","image":{"@type":"ImageObject","inLanguage":"pt-PT","@id":"https:\/\/portaltela.pt\/s.01k8rhncp4jt1\/2025\/11\/talking-bot-125x125.png","url":"https:\/\/portaltela.pt\/s.01k8rhncp4jt1\/2025\/11\/talking-bot-125x125.png","contentUrl":"https:\/\/portaltela.pt\/s.01k8rhncp4jt1\/2025\/11\/talking-bot-125x125.png","caption":"Telinha"},"sameAs":["https:\/\/portaltela.pt\/"],"url":"https:\/\/portaltela.pt\/por\/367410592786\/"}]}},"_links":{"self":[{"href":"https:\/\/portaltela.pt\/api\/wp\/v2\/posts\/167876","targetHints":{"allow":["GET"]}}],"collection":[{"href":"https:\/\/portaltela.pt\/api\/wp\/v2\/posts"}],"about":[{"href":"https:\/\/portaltela.pt\/api\/wp\/v2\/types\/post"}],"author":[{"embeddable":true,"href":"https:\/\/portaltela.pt\/api\/wp\/v2\/users\/2"}],"replies":[{"embeddable":true,"href":"https:\/\/portaltela.pt\/api\/wp\/v2\/comments?post=167876"}],"version-history":[{"count":0,"href":"https:\/\/portaltela.pt\/api\/wp\/v2\/posts\/167876\/revisions"}],"wp:featuredmedia":[{"embeddable":true,"href":"https:\/\/portaltela.pt\/api\/wp\/v2\/media\/167885"}],"wp:attachment":[{"href":"https:\/\/portaltela.pt\/api\/wp\/v2\/media?parent=167876"}],"wp:term":[{"taxonomy":"category","embeddable":true,"href":"https:\/\/portaltela.pt\/api\/wp\/v2\/categories?post=167876"},{"taxonomy":"post_tag","embeddable":true,"href":"https:\/\/portaltela.pt\/api\/wp\/v2\/tags?post=167876"}],"curies":[{"name":"wp","href":"https:\/\/api.w.org\/{rel}","templated":true}]}}