{"id":167856,"date":"2026-01-23T14:20:27","date_gmt":"2026-01-23T17:20:27","guid":{"rendered":"https:\/\/portaltela.pt\/noticias\/2026\/01\/23\/antonio-morgado-estreia-se-em-2026-com-oitavo-lugar-na-classica-valenciana-2\/"},"modified":"2026-01-23T14:20:27","modified_gmt":"2026-01-23T17:20:27","slug":"antonio-morgado-estreia-se-em-2026-com-oitavo-lugar-na-classica-valenciana-2","status":"publish","type":"post","link":"https:\/\/portaltela.pt\/desporto\/2026\/01\/23\/antonio-morgado-estreia-se-em-2026-com-oitavo-lugar-na-classica-valenciana-2\/","title":{"rendered":"Ant\u00f3nio Morgado estreia-se em 2026 com oitavo lugar na cl\u00e1ssica valenciana"},"content":{"rendered":"<p>Ant\u00f3nio Morgado arrancou oficialmente a temporada de 2026 com um oitavo lugar na Cl\u00e1ssica Camp de Morvedre, prova espanhola que contou com a participa\u00e7\u00e3o da UAE Emirates e da equipa portuguesa Anicolor-Campicarn. O jovem corredor foi o melhor classificado da sua equipa.<\/p>\n<p>A corrida, com 163,4 quil\u00f4metros e partida e chegada em Estivella, terminou com a vit\u00f3ria do italiano Christian Scaroni (XDS Astana) no sprint. Morgado integrou um grupo perseguidor de 13 corredores, a 1.08 do vencedor.<\/p>\n<p>A prova desenrolou-se na terceira passagem pelo Alto del Garb\u00ed (5 km a 9%), a cerca de 20 quil\u00f4metros da meta, onde se separou o pelot\u00e3o. Scaroni, Diego Pescador (Movistar) e Antonio Tiberi (Bahrain Victorious) destacaram-se nesse momento.<\/p>\n<p>O portugu\u00eas manteve-se firme nesse desenrolar, integrando um terceiro grupo perseguidor. O sprint final desse pelot\u00e3o foi ganho por Diego Ulissi (XDS Astana), com Morgado a ficar no 3.\u00ba lugar do minipelot\u00e3o e como o melhor da UAE Emirates.<\/p>\n","protected":false},"excerpt":{"rendered":"<ul>\n<li>Ant\u00f3nio Morgado terminou em oitavo lugar na Cl\u00e1ssica Camp de Morvedre, a primeira corrida da temporada 2026, disputada em Estivella, Espanha.<\/li>\n<li>O atleta portugu\u00eas foi o melhor classificado da UAE Emirates, equipa principal, enquanto a Anicolor-Campicarn esteve tamb\u00e9m em prova.<\/li>\n<li>A prova, com 163,4 quil\u00f3metros, terminou com o triunfo do italiano Christian Scaroni (XDS Astana) no sprint final.<\/li>\n<li>Morgado integrou um grupo perseguidor de 13 corredores e chegou a 1,08 minutos do vencedor.<\/li>\n<li>No sprint do mini pelot\u00e3o, o mais r\u00e1pido foi o italiano Diego Ulissi (XDS Astana), ficando Morgado em terceiro no seu grupo.<\/li>\n<\/ul>\n","protected":false},"author":2,"featured_media":167860,"comment_status":"closed","ping_status":"closed","sticky":false,"template":"","format":"standard","meta":{"footnotes":""},"categories":[21],"tags":[4004,923,3504,2203,1014,3997],"class_list":["post-167856","post","type-post","status-publish","format-standard","has-post-thumbnail","hentry","category-desporto","tag-anicolor-campicarn","tag-ciclismo","tag-corridas","tag-morgado","tag-portugal","tag-uae-emirates"],"yoast_head":"<!-- This site is optimized with the Yoast SEO plugin v27.2 - https:\/\/yoast.com\/product\/yoast-seo-wordpress\/ -->\n<title>Ant\u00f3nio Morgado estreia-se em 2026 com oitavo lugar na cl\u00e1ssica valenciana - Portal Tela Portugal<\/title>\n<meta name=\"robots\" content=\"index, follow, max-snippet:-1, max-image-preview:large, max-video-preview:-1\" \/>\n<meta property=\"og:locale\" content=\"pt_PT\" \/>\n<meta property=\"og:type\" content=\"article\" \/>\n<meta property=\"og:title\" content=\"Ant\u00f3nio Morgado estreia-se em 2026 com oitavo lugar na cl\u00e1ssica valenciana - Portal Tela Portugal\" \/>\n<meta property=\"og:description\" content=\"Ant\u00f3nio Morgado terminou em oitavo lugar na Cl\u00e1ssica Camp de Morvedre, a primeira corrida da temporada 2026, disputada em Estivella, Espanha. O atleta portugu\u00eas foi o melhor classificado da UAE Emirates, equipa principal, enquanto a Anicolor-Campicarn esteve tamb\u00e9m em prova. A prova, com 163,4 quil\u00f3metros, terminou com o triunfo do italiano Christian Scaroni (XDS Astana) no sprint final. Morgado integrou um grupo perseguidor de 13 corredores e chegou a 1,08 minutos do vencedor. No sprint do mini pelot\u00e3o, o mais r\u00e1pido foi o italiano Diego Ulissi (XDS Astana), ficando Morgado em terceiro no seu grupo.\" \/>\n<meta property=\"og:url\" content=\"https:\/\/portaltela.pt\/noticias\/2026\/01\/23\/antonio-morgado-estreia-se-em-2026-com-oitavo-lugar-na-classica-valenciana-2\/\" \/>\n<meta property=\"og:site_name\" content=\"Portal Tela Portugal\" \/>\n<meta property=\"article:published_time\" content=\"2026-01-23T17:20:27+00:00\" \/>\n<meta name=\"author\" content=\"Telinha\" \/>\n<meta name=\"twitter:card\" content=\"summary_large_image\" \/>\n<meta name=\"twitter:label1\" content=\"Escrito por\" \/>\n\t<meta name=\"twitter:data1\" content=\"Telinha\" \/>\n\t<meta name=\"twitter:label2\" content=\"Tempo estimado de leitura\" \/>\n\t<meta name=\"twitter:data2\" content=\"1 minuto\" \/>\n<script type=\"application\/ld+json\" class=\"yoast-schema-graph\">{\"@context\":\"https:\/\/schema.org\",\"@graph\":[{\"@type\":\"Article\",\"@id\":\"https:\/\/portaltela.pt\/noticias\/2026\/01\/23\/antonio-morgado-estreia-se-em-2026-com-oitavo-lugar-na-classica-valenciana-2\/#article\",\"isPartOf\":{\"@id\":\"https:\/\/portaltela.pt\/noticias\/2026\/01\/23\/antonio-morgado-estreia-se-em-2026-com-oitavo-lugar-na-classica-valenciana-2\/\"},\"author\":{\"name\":\"Telinha\",\"@id\":\"https:\/\/portaltela.pt\/#\/schema\/person\/c4278d4a6028830caff9ee44b42d32ed\"},\"headline\":\"Ant\u00f3nio Morgado estreia-se em 2026 com oitavo lugar na cl\u00e1ssica valenciana\",\"datePublished\":\"2026-01-23T17:20:27+00:00\",\"mainEntityOfPage\":{\"@id\":\"https:\/\/portaltela.pt\/noticias\/2026\/01\/23\/antonio-morgado-estreia-se-em-2026-com-oitavo-lugar-na-classica-valenciana-2\/\"},\"wordCount\":168,\"image\":{\"@id\":\"https:\/\/portaltela.pt\/noticias\/2026\/01\/23\/antonio-morgado-estreia-se-em-2026-com-oitavo-lugar-na-classica-valenciana-2\/#primaryimage\"},\"thumbnailUrl\":\"https:\/\/portaltela.pt\/s.01k8rhncp4jt1\/2026\/01\/32be5ea8-92bb-4903-a193-1b520adeb6a6-1.jpg\",\"keywords\":[\"Anicolor-Campicarn\",\"ciclismo\",\"corridas\",\"Morgado\",\"Portugal\",\"UAE Emirates\"],\"articleSection\":[\"Desporto\"],\"inLanguage\":\"pt-PT\"},{\"@type\":\"WebPage\",\"@id\":\"https:\/\/portaltela.pt\/noticias\/2026\/01\/23\/antonio-morgado-estreia-se-em-2026-com-oitavo-lugar-na-classica-valenciana-2\/\",\"url\":\"https:\/\/portaltela.pt\/noticias\/2026\/01\/23\/antonio-morgado-estreia-se-em-2026-com-oitavo-lugar-na-classica-valenciana-2\/\",\"name\":\"Ant\u00f3nio Morgado estreia-se em 2026 com oitavo lugar na cl\u00e1ssica valenciana - Portal Tela Portugal\",\"isPartOf\":{\"@id\":\"https:\/\/portaltela.pt\/#website\"},\"primaryImageOfPage\":{\"@id\":\"https:\/\/portaltela.pt\/noticias\/2026\/01\/23\/antonio-morgado-estreia-se-em-2026-com-oitavo-lugar-na-classica-valenciana-2\/#primaryimage\"},\"image\":{\"@id\":\"https:\/\/portaltela.pt\/noticias\/2026\/01\/23\/antonio-morgado-estreia-se-em-2026-com-oitavo-lugar-na-classica-valenciana-2\/#primaryimage\"},\"thumbnailUrl\":\"https:\/\/portaltela.pt\/s.01k8rhncp4jt1\/2026\/01\/32be5ea8-92bb-4903-a193-1b520adeb6a6-1.jpg\",\"datePublished\":\"2026-01-23T17:20:27+00:00\",\"author\":{\"@id\":\"https:\/\/portaltela.pt\/#\/schema\/person\/c4278d4a6028830caff9ee44b42d32ed\"},\"breadcrumb\":{\"@id\":\"https:\/\/portaltela.pt\/noticias\/2026\/01\/23\/antonio-morgado-estreia-se-em-2026-com-oitavo-lugar-na-classica-valenciana-2\/#breadcrumb\"},\"inLanguage\":\"pt-PT\",\"potentialAction\":[{\"@type\":\"ReadAction\",\"target\":[\"https:\/\/portaltela.pt\/noticias\/2026\/01\/23\/antonio-morgado-estreia-se-em-2026-com-oitavo-lugar-na-classica-valenciana-2\/\"]}]},{\"@type\":\"ImageObject\",\"inLanguage\":\"pt-PT\",\"@id\":\"https:\/\/portaltela.pt\/noticias\/2026\/01\/23\/antonio-morgado-estreia-se-em-2026-com-oitavo-lugar-na-classica-valenciana-2\/#primaryimage\",\"url\":\"https:\/\/portaltela.pt\/s.01k8rhncp4jt1\/2026\/01\/32be5ea8-92bb-4903-a193-1b520adeb6a6-1.jpg\",\"contentUrl\":\"https:\/\/portaltela.pt\/s.01k8rhncp4jt1\/2026\/01\/32be5ea8-92bb-4903-a193-1b520adeb6a6-1.jpg\",\"width\":796,\"height\":448,\"caption\":\"Photo\"},{\"@type\":\"BreadcrumbList\",\"@id\":\"https:\/\/portaltela.pt\/noticias\/2026\/01\/23\/antonio-morgado-estreia-se-em-2026-com-oitavo-lugar-na-classica-valenciana-2\/#breadcrumb\",\"itemListElement\":[{\"@type\":\"ListItem\",\"position\":1,\"name\":\"In\u00edcio\",\"item\":\"https:\/\/portaltela.pt\/\"},{\"@type\":\"ListItem\",\"position\":2,\"name\":\"Ant\u00f3nio Morgado estreia-se em 2026 com oitavo lugar na cl\u00e1ssica valenciana\"}]},{\"@type\":\"WebSite\",\"@id\":\"https:\/\/portaltela.pt\/#website\",\"url\":\"https:\/\/portaltela.pt\/\",\"name\":\"Portal Tela Portugal\",\"description\":\"\",\"potentialAction\":[{\"@type\":\"SearchAction\",\"target\":{\"@type\":\"EntryPoint\",\"urlTemplate\":\"https:\/\/portaltela.pt\/?s={search_term_string}\"},\"query-input\":{\"@type\":\"PropertyValueSpecification\",\"valueRequired\":true,\"valueName\":\"search_term_string\"}}],\"inLanguage\":\"pt-PT\"},{\"@type\":\"Person\",\"@id\":\"https:\/\/portaltela.pt\/#\/schema\/person\/c4278d4a6028830caff9ee44b42d32ed\",\"name\":\"Telinha\",\"image\":{\"@type\":\"ImageObject\",\"inLanguage\":\"pt-PT\",\"@id\":\"https:\/\/portaltela.pt\/s.01k8rhncp4jt1\/2025\/11\/talking-bot-125x125.png\",\"url\":\"https:\/\/portaltela.pt\/s.01k8rhncp4jt1\/2025\/11\/talking-bot-125x125.png\",\"contentUrl\":\"https:\/\/portaltela.pt\/s.01k8rhncp4jt1\/2025\/11\/talking-bot-125x125.png\",\"caption\":\"Telinha\"},\"sameAs\":[\"https:\/\/portaltela.pt\/\"],\"url\":\"https:\/\/portaltela.pt\/por\/367410592786\/\"}]}<\/script>\n<!-- \/ Yoast SEO plugin. -->","yoast_head_json":{"title":"Ant\u00f3nio Morgado estreia-se em 2026 com oitavo lugar na cl\u00e1ssica valenciana - Portal Tela Portugal","robots":{"index":"index","follow":"follow","max-snippet":"max-snippet:-1","max-image-preview":"max-image-preview:large","max-video-preview":"max-video-preview:-1"},"og_locale":"pt_PT","og_type":"article","og_title":"Ant\u00f3nio Morgado estreia-se em 2026 com oitavo lugar na cl\u00e1ssica valenciana - Portal Tela Portugal","og_description":"Ant\u00f3nio Morgado terminou em oitavo lugar na Cl\u00e1ssica Camp de Morvedre, a primeira corrida da temporada 2026, disputada em Estivella, Espanha. O atleta portugu\u00eas foi o melhor classificado da UAE Emirates, equipa principal, enquanto a Anicolor-Campicarn esteve tamb\u00e9m em prova. A prova, com 163,4 quil\u00f3metros, terminou com o triunfo do italiano Christian Scaroni (XDS Astana) no sprint final. Morgado integrou um grupo perseguidor de 13 corredores e chegou a 1,08 minutos do vencedor. No sprint do mini pelot\u00e3o, o mais r\u00e1pido foi o italiano Diego Ulissi (XDS Astana), ficando Morgado em terceiro no seu grupo.","og_url":"https:\/\/portaltela.pt\/noticias\/2026\/01\/23\/antonio-morgado-estreia-se-em-2026-com-oitavo-lugar-na-classica-valenciana-2\/","og_site_name":"Portal Tela Portugal","article_published_time":"2026-01-23T17:20:27+00:00","author":"Telinha","twitter_card":"summary_large_image","twitter_misc":{"Escrito por":"Telinha","Tempo estimado de leitura":"1 minuto"},"schema":{"@context":"https:\/\/schema.org","@graph":[{"@type":"Article","@id":"https:\/\/portaltela.pt\/noticias\/2026\/01\/23\/antonio-morgado-estreia-se-em-2026-com-oitavo-lugar-na-classica-valenciana-2\/#article","isPartOf":{"@id":"https:\/\/portaltela.pt\/noticias\/2026\/01\/23\/antonio-morgado-estreia-se-em-2026-com-oitavo-lugar-na-classica-valenciana-2\/"},"author":{"name":"Telinha","@id":"https:\/\/portaltela.pt\/#\/schema\/person\/c4278d4a6028830caff9ee44b42d32ed"},"headline":"Ant\u00f3nio Morgado estreia-se em 2026 com oitavo lugar na cl\u00e1ssica valenciana","datePublished":"2026-01-23T17:20:27+00:00","mainEntityOfPage":{"@id":"https:\/\/portaltela.pt\/noticias\/2026\/01\/23\/antonio-morgado-estreia-se-em-2026-com-oitavo-lugar-na-classica-valenciana-2\/"},"wordCount":168,"image":{"@id":"https:\/\/portaltela.pt\/noticias\/2026\/01\/23\/antonio-morgado-estreia-se-em-2026-com-oitavo-lugar-na-classica-valenciana-2\/#primaryimage"},"thumbnailUrl":"https:\/\/portaltela.pt\/s.01k8rhncp4jt1\/2026\/01\/32be5ea8-92bb-4903-a193-1b520adeb6a6-1.jpg","keywords":["Anicolor-Campicarn","ciclismo","corridas","Morgado","Portugal","UAE Emirates"],"articleSection":["Desporto"],"inLanguage":"pt-PT"},{"@type":"WebPage","@id":"https:\/\/portaltela.pt\/noticias\/2026\/01\/23\/antonio-morgado-estreia-se-em-2026-com-oitavo-lugar-na-classica-valenciana-2\/","url":"https:\/\/portaltela.pt\/noticias\/2026\/01\/23\/antonio-morgado-estreia-se-em-2026-com-oitavo-lugar-na-classica-valenciana-2\/","name":"Ant\u00f3nio Morgado estreia-se em 2026 com oitavo lugar na cl\u00e1ssica valenciana - Portal Tela Portugal","isPartOf":{"@id":"https:\/\/portaltela.pt\/#website"},"primaryImageOfPage":{"@id":"https:\/\/portaltela.pt\/noticias\/2026\/01\/23\/antonio-morgado-estreia-se-em-2026-com-oitavo-lugar-na-classica-valenciana-2\/#primaryimage"},"image":{"@id":"https:\/\/portaltela.pt\/noticias\/2026\/01\/23\/antonio-morgado-estreia-se-em-2026-com-oitavo-lugar-na-classica-valenciana-2\/#primaryimage"},"thumbnailUrl":"https:\/\/portaltela.pt\/s.01k8rhncp4jt1\/2026\/01\/32be5ea8-92bb-4903-a193-1b520adeb6a6-1.jpg","datePublished":"2026-01-23T17:20:27+00:00","author":{"@id":"https:\/\/portaltela.pt\/#\/schema\/person\/c4278d4a6028830caff9ee44b42d32ed"},"breadcrumb":{"@id":"https:\/\/portaltela.pt\/noticias\/2026\/01\/23\/antonio-morgado-estreia-se-em-2026-com-oitavo-lugar-na-classica-valenciana-2\/#breadcrumb"},"inLanguage":"pt-PT","potentialAction":[{"@type":"ReadAction","target":["https:\/\/portaltela.pt\/noticias\/2026\/01\/23\/antonio-morgado-estreia-se-em-2026-com-oitavo-lugar-na-classica-valenciana-2\/"]}]},{"@type":"ImageObject","inLanguage":"pt-PT","@id":"https:\/\/portaltela.pt\/noticias\/2026\/01\/23\/antonio-morgado-estreia-se-em-2026-com-oitavo-lugar-na-classica-valenciana-2\/#primaryimage","url":"https:\/\/portaltela.pt\/s.01k8rhncp4jt1\/2026\/01\/32be5ea8-92bb-4903-a193-1b520adeb6a6-1.jpg","contentUrl":"https:\/\/portaltela.pt\/s.01k8rhncp4jt1\/2026\/01\/32be5ea8-92bb-4903-a193-1b520adeb6a6-1.jpg","width":796,"height":448,"caption":"Photo"},{"@type":"BreadcrumbList","@id":"https:\/\/portaltela.pt\/noticias\/2026\/01\/23\/antonio-morgado-estreia-se-em-2026-com-oitavo-lugar-na-classica-valenciana-2\/#breadcrumb","itemListElement":[{"@type":"ListItem","position":1,"name":"In\u00edcio","item":"https:\/\/portaltela.pt\/"},{"@type":"ListItem","position":2,"name":"Ant\u00f3nio Morgado estreia-se em 2026 com oitavo lugar na cl\u00e1ssica valenciana"}]},{"@type":"WebSite","@id":"https:\/\/portaltela.pt\/#website","url":"https:\/\/portaltela.pt\/","name":"Portal Tela Portugal","description":"","potentialAction":[{"@type":"SearchAction","target":{"@type":"EntryPoint","urlTemplate":"https:\/\/portaltela.pt\/?s={search_term_string}"},"query-input":{"@type":"PropertyValueSpecification","valueRequired":true,"valueName":"search_term_string"}}],"inLanguage":"pt-PT"},{"@type":"Person","@id":"https:\/\/portaltela.pt\/#\/schema\/person\/c4278d4a6028830caff9ee44b42d32ed","name":"Telinha","image":{"@type":"ImageObject","inLanguage":"pt-PT","@id":"https:\/\/portaltela.pt\/s.01k8rhncp4jt1\/2025\/11\/talking-bot-125x125.png","url":"https:\/\/portaltela.pt\/s.01k8rhncp4jt1\/2025\/11\/talking-bot-125x125.png","contentUrl":"https:\/\/portaltela.pt\/s.01k8rhncp4jt1\/2025\/11\/talking-bot-125x125.png","caption":"Telinha"},"sameAs":["https:\/\/portaltela.pt\/"],"url":"https:\/\/portaltela.pt\/por\/367410592786\/"}]}},"_links":{"self":[{"href":"https:\/\/portaltela.pt\/api\/wp\/v2\/posts\/167856","targetHints":{"allow":["GET"]}}],"collection":[{"href":"https:\/\/portaltela.pt\/api\/wp\/v2\/posts"}],"about":[{"href":"https:\/\/portaltela.pt\/api\/wp\/v2\/types\/post"}],"author":[{"embeddable":true,"href":"https:\/\/portaltela.pt\/api\/wp\/v2\/users\/2"}],"replies":[{"embeddable":true,"href":"https:\/\/portaltela.pt\/api\/wp\/v2\/comments?post=167856"}],"version-history":[{"count":0,"href":"https:\/\/portaltela.pt\/api\/wp\/v2\/posts\/167856\/revisions"}],"wp:featuredmedia":[{"embeddable":true,"href":"https:\/\/portaltela.pt\/api\/wp\/v2\/media\/167860"}],"wp:attachment":[{"href":"https:\/\/portaltela.pt\/api\/wp\/v2\/media?parent=167856"}],"wp:term":[{"taxonomy":"category","embeddable":true,"href":"https:\/\/portaltela.pt\/api\/wp\/v2\/categories?post=167856"},{"taxonomy":"post_tag","embeddable":true,"href":"https:\/\/portaltela.pt\/api\/wp\/v2\/tags?post=167856"}],"curies":[{"name":"wp","href":"https:\/\/api.w.org\/{rel}","templated":true}]}}