{"id":167838,"date":"2026-01-23T15:06:20","date_gmt":"2026-01-23T18:06:20","guid":{"rendered":"https:\/\/portaltela.pt\/noticias\/2026\/01\/23\/afvr-anuncia-arbitros-para-a-19-a-jornada-da-divisao-de-honra\/"},"modified":"2026-01-23T15:06:20","modified_gmt":"2026-01-23T18:06:20","slug":"afvr-anuncia-arbitros-para-a-19-a-jornada-da-divisao-de-honra","status":"publish","type":"post","link":"https:\/\/portaltela.pt\/desporto\/futebol\/2026\/01\/23\/afvr-anuncia-arbitros-para-a-19-a-jornada-da-divisao-de-honra\/","title":{"rendered":"AFVR anuncia \u00e1rbitros para a 19.\u00aa jornada da Divis\u00e3o de Honra"},"content":{"rendered":"<p>O Conselho de Arbitragem da Associa\u00e7\u00e3o de Futebol de Vila Real (AFVR) divulgou as equipas de arbitragem para os oito jogos da 19.\u00aa jornada da Divis\u00e3o de Honra, que se realiza no dia 25 de janeiro. A divulga\u00e7\u00e3o inclui o \u00e1rbitro e os assistentes atribu\u00eddos a cada encontro.<\/p>\n<p>A jornada decorre a 25 de janeiro, com in\u00edcio marcado para as 15:00. O conjunto de jogos envolve Santa Marta \u2013 R\u00e9gua, Mondinense \u2013 Mes\u00e3o Frio, Vidago \u2013 Atei, Valpa\u00e7os \u2013 Constantim, Fontelas \u2013 Cerva, Sabroso \u2013 Pedras Salgadas e Abambres \u2013 Vila Pouca. Um dos jogos, Montalegre \u2013 Cumieira, encontra-se Adiado com data ainda por designar.<\/p>\n<h3>Nomea\u00e7\u00f5es para a 19.\u00aa jornada<\/h3>\n<ul>\n<li>Santa Marta \u2013 R\u00e9gua: \u00c1rbitro Dylan Brito; Assistentes Jorge Silva e Filipe Cachide<\/li>\n<li>Mondinense \u2013 Mes\u00e3o Frio: \u00c1rbitro Jos\u00e9 Carvalho; Assistentes Tiago Mota e Miguel Ferreira<\/li>\n<li>Vidago \u2013 Atei: \u00c1rbitro Henrique Sousa; Assistentes Jorge Capela e Gon\u00e7alo Alves<\/li>\n<li>Valpa\u00e7os \u2013 Constantim: \u00c1rbitro Sergio Sousa; Assistentes Bruno Domingos e Filipe Silva<\/li>\n<li>Fontelas \u2013 Cerva: \u00c1rbitro Sergio Faceira; Assistentes Jo\u00e3o Moreira e Diogo Pereira<\/li>\n<li>Sabroso \u2013 Pedras Salgadas: \u00c1rbitro Carlos Leite; Assistentes Ruben Fernandes e Hugo Zineira<\/li>\n<li>Abambres \u2013 Vila Pouca: \u00c1rbitro Andr\u00e9 Santos; Assistentes Fernando Nunes e Gon\u00e7alo Sim\u00f5es<\/li>\n<li>Montalegre \u2013 Cumieira: Adiado, data por definir<\/li>\n<\/ul>\n","protected":false},"excerpt":{"rendered":"<ul>\n<li>A AFVR divulgou as equipas de arbitragem para a 19.\u00aa jornada da Divis\u00e3o de Honra, oito jogos marcados para o dia 25 de janeiro.<\/li>\n<li>Domingo, 25 de janeiro, 15:00 \u2014 Santa Marta \u2013 R\u00e9gua: \u00c1rbitro Dylan Brito; Assistentes Jorge Silva e Filipe Cachide. Mondinense \u2013 Mes\u00e3o Frio: \u00c1rbitro Jos\u00e9 Carvalho; Assistentes Tiago Mota e Miguel Ferreira.<\/li>\n<li>Vidago \u2013 Atei: \u00c1rbitro Henrique Sousa; Assistentes Jorge Capela e Gon\u00e7alo Alves. Valpa\u00e7os \u2013 Constantim: \u00c1rbitro Sergio Sousa; Assistentes Bruno Domingos e Filipe Silva.<\/li>\n<li>Fontelas \u2013 Cerva: \u00c1rbitro Sergio Faceira; Assistentes Jo\u00e3o Moreira e Diogo Pereira. Sabroso \u2013 Pedras Salgadas: \u00c1rbitro Carlos Leite; Assistentes Ruben Fernandes e Hugo Zineira. Abambres \u2013 Vila Pouca: \u00c1rbitro Andr\u00e9 Santos; Assistentes Fernando Nunes e Gon\u00e7alo Sim\u00f5es.<\/li>\n<li>Montalegre \u2013 Cumieira encontra-se adiado, data a designar.<\/li>\n<\/ul>\n","protected":false},"author":2,"featured_media":167842,"comment_status":"closed","ping_status":"closed","sticky":false,"template":"","format":"standard","meta":{"footnotes":""},"categories":[21,24],"tags":[1289,1336,152,2887,32],"class_list":["post-167838","post","type-post","status-publish","format-standard","has-post-thumbnail","hentry","category-desporto","category-futebol","tag-arbitragem","tag-arbitro","tag-desporto","tag-divisao-de-honra-serie-a","tag-futebol"],"yoast_head":"<!-- This site is optimized with the Yoast SEO plugin v27.2 - https:\/\/yoast.com\/product\/yoast-seo-wordpress\/ -->\n<title>AFVR anuncia \u00e1rbitros para a 19.\u00aa jornada da Divis\u00e3o de Honra - Portal Tela Portugal<\/title>\n<meta name=\"robots\" content=\"index, follow, max-snippet:-1, max-image-preview:large, max-video-preview:-1\" \/>\n<meta property=\"og:locale\" content=\"pt_PT\" \/>\n<meta property=\"og:type\" content=\"article\" \/>\n<meta property=\"og:title\" content=\"AFVR anuncia \u00e1rbitros para a 19.\u00aa jornada da Divis\u00e3o de Honra - Portal Tela Portugal\" \/>\n<meta property=\"og:description\" content=\"A AFVR divulgou as equipas de arbitragem para a 19.\u00aa jornada da Divis\u00e3o de Honra, oito jogos marcados para o dia 25 de janeiro. Domingo, 25 de janeiro, 15:00 \u2014 Santa Marta \u2013 R\u00e9gua: \u00c1rbitro Dylan Brito; Assistentes Jorge Silva e Filipe Cachide. Mondinense \u2013 Mes\u00e3o Frio: \u00c1rbitro Jos\u00e9 Carvalho; Assistentes Tiago Mota e Miguel Ferreira. Vidago \u2013 Atei: \u00c1rbitro Henrique Sousa; Assistentes Jorge Capela e Gon\u00e7alo Alves. Valpa\u00e7os \u2013 Constantim: \u00c1rbitro Sergio Sousa; Assistentes Bruno Domingos e Filipe Silva. Fontelas \u2013 Cerva: \u00c1rbitro Sergio Faceira; Assistentes Jo\u00e3o Moreira e Diogo Pereira. Sabroso \u2013 Pedras Salgadas: \u00c1rbitro Carlos Leite; Assistentes Ruben Fernandes e Hugo Zineira. Abambres \u2013 Vila Pouca: \u00c1rbitro Andr\u00e9 Santos; Assistentes Fernando Nunes e Gon\u00e7alo Sim\u00f5es. Montalegre \u2013 Cumieira encontra-se adiado, data a designar.\" \/>\n<meta property=\"og:url\" content=\"https:\/\/portaltela.pt\/noticias\/2026\/01\/23\/afvr-anuncia-arbitros-para-a-19-a-jornada-da-divisao-de-honra\/\" \/>\n<meta property=\"og:site_name\" content=\"Portal Tela Portugal\" \/>\n<meta property=\"article:published_time\" content=\"2026-01-23T18:06:20+00:00\" \/>\n<meta name=\"author\" content=\"Telinha\" \/>\n<meta name=\"twitter:card\" content=\"summary_large_image\" \/>\n<meta name=\"twitter:label1\" content=\"Escrito por\" \/>\n\t<meta name=\"twitter:data1\" content=\"Telinha\" \/>\n\t<meta name=\"twitter:label2\" content=\"Tempo estimado de leitura\" \/>\n\t<meta name=\"twitter:data2\" content=\"1 minuto\" \/>\n<script type=\"application\/ld+json\" class=\"yoast-schema-graph\">{\"@context\":\"https:\/\/schema.org\",\"@graph\":[{\"@type\":\"Article\",\"@id\":\"https:\/\/portaltela.pt\/noticias\/2026\/01\/23\/afvr-anuncia-arbitros-para-a-19-a-jornada-da-divisao-de-honra\/#article\",\"isPartOf\":{\"@id\":\"https:\/\/portaltela.pt\/noticias\/2026\/01\/23\/afvr-anuncia-arbitros-para-a-19-a-jornada-da-divisao-de-honra\/\"},\"author\":{\"name\":\"Telinha\",\"@id\":\"https:\/\/portaltela.pt\/#\/schema\/person\/c4278d4a6028830caff9ee44b42d32ed\"},\"headline\":\"AFVR anuncia \u00e1rbitros para a 19.\u00aa jornada da Divis\u00e3o de Honra\",\"datePublished\":\"2026-01-23T18:06:20+00:00\",\"mainEntityOfPage\":{\"@id\":\"https:\/\/portaltela.pt\/noticias\/2026\/01\/23\/afvr-anuncia-arbitros-para-a-19-a-jornada-da-divisao-de-honra\/\"},\"wordCount\":211,\"image\":{\"@id\":\"https:\/\/portaltela.pt\/noticias\/2026\/01\/23\/afvr-anuncia-arbitros-para-a-19-a-jornada-da-divisao-de-honra\/#primaryimage\"},\"thumbnailUrl\":\"https:\/\/portaltela.pt\/s.01k8rhncp4jt1\/2026\/01\/unnamed-file-4816.jpg\",\"keywords\":[\"arbitragem\",\"\u00e1rbitro\",\"desporto\",\"Divis\u00e3o de Honra \u2013 S\u00e9rie A\",\"futebol\"],\"articleSection\":[\"Desporto\",\"Futebol\"],\"inLanguage\":\"pt-PT\"},{\"@type\":\"WebPage\",\"@id\":\"https:\/\/portaltela.pt\/noticias\/2026\/01\/23\/afvr-anuncia-arbitros-para-a-19-a-jornada-da-divisao-de-honra\/\",\"url\":\"https:\/\/portaltela.pt\/noticias\/2026\/01\/23\/afvr-anuncia-arbitros-para-a-19-a-jornada-da-divisao-de-honra\/\",\"name\":\"AFVR anuncia \u00e1rbitros para a 19.\u00aa jornada da Divis\u00e3o de Honra - Portal Tela Portugal\",\"isPartOf\":{\"@id\":\"https:\/\/portaltela.pt\/#website\"},\"primaryImageOfPage\":{\"@id\":\"https:\/\/portaltela.pt\/noticias\/2026\/01\/23\/afvr-anuncia-arbitros-para-a-19-a-jornada-da-divisao-de-honra\/#primaryimage\"},\"image\":{\"@id\":\"https:\/\/portaltela.pt\/noticias\/2026\/01\/23\/afvr-anuncia-arbitros-para-a-19-a-jornada-da-divisao-de-honra\/#primaryimage\"},\"thumbnailUrl\":\"https:\/\/portaltela.pt\/s.01k8rhncp4jt1\/2026\/01\/unnamed-file-4816.jpg\",\"datePublished\":\"2026-01-23T18:06:20+00:00\",\"author\":{\"@id\":\"https:\/\/portaltela.pt\/#\/schema\/person\/c4278d4a6028830caff9ee44b42d32ed\"},\"breadcrumb\":{\"@id\":\"https:\/\/portaltela.pt\/noticias\/2026\/01\/23\/afvr-anuncia-arbitros-para-a-19-a-jornada-da-divisao-de-honra\/#breadcrumb\"},\"inLanguage\":\"pt-PT\",\"potentialAction\":[{\"@type\":\"ReadAction\",\"target\":[\"https:\/\/portaltela.pt\/noticias\/2026\/01\/23\/afvr-anuncia-arbitros-para-a-19-a-jornada-da-divisao-de-honra\/\"]}]},{\"@type\":\"ImageObject\",\"inLanguage\":\"pt-PT\",\"@id\":\"https:\/\/portaltela.pt\/noticias\/2026\/01\/23\/afvr-anuncia-arbitros-para-a-19-a-jornada-da-divisao-de-honra\/#primaryimage\",\"url\":\"https:\/\/portaltela.pt\/s.01k8rhncp4jt1\/2026\/01\/unnamed-file-4816.jpg\",\"contentUrl\":\"https:\/\/portaltela.pt\/s.01k8rhncp4jt1\/2026\/01\/unnamed-file-4816.jpg\",\"width\":796,\"height\":448,\"caption\":\"AFVR: As nomea\u00e7\u00f5es dos \u00e1rbitros para a 34\u00aa jornada da Divis\u00e3o de Honra\"},{\"@type\":\"BreadcrumbList\",\"@id\":\"https:\/\/portaltela.pt\/noticias\/2026\/01\/23\/afvr-anuncia-arbitros-para-a-19-a-jornada-da-divisao-de-honra\/#breadcrumb\",\"itemListElement\":[{\"@type\":\"ListItem\",\"position\":1,\"name\":\"In\u00edcio\",\"item\":\"https:\/\/portaltela.pt\/\"},{\"@type\":\"ListItem\",\"position\":2,\"name\":\"AFVR anuncia \u00e1rbitros para a 19.\u00aa jornada da Divis\u00e3o de Honra\"}]},{\"@type\":\"WebSite\",\"@id\":\"https:\/\/portaltela.pt\/#website\",\"url\":\"https:\/\/portaltela.pt\/\",\"name\":\"Portal Tela Portugal\",\"description\":\"\",\"potentialAction\":[{\"@type\":\"SearchAction\",\"target\":{\"@type\":\"EntryPoint\",\"urlTemplate\":\"https:\/\/portaltela.pt\/?s={search_term_string}\"},\"query-input\":{\"@type\":\"PropertyValueSpecification\",\"valueRequired\":true,\"valueName\":\"search_term_string\"}}],\"inLanguage\":\"pt-PT\"},{\"@type\":\"Person\",\"@id\":\"https:\/\/portaltela.pt\/#\/schema\/person\/c4278d4a6028830caff9ee44b42d32ed\",\"name\":\"Telinha\",\"image\":{\"@type\":\"ImageObject\",\"inLanguage\":\"pt-PT\",\"@id\":\"https:\/\/portaltela.pt\/s.01k8rhncp4jt1\/2025\/11\/talking-bot-125x125.png\",\"url\":\"https:\/\/portaltela.pt\/s.01k8rhncp4jt1\/2025\/11\/talking-bot-125x125.png\",\"contentUrl\":\"https:\/\/portaltela.pt\/s.01k8rhncp4jt1\/2025\/11\/talking-bot-125x125.png\",\"caption\":\"Telinha\"},\"sameAs\":[\"https:\/\/portaltela.pt\/\"],\"url\":\"https:\/\/portaltela.pt\/por\/367410592786\/\"}]}<\/script>\n<!-- \/ Yoast SEO plugin. -->","yoast_head_json":{"title":"AFVR anuncia \u00e1rbitros para a 19.\u00aa jornada da Divis\u00e3o de Honra - Portal Tela Portugal","robots":{"index":"index","follow":"follow","max-snippet":"max-snippet:-1","max-image-preview":"max-image-preview:large","max-video-preview":"max-video-preview:-1"},"og_locale":"pt_PT","og_type":"article","og_title":"AFVR anuncia \u00e1rbitros para a 19.\u00aa jornada da Divis\u00e3o de Honra - Portal Tela Portugal","og_description":"A AFVR divulgou as equipas de arbitragem para a 19.\u00aa jornada da Divis\u00e3o de Honra, oito jogos marcados para o dia 25 de janeiro. Domingo, 25 de janeiro, 15:00 \u2014 Santa Marta \u2013 R\u00e9gua: \u00c1rbitro Dylan Brito; Assistentes Jorge Silva e Filipe Cachide. Mondinense \u2013 Mes\u00e3o Frio: \u00c1rbitro Jos\u00e9 Carvalho; Assistentes Tiago Mota e Miguel Ferreira. Vidago \u2013 Atei: \u00c1rbitro Henrique Sousa; Assistentes Jorge Capela e Gon\u00e7alo Alves. Valpa\u00e7os \u2013 Constantim: \u00c1rbitro Sergio Sousa; Assistentes Bruno Domingos e Filipe Silva. Fontelas \u2013 Cerva: \u00c1rbitro Sergio Faceira; Assistentes Jo\u00e3o Moreira e Diogo Pereira. Sabroso \u2013 Pedras Salgadas: \u00c1rbitro Carlos Leite; Assistentes Ruben Fernandes e Hugo Zineira. Abambres \u2013 Vila Pouca: \u00c1rbitro Andr\u00e9 Santos; Assistentes Fernando Nunes e Gon\u00e7alo Sim\u00f5es. Montalegre \u2013 Cumieira encontra-se adiado, data a designar.","og_url":"https:\/\/portaltela.pt\/noticias\/2026\/01\/23\/afvr-anuncia-arbitros-para-a-19-a-jornada-da-divisao-de-honra\/","og_site_name":"Portal Tela Portugal","article_published_time":"2026-01-23T18:06:20+00:00","author":"Telinha","twitter_card":"summary_large_image","twitter_misc":{"Escrito por":"Telinha","Tempo estimado de leitura":"1 minuto"},"schema":{"@context":"https:\/\/schema.org","@graph":[{"@type":"Article","@id":"https:\/\/portaltela.pt\/noticias\/2026\/01\/23\/afvr-anuncia-arbitros-para-a-19-a-jornada-da-divisao-de-honra\/#article","isPartOf":{"@id":"https:\/\/portaltela.pt\/noticias\/2026\/01\/23\/afvr-anuncia-arbitros-para-a-19-a-jornada-da-divisao-de-honra\/"},"author":{"name":"Telinha","@id":"https:\/\/portaltela.pt\/#\/schema\/person\/c4278d4a6028830caff9ee44b42d32ed"},"headline":"AFVR anuncia \u00e1rbitros para a 19.\u00aa jornada da Divis\u00e3o de Honra","datePublished":"2026-01-23T18:06:20+00:00","mainEntityOfPage":{"@id":"https:\/\/portaltela.pt\/noticias\/2026\/01\/23\/afvr-anuncia-arbitros-para-a-19-a-jornada-da-divisao-de-honra\/"},"wordCount":211,"image":{"@id":"https:\/\/portaltela.pt\/noticias\/2026\/01\/23\/afvr-anuncia-arbitros-para-a-19-a-jornada-da-divisao-de-honra\/#primaryimage"},"thumbnailUrl":"https:\/\/portaltela.pt\/s.01k8rhncp4jt1\/2026\/01\/unnamed-file-4816.jpg","keywords":["arbitragem","\u00e1rbitro","desporto","Divis\u00e3o de Honra \u2013 S\u00e9rie A","futebol"],"articleSection":["Desporto","Futebol"],"inLanguage":"pt-PT"},{"@type":"WebPage","@id":"https:\/\/portaltela.pt\/noticias\/2026\/01\/23\/afvr-anuncia-arbitros-para-a-19-a-jornada-da-divisao-de-honra\/","url":"https:\/\/portaltela.pt\/noticias\/2026\/01\/23\/afvr-anuncia-arbitros-para-a-19-a-jornada-da-divisao-de-honra\/","name":"AFVR anuncia \u00e1rbitros para a 19.\u00aa jornada da Divis\u00e3o de Honra - Portal Tela Portugal","isPartOf":{"@id":"https:\/\/portaltela.pt\/#website"},"primaryImageOfPage":{"@id":"https:\/\/portaltela.pt\/noticias\/2026\/01\/23\/afvr-anuncia-arbitros-para-a-19-a-jornada-da-divisao-de-honra\/#primaryimage"},"image":{"@id":"https:\/\/portaltela.pt\/noticias\/2026\/01\/23\/afvr-anuncia-arbitros-para-a-19-a-jornada-da-divisao-de-honra\/#primaryimage"},"thumbnailUrl":"https:\/\/portaltela.pt\/s.01k8rhncp4jt1\/2026\/01\/unnamed-file-4816.jpg","datePublished":"2026-01-23T18:06:20+00:00","author":{"@id":"https:\/\/portaltela.pt\/#\/schema\/person\/c4278d4a6028830caff9ee44b42d32ed"},"breadcrumb":{"@id":"https:\/\/portaltela.pt\/noticias\/2026\/01\/23\/afvr-anuncia-arbitros-para-a-19-a-jornada-da-divisao-de-honra\/#breadcrumb"},"inLanguage":"pt-PT","potentialAction":[{"@type":"ReadAction","target":["https:\/\/portaltela.pt\/noticias\/2026\/01\/23\/afvr-anuncia-arbitros-para-a-19-a-jornada-da-divisao-de-honra\/"]}]},{"@type":"ImageObject","inLanguage":"pt-PT","@id":"https:\/\/portaltela.pt\/noticias\/2026\/01\/23\/afvr-anuncia-arbitros-para-a-19-a-jornada-da-divisao-de-honra\/#primaryimage","url":"https:\/\/portaltela.pt\/s.01k8rhncp4jt1\/2026\/01\/unnamed-file-4816.jpg","contentUrl":"https:\/\/portaltela.pt\/s.01k8rhncp4jt1\/2026\/01\/unnamed-file-4816.jpg","width":796,"height":448,"caption":"AFVR: As nomea\u00e7\u00f5es dos \u00e1rbitros para a 34\u00aa jornada da Divis\u00e3o de Honra"},{"@type":"BreadcrumbList","@id":"https:\/\/portaltela.pt\/noticias\/2026\/01\/23\/afvr-anuncia-arbitros-para-a-19-a-jornada-da-divisao-de-honra\/#breadcrumb","itemListElement":[{"@type":"ListItem","position":1,"name":"In\u00edcio","item":"https:\/\/portaltela.pt\/"},{"@type":"ListItem","position":2,"name":"AFVR anuncia \u00e1rbitros para a 19.\u00aa jornada da Divis\u00e3o de Honra"}]},{"@type":"WebSite","@id":"https:\/\/portaltela.pt\/#website","url":"https:\/\/portaltela.pt\/","name":"Portal Tela Portugal","description":"","potentialAction":[{"@type":"SearchAction","target":{"@type":"EntryPoint","urlTemplate":"https:\/\/portaltela.pt\/?s={search_term_string}"},"query-input":{"@type":"PropertyValueSpecification","valueRequired":true,"valueName":"search_term_string"}}],"inLanguage":"pt-PT"},{"@type":"Person","@id":"https:\/\/portaltela.pt\/#\/schema\/person\/c4278d4a6028830caff9ee44b42d32ed","name":"Telinha","image":{"@type":"ImageObject","inLanguage":"pt-PT","@id":"https:\/\/portaltela.pt\/s.01k8rhncp4jt1\/2025\/11\/talking-bot-125x125.png","url":"https:\/\/portaltela.pt\/s.01k8rhncp4jt1\/2025\/11\/talking-bot-125x125.png","contentUrl":"https:\/\/portaltela.pt\/s.01k8rhncp4jt1\/2025\/11\/talking-bot-125x125.png","caption":"Telinha"},"sameAs":["https:\/\/portaltela.pt\/"],"url":"https:\/\/portaltela.pt\/por\/367410592786\/"}]}},"_links":{"self":[{"href":"https:\/\/portaltela.pt\/api\/wp\/v2\/posts\/167838","targetHints":{"allow":["GET"]}}],"collection":[{"href":"https:\/\/portaltela.pt\/api\/wp\/v2\/posts"}],"about":[{"href":"https:\/\/portaltela.pt\/api\/wp\/v2\/types\/post"}],"author":[{"embeddable":true,"href":"https:\/\/portaltela.pt\/api\/wp\/v2\/users\/2"}],"replies":[{"embeddable":true,"href":"https:\/\/portaltela.pt\/api\/wp\/v2\/comments?post=167838"}],"version-history":[{"count":0,"href":"https:\/\/portaltela.pt\/api\/wp\/v2\/posts\/167838\/revisions"}],"wp:featuredmedia":[{"embeddable":true,"href":"https:\/\/portaltela.pt\/api\/wp\/v2\/media\/167842"}],"wp:attachment":[{"href":"https:\/\/portaltela.pt\/api\/wp\/v2\/media?parent=167838"}],"wp:term":[{"taxonomy":"category","embeddable":true,"href":"https:\/\/portaltela.pt\/api\/wp\/v2\/categories?post=167838"},{"taxonomy":"post_tag","embeddable":true,"href":"https:\/\/portaltela.pt\/api\/wp\/v2\/tags?post=167838"}],"curies":[{"name":"wp","href":"https:\/\/api.w.org\/{rel}","templated":true}]}}