{"id":167836,"date":"2026-01-23T15:00:00","date_gmt":"2026-01-23T18:00:00","guid":{"rendered":"https:\/\/portaltela.pt\/noticias\/2026\/01\/23\/barragem-do-caia-fara-descargas-na-segunda-feira\/"},"modified":"2026-01-23T15:00:00","modified_gmt":"2026-01-23T18:00:00","slug":"barragem-do-caia-fara-descargas-na-segunda-feira","status":"publish","type":"post","link":"https:\/\/portaltela.pt\/noticias\/2026\/01\/23\/barragem-do-caia-fara-descargas-na-segunda-feira\/","title":{"rendered":"Barragem do Caia far\u00e1 descargas na segunda-feira"},"content":{"rendered":"<p>A Barragem do Caia, no concelho de Elvas, distrito de Portalegre, atingiu 96,12% da capacidade de armazenamento e vai proceder a descargas de superf\u00edcie na segunda-feira. A informa\u00e7\u00e3o foi divulgada pela ABCAIA, na sua p\u00e1gina, e confirmada pela Lusa.<\/p>\n<p>Segundo a ABCAIA, o volume de \u00e1gua atualmente armazenado supera os 182 milh\u00f5es de metros c\u00fabicos. Este valor corresponde \u00e0 referida percentagem da capacidade total da albufeira, constru\u00edda em 1963 e com volume autorizado de cerca de 191 milh\u00f5es de m3.<\/p>\n<p>A descarga de superf\u00edcie ocorre pela quarta vez consecutiva, o que, segundo o gestor da ABCAIA, \u00e9 considerado uma situa\u00e7\u00e3o in\u00e9dita na hist\u00f3ria da albufeira. N\u00e3o houve explica\u00e7\u00e3o adicional sobre as raz\u00f5es espec\u00edficas para este padr\u00e3o de descargas.<\/p>\n<h3>Descida de \u00e1gua e trajeto<\/h3>\n<p>A \u00e1gua libertada da Barragem do Caia seguir\u00e1 o curso do rio Caia, entrando no Guadiana e, por fim, chegando \u00e0 Barragem do Alqueva. A albufeira serve os concelhos de Elvas, Campo Maior, Arronches e Monforte, no distrito de Portalegre, e \u00e9 utilizada para abastecimento e agricultura.<\/p>\n<p>A decis\u00e3o de realizar as descargas surge no \u00e2mbito de programas especiais para as albufeiras do Caia e do Alqueva-Pedrog\u00e3o, anunciados pelo governo. As descargas visam regular a gest\u00e3o de volume de \u00e1gua e evitar press\u00f5es no sistema hidr\u00e1ulico regional.<\/p>\n","protected":false},"excerpt":{"rendered":"<ul>\n<li>Barragem do Caia atingiu 96,12% da capacidade de armazenamento, com volume superior a 182 milh\u00f5es de m\u00b3 de \u00e1gua.<\/li>\n<li>Vai realizar descargas de superf\u00edcie na segunda-feira, com in\u00edcio pela manh\u00e3, pela quarta vez consecutiva.<\/li>\n<li>Constru\u00edda em 1963, a barragem tem capacidade para cerca de 191 milh\u00f5es de m\u00b3.<\/li>\n<li>A albufeira abastece os concelhos de Elvas, Campo Maior, Arronches e Monforte e serve para a agricultura.<\/li>\n<li>A \u00e1gua descarregada segue para o rio Caia, entra no Guadiana e chega \u00e0 Barragem do Alqueva.<\/li>\n<\/ul>\n","protected":false},"author":2,"featured_media":167849,"comment_status":"closed","ping_status":"closed","sticky":false,"template":"","format":"standard","meta":{"footnotes":""},"categories":[1],"tags":[1503,2834,3346,1089,3147,1075],"class_list":["post-167836","post","type-post","status-publish","format-standard","has-post-thumbnail","hentry","category-noticias","tag-abastecimento-de-agua","tag-arronches","tag-campo-maior","tag-elvas","tag-gestao-de-recursos-hidricos","tag-portalegre"],"yoast_head":"<!-- This site is optimized with the Yoast SEO plugin v27.2 - https:\/\/yoast.com\/product\/yoast-seo-wordpress\/ -->\n<title>Barragem do Caia far\u00e1 descargas na segunda-feira - Portal Tela Portugal<\/title>\n<meta name=\"robots\" content=\"index, follow, max-snippet:-1, max-image-preview:large, max-video-preview:-1\" \/>\n<meta property=\"og:locale\" content=\"pt_PT\" \/>\n<meta property=\"og:type\" content=\"article\" \/>\n<meta property=\"og:title\" content=\"Barragem do Caia far\u00e1 descargas na segunda-feira - Portal Tela Portugal\" \/>\n<meta property=\"og:description\" content=\"Barragem do Caia atingiu 96,12% da capacidade de armazenamento, com volume superior a 182 milh\u00f5es de m\u00b3 de \u00e1gua. Vai realizar descargas de superf\u00edcie na segunda-feira, com in\u00edcio pela manh\u00e3, pela quarta vez consecutiva. Constru\u00edda em 1963, a barragem tem capacidade para cerca de 191 milh\u00f5es de m\u00b3. A albufeira abastece os concelhos de Elvas, Campo Maior, Arronches e Monforte e serve para a agricultura. A \u00e1gua descarregada segue para o rio Caia, entra no Guadiana e chega \u00e0 Barragem do Alqueva.\" \/>\n<meta property=\"og:url\" content=\"https:\/\/portaltela.pt\/noticias\/2026\/01\/23\/barragem-do-caia-fara-descargas-na-segunda-feira\/\" \/>\n<meta property=\"og:site_name\" content=\"Portal Tela Portugal\" \/>\n<meta property=\"article:published_time\" content=\"2026-01-23T18:00:00+00:00\" \/>\n<meta name=\"author\" content=\"Telinha\" \/>\n<meta name=\"twitter:card\" content=\"summary_large_image\" \/>\n<meta name=\"twitter:label1\" content=\"Escrito por\" \/>\n\t<meta name=\"twitter:data1\" content=\"Telinha\" \/>\n\t<meta name=\"twitter:label2\" content=\"Tempo estimado de leitura\" \/>\n\t<meta name=\"twitter:data2\" content=\"1 minuto\" \/>\n<script type=\"application\/ld+json\" class=\"yoast-schema-graph\">{\"@context\":\"https:\/\/schema.org\",\"@graph\":[{\"@type\":\"Article\",\"@id\":\"https:\/\/portaltela.pt\/noticias\/2026\/01\/23\/barragem-do-caia-fara-descargas-na-segunda-feira\/#article\",\"isPartOf\":{\"@id\":\"https:\/\/portaltela.pt\/noticias\/2026\/01\/23\/barragem-do-caia-fara-descargas-na-segunda-feira\/\"},\"author\":{\"name\":\"Telinha\",\"@id\":\"https:\/\/portaltela.pt\/#\/schema\/person\/c4278d4a6028830caff9ee44b42d32ed\"},\"headline\":\"Barragem do Caia far\u00e1 descargas na segunda-feira\",\"datePublished\":\"2026-01-23T18:00:00+00:00\",\"mainEntityOfPage\":{\"@id\":\"https:\/\/portaltela.pt\/noticias\/2026\/01\/23\/barragem-do-caia-fara-descargas-na-segunda-feira\/\"},\"wordCount\":230,\"image\":{\"@id\":\"https:\/\/portaltela.pt\/noticias\/2026\/01\/23\/barragem-do-caia-fara-descargas-na-segunda-feira\/#primaryimage\"},\"thumbnailUrl\":\"https:\/\/portaltela.pt\/s.01k8rhncp4jt1\/2026\/01\/barragem_caia-2.jpg\",\"keywords\":[\"abastecimento de \u00e1gua\",\"Arronches\",\"Campo Maior\",\"Elvas\",\"Gest\u00e3o de Recursos H\u00eddricos\",\"Portalegre\"],\"articleSection\":[\"Not\u00edcias\"],\"inLanguage\":\"pt-PT\"},{\"@type\":\"WebPage\",\"@id\":\"https:\/\/portaltela.pt\/noticias\/2026\/01\/23\/barragem-do-caia-fara-descargas-na-segunda-feira\/\",\"url\":\"https:\/\/portaltela.pt\/noticias\/2026\/01\/23\/barragem-do-caia-fara-descargas-na-segunda-feira\/\",\"name\":\"Barragem do Caia far\u00e1 descargas na segunda-feira - Portal Tela Portugal\",\"isPartOf\":{\"@id\":\"https:\/\/portaltela.pt\/#website\"},\"primaryImageOfPage\":{\"@id\":\"https:\/\/portaltela.pt\/noticias\/2026\/01\/23\/barragem-do-caia-fara-descargas-na-segunda-feira\/#primaryimage\"},\"image\":{\"@id\":\"https:\/\/portaltela.pt\/noticias\/2026\/01\/23\/barragem-do-caia-fara-descargas-na-segunda-feira\/#primaryimage\"},\"thumbnailUrl\":\"https:\/\/portaltela.pt\/s.01k8rhncp4jt1\/2026\/01\/barragem_caia-2.jpg\",\"datePublished\":\"2026-01-23T18:00:00+00:00\",\"author\":{\"@id\":\"https:\/\/portaltela.pt\/#\/schema\/person\/c4278d4a6028830caff9ee44b42d32ed\"},\"breadcrumb\":{\"@id\":\"https:\/\/portaltela.pt\/noticias\/2026\/01\/23\/barragem-do-caia-fara-descargas-na-segunda-feira\/#breadcrumb\"},\"inLanguage\":\"pt-PT\",\"potentialAction\":[{\"@type\":\"ReadAction\",\"target\":[\"https:\/\/portaltela.pt\/noticias\/2026\/01\/23\/barragem-do-caia-fara-descargas-na-segunda-feira\/\"]}]},{\"@type\":\"ImageObject\",\"inLanguage\":\"pt-PT\",\"@id\":\"https:\/\/portaltela.pt\/noticias\/2026\/01\/23\/barragem-do-caia-fara-descargas-na-segunda-feira\/#primaryimage\",\"url\":\"https:\/\/portaltela.pt\/s.01k8rhncp4jt1\/2026\/01\/barragem_caia-2.jpg\",\"contentUrl\":\"https:\/\/portaltela.pt\/s.01k8rhncp4jt1\/2026\/01\/barragem_caia-2.jpg\",\"width\":796,\"height\":448,\"caption\":\"Governo avan\u00e7a com Programas Especiais para as Albufeiras do Caia e Alqueva-Pedrog\u00e3o\"},{\"@type\":\"BreadcrumbList\",\"@id\":\"https:\/\/portaltela.pt\/noticias\/2026\/01\/23\/barragem-do-caia-fara-descargas-na-segunda-feira\/#breadcrumb\",\"itemListElement\":[{\"@type\":\"ListItem\",\"position\":1,\"name\":\"In\u00edcio\",\"item\":\"https:\/\/portaltela.pt\/\"},{\"@type\":\"ListItem\",\"position\":2,\"name\":\"Barragem do Caia far\u00e1 descargas na segunda-feira\"}]},{\"@type\":\"WebSite\",\"@id\":\"https:\/\/portaltela.pt\/#website\",\"url\":\"https:\/\/portaltela.pt\/\",\"name\":\"Portal Tela Portugal\",\"description\":\"\",\"potentialAction\":[{\"@type\":\"SearchAction\",\"target\":{\"@type\":\"EntryPoint\",\"urlTemplate\":\"https:\/\/portaltela.pt\/?s={search_term_string}\"},\"query-input\":{\"@type\":\"PropertyValueSpecification\",\"valueRequired\":true,\"valueName\":\"search_term_string\"}}],\"inLanguage\":\"pt-PT\"},{\"@type\":\"Person\",\"@id\":\"https:\/\/portaltela.pt\/#\/schema\/person\/c4278d4a6028830caff9ee44b42d32ed\",\"name\":\"Telinha\",\"image\":{\"@type\":\"ImageObject\",\"inLanguage\":\"pt-PT\",\"@id\":\"https:\/\/portaltela.pt\/s.01k8rhncp4jt1\/2025\/11\/talking-bot-125x125.png\",\"url\":\"https:\/\/portaltela.pt\/s.01k8rhncp4jt1\/2025\/11\/talking-bot-125x125.png\",\"contentUrl\":\"https:\/\/portaltela.pt\/s.01k8rhncp4jt1\/2025\/11\/talking-bot-125x125.png\",\"caption\":\"Telinha\"},\"sameAs\":[\"https:\/\/portaltela.pt\/\"],\"url\":\"https:\/\/portaltela.pt\/por\/367410592786\/\"}]}<\/script>\n<!-- \/ Yoast SEO plugin. -->","yoast_head_json":{"title":"Barragem do Caia far\u00e1 descargas na segunda-feira - Portal Tela Portugal","robots":{"index":"index","follow":"follow","max-snippet":"max-snippet:-1","max-image-preview":"max-image-preview:large","max-video-preview":"max-video-preview:-1"},"og_locale":"pt_PT","og_type":"article","og_title":"Barragem do Caia far\u00e1 descargas na segunda-feira - Portal Tela Portugal","og_description":"Barragem do Caia atingiu 96,12% da capacidade de armazenamento, com volume superior a 182 milh\u00f5es de m\u00b3 de \u00e1gua. Vai realizar descargas de superf\u00edcie na segunda-feira, com in\u00edcio pela manh\u00e3, pela quarta vez consecutiva. Constru\u00edda em 1963, a barragem tem capacidade para cerca de 191 milh\u00f5es de m\u00b3. A albufeira abastece os concelhos de Elvas, Campo Maior, Arronches e Monforte e serve para a agricultura. A \u00e1gua descarregada segue para o rio Caia, entra no Guadiana e chega \u00e0 Barragem do Alqueva.","og_url":"https:\/\/portaltela.pt\/noticias\/2026\/01\/23\/barragem-do-caia-fara-descargas-na-segunda-feira\/","og_site_name":"Portal Tela Portugal","article_published_time":"2026-01-23T18:00:00+00:00","author":"Telinha","twitter_card":"summary_large_image","twitter_misc":{"Escrito por":"Telinha","Tempo estimado de leitura":"1 minuto"},"schema":{"@context":"https:\/\/schema.org","@graph":[{"@type":"Article","@id":"https:\/\/portaltela.pt\/noticias\/2026\/01\/23\/barragem-do-caia-fara-descargas-na-segunda-feira\/#article","isPartOf":{"@id":"https:\/\/portaltela.pt\/noticias\/2026\/01\/23\/barragem-do-caia-fara-descargas-na-segunda-feira\/"},"author":{"name":"Telinha","@id":"https:\/\/portaltela.pt\/#\/schema\/person\/c4278d4a6028830caff9ee44b42d32ed"},"headline":"Barragem do Caia far\u00e1 descargas na segunda-feira","datePublished":"2026-01-23T18:00:00+00:00","mainEntityOfPage":{"@id":"https:\/\/portaltela.pt\/noticias\/2026\/01\/23\/barragem-do-caia-fara-descargas-na-segunda-feira\/"},"wordCount":230,"image":{"@id":"https:\/\/portaltela.pt\/noticias\/2026\/01\/23\/barragem-do-caia-fara-descargas-na-segunda-feira\/#primaryimage"},"thumbnailUrl":"https:\/\/portaltela.pt\/s.01k8rhncp4jt1\/2026\/01\/barragem_caia-2.jpg","keywords":["abastecimento de \u00e1gua","Arronches","Campo Maior","Elvas","Gest\u00e3o de Recursos H\u00eddricos","Portalegre"],"articleSection":["Not\u00edcias"],"inLanguage":"pt-PT"},{"@type":"WebPage","@id":"https:\/\/portaltela.pt\/noticias\/2026\/01\/23\/barragem-do-caia-fara-descargas-na-segunda-feira\/","url":"https:\/\/portaltela.pt\/noticias\/2026\/01\/23\/barragem-do-caia-fara-descargas-na-segunda-feira\/","name":"Barragem do Caia far\u00e1 descargas na segunda-feira - Portal Tela Portugal","isPartOf":{"@id":"https:\/\/portaltela.pt\/#website"},"primaryImageOfPage":{"@id":"https:\/\/portaltela.pt\/noticias\/2026\/01\/23\/barragem-do-caia-fara-descargas-na-segunda-feira\/#primaryimage"},"image":{"@id":"https:\/\/portaltela.pt\/noticias\/2026\/01\/23\/barragem-do-caia-fara-descargas-na-segunda-feira\/#primaryimage"},"thumbnailUrl":"https:\/\/portaltela.pt\/s.01k8rhncp4jt1\/2026\/01\/barragem_caia-2.jpg","datePublished":"2026-01-23T18:00:00+00:00","author":{"@id":"https:\/\/portaltela.pt\/#\/schema\/person\/c4278d4a6028830caff9ee44b42d32ed"},"breadcrumb":{"@id":"https:\/\/portaltela.pt\/noticias\/2026\/01\/23\/barragem-do-caia-fara-descargas-na-segunda-feira\/#breadcrumb"},"inLanguage":"pt-PT","potentialAction":[{"@type":"ReadAction","target":["https:\/\/portaltela.pt\/noticias\/2026\/01\/23\/barragem-do-caia-fara-descargas-na-segunda-feira\/"]}]},{"@type":"ImageObject","inLanguage":"pt-PT","@id":"https:\/\/portaltela.pt\/noticias\/2026\/01\/23\/barragem-do-caia-fara-descargas-na-segunda-feira\/#primaryimage","url":"https:\/\/portaltela.pt\/s.01k8rhncp4jt1\/2026\/01\/barragem_caia-2.jpg","contentUrl":"https:\/\/portaltela.pt\/s.01k8rhncp4jt1\/2026\/01\/barragem_caia-2.jpg","width":796,"height":448,"caption":"Governo avan\u00e7a com Programas Especiais para as Albufeiras do Caia e Alqueva-Pedrog\u00e3o"},{"@type":"BreadcrumbList","@id":"https:\/\/portaltela.pt\/noticias\/2026\/01\/23\/barragem-do-caia-fara-descargas-na-segunda-feira\/#breadcrumb","itemListElement":[{"@type":"ListItem","position":1,"name":"In\u00edcio","item":"https:\/\/portaltela.pt\/"},{"@type":"ListItem","position":2,"name":"Barragem do Caia far\u00e1 descargas na segunda-feira"}]},{"@type":"WebSite","@id":"https:\/\/portaltela.pt\/#website","url":"https:\/\/portaltela.pt\/","name":"Portal Tela Portugal","description":"","potentialAction":[{"@type":"SearchAction","target":{"@type":"EntryPoint","urlTemplate":"https:\/\/portaltela.pt\/?s={search_term_string}"},"query-input":{"@type":"PropertyValueSpecification","valueRequired":true,"valueName":"search_term_string"}}],"inLanguage":"pt-PT"},{"@type":"Person","@id":"https:\/\/portaltela.pt\/#\/schema\/person\/c4278d4a6028830caff9ee44b42d32ed","name":"Telinha","image":{"@type":"ImageObject","inLanguage":"pt-PT","@id":"https:\/\/portaltela.pt\/s.01k8rhncp4jt1\/2025\/11\/talking-bot-125x125.png","url":"https:\/\/portaltela.pt\/s.01k8rhncp4jt1\/2025\/11\/talking-bot-125x125.png","contentUrl":"https:\/\/portaltela.pt\/s.01k8rhncp4jt1\/2025\/11\/talking-bot-125x125.png","caption":"Telinha"},"sameAs":["https:\/\/portaltela.pt\/"],"url":"https:\/\/portaltela.pt\/por\/367410592786\/"}]}},"_links":{"self":[{"href":"https:\/\/portaltela.pt\/api\/wp\/v2\/posts\/167836","targetHints":{"allow":["GET"]}}],"collection":[{"href":"https:\/\/portaltela.pt\/api\/wp\/v2\/posts"}],"about":[{"href":"https:\/\/portaltela.pt\/api\/wp\/v2\/types\/post"}],"author":[{"embeddable":true,"href":"https:\/\/portaltela.pt\/api\/wp\/v2\/users\/2"}],"replies":[{"embeddable":true,"href":"https:\/\/portaltela.pt\/api\/wp\/v2\/comments?post=167836"}],"version-history":[{"count":0,"href":"https:\/\/portaltela.pt\/api\/wp\/v2\/posts\/167836\/revisions"}],"wp:featuredmedia":[{"embeddable":true,"href":"https:\/\/portaltela.pt\/api\/wp\/v2\/media\/167849"}],"wp:attachment":[{"href":"https:\/\/portaltela.pt\/api\/wp\/v2\/media?parent=167836"}],"wp:term":[{"taxonomy":"category","embeddable":true,"href":"https:\/\/portaltela.pt\/api\/wp\/v2\/categories?post=167836"},{"taxonomy":"post_tag","embeddable":true,"href":"https:\/\/portaltela.pt\/api\/wp\/v2\/tags?post=167836"}],"curies":[{"name":"wp","href":"https:\/\/api.w.org\/{rel}","templated":true}]}}