{"id":167816,"date":"2026-01-23T10:44:29","date_gmt":"2026-01-23T13:44:29","guid":{"rendered":"https:\/\/portaltela.pt\/noticias\/2026\/01\/23\/arbeloa-comenta-farpa-de-mourinho-no-real-madrid\/"},"modified":"2026-01-23T10:44:29","modified_gmt":"2026-01-23T13:44:29","slug":"arbeloa-comenta-farpa-de-mourinho-no-real-madrid","status":"publish","type":"post","link":"https:\/\/portaltela.pt\/desporto\/futebol\/2026\/01\/23\/arbeloa-comenta-farpa-de-mourinho-no-real-madrid\/","title":{"rendered":"Arbeloa comenta farpa de Mourinho no Real Madrid"},"content":{"rendered":"<p>\u00c1lvaro Arbeloa, treinador do Real Madrid, reagiu \u00e0s palavras de Jos\u00e9 Mourinho, t\u00e9cnico do Benfica, que criticou treinadores sem hist\u00f3ria antes do duelo com a Juventus. O t\u00e9cnico portugu\u00eas questionou se treinadores com trajeto n\u00e3o seriam escolhidos para grandes clubes, sem mencionar nomes.<\/p>\n<p>Arbeloa reconheceu a refer\u00eancia indireta, admitindo acompanhar o que Mourinho diz e analisando o coment\u00e1rio com cuidado. O tema envolve a percep\u00e7\u00e3o de carreira de treinadores de elite e o peso da experi\u00eancia no topo do futebol.<\/p>\n<p>Al\u00e9m disso, o treinador do Real Madrid abordou o pr\u00f3prio in\u00edcio do mandato, explicando que, ao ver as Ta\u00e7as no est\u00e1dio, sentiu a responsabilidade hist\u00f3rica do clube. Reiterou que est\u00e1 tranquilo, concentrado no trabalho e nos jogadores.<\/p>\n<p>Mercado de transfer\u00eancias e o futuro de Vin\u00edcius<\/p>\n<p>Arbeloa alinhou-se com a dire\u00e7\u00e3o ao excluir contrata\u00e7\u00f5es no mercado de janeiro, mantendo a confian\u00e7a no grupo atual. Disse que o plantel \u00e9 forte e que, se necess\u00e1rio, o Real Madrid tem forma\u00e7\u00e3o de qualidade para suprir lacunas.<\/p>\n<p>Bellingham e Brahim D\u00edaz receberem elogios<\/p>\n<p>O t\u00e9cnico destacou Jude Bellingham pelo desempenho, lideran\u00e7a e mentalidade. Referiu ainda o contributo de Brahim D\u00edaz, lembrando a sua maturidade e disponibilidade para ajudar a equipa, destacando o seu encaixe no escola do Real Madrid.<\/p>\n","protected":false},"excerpt":{"rendered":"<ul>\n<li>\u00c1lvaro Arbeloa, treinador do Real Madrid, respondeu \u00e0s palavras de Jos\u00e9 Mourinho sobre treinadores sem hist\u00f3ria em clubes de topo.<\/li>\n<li>Mourinho disse que \u00e9 uma surpresa quando um treinador sem hist\u00f3ria tem a oportunidade de treinar os maiores clubes do mundo. Citou nomes, sem os mencionar diretamente.<\/li>\n<li>Arbeloa afirmou que ouve e analisa o que Mourinho representa, destacando estar consciente do peso da hist\u00f3ria do Real Madrid.<\/li>\n<li>O t\u00e9cnico do Real Madrid descartou contrata\u00e7\u00f5es no mercado de janeiro, mantendo confian\u00e7a no plantel atual e na forma\u00e7\u00e3o.<\/li>\n<li>Elogios a Jude Bellingham pela lideran\u00e7a e esfor\u00e7o; Brahim D\u00edaz tamb\u00e9m elogiado pela maturidade e capacidade de ajudar o clube.<\/li>\n<\/ul>\n","protected":false},"author":2,"featured_media":167818,"comment_status":"closed","ping_status":"closed","sticky":false,"template":"","format":"standard","meta":{"footnotes":""},"categories":[21,24],"tags":[2960,1946,2997,2138,2714,2050],"class_list":["post-167816","post","type-post","status-publish","format-standard","has-post-thumbnail","hentry","category-desporto","category-futebol","tag-arbeloa","tag-benfica","tag-brahim-diaz","tag-jose-mourinho","tag-real-madrid","tag-transferencias"],"yoast_head":"<!-- This site is optimized with the Yoast SEO plugin v27.2 - https:\/\/yoast.com\/product\/yoast-seo-wordpress\/ -->\n<title>Arbeloa comenta farpa de Mourinho no Real Madrid - Portal Tela Portugal<\/title>\n<meta name=\"robots\" content=\"index, follow, max-snippet:-1, max-image-preview:large, max-video-preview:-1\" \/>\n<meta property=\"og:locale\" content=\"pt_PT\" \/>\n<meta property=\"og:type\" content=\"article\" \/>\n<meta property=\"og:title\" content=\"Arbeloa comenta farpa de Mourinho no Real Madrid - Portal Tela Portugal\" \/>\n<meta property=\"og:description\" content=\"\u00c1lvaro Arbeloa, treinador do Real Madrid, respondeu \u00e0s palavras de Jos\u00e9 Mourinho sobre treinadores sem hist\u00f3ria em clubes de topo. Mourinho disse que \u00e9 uma surpresa quando um treinador sem hist\u00f3ria tem a oportunidade de treinar os maiores clubes do mundo. Citou nomes, sem os mencionar diretamente. Arbeloa afirmou que ouve e analisa o que Mourinho representa, destacando estar consciente do peso da hist\u00f3ria do Real Madrid. O t\u00e9cnico do Real Madrid descartou contrata\u00e7\u00f5es no mercado de janeiro, mantendo confian\u00e7a no plantel atual e na forma\u00e7\u00e3o. Elogios a Jude Bellingham pela lideran\u00e7a e esfor\u00e7o; Brahim D\u00edaz tamb\u00e9m elogiado pela maturidade e capacidade de ajudar o clube.\" \/>\n<meta property=\"og:url\" content=\"https:\/\/portaltela.pt\/noticias\/2026\/01\/23\/arbeloa-comenta-farpa-de-mourinho-no-real-madrid\/\" \/>\n<meta property=\"og:site_name\" content=\"Portal Tela Portugal\" \/>\n<meta property=\"article:published_time\" content=\"2026-01-23T13:44:29+00:00\" \/>\n<meta name=\"author\" content=\"Telinha\" \/>\n<meta name=\"twitter:card\" content=\"summary_large_image\" \/>\n<meta name=\"twitter:label1\" content=\"Escrito por\" \/>\n\t<meta name=\"twitter:data1\" content=\"Telinha\" \/>\n\t<meta name=\"twitter:label2\" content=\"Tempo estimado de leitura\" \/>\n\t<meta name=\"twitter:data2\" content=\"1 minuto\" \/>\n<script type=\"application\/ld+json\" class=\"yoast-schema-graph\">{\"@context\":\"https:\/\/schema.org\",\"@graph\":[{\"@type\":\"Article\",\"@id\":\"https:\/\/portaltela.pt\/noticias\/2026\/01\/23\/arbeloa-comenta-farpa-de-mourinho-no-real-madrid\/#article\",\"isPartOf\":{\"@id\":\"https:\/\/portaltela.pt\/noticias\/2026\/01\/23\/arbeloa-comenta-farpa-de-mourinho-no-real-madrid\/\"},\"author\":{\"name\":\"Telinha\",\"@id\":\"https:\/\/portaltela.pt\/#\/schema\/person\/c4278d4a6028830caff9ee44b42d32ed\"},\"headline\":\"Arbeloa comenta farpa de Mourinho no Real Madrid\",\"datePublished\":\"2026-01-23T13:44:29+00:00\",\"mainEntityOfPage\":{\"@id\":\"https:\/\/portaltela.pt\/noticias\/2026\/01\/23\/arbeloa-comenta-farpa-de-mourinho-no-real-madrid\/\"},\"wordCount\":238,\"image\":{\"@id\":\"https:\/\/portaltela.pt\/noticias\/2026\/01\/23\/arbeloa-comenta-farpa-de-mourinho-no-real-madrid\/#primaryimage\"},\"thumbnailUrl\":\"https:\/\/portaltela.pt\/s.01k8rhncp4jt1\/2026\/01\/ee696fc0-6cf0-4a28-bd71-c983fe08a3ad-1.jpg\",\"keywords\":[\"Arbeloa\",\"Benfica\",\"Brahim D\u00edaz\",\"Jos\u00e9 Mourinho\",\"Real Madrid\",\"transfer\u00eancias\"],\"articleSection\":[\"Desporto\",\"Futebol\"],\"inLanguage\":\"pt-PT\"},{\"@type\":\"WebPage\",\"@id\":\"https:\/\/portaltela.pt\/noticias\/2026\/01\/23\/arbeloa-comenta-farpa-de-mourinho-no-real-madrid\/\",\"url\":\"https:\/\/portaltela.pt\/noticias\/2026\/01\/23\/arbeloa-comenta-farpa-de-mourinho-no-real-madrid\/\",\"name\":\"Arbeloa comenta farpa de Mourinho no Real Madrid - Portal Tela Portugal\",\"isPartOf\":{\"@id\":\"https:\/\/portaltela.pt\/#website\"},\"primaryImageOfPage\":{\"@id\":\"https:\/\/portaltela.pt\/noticias\/2026\/01\/23\/arbeloa-comenta-farpa-de-mourinho-no-real-madrid\/#primaryimage\"},\"image\":{\"@id\":\"https:\/\/portaltela.pt\/noticias\/2026\/01\/23\/arbeloa-comenta-farpa-de-mourinho-no-real-madrid\/#primaryimage\"},\"thumbnailUrl\":\"https:\/\/portaltela.pt\/s.01k8rhncp4jt1\/2026\/01\/ee696fc0-6cf0-4a28-bd71-c983fe08a3ad-1.jpg\",\"datePublished\":\"2026-01-23T13:44:29+00:00\",\"author\":{\"@id\":\"https:\/\/portaltela.pt\/#\/schema\/person\/c4278d4a6028830caff9ee44b42d32ed\"},\"breadcrumb\":{\"@id\":\"https:\/\/portaltela.pt\/noticias\/2026\/01\/23\/arbeloa-comenta-farpa-de-mourinho-no-real-madrid\/#breadcrumb\"},\"inLanguage\":\"pt-PT\",\"potentialAction\":[{\"@type\":\"ReadAction\",\"target\":[\"https:\/\/portaltela.pt\/noticias\/2026\/01\/23\/arbeloa-comenta-farpa-de-mourinho-no-real-madrid\/\"]}]},{\"@type\":\"ImageObject\",\"inLanguage\":\"pt-PT\",\"@id\":\"https:\/\/portaltela.pt\/noticias\/2026\/01\/23\/arbeloa-comenta-farpa-de-mourinho-no-real-madrid\/#primaryimage\",\"url\":\"https:\/\/portaltela.pt\/s.01k8rhncp4jt1\/2026\/01\/ee696fc0-6cf0-4a28-bd71-c983fe08a3ad-1.jpg\",\"contentUrl\":\"https:\/\/portaltela.pt\/s.01k8rhncp4jt1\/2026\/01\/ee696fc0-6cf0-4a28-bd71-c983fe08a3ad-1.jpg\",\"width\":796,\"height\":448,\"caption\":\"Arbeloa - Foto: IMAGO\"},{\"@type\":\"BreadcrumbList\",\"@id\":\"https:\/\/portaltela.pt\/noticias\/2026\/01\/23\/arbeloa-comenta-farpa-de-mourinho-no-real-madrid\/#breadcrumb\",\"itemListElement\":[{\"@type\":\"ListItem\",\"position\":1,\"name\":\"In\u00edcio\",\"item\":\"https:\/\/portaltela.pt\/\"},{\"@type\":\"ListItem\",\"position\":2,\"name\":\"Arbeloa comenta farpa de Mourinho no Real Madrid\"}]},{\"@type\":\"WebSite\",\"@id\":\"https:\/\/portaltela.pt\/#website\",\"url\":\"https:\/\/portaltela.pt\/\",\"name\":\"Portal Tela Portugal\",\"description\":\"\",\"potentialAction\":[{\"@type\":\"SearchAction\",\"target\":{\"@type\":\"EntryPoint\",\"urlTemplate\":\"https:\/\/portaltela.pt\/?s={search_term_string}\"},\"query-input\":{\"@type\":\"PropertyValueSpecification\",\"valueRequired\":true,\"valueName\":\"search_term_string\"}}],\"inLanguage\":\"pt-PT\"},{\"@type\":\"Person\",\"@id\":\"https:\/\/portaltela.pt\/#\/schema\/person\/c4278d4a6028830caff9ee44b42d32ed\",\"name\":\"Telinha\",\"image\":{\"@type\":\"ImageObject\",\"inLanguage\":\"pt-PT\",\"@id\":\"https:\/\/portaltela.pt\/s.01k8rhncp4jt1\/2025\/11\/talking-bot-125x125.png\",\"url\":\"https:\/\/portaltela.pt\/s.01k8rhncp4jt1\/2025\/11\/talking-bot-125x125.png\",\"contentUrl\":\"https:\/\/portaltela.pt\/s.01k8rhncp4jt1\/2025\/11\/talking-bot-125x125.png\",\"caption\":\"Telinha\"},\"sameAs\":[\"https:\/\/portaltela.pt\/\"],\"url\":\"https:\/\/portaltela.pt\/por\/367410592786\/\"}]}<\/script>\n<!-- \/ Yoast SEO plugin. -->","yoast_head_json":{"title":"Arbeloa comenta farpa de Mourinho no Real Madrid - Portal Tela Portugal","robots":{"index":"index","follow":"follow","max-snippet":"max-snippet:-1","max-image-preview":"max-image-preview:large","max-video-preview":"max-video-preview:-1"},"og_locale":"pt_PT","og_type":"article","og_title":"Arbeloa comenta farpa de Mourinho no Real Madrid - Portal Tela Portugal","og_description":"\u00c1lvaro Arbeloa, treinador do Real Madrid, respondeu \u00e0s palavras de Jos\u00e9 Mourinho sobre treinadores sem hist\u00f3ria em clubes de topo. Mourinho disse que \u00e9 uma surpresa quando um treinador sem hist\u00f3ria tem a oportunidade de treinar os maiores clubes do mundo. Citou nomes, sem os mencionar diretamente. Arbeloa afirmou que ouve e analisa o que Mourinho representa, destacando estar consciente do peso da hist\u00f3ria do Real Madrid. O t\u00e9cnico do Real Madrid descartou contrata\u00e7\u00f5es no mercado de janeiro, mantendo confian\u00e7a no plantel atual e na forma\u00e7\u00e3o. Elogios a Jude Bellingham pela lideran\u00e7a e esfor\u00e7o; Brahim D\u00edaz tamb\u00e9m elogiado pela maturidade e capacidade de ajudar o clube.","og_url":"https:\/\/portaltela.pt\/noticias\/2026\/01\/23\/arbeloa-comenta-farpa-de-mourinho-no-real-madrid\/","og_site_name":"Portal Tela Portugal","article_published_time":"2026-01-23T13:44:29+00:00","author":"Telinha","twitter_card":"summary_large_image","twitter_misc":{"Escrito por":"Telinha","Tempo estimado de leitura":"1 minuto"},"schema":{"@context":"https:\/\/schema.org","@graph":[{"@type":"Article","@id":"https:\/\/portaltela.pt\/noticias\/2026\/01\/23\/arbeloa-comenta-farpa-de-mourinho-no-real-madrid\/#article","isPartOf":{"@id":"https:\/\/portaltela.pt\/noticias\/2026\/01\/23\/arbeloa-comenta-farpa-de-mourinho-no-real-madrid\/"},"author":{"name":"Telinha","@id":"https:\/\/portaltela.pt\/#\/schema\/person\/c4278d4a6028830caff9ee44b42d32ed"},"headline":"Arbeloa comenta farpa de Mourinho no Real Madrid","datePublished":"2026-01-23T13:44:29+00:00","mainEntityOfPage":{"@id":"https:\/\/portaltela.pt\/noticias\/2026\/01\/23\/arbeloa-comenta-farpa-de-mourinho-no-real-madrid\/"},"wordCount":238,"image":{"@id":"https:\/\/portaltela.pt\/noticias\/2026\/01\/23\/arbeloa-comenta-farpa-de-mourinho-no-real-madrid\/#primaryimage"},"thumbnailUrl":"https:\/\/portaltela.pt\/s.01k8rhncp4jt1\/2026\/01\/ee696fc0-6cf0-4a28-bd71-c983fe08a3ad-1.jpg","keywords":["Arbeloa","Benfica","Brahim D\u00edaz","Jos\u00e9 Mourinho","Real Madrid","transfer\u00eancias"],"articleSection":["Desporto","Futebol"],"inLanguage":"pt-PT"},{"@type":"WebPage","@id":"https:\/\/portaltela.pt\/noticias\/2026\/01\/23\/arbeloa-comenta-farpa-de-mourinho-no-real-madrid\/","url":"https:\/\/portaltela.pt\/noticias\/2026\/01\/23\/arbeloa-comenta-farpa-de-mourinho-no-real-madrid\/","name":"Arbeloa comenta farpa de Mourinho no Real Madrid - Portal Tela Portugal","isPartOf":{"@id":"https:\/\/portaltela.pt\/#website"},"primaryImageOfPage":{"@id":"https:\/\/portaltela.pt\/noticias\/2026\/01\/23\/arbeloa-comenta-farpa-de-mourinho-no-real-madrid\/#primaryimage"},"image":{"@id":"https:\/\/portaltela.pt\/noticias\/2026\/01\/23\/arbeloa-comenta-farpa-de-mourinho-no-real-madrid\/#primaryimage"},"thumbnailUrl":"https:\/\/portaltela.pt\/s.01k8rhncp4jt1\/2026\/01\/ee696fc0-6cf0-4a28-bd71-c983fe08a3ad-1.jpg","datePublished":"2026-01-23T13:44:29+00:00","author":{"@id":"https:\/\/portaltela.pt\/#\/schema\/person\/c4278d4a6028830caff9ee44b42d32ed"},"breadcrumb":{"@id":"https:\/\/portaltela.pt\/noticias\/2026\/01\/23\/arbeloa-comenta-farpa-de-mourinho-no-real-madrid\/#breadcrumb"},"inLanguage":"pt-PT","potentialAction":[{"@type":"ReadAction","target":["https:\/\/portaltela.pt\/noticias\/2026\/01\/23\/arbeloa-comenta-farpa-de-mourinho-no-real-madrid\/"]}]},{"@type":"ImageObject","inLanguage":"pt-PT","@id":"https:\/\/portaltela.pt\/noticias\/2026\/01\/23\/arbeloa-comenta-farpa-de-mourinho-no-real-madrid\/#primaryimage","url":"https:\/\/portaltela.pt\/s.01k8rhncp4jt1\/2026\/01\/ee696fc0-6cf0-4a28-bd71-c983fe08a3ad-1.jpg","contentUrl":"https:\/\/portaltela.pt\/s.01k8rhncp4jt1\/2026\/01\/ee696fc0-6cf0-4a28-bd71-c983fe08a3ad-1.jpg","width":796,"height":448,"caption":"Arbeloa - Foto: IMAGO"},{"@type":"BreadcrumbList","@id":"https:\/\/portaltela.pt\/noticias\/2026\/01\/23\/arbeloa-comenta-farpa-de-mourinho-no-real-madrid\/#breadcrumb","itemListElement":[{"@type":"ListItem","position":1,"name":"In\u00edcio","item":"https:\/\/portaltela.pt\/"},{"@type":"ListItem","position":2,"name":"Arbeloa comenta farpa de Mourinho no Real Madrid"}]},{"@type":"WebSite","@id":"https:\/\/portaltela.pt\/#website","url":"https:\/\/portaltela.pt\/","name":"Portal Tela Portugal","description":"","potentialAction":[{"@type":"SearchAction","target":{"@type":"EntryPoint","urlTemplate":"https:\/\/portaltela.pt\/?s={search_term_string}"},"query-input":{"@type":"PropertyValueSpecification","valueRequired":true,"valueName":"search_term_string"}}],"inLanguage":"pt-PT"},{"@type":"Person","@id":"https:\/\/portaltela.pt\/#\/schema\/person\/c4278d4a6028830caff9ee44b42d32ed","name":"Telinha","image":{"@type":"ImageObject","inLanguage":"pt-PT","@id":"https:\/\/portaltela.pt\/s.01k8rhncp4jt1\/2025\/11\/talking-bot-125x125.png","url":"https:\/\/portaltela.pt\/s.01k8rhncp4jt1\/2025\/11\/talking-bot-125x125.png","contentUrl":"https:\/\/portaltela.pt\/s.01k8rhncp4jt1\/2025\/11\/talking-bot-125x125.png","caption":"Telinha"},"sameAs":["https:\/\/portaltela.pt\/"],"url":"https:\/\/portaltela.pt\/por\/367410592786\/"}]}},"_links":{"self":[{"href":"https:\/\/portaltela.pt\/api\/wp\/v2\/posts\/167816","targetHints":{"allow":["GET"]}}],"collection":[{"href":"https:\/\/portaltela.pt\/api\/wp\/v2\/posts"}],"about":[{"href":"https:\/\/portaltela.pt\/api\/wp\/v2\/types\/post"}],"author":[{"embeddable":true,"href":"https:\/\/portaltela.pt\/api\/wp\/v2\/users\/2"}],"replies":[{"embeddable":true,"href":"https:\/\/portaltela.pt\/api\/wp\/v2\/comments?post=167816"}],"version-history":[{"count":0,"href":"https:\/\/portaltela.pt\/api\/wp\/v2\/posts\/167816\/revisions"}],"wp:featuredmedia":[{"embeddable":true,"href":"https:\/\/portaltela.pt\/api\/wp\/v2\/media\/167818"}],"wp:attachment":[{"href":"https:\/\/portaltela.pt\/api\/wp\/v2\/media?parent=167816"}],"wp:term":[{"taxonomy":"category","embeddable":true,"href":"https:\/\/portaltela.pt\/api\/wp\/v2\/categories?post=167816"},{"taxonomy":"post_tag","embeddable":true,"href":"https:\/\/portaltela.pt\/api\/wp\/v2\/tags?post=167816"}],"curies":[{"name":"wp","href":"https:\/\/api.w.org\/{rel}","templated":true}]}}