{"id":167782,"date":"2026-01-23T14:35:08","date_gmt":"2026-01-23T17:35:08","guid":{"rendered":"https:\/\/portaltela.pt\/noticias\/2026\/01\/23\/nuno-borges-deixa-melbourne-confiante-e-com-foco-no-futuro\/"},"modified":"2026-01-23T14:35:08","modified_gmt":"2026-01-23T17:35:08","slug":"nuno-borges-deixa-melbourne-confiante-e-com-foco-no-futuro","status":"publish","type":"post","link":"https:\/\/portaltela.pt\/desporto\/2026\/01\/23\/nuno-borges-deixa-melbourne-confiante-e-com-foco-no-futuro\/","title":{"rendered":"Nuno Borges deixa Melbourne confiante e com foco no futuro"},"content":{"rendered":"<p>Nuno Borges saiu de Melbourne confiante ap\u00f3s o Open da Austr\u00e1lia, o primeiro Grand Slam da temporada. Eliminado na terceira ronda pelo norte-americano Learner Tien, o lisboeta destacou a evolu\u00e7\u00e3o exibida e j\u00e1 olha para os pr\u00f3ximos compromissos, entre eles a Ta\u00e7a Davis.<\/p>\n<p>O tenista maato chegou \u00e0 terceira ronda ao vencer F\u00e9lix Auger-Aliassime na ronda inaugural, e Alexander Blockx na segunda. O processo terminou com uma derrota frente a Tien, por 7-6 (11-9), 6-4 e 6-2, num encontro em que Borges chegou a liderar o primeiro set em 5-3 e teve dois set points.<\/p>\n<p>Borges reconheceu que aquele momento decisivo influenciou o desfecho, admitindo que o advers\u00e1rio exigiu muito e que as varia\u00e7\u00f5es e a solidez do fundo de court dele foram constantemente contrariadas. Agradeceu ao n\u00edvel do oponente e deixou claro que \u00e9 uma derrota \u00fatil para o seu crescimento, mantendo a perspetiva de evolu\u00e7\u00e3o.<\/p>\n<p>Pelo segundo ano consecutivo, Borges ficou perto dos oitavos de final no Open da Austr\u00e1lia, apelidado por alguns de Happy Slam. O pr\u00f3ximo compromisso do atleta nacional \u00e9 pela Ta\u00e7a Davis, onde Portugal enfrenta a China nos dias 6 e 7 de fevereiro, em Guangzhou.<\/p>\n","protected":false},"excerpt":{"rendered":"<ul>\n<li>Nuno Borges foi eliminado na terceira ronda do Open da Austr\u00e1lia, frente a Learner Tien, em Melbourne Park, num encontro que terminou com 7-6 (11-9), 6-4 e 6-2.<\/li>\n<li>O tenista maiato, n\u00famero um de Portugal e 46.\u00ba do ranking mundial, tinha chegado \u00e0 terceira ronda ao derrotar F\u00e9lix Auger-Aliassime na estreia e Alexander Blockx na segunda ronda.<\/li>\n<li>Borges afirmou ter feito um balan\u00e7o positivo da participa\u00e7\u00e3o no primeiro Grand Slam da temporada, destacando a evolu\u00e7\u00e3o e a confian\u00e7a para os pr\u00f3ximos compromissos.<\/li>\n<li>O encontro ficou marcado por o portugu\u00eas ter chegado a liderar o primeiro set por 5-3 e dispuser de dois set points, mas n\u00e3o conseguiu fechar o set.<\/li>\n<li>Segue agora a participa\u00e7\u00e3o na Ta\u00e7a Davis, com Portugal a defrontar a China nos dias seis e sete de fevereiro, em Guangzhou.<\/li>\n<\/ul>\n","protected":false},"author":2,"featured_media":167784,"comment_status":"closed","ping_status":"closed","sticky":false,"template":"","format":"standard","meta":{"footnotes":""},"categories":[21],"tags":[152,3168,2873,1014,3945,94],"class_list":["post-167782","post","type-post","status-publish","format-standard","has-post-thumbnail","hentry","category-desporto","tag-desporto","tag-felix-auger-aliassime","tag-nuno-borges","tag-portugal","tag-taca-davis","tag-tenis"],"yoast_head":"<!-- This site is optimized with the Yoast SEO plugin v27.2 - https:\/\/yoast.com\/product\/yoast-seo-wordpress\/ -->\n<title>Nuno Borges deixa Melbourne confiante e com foco no futuro - Portal Tela Portugal<\/title>\n<meta name=\"robots\" content=\"index, follow, max-snippet:-1, max-image-preview:large, max-video-preview:-1\" \/>\n<meta property=\"og:locale\" content=\"pt_PT\" \/>\n<meta property=\"og:type\" content=\"article\" \/>\n<meta property=\"og:title\" content=\"Nuno Borges deixa Melbourne confiante e com foco no futuro - Portal Tela Portugal\" \/>\n<meta property=\"og:description\" content=\"Nuno Borges foi eliminado na terceira ronda do Open da Austr\u00e1lia, frente a Learner Tien, em Melbourne Park, num encontro que terminou com 7-6 (11-9), 6-4 e 6-2. O tenista maiato, n\u00famero um de Portugal e 46.\u00ba do ranking mundial, tinha chegado \u00e0 terceira ronda ao derrotar F\u00e9lix Auger-Aliassime na estreia e Alexander Blockx na segunda ronda. Borges afirmou ter feito um balan\u00e7o positivo da participa\u00e7\u00e3o no primeiro Grand Slam da temporada, destacando a evolu\u00e7\u00e3o e a confian\u00e7a para os pr\u00f3ximos compromissos. O encontro ficou marcado por o portugu\u00eas ter chegado a liderar o primeiro set por 5-3 e dispuser de dois set points, mas n\u00e3o conseguiu fechar o set. Segue agora a participa\u00e7\u00e3o na Ta\u00e7a Davis, com Portugal a defrontar a China nos dias seis e sete de fevereiro, em Guangzhou.\" \/>\n<meta property=\"og:url\" content=\"https:\/\/portaltela.pt\/noticias\/2026\/01\/23\/nuno-borges-deixa-melbourne-confiante-e-com-foco-no-futuro\/\" \/>\n<meta property=\"og:site_name\" content=\"Portal Tela Portugal\" \/>\n<meta property=\"article:published_time\" content=\"2026-01-23T17:35:08+00:00\" \/>\n<meta name=\"author\" content=\"Telinha\" \/>\n<meta name=\"twitter:card\" content=\"summary_large_image\" \/>\n<meta name=\"twitter:label1\" content=\"Escrito por\" \/>\n\t<meta name=\"twitter:data1\" content=\"Telinha\" \/>\n\t<meta name=\"twitter:label2\" content=\"Tempo estimado de leitura\" \/>\n\t<meta name=\"twitter:data2\" content=\"1 minuto\" \/>\n<script type=\"application\/ld+json\" class=\"yoast-schema-graph\">{\"@context\":\"https:\/\/schema.org\",\"@graph\":[{\"@type\":\"Article\",\"@id\":\"https:\/\/portaltela.pt\/noticias\/2026\/01\/23\/nuno-borges-deixa-melbourne-confiante-e-com-foco-no-futuro\/#article\",\"isPartOf\":{\"@id\":\"https:\/\/portaltela.pt\/noticias\/2026\/01\/23\/nuno-borges-deixa-melbourne-confiante-e-com-foco-no-futuro\/\"},\"author\":{\"name\":\"Telinha\",\"@id\":\"https:\/\/portaltela.pt\/#\/schema\/person\/c4278d4a6028830caff9ee44b42d32ed\"},\"headline\":\"Nuno Borges deixa Melbourne confiante e com foco no futuro\",\"datePublished\":\"2026-01-23T17:35:08+00:00\",\"mainEntityOfPage\":{\"@id\":\"https:\/\/portaltela.pt\/noticias\/2026\/01\/23\/nuno-borges-deixa-melbourne-confiante-e-com-foco-no-futuro\/\"},\"wordCount\":210,\"image\":{\"@id\":\"https:\/\/portaltela.pt\/noticias\/2026\/01\/23\/nuno-borges-deixa-melbourne-confiante-e-com-foco-no-futuro\/#primaryimage\"},\"thumbnailUrl\":\"https:\/\/portaltela.pt\/s.01k8rhncp4jt1\/2026\/01\/e6473de1-3f7c-47f7-aa51-263017725fa7-1.jpg\",\"keywords\":[\"desporto\",\"Felix Auger-Aliassime\",\"Nuno Borges\",\"Portugal\",\"Ta\u00e7a Davis\",\"t\u00eanis\"],\"articleSection\":[\"Desporto\"],\"inLanguage\":\"pt-PT\"},{\"@type\":\"WebPage\",\"@id\":\"https:\/\/portaltela.pt\/noticias\/2026\/01\/23\/nuno-borges-deixa-melbourne-confiante-e-com-foco-no-futuro\/\",\"url\":\"https:\/\/portaltela.pt\/noticias\/2026\/01\/23\/nuno-borges-deixa-melbourne-confiante-e-com-foco-no-futuro\/\",\"name\":\"Nuno Borges deixa Melbourne confiante e com foco no futuro - Portal Tela Portugal\",\"isPartOf\":{\"@id\":\"https:\/\/portaltela.pt\/#website\"},\"primaryImageOfPage\":{\"@id\":\"https:\/\/portaltela.pt\/noticias\/2026\/01\/23\/nuno-borges-deixa-melbourne-confiante-e-com-foco-no-futuro\/#primaryimage\"},\"image\":{\"@id\":\"https:\/\/portaltela.pt\/noticias\/2026\/01\/23\/nuno-borges-deixa-melbourne-confiante-e-com-foco-no-futuro\/#primaryimage\"},\"thumbnailUrl\":\"https:\/\/portaltela.pt\/s.01k8rhncp4jt1\/2026\/01\/e6473de1-3f7c-47f7-aa51-263017725fa7-1.jpg\",\"datePublished\":\"2026-01-23T17:35:08+00:00\",\"author\":{\"@id\":\"https:\/\/portaltela.pt\/#\/schema\/person\/c4278d4a6028830caff9ee44b42d32ed\"},\"breadcrumb\":{\"@id\":\"https:\/\/portaltela.pt\/noticias\/2026\/01\/23\/nuno-borges-deixa-melbourne-confiante-e-com-foco-no-futuro\/#breadcrumb\"},\"inLanguage\":\"pt-PT\",\"potentialAction\":[{\"@type\":\"ReadAction\",\"target\":[\"https:\/\/portaltela.pt\/noticias\/2026\/01\/23\/nuno-borges-deixa-melbourne-confiante-e-com-foco-no-futuro\/\"]}]},{\"@type\":\"ImageObject\",\"inLanguage\":\"pt-PT\",\"@id\":\"https:\/\/portaltela.pt\/noticias\/2026\/01\/23\/nuno-borges-deixa-melbourne-confiante-e-com-foco-no-futuro\/#primaryimage\",\"url\":\"https:\/\/portaltela.pt\/s.01k8rhncp4jt1\/2026\/01\/e6473de1-3f7c-47f7-aa51-263017725fa7-1.jpg\",\"contentUrl\":\"https:\/\/portaltela.pt\/s.01k8rhncp4jt1\/2026\/01\/e6473de1-3f7c-47f7-aa51-263017725fa7-1.jpg\",\"width\":796,\"height\":448,\"caption\":\"Nuno Borges fez o balan\u00e7o da participa\u00e7\u00e3o no Open da Aust\u00e1lia 2026\"},{\"@type\":\"BreadcrumbList\",\"@id\":\"https:\/\/portaltela.pt\/noticias\/2026\/01\/23\/nuno-borges-deixa-melbourne-confiante-e-com-foco-no-futuro\/#breadcrumb\",\"itemListElement\":[{\"@type\":\"ListItem\",\"position\":1,\"name\":\"In\u00edcio\",\"item\":\"https:\/\/portaltela.pt\/\"},{\"@type\":\"ListItem\",\"position\":2,\"name\":\"Nuno Borges deixa Melbourne confiante e com foco no futuro\"}]},{\"@type\":\"WebSite\",\"@id\":\"https:\/\/portaltela.pt\/#website\",\"url\":\"https:\/\/portaltela.pt\/\",\"name\":\"Portal Tela Portugal\",\"description\":\"\",\"potentialAction\":[{\"@type\":\"SearchAction\",\"target\":{\"@type\":\"EntryPoint\",\"urlTemplate\":\"https:\/\/portaltela.pt\/?s={search_term_string}\"},\"query-input\":{\"@type\":\"PropertyValueSpecification\",\"valueRequired\":true,\"valueName\":\"search_term_string\"}}],\"inLanguage\":\"pt-PT\"},{\"@type\":\"Person\",\"@id\":\"https:\/\/portaltela.pt\/#\/schema\/person\/c4278d4a6028830caff9ee44b42d32ed\",\"name\":\"Telinha\",\"image\":{\"@type\":\"ImageObject\",\"inLanguage\":\"pt-PT\",\"@id\":\"https:\/\/portaltela.pt\/s.01k8rhncp4jt1\/2025\/11\/talking-bot-125x125.png\",\"url\":\"https:\/\/portaltela.pt\/s.01k8rhncp4jt1\/2025\/11\/talking-bot-125x125.png\",\"contentUrl\":\"https:\/\/portaltela.pt\/s.01k8rhncp4jt1\/2025\/11\/talking-bot-125x125.png\",\"caption\":\"Telinha\"},\"sameAs\":[\"https:\/\/portaltela.pt\/\"],\"url\":\"https:\/\/portaltela.pt\/por\/367410592786\/\"}]}<\/script>\n<!-- \/ Yoast SEO plugin. -->","yoast_head_json":{"title":"Nuno Borges deixa Melbourne confiante e com foco no futuro - Portal Tela Portugal","robots":{"index":"index","follow":"follow","max-snippet":"max-snippet:-1","max-image-preview":"max-image-preview:large","max-video-preview":"max-video-preview:-1"},"og_locale":"pt_PT","og_type":"article","og_title":"Nuno Borges deixa Melbourne confiante e com foco no futuro - Portal Tela Portugal","og_description":"Nuno Borges foi eliminado na terceira ronda do Open da Austr\u00e1lia, frente a Learner Tien, em Melbourne Park, num encontro que terminou com 7-6 (11-9), 6-4 e 6-2. O tenista maiato, n\u00famero um de Portugal e 46.\u00ba do ranking mundial, tinha chegado \u00e0 terceira ronda ao derrotar F\u00e9lix Auger-Aliassime na estreia e Alexander Blockx na segunda ronda. Borges afirmou ter feito um balan\u00e7o positivo da participa\u00e7\u00e3o no primeiro Grand Slam da temporada, destacando a evolu\u00e7\u00e3o e a confian\u00e7a para os pr\u00f3ximos compromissos. O encontro ficou marcado por o portugu\u00eas ter chegado a liderar o primeiro set por 5-3 e dispuser de dois set points, mas n\u00e3o conseguiu fechar o set. Segue agora a participa\u00e7\u00e3o na Ta\u00e7a Davis, com Portugal a defrontar a China nos dias seis e sete de fevereiro, em Guangzhou.","og_url":"https:\/\/portaltela.pt\/noticias\/2026\/01\/23\/nuno-borges-deixa-melbourne-confiante-e-com-foco-no-futuro\/","og_site_name":"Portal Tela Portugal","article_published_time":"2026-01-23T17:35:08+00:00","author":"Telinha","twitter_card":"summary_large_image","twitter_misc":{"Escrito por":"Telinha","Tempo estimado de leitura":"1 minuto"},"schema":{"@context":"https:\/\/schema.org","@graph":[{"@type":"Article","@id":"https:\/\/portaltela.pt\/noticias\/2026\/01\/23\/nuno-borges-deixa-melbourne-confiante-e-com-foco-no-futuro\/#article","isPartOf":{"@id":"https:\/\/portaltela.pt\/noticias\/2026\/01\/23\/nuno-borges-deixa-melbourne-confiante-e-com-foco-no-futuro\/"},"author":{"name":"Telinha","@id":"https:\/\/portaltela.pt\/#\/schema\/person\/c4278d4a6028830caff9ee44b42d32ed"},"headline":"Nuno Borges deixa Melbourne confiante e com foco no futuro","datePublished":"2026-01-23T17:35:08+00:00","mainEntityOfPage":{"@id":"https:\/\/portaltela.pt\/noticias\/2026\/01\/23\/nuno-borges-deixa-melbourne-confiante-e-com-foco-no-futuro\/"},"wordCount":210,"image":{"@id":"https:\/\/portaltela.pt\/noticias\/2026\/01\/23\/nuno-borges-deixa-melbourne-confiante-e-com-foco-no-futuro\/#primaryimage"},"thumbnailUrl":"https:\/\/portaltela.pt\/s.01k8rhncp4jt1\/2026\/01\/e6473de1-3f7c-47f7-aa51-263017725fa7-1.jpg","keywords":["desporto","Felix Auger-Aliassime","Nuno Borges","Portugal","Ta\u00e7a Davis","t\u00eanis"],"articleSection":["Desporto"],"inLanguage":"pt-PT"},{"@type":"WebPage","@id":"https:\/\/portaltela.pt\/noticias\/2026\/01\/23\/nuno-borges-deixa-melbourne-confiante-e-com-foco-no-futuro\/","url":"https:\/\/portaltela.pt\/noticias\/2026\/01\/23\/nuno-borges-deixa-melbourne-confiante-e-com-foco-no-futuro\/","name":"Nuno Borges deixa Melbourne confiante e com foco no futuro - Portal Tela Portugal","isPartOf":{"@id":"https:\/\/portaltela.pt\/#website"},"primaryImageOfPage":{"@id":"https:\/\/portaltela.pt\/noticias\/2026\/01\/23\/nuno-borges-deixa-melbourne-confiante-e-com-foco-no-futuro\/#primaryimage"},"image":{"@id":"https:\/\/portaltela.pt\/noticias\/2026\/01\/23\/nuno-borges-deixa-melbourne-confiante-e-com-foco-no-futuro\/#primaryimage"},"thumbnailUrl":"https:\/\/portaltela.pt\/s.01k8rhncp4jt1\/2026\/01\/e6473de1-3f7c-47f7-aa51-263017725fa7-1.jpg","datePublished":"2026-01-23T17:35:08+00:00","author":{"@id":"https:\/\/portaltela.pt\/#\/schema\/person\/c4278d4a6028830caff9ee44b42d32ed"},"breadcrumb":{"@id":"https:\/\/portaltela.pt\/noticias\/2026\/01\/23\/nuno-borges-deixa-melbourne-confiante-e-com-foco-no-futuro\/#breadcrumb"},"inLanguage":"pt-PT","potentialAction":[{"@type":"ReadAction","target":["https:\/\/portaltela.pt\/noticias\/2026\/01\/23\/nuno-borges-deixa-melbourne-confiante-e-com-foco-no-futuro\/"]}]},{"@type":"ImageObject","inLanguage":"pt-PT","@id":"https:\/\/portaltela.pt\/noticias\/2026\/01\/23\/nuno-borges-deixa-melbourne-confiante-e-com-foco-no-futuro\/#primaryimage","url":"https:\/\/portaltela.pt\/s.01k8rhncp4jt1\/2026\/01\/e6473de1-3f7c-47f7-aa51-263017725fa7-1.jpg","contentUrl":"https:\/\/portaltela.pt\/s.01k8rhncp4jt1\/2026\/01\/e6473de1-3f7c-47f7-aa51-263017725fa7-1.jpg","width":796,"height":448,"caption":"Nuno Borges fez o balan\u00e7o da participa\u00e7\u00e3o no Open da Aust\u00e1lia 2026"},{"@type":"BreadcrumbList","@id":"https:\/\/portaltela.pt\/noticias\/2026\/01\/23\/nuno-borges-deixa-melbourne-confiante-e-com-foco-no-futuro\/#breadcrumb","itemListElement":[{"@type":"ListItem","position":1,"name":"In\u00edcio","item":"https:\/\/portaltela.pt\/"},{"@type":"ListItem","position":2,"name":"Nuno Borges deixa Melbourne confiante e com foco no futuro"}]},{"@type":"WebSite","@id":"https:\/\/portaltela.pt\/#website","url":"https:\/\/portaltela.pt\/","name":"Portal Tela Portugal","description":"","potentialAction":[{"@type":"SearchAction","target":{"@type":"EntryPoint","urlTemplate":"https:\/\/portaltela.pt\/?s={search_term_string}"},"query-input":{"@type":"PropertyValueSpecification","valueRequired":true,"valueName":"search_term_string"}}],"inLanguage":"pt-PT"},{"@type":"Person","@id":"https:\/\/portaltela.pt\/#\/schema\/person\/c4278d4a6028830caff9ee44b42d32ed","name":"Telinha","image":{"@type":"ImageObject","inLanguage":"pt-PT","@id":"https:\/\/portaltela.pt\/s.01k8rhncp4jt1\/2025\/11\/talking-bot-125x125.png","url":"https:\/\/portaltela.pt\/s.01k8rhncp4jt1\/2025\/11\/talking-bot-125x125.png","contentUrl":"https:\/\/portaltela.pt\/s.01k8rhncp4jt1\/2025\/11\/talking-bot-125x125.png","caption":"Telinha"},"sameAs":["https:\/\/portaltela.pt\/"],"url":"https:\/\/portaltela.pt\/por\/367410592786\/"}]}},"_links":{"self":[{"href":"https:\/\/portaltela.pt\/api\/wp\/v2\/posts\/167782","targetHints":{"allow":["GET"]}}],"collection":[{"href":"https:\/\/portaltela.pt\/api\/wp\/v2\/posts"}],"about":[{"href":"https:\/\/portaltela.pt\/api\/wp\/v2\/types\/post"}],"author":[{"embeddable":true,"href":"https:\/\/portaltela.pt\/api\/wp\/v2\/users\/2"}],"replies":[{"embeddable":true,"href":"https:\/\/portaltela.pt\/api\/wp\/v2\/comments?post=167782"}],"version-history":[{"count":0,"href":"https:\/\/portaltela.pt\/api\/wp\/v2\/posts\/167782\/revisions"}],"wp:featuredmedia":[{"embeddable":true,"href":"https:\/\/portaltela.pt\/api\/wp\/v2\/media\/167784"}],"wp:attachment":[{"href":"https:\/\/portaltela.pt\/api\/wp\/v2\/media?parent=167782"}],"wp:term":[{"taxonomy":"category","embeddable":true,"href":"https:\/\/portaltela.pt\/api\/wp\/v2\/categories?post=167782"},{"taxonomy":"post_tag","embeddable":true,"href":"https:\/\/portaltela.pt\/api\/wp\/v2\/tags?post=167782"}],"curies":[{"name":"wp","href":"https:\/\/api.w.org\/{rel}","templated":true}]}}