{"id":167659,"date":"2026-01-23T14:14:18","date_gmt":"2026-01-23T17:14:18","guid":{"rendered":"https:\/\/portaltela.pt\/noticias\/2026\/01\/23\/gripe-em-abrandamento-em-portugal-persiste-excesso-de-obitos\/"},"modified":"2026-01-23T14:14:18","modified_gmt":"2026-01-23T17:14:18","slug":"gripe-em-abrandamento-em-portugal-persiste-excesso-de-obitos","status":"publish","type":"post","link":"https:\/\/portaltela.pt\/noticias\/2026\/01\/23\/gripe-em-abrandamento-em-portugal-persiste-excesso-de-obitos\/","title":{"rendered":"Gripe em abrandamento em Portugal, persiste excesso de \u00f3bitos"},"content":{"rendered":"<p>A atividade gripal epid\u00e9mica em Portugal est\u00e1 a abrandar, com menos casos de gripe e de infe\u00e7\u00f5es respirat\u00f3rias graves, embora persista um excesso de mortalidade, segundo o INSA. O boletim da semana de 12 a 18 de janeiro indica tend\u00eancia decrescente na atividade gripal e nos internamentos em cuidados intensivos.<\/p>\n<p>Desde o in\u00edcio da \u00e9poca gripal, a 29 de setembro de 2025, os laborat\u00f3rios notificaram 73.292 infe\u00e7\u00f5es respirat\u00f3rias e 14.243 casos de gripe. Na semana analisada, foram identificados 495 casos de gripe, menos 258 face \u00e0 anterior, e 75 internamentos por infe\u00e7\u00e3o respirat\u00f3ria aguda grave (SARI) nas Unidades Locais de Sa\u00fade, menos cinco.<\/p>\n<p>O INSA alerta que, embora a taxa de SARI tenha diminu\u00eddo, persiste uma diferen\u00e7a significativa entre as ULS que reportam dados, o que complica a leitura global. A incid\u00eancia de SARI continua mais elevada entre quem tem 65 anos ou mais. Entre 12 e 18 de janeiro, registaram-se oito casos de gripe em 11 Unidades de Cuidados Intensivos que enviaram dados, com a maioria de idosos.<\/p>\n<h3>Persist\u00eancia de casos graves e vacina\u00e7\u00e3o<\/h3>\n<p>Seis dos doentes tinham idade igual ou superior a 65 anos, com um na faixa 45-54 e outro 55-64. No total, seis tinham doen\u00e7a cr\u00f3nica e sete estavam recomendados para vacina\u00e7\u00e3o, dois dos quais j\u00e1 vacinados. A propor\u00e7\u00e3o de gripe em UCI situou-se em 9,1%, abaixo da semana anterior (10,5%).<\/p>\n<p>A dete\u00e7\u00e3o de RSV tem aumentado, enquanto a circula\u00e7\u00e3o da gripe diminui. Desde o in\u00edcio da \u00e9poca, foram identificados 5.476 casos de outros agentes respirat\u00f3rios, com 410 na \u00faltima semana, destacando o RSV como o mais detetado. Na vigil\u00e2ncia VigiRSV, registaram-se 111 internamentos de crian\u00e7as com RSV at\u00e9 aos 24 meses.<\/p>\n<h3>Mortalidade e panorama internacional<\/h3>\n<p>A mortalidade por todas as causas continua acima do esperado em Portugal, com excessos identificados na semana passada nas regi\u00f5es Norte, Centro, Lisboa e Vale do Tejo e Alentejo, em ambos os sexos e nos maiores de 75 anos. Internacionalmente, a circula\u00e7\u00e3o do v\u00edrus da gripe permanece elevada na UE\/EEE, com o pico j\u00e1 ultrapassado em muitos pa\u00edses.<\/p>\n<p>O subtipo dominante na UE\/EEE continua a ser A(H3N2), seguido por A(H1N1)pdm09. O INSA refor\u00e7a que a vacina\u00e7\u00e3o \u00e9 a medida mais eficaz para proteger contra formas graves de doen\u00e7as respirat\u00f3rias, incentivando a vacina\u00e7\u00e3o especialmente para grupos de maior risco.<\/p>\n","protected":false},"excerpt":{"rendered":"<ul>\n<li>A atividade gripal epid\u00e9mica est\u00e1 a abrandar em Portugal, com menos casos de gripe e de infe\u00e7\u00f5es respirat\u00f3rias graves, mantendo-se o excesso de \u00f3bitos.<\/li>\n<li>Na semana de 12 a 18 de janeiro, foram detetados 495 casos de gripe e admitidos 75 casos de infe\u00e7\u00e3o respirat\u00f3ria aguda grave (SARI), com uma taxa de incid\u00eancia de 9,6 por 100.000 habitantes.<\/li>\n<li>Desde o in\u00edcio da \u00e9poca, a 29 de setembro de 2025, ocorreram 73.292 infe\u00e7\u00f5es respirat\u00f3rias e 14.243 casos de gripe; o v\u00edrus respirat\u00f3rio sincicial (RSV) continua a aumentar, enquanto a gripe diminui.<\/li>\n<li>A taxa de SARI continua mais elevada entre pessoas com 65 ou mais anos; oito casos de gripe foram reportados em 11 unidades de cuidados intensivos, com seis pacientes de 65+.<\/li>\n<li>O Instituto Nacional de Sa\u00fade Doutor Ricardo Jorge (INSA) sublinha a vacina\u00e7\u00e3o como a medida mais eficaz contra formas graves de doen\u00e7as respirat\u00f3rias e aponta excessos de mortalidade por todas as causas em v\u00e1rias regi\u00f5es.<\/li>\n<\/ul>\n","protected":false},"author":2,"featured_media":167688,"comment_status":"closed","ping_status":"closed","sticky":false,"template":"","format":"standard","meta":{"footnotes":""},"categories":[1],"tags":[1905,2763,4009,1014,2055,3949],"class_list":["post-167659","post","type-post","status-publish","format-standard","has-post-thumbnail","hentry","category-noticias","tag-gripe","tag-infecao-respiratoria-aguda-grave","tag-infecoes-respiratorias","tag-portugal","tag-uniao-europeia","tag-vacinacoes"],"yoast_head":"<!-- This site is optimized with the Yoast SEO plugin v27.2 - https:\/\/yoast.com\/product\/yoast-seo-wordpress\/ -->\n<title>Gripe em abrandamento em Portugal, persiste excesso de \u00f3bitos - Portal Tela Portugal<\/title>\n<meta name=\"robots\" content=\"index, follow, max-snippet:-1, max-image-preview:large, max-video-preview:-1\" \/>\n<meta property=\"og:locale\" content=\"pt_PT\" \/>\n<meta property=\"og:type\" content=\"article\" \/>\n<meta property=\"og:title\" content=\"Gripe em abrandamento em Portugal, persiste excesso de \u00f3bitos - Portal Tela Portugal\" \/>\n<meta property=\"og:description\" content=\"A atividade gripal epid\u00e9mica est\u00e1 a abrandar em Portugal, com menos casos de gripe e de infe\u00e7\u00f5es respirat\u00f3rias graves, mantendo-se o excesso de \u00f3bitos. Na semana de 12 a 18 de janeiro, foram detetados 495 casos de gripe e admitidos 75 casos de infe\u00e7\u00e3o respirat\u00f3ria aguda grave (SARI), com uma taxa de incid\u00eancia de 9,6 por 100.000 habitantes. Desde o in\u00edcio da \u00e9poca, a 29 de setembro de 2025, ocorreram 73.292 infe\u00e7\u00f5es respirat\u00f3rias e 14.243 casos de gripe; o v\u00edrus respirat\u00f3rio sincicial (RSV) continua a aumentar, enquanto a gripe diminui. A taxa de SARI continua mais elevada entre pessoas com 65 ou mais anos; oito casos de gripe foram reportados em 11 unidades de cuidados intensivos, com seis pacientes de 65+. O Instituto Nacional de Sa\u00fade Doutor Ricardo Jorge (INSA) sublinha a vacina\u00e7\u00e3o como a medida mais eficaz contra formas graves de doen\u00e7as respirat\u00f3rias e aponta excessos de mortalidade por todas as causas em v\u00e1rias regi\u00f5es.\" \/>\n<meta property=\"og:url\" content=\"https:\/\/portaltela.pt\/noticias\/2026\/01\/23\/gripe-em-abrandamento-em-portugal-persiste-excesso-de-obitos\/\" \/>\n<meta property=\"og:site_name\" content=\"Portal Tela Portugal\" \/>\n<meta property=\"article:published_time\" content=\"2026-01-23T17:14:18+00:00\" \/>\n<meta name=\"author\" content=\"Telinha\" \/>\n<meta name=\"twitter:card\" content=\"summary_large_image\" \/>\n<meta name=\"twitter:label1\" content=\"Escrito por\" \/>\n\t<meta name=\"twitter:data1\" content=\"Telinha\" \/>\n\t<meta name=\"twitter:label2\" content=\"Tempo estimado de leitura\" \/>\n\t<meta name=\"twitter:data2\" content=\"2 minutos\" \/>\n<script type=\"application\/ld+json\" class=\"yoast-schema-graph\">{\"@context\":\"https:\/\/schema.org\",\"@graph\":[{\"@type\":\"Article\",\"@id\":\"https:\/\/portaltela.pt\/noticias\/2026\/01\/23\/gripe-em-abrandamento-em-portugal-persiste-excesso-de-obitos\/#article\",\"isPartOf\":{\"@id\":\"https:\/\/portaltela.pt\/noticias\/2026\/01\/23\/gripe-em-abrandamento-em-portugal-persiste-excesso-de-obitos\/\"},\"author\":{\"name\":\"Telinha\",\"@id\":\"https:\/\/portaltela.pt\/#\/schema\/person\/c4278d4a6028830caff9ee44b42d32ed\"},\"headline\":\"Gripe em abrandamento em Portugal, persiste excesso de \u00f3bitos\",\"datePublished\":\"2026-01-23T17:14:18+00:00\",\"mainEntityOfPage\":{\"@id\":\"https:\/\/portaltela.pt\/noticias\/2026\/01\/23\/gripe-em-abrandamento-em-portugal-persiste-excesso-de-obitos\/\"},\"wordCount\":406,\"image\":{\"@id\":\"https:\/\/portaltela.pt\/noticias\/2026\/01\/23\/gripe-em-abrandamento-em-portugal-persiste-excesso-de-obitos\/#primaryimage\"},\"thumbnailUrl\":\"https:\/\/portaltela.pt\/s.01k8rhncp4jt1\/2026\/01\/Hospital2-scaled-1.jpg\",\"keywords\":[\"gripe\",\"infe\u00e7\u00e3o respirat\u00f3ria aguda grave\",\"infe\u00e7\u00f5es respirat\u00f3rias\",\"Portugal\",\"Uni\u00e3o Europeia\",\"vacina\u00e7\u00f5es\"],\"articleSection\":[\"Not\u00edcias\"],\"inLanguage\":\"pt-PT\"},{\"@type\":\"WebPage\",\"@id\":\"https:\/\/portaltela.pt\/noticias\/2026\/01\/23\/gripe-em-abrandamento-em-portugal-persiste-excesso-de-obitos\/\",\"url\":\"https:\/\/portaltela.pt\/noticias\/2026\/01\/23\/gripe-em-abrandamento-em-portugal-persiste-excesso-de-obitos\/\",\"name\":\"Gripe em abrandamento em Portugal, persiste excesso de \u00f3bitos - Portal Tela Portugal\",\"isPartOf\":{\"@id\":\"https:\/\/portaltela.pt\/#website\"},\"primaryImageOfPage\":{\"@id\":\"https:\/\/portaltela.pt\/noticias\/2026\/01\/23\/gripe-em-abrandamento-em-portugal-persiste-excesso-de-obitos\/#primaryimage\"},\"image\":{\"@id\":\"https:\/\/portaltela.pt\/noticias\/2026\/01\/23\/gripe-em-abrandamento-em-portugal-persiste-excesso-de-obitos\/#primaryimage\"},\"thumbnailUrl\":\"https:\/\/portaltela.pt\/s.01k8rhncp4jt1\/2026\/01\/Hospital2-scaled-1.jpg\",\"datePublished\":\"2026-01-23T17:14:18+00:00\",\"author\":{\"@id\":\"https:\/\/portaltela.pt\/#\/schema\/person\/c4278d4a6028830caff9ee44b42d32ed\"},\"breadcrumb\":{\"@id\":\"https:\/\/portaltela.pt\/noticias\/2026\/01\/23\/gripe-em-abrandamento-em-portugal-persiste-excesso-de-obitos\/#breadcrumb\"},\"inLanguage\":\"pt-PT\",\"potentialAction\":[{\"@type\":\"ReadAction\",\"target\":[\"https:\/\/portaltela.pt\/noticias\/2026\/01\/23\/gripe-em-abrandamento-em-portugal-persiste-excesso-de-obitos\/\"]}]},{\"@type\":\"ImageObject\",\"inLanguage\":\"pt-PT\",\"@id\":\"https:\/\/portaltela.pt\/noticias\/2026\/01\/23\/gripe-em-abrandamento-em-portugal-persiste-excesso-de-obitos\/#primaryimage\",\"url\":\"https:\/\/portaltela.pt\/s.01k8rhncp4jt1\/2026\/01\/Hospital2-scaled-1.jpg\",\"contentUrl\":\"https:\/\/portaltela.pt\/s.01k8rhncp4jt1\/2026\/01\/Hospital2-scaled-1.jpg\",\"width\":796,\"height\":448,\"caption\":\"Governo assinou 90 contratos para criar 3.300 camas de cuidados continuados e paliativos\"},{\"@type\":\"BreadcrumbList\",\"@id\":\"https:\/\/portaltela.pt\/noticias\/2026\/01\/23\/gripe-em-abrandamento-em-portugal-persiste-excesso-de-obitos\/#breadcrumb\",\"itemListElement\":[{\"@type\":\"ListItem\",\"position\":1,\"name\":\"In\u00edcio\",\"item\":\"https:\/\/portaltela.pt\/\"},{\"@type\":\"ListItem\",\"position\":2,\"name\":\"Gripe em abrandamento em Portugal, persiste excesso de \u00f3bitos\"}]},{\"@type\":\"WebSite\",\"@id\":\"https:\/\/portaltela.pt\/#website\",\"url\":\"https:\/\/portaltela.pt\/\",\"name\":\"Portal Tela Portugal\",\"description\":\"\",\"potentialAction\":[{\"@type\":\"SearchAction\",\"target\":{\"@type\":\"EntryPoint\",\"urlTemplate\":\"https:\/\/portaltela.pt\/?s={search_term_string}\"},\"query-input\":{\"@type\":\"PropertyValueSpecification\",\"valueRequired\":true,\"valueName\":\"search_term_string\"}}],\"inLanguage\":\"pt-PT\"},{\"@type\":\"Person\",\"@id\":\"https:\/\/portaltela.pt\/#\/schema\/person\/c4278d4a6028830caff9ee44b42d32ed\",\"name\":\"Telinha\",\"image\":{\"@type\":\"ImageObject\",\"inLanguage\":\"pt-PT\",\"@id\":\"https:\/\/portaltela.pt\/s.01k8rhncp4jt1\/2025\/11\/talking-bot-125x125.png\",\"url\":\"https:\/\/portaltela.pt\/s.01k8rhncp4jt1\/2025\/11\/talking-bot-125x125.png\",\"contentUrl\":\"https:\/\/portaltela.pt\/s.01k8rhncp4jt1\/2025\/11\/talking-bot-125x125.png\",\"caption\":\"Telinha\"},\"sameAs\":[\"https:\/\/portaltela.pt\/\"],\"url\":\"https:\/\/portaltela.pt\/por\/367410592786\/\"}]}<\/script>\n<!-- \/ Yoast SEO plugin. -->","yoast_head_json":{"title":"Gripe em abrandamento em Portugal, persiste excesso de \u00f3bitos - Portal Tela Portugal","robots":{"index":"index","follow":"follow","max-snippet":"max-snippet:-1","max-image-preview":"max-image-preview:large","max-video-preview":"max-video-preview:-1"},"og_locale":"pt_PT","og_type":"article","og_title":"Gripe em abrandamento em Portugal, persiste excesso de \u00f3bitos - Portal Tela Portugal","og_description":"A atividade gripal epid\u00e9mica est\u00e1 a abrandar em Portugal, com menos casos de gripe e de infe\u00e7\u00f5es respirat\u00f3rias graves, mantendo-se o excesso de \u00f3bitos. Na semana de 12 a 18 de janeiro, foram detetados 495 casos de gripe e admitidos 75 casos de infe\u00e7\u00e3o respirat\u00f3ria aguda grave (SARI), com uma taxa de incid\u00eancia de 9,6 por 100.000 habitantes. Desde o in\u00edcio da \u00e9poca, a 29 de setembro de 2025, ocorreram 73.292 infe\u00e7\u00f5es respirat\u00f3rias e 14.243 casos de gripe; o v\u00edrus respirat\u00f3rio sincicial (RSV) continua a aumentar, enquanto a gripe diminui. A taxa de SARI continua mais elevada entre pessoas com 65 ou mais anos; oito casos de gripe foram reportados em 11 unidades de cuidados intensivos, com seis pacientes de 65+. O Instituto Nacional de Sa\u00fade Doutor Ricardo Jorge (INSA) sublinha a vacina\u00e7\u00e3o como a medida mais eficaz contra formas graves de doen\u00e7as respirat\u00f3rias e aponta excessos de mortalidade por todas as causas em v\u00e1rias regi\u00f5es.","og_url":"https:\/\/portaltela.pt\/noticias\/2026\/01\/23\/gripe-em-abrandamento-em-portugal-persiste-excesso-de-obitos\/","og_site_name":"Portal Tela Portugal","article_published_time":"2026-01-23T17:14:18+00:00","author":"Telinha","twitter_card":"summary_large_image","twitter_misc":{"Escrito por":"Telinha","Tempo estimado de leitura":"2 minutos"},"schema":{"@context":"https:\/\/schema.org","@graph":[{"@type":"Article","@id":"https:\/\/portaltela.pt\/noticias\/2026\/01\/23\/gripe-em-abrandamento-em-portugal-persiste-excesso-de-obitos\/#article","isPartOf":{"@id":"https:\/\/portaltela.pt\/noticias\/2026\/01\/23\/gripe-em-abrandamento-em-portugal-persiste-excesso-de-obitos\/"},"author":{"name":"Telinha","@id":"https:\/\/portaltela.pt\/#\/schema\/person\/c4278d4a6028830caff9ee44b42d32ed"},"headline":"Gripe em abrandamento em Portugal, persiste excesso de \u00f3bitos","datePublished":"2026-01-23T17:14:18+00:00","mainEntityOfPage":{"@id":"https:\/\/portaltela.pt\/noticias\/2026\/01\/23\/gripe-em-abrandamento-em-portugal-persiste-excesso-de-obitos\/"},"wordCount":406,"image":{"@id":"https:\/\/portaltela.pt\/noticias\/2026\/01\/23\/gripe-em-abrandamento-em-portugal-persiste-excesso-de-obitos\/#primaryimage"},"thumbnailUrl":"https:\/\/portaltela.pt\/s.01k8rhncp4jt1\/2026\/01\/Hospital2-scaled-1.jpg","keywords":["gripe","infe\u00e7\u00e3o respirat\u00f3ria aguda grave","infe\u00e7\u00f5es respirat\u00f3rias","Portugal","Uni\u00e3o Europeia","vacina\u00e7\u00f5es"],"articleSection":["Not\u00edcias"],"inLanguage":"pt-PT"},{"@type":"WebPage","@id":"https:\/\/portaltela.pt\/noticias\/2026\/01\/23\/gripe-em-abrandamento-em-portugal-persiste-excesso-de-obitos\/","url":"https:\/\/portaltela.pt\/noticias\/2026\/01\/23\/gripe-em-abrandamento-em-portugal-persiste-excesso-de-obitos\/","name":"Gripe em abrandamento em Portugal, persiste excesso de \u00f3bitos - Portal Tela Portugal","isPartOf":{"@id":"https:\/\/portaltela.pt\/#website"},"primaryImageOfPage":{"@id":"https:\/\/portaltela.pt\/noticias\/2026\/01\/23\/gripe-em-abrandamento-em-portugal-persiste-excesso-de-obitos\/#primaryimage"},"image":{"@id":"https:\/\/portaltela.pt\/noticias\/2026\/01\/23\/gripe-em-abrandamento-em-portugal-persiste-excesso-de-obitos\/#primaryimage"},"thumbnailUrl":"https:\/\/portaltela.pt\/s.01k8rhncp4jt1\/2026\/01\/Hospital2-scaled-1.jpg","datePublished":"2026-01-23T17:14:18+00:00","author":{"@id":"https:\/\/portaltela.pt\/#\/schema\/person\/c4278d4a6028830caff9ee44b42d32ed"},"breadcrumb":{"@id":"https:\/\/portaltela.pt\/noticias\/2026\/01\/23\/gripe-em-abrandamento-em-portugal-persiste-excesso-de-obitos\/#breadcrumb"},"inLanguage":"pt-PT","potentialAction":[{"@type":"ReadAction","target":["https:\/\/portaltela.pt\/noticias\/2026\/01\/23\/gripe-em-abrandamento-em-portugal-persiste-excesso-de-obitos\/"]}]},{"@type":"ImageObject","inLanguage":"pt-PT","@id":"https:\/\/portaltela.pt\/noticias\/2026\/01\/23\/gripe-em-abrandamento-em-portugal-persiste-excesso-de-obitos\/#primaryimage","url":"https:\/\/portaltela.pt\/s.01k8rhncp4jt1\/2026\/01\/Hospital2-scaled-1.jpg","contentUrl":"https:\/\/portaltela.pt\/s.01k8rhncp4jt1\/2026\/01\/Hospital2-scaled-1.jpg","width":796,"height":448,"caption":"Governo assinou 90 contratos para criar 3.300 camas de cuidados continuados e paliativos"},{"@type":"BreadcrumbList","@id":"https:\/\/portaltela.pt\/noticias\/2026\/01\/23\/gripe-em-abrandamento-em-portugal-persiste-excesso-de-obitos\/#breadcrumb","itemListElement":[{"@type":"ListItem","position":1,"name":"In\u00edcio","item":"https:\/\/portaltela.pt\/"},{"@type":"ListItem","position":2,"name":"Gripe em abrandamento em Portugal, persiste excesso de \u00f3bitos"}]},{"@type":"WebSite","@id":"https:\/\/portaltela.pt\/#website","url":"https:\/\/portaltela.pt\/","name":"Portal Tela Portugal","description":"","potentialAction":[{"@type":"SearchAction","target":{"@type":"EntryPoint","urlTemplate":"https:\/\/portaltela.pt\/?s={search_term_string}"},"query-input":{"@type":"PropertyValueSpecification","valueRequired":true,"valueName":"search_term_string"}}],"inLanguage":"pt-PT"},{"@type":"Person","@id":"https:\/\/portaltela.pt\/#\/schema\/person\/c4278d4a6028830caff9ee44b42d32ed","name":"Telinha","image":{"@type":"ImageObject","inLanguage":"pt-PT","@id":"https:\/\/portaltela.pt\/s.01k8rhncp4jt1\/2025\/11\/talking-bot-125x125.png","url":"https:\/\/portaltela.pt\/s.01k8rhncp4jt1\/2025\/11\/talking-bot-125x125.png","contentUrl":"https:\/\/portaltela.pt\/s.01k8rhncp4jt1\/2025\/11\/talking-bot-125x125.png","caption":"Telinha"},"sameAs":["https:\/\/portaltela.pt\/"],"url":"https:\/\/portaltela.pt\/por\/367410592786\/"}]}},"_links":{"self":[{"href":"https:\/\/portaltela.pt\/api\/wp\/v2\/posts\/167659","targetHints":{"allow":["GET"]}}],"collection":[{"href":"https:\/\/portaltela.pt\/api\/wp\/v2\/posts"}],"about":[{"href":"https:\/\/portaltela.pt\/api\/wp\/v2\/types\/post"}],"author":[{"embeddable":true,"href":"https:\/\/portaltela.pt\/api\/wp\/v2\/users\/2"}],"replies":[{"embeddable":true,"href":"https:\/\/portaltela.pt\/api\/wp\/v2\/comments?post=167659"}],"version-history":[{"count":0,"href":"https:\/\/portaltela.pt\/api\/wp\/v2\/posts\/167659\/revisions"}],"wp:featuredmedia":[{"embeddable":true,"href":"https:\/\/portaltela.pt\/api\/wp\/v2\/media\/167688"}],"wp:attachment":[{"href":"https:\/\/portaltela.pt\/api\/wp\/v2\/media?parent=167659"}],"wp:term":[{"taxonomy":"category","embeddable":true,"href":"https:\/\/portaltela.pt\/api\/wp\/v2\/categories?post=167659"},{"taxonomy":"post_tag","embeddable":true,"href":"https:\/\/portaltela.pt\/api\/wp\/v2\/tags?post=167659"}],"curies":[{"name":"wp","href":"https:\/\/api.w.org\/{rel}","templated":true}]}}