{"id":167657,"date":"2026-01-23T14:45:05","date_gmt":"2026-01-23T17:45:05","guid":{"rendered":"https:\/\/portaltela.pt\/noticias\/2026\/01\/23\/portugal-regista-abrandamento-da-gripe-mas-persiste-excesso-de-obitos\/"},"modified":"2026-01-23T14:45:05","modified_gmt":"2026-01-23T17:45:05","slug":"portugal-regista-abrandamento-da-gripe-mas-persiste-excesso-de-obitos","status":"publish","type":"post","link":"https:\/\/portaltela.pt\/noticias\/2026\/01\/23\/portugal-regista-abrandamento-da-gripe-mas-persiste-excesso-de-obitos\/","title":{"rendered":"Portugal regista abrandamento da gripe, mas persiste excesso de \u00f3bitos"},"content":{"rendered":"<p>A gripe epid\u00e9mica em Portugal est\u00e1 a abrandar, embora o excesso de mortalidade persista. O INSA revela menos casos de gripe e de infe\u00e7\u00f5es respirat\u00f3rias graves nas \u00faltimas semanas, mantendo, no entanto, n\u00fameros acima do esperado em v\u00e1rias regi\u00f5es.<\/p>\n<p>Entre 12 e 18 de janeiro, foram notificados 495 casos de gripe, menos 258 face \u00e0 semana anterior. Tamb\u00e9m houve 75 internamentos por infe\u00e7\u00e3o respirat\u00f3ria aguda grave (SARI) nas Unidades Locais de Sa\u00fade, menos cinco.<\/p>\n<p>O boletim da semana de 12 a 18 de janeiro indica uma tend\u00eancia decrescente na incid\u00eancia global de SARI, embora existam varia\u00e7\u00f5es entre as ULS que reportam dados. O INSA destaca que o grupo com 65 anos ou mais continua mais vulner\u00e1vel.<\/p>\n<p>Durante o mesmo per\u00edodo, oito casos de gripe foram registados por 11 Unidades de Cuidados Intensivos que enviaram informa\u00e7\u00e3o, com maior percentagem de maiores de 65 anos entre os doentes.<\/p>\n<p>Entre os internados, seis tinham doen\u00e7a cr\u00f3nica, sete tinham indica\u00e7\u00e3o para vacina\u00e7\u00e3o sazonal e dois j\u00e1 estavam vacinados. A propor\u00e7\u00e3o de gripe em UCI situou-se em 9,1%, abaixo da semana anterior.<\/p>\n<p>Em rela\u00e7\u00e3o a outros v\u00edrus, a dete\u00e7\u00e3o de RSV tem vindo a crescer, enquanto os casos de gripe diminuem. Desde o in\u00edcio da \u00e9poca, o RSV continua a ser o agente mais detetado entre os v\u00edrus respirat\u00f3rios.<\/p>\n<p>At\u00e9 agora, 111 internamentos por RSV foram registados na rede de vigil\u00e2ncia VigiRSV, em crian\u00e7as com menos de 24 meses. A maioria das crian\u00e7as apresenta fatores de risco, como idade muito jovem ou prematuridade.<\/p>\n<p>O INSA aponta que a mortalidade por todas as causas est\u00e1 acima do esperado no pa\u00eds, com excessos em Norte, Centro, Lisboa e Vale do Tejo, Alentejo e em pessoas com mais de 75 anos.<\/p>\n<p>A n\u00edvel internacional, a circula\u00e7\u00e3o da gripe mant\u00e9m-se alta na UE\/EEE, com o subtipo A(H3N2) ainda dominante, seguido por A(H1N1)pdm09. O pico parece ter passado na maior parte dos pa\u00edses.<\/p>\n<p>A vacina\u00e7\u00e3o \u00e9 destacada como a medida mais eficaz contra formas graves de doen\u00e7as respirat\u00f3rias. O INSA refor\u00e7a que pessoas eleg\u00edveis, sobretudo quem corre maior risco, devem ser incentivadas a vacinar-se contra a gripe sazonal.<\/p>\n","protected":false},"excerpt":{"rendered":"<ul>\n<li>A atividade gripal em Portugal est\u00e1 a abrandar, com menos casos de gripe, infe\u00e7\u00f5es respirat\u00f3rias graves e interna\u00e7\u00f5es em cuidados intensivos, mas persiste o excesso de mortalidade em v\u00e1rias regi\u00f5es.<\/li>\n<li>Entre 12 e 18 de janeiro, foram registados 495 casos de gripe (menos 258 face \u00e0 semana anterior) e 75 casos de infe\u00e7\u00e3o respirat\u00f3ria aguda grave (SARI) nas Unidades Locais de Sa\u00fade, a taxa de 9,6 por 100.000 habitantes.<\/li>\n<li>Desde o in\u00edcio da \u00e9poca gripal, h\u00e1 73.292 infe\u00e7\u00f5es respirat\u00f3rias notificadas e 14.243 casos de gripe identificados; o RSV continua a aumentar enquanto a dete\u00e7\u00e3o de gripe diminui.<\/li>\n<li>Em termos de setores cr\u00edticos, oito casos de gripe foram reportados por 11 unidades de cuidados intensivos, com maioria de doentes com idade igual ou superior a 65 anos; a propor\u00e7\u00e3o de gripe em UCI reduziu face \u00e0 semana anterior.<\/li>\n<li>A mortalidade por todas as causas est\u00e1 acima do esperado, com excessos observados nas regi\u00f5es Norte, Centro, Lisboa e Vale do Tejo, Alentejo e entre maiores de 75 anos; a vacina\u00e7\u00e3o \u00e9 destacada como a medida mais eficaz de prote\u00e7\u00e3o.<\/li>\n<\/ul>\n","protected":false},"author":2,"featured_media":167684,"comment_status":"closed","ping_status":"closed","sticky":false,"template":"","format":"standard","meta":{"footnotes":""},"categories":[1],"tags":[1905,2736,3270,1014,271,3949],"class_list":["post-167657","post","type-post","status-publish","format-standard","has-post-thumbnail","hentry","category-noticias","tag-gripe","tag-idosos","tag-infecao-respiratoria","tag-portugal","tag-saude-publica","tag-vacinacoes"],"yoast_head":"<!-- This site is optimized with the Yoast SEO plugin v27.2 - https:\/\/yoast.com\/product\/yoast-seo-wordpress\/ -->\n<title>Portugal regista abrandamento da gripe, mas persiste excesso de \u00f3bitos - Portal Tela Portugal<\/title>\n<meta name=\"robots\" content=\"index, follow, max-snippet:-1, max-image-preview:large, max-video-preview:-1\" \/>\n<meta property=\"og:locale\" content=\"pt_PT\" \/>\n<meta property=\"og:type\" content=\"article\" \/>\n<meta property=\"og:title\" content=\"Portugal regista abrandamento da gripe, mas persiste excesso de \u00f3bitos - Portal Tela Portugal\" \/>\n<meta property=\"og:description\" content=\"A atividade gripal em Portugal est\u00e1 a abrandar, com menos casos de gripe, infe\u00e7\u00f5es respirat\u00f3rias graves e interna\u00e7\u00f5es em cuidados intensivos, mas persiste o excesso de mortalidade em v\u00e1rias regi\u00f5es. Entre 12 e 18 de janeiro, foram registados 495 casos de gripe (menos 258 face \u00e0 semana anterior) e 75 casos de infe\u00e7\u00e3o respirat\u00f3ria aguda grave (SARI) nas Unidades Locais de Sa\u00fade, a taxa de 9,6 por 100.000 habitantes. Desde o in\u00edcio da \u00e9poca gripal, h\u00e1 73.292 infe\u00e7\u00f5es respirat\u00f3rias notificadas e 14.243 casos de gripe identificados; o RSV continua a aumentar enquanto a dete\u00e7\u00e3o de gripe diminui. Em termos de setores cr\u00edticos, oito casos de gripe foram reportados por 11 unidades de cuidados intensivos, com maioria de doentes com idade igual ou superior a 65 anos; a propor\u00e7\u00e3o de gripe em UCI reduziu face \u00e0 semana anterior. A mortalidade por todas as causas est\u00e1 acima do esperado, com excessos observados nas regi\u00f5es Norte, Centro, Lisboa e Vale do Tejo, Alentejo e entre maiores de 75 anos; a vacina\u00e7\u00e3o \u00e9 destacada como a medida mais eficaz de prote\u00e7\u00e3o.\" \/>\n<meta property=\"og:url\" content=\"https:\/\/portaltela.pt\/noticias\/2026\/01\/23\/portugal-regista-abrandamento-da-gripe-mas-persiste-excesso-de-obitos\/\" \/>\n<meta property=\"og:site_name\" content=\"Portal Tela Portugal\" \/>\n<meta property=\"article:published_time\" content=\"2026-01-23T17:45:05+00:00\" \/>\n<meta name=\"author\" content=\"Telinha\" \/>\n<meta name=\"twitter:card\" content=\"summary_large_image\" \/>\n<meta name=\"twitter:label1\" content=\"Escrito por\" \/>\n\t<meta name=\"twitter:data1\" content=\"Telinha\" \/>\n\t<meta name=\"twitter:label2\" content=\"Tempo estimado de leitura\" \/>\n\t<meta name=\"twitter:data2\" content=\"2 minutos\" \/>\n<script type=\"application\/ld+json\" class=\"yoast-schema-graph\">{\"@context\":\"https:\/\/schema.org\",\"@graph\":[{\"@type\":\"Article\",\"@id\":\"https:\/\/portaltela.pt\/noticias\/2026\/01\/23\/portugal-regista-abrandamento-da-gripe-mas-persiste-excesso-de-obitos\/#article\",\"isPartOf\":{\"@id\":\"https:\/\/portaltela.pt\/noticias\/2026\/01\/23\/portugal-regista-abrandamento-da-gripe-mas-persiste-excesso-de-obitos\/\"},\"author\":{\"name\":\"Telinha\",\"@id\":\"https:\/\/portaltela.pt\/#\/schema\/person\/c4278d4a6028830caff9ee44b42d32ed\"},\"headline\":\"Portugal regista abrandamento da gripe, mas persiste excesso de \u00f3bitos\",\"datePublished\":\"2026-01-23T17:45:05+00:00\",\"mainEntityOfPage\":{\"@id\":\"https:\/\/portaltela.pt\/noticias\/2026\/01\/23\/portugal-regista-abrandamento-da-gripe-mas-persiste-excesso-de-obitos\/\"},\"wordCount\":388,\"image\":{\"@id\":\"https:\/\/portaltela.pt\/noticias\/2026\/01\/23\/portugal-regista-abrandamento-da-gripe-mas-persiste-excesso-de-obitos\/#primaryimage\"},\"thumbnailUrl\":\"https:\/\/portaltela.pt\/s.01k8rhncp4jt1\/2026\/01\/img_1500x1000uu2023-08-09-20-51-35-1415401.jpg\",\"keywords\":[\"gripe\",\"idosos\",\"infe\u00e7\u00e3o respirat\u00f3ria\",\"Portugal\",\"sa\u00fade p\u00fablica\",\"vacina\u00e7\u00f5es\"],\"articleSection\":[\"Not\u00edcias\"],\"inLanguage\":\"pt-PT\"},{\"@type\":\"WebPage\",\"@id\":\"https:\/\/portaltela.pt\/noticias\/2026\/01\/23\/portugal-regista-abrandamento-da-gripe-mas-persiste-excesso-de-obitos\/\",\"url\":\"https:\/\/portaltela.pt\/noticias\/2026\/01\/23\/portugal-regista-abrandamento-da-gripe-mas-persiste-excesso-de-obitos\/\",\"name\":\"Portugal regista abrandamento da gripe, mas persiste excesso de \u00f3bitos - Portal Tela Portugal\",\"isPartOf\":{\"@id\":\"https:\/\/portaltela.pt\/#website\"},\"primaryImageOfPage\":{\"@id\":\"https:\/\/portaltela.pt\/noticias\/2026\/01\/23\/portugal-regista-abrandamento-da-gripe-mas-persiste-excesso-de-obitos\/#primaryimage\"},\"image\":{\"@id\":\"https:\/\/portaltela.pt\/noticias\/2026\/01\/23\/portugal-regista-abrandamento-da-gripe-mas-persiste-excesso-de-obitos\/#primaryimage\"},\"thumbnailUrl\":\"https:\/\/portaltela.pt\/s.01k8rhncp4jt1\/2026\/01\/img_1500x1000uu2023-08-09-20-51-35-1415401.jpg\",\"datePublished\":\"2026-01-23T17:45:05+00:00\",\"author\":{\"@id\":\"https:\/\/portaltela.pt\/#\/schema\/person\/c4278d4a6028830caff9ee44b42d32ed\"},\"breadcrumb\":{\"@id\":\"https:\/\/portaltela.pt\/noticias\/2026\/01\/23\/portugal-regista-abrandamento-da-gripe-mas-persiste-excesso-de-obitos\/#breadcrumb\"},\"inLanguage\":\"pt-PT\",\"potentialAction\":[{\"@type\":\"ReadAction\",\"target\":[\"https:\/\/portaltela.pt\/noticias\/2026\/01\/23\/portugal-regista-abrandamento-da-gripe-mas-persiste-excesso-de-obitos\/\"]}]},{\"@type\":\"ImageObject\",\"inLanguage\":\"pt-PT\",\"@id\":\"https:\/\/portaltela.pt\/noticias\/2026\/01\/23\/portugal-regista-abrandamento-da-gripe-mas-persiste-excesso-de-obitos\/#primaryimage\",\"url\":\"https:\/\/portaltela.pt\/s.01k8rhncp4jt1\/2026\/01\/img_1500x1000uu2023-08-09-20-51-35-1415401.jpg\",\"contentUrl\":\"https:\/\/portaltela.pt\/s.01k8rhncp4jt1\/2026\/01\/img_1500x1000uu2023-08-09-20-51-35-1415401.jpg\",\"width\":796,\"height\":448,\"caption\":\"Hospital\"},{\"@type\":\"BreadcrumbList\",\"@id\":\"https:\/\/portaltela.pt\/noticias\/2026\/01\/23\/portugal-regista-abrandamento-da-gripe-mas-persiste-excesso-de-obitos\/#breadcrumb\",\"itemListElement\":[{\"@type\":\"ListItem\",\"position\":1,\"name\":\"In\u00edcio\",\"item\":\"https:\/\/portaltela.pt\/\"},{\"@type\":\"ListItem\",\"position\":2,\"name\":\"Portugal regista abrandamento da gripe, mas persiste excesso de \u00f3bitos\"}]},{\"@type\":\"WebSite\",\"@id\":\"https:\/\/portaltela.pt\/#website\",\"url\":\"https:\/\/portaltela.pt\/\",\"name\":\"Portal Tela Portugal\",\"description\":\"\",\"potentialAction\":[{\"@type\":\"SearchAction\",\"target\":{\"@type\":\"EntryPoint\",\"urlTemplate\":\"https:\/\/portaltela.pt\/?s={search_term_string}\"},\"query-input\":{\"@type\":\"PropertyValueSpecification\",\"valueRequired\":true,\"valueName\":\"search_term_string\"}}],\"inLanguage\":\"pt-PT\"},{\"@type\":\"Person\",\"@id\":\"https:\/\/portaltela.pt\/#\/schema\/person\/c4278d4a6028830caff9ee44b42d32ed\",\"name\":\"Telinha\",\"image\":{\"@type\":\"ImageObject\",\"inLanguage\":\"pt-PT\",\"@id\":\"https:\/\/portaltela.pt\/s.01k8rhncp4jt1\/2025\/11\/talking-bot-125x125.png\",\"url\":\"https:\/\/portaltela.pt\/s.01k8rhncp4jt1\/2025\/11\/talking-bot-125x125.png\",\"contentUrl\":\"https:\/\/portaltela.pt\/s.01k8rhncp4jt1\/2025\/11\/talking-bot-125x125.png\",\"caption\":\"Telinha\"},\"sameAs\":[\"https:\/\/portaltela.pt\/\"],\"url\":\"https:\/\/portaltela.pt\/por\/367410592786\/\"}]}<\/script>\n<!-- \/ Yoast SEO plugin. -->","yoast_head_json":{"title":"Portugal regista abrandamento da gripe, mas persiste excesso de \u00f3bitos - Portal Tela Portugal","robots":{"index":"index","follow":"follow","max-snippet":"max-snippet:-1","max-image-preview":"max-image-preview:large","max-video-preview":"max-video-preview:-1"},"og_locale":"pt_PT","og_type":"article","og_title":"Portugal regista abrandamento da gripe, mas persiste excesso de \u00f3bitos - Portal Tela Portugal","og_description":"A atividade gripal em Portugal est\u00e1 a abrandar, com menos casos de gripe, infe\u00e7\u00f5es respirat\u00f3rias graves e interna\u00e7\u00f5es em cuidados intensivos, mas persiste o excesso de mortalidade em v\u00e1rias regi\u00f5es. Entre 12 e 18 de janeiro, foram registados 495 casos de gripe (menos 258 face \u00e0 semana anterior) e 75 casos de infe\u00e7\u00e3o respirat\u00f3ria aguda grave (SARI) nas Unidades Locais de Sa\u00fade, a taxa de 9,6 por 100.000 habitantes. Desde o in\u00edcio da \u00e9poca gripal, h\u00e1 73.292 infe\u00e7\u00f5es respirat\u00f3rias notificadas e 14.243 casos de gripe identificados; o RSV continua a aumentar enquanto a dete\u00e7\u00e3o de gripe diminui. Em termos de setores cr\u00edticos, oito casos de gripe foram reportados por 11 unidades de cuidados intensivos, com maioria de doentes com idade igual ou superior a 65 anos; a propor\u00e7\u00e3o de gripe em UCI reduziu face \u00e0 semana anterior. A mortalidade por todas as causas est\u00e1 acima do esperado, com excessos observados nas regi\u00f5es Norte, Centro, Lisboa e Vale do Tejo, Alentejo e entre maiores de 75 anos; a vacina\u00e7\u00e3o \u00e9 destacada como a medida mais eficaz de prote\u00e7\u00e3o.","og_url":"https:\/\/portaltela.pt\/noticias\/2026\/01\/23\/portugal-regista-abrandamento-da-gripe-mas-persiste-excesso-de-obitos\/","og_site_name":"Portal Tela Portugal","article_published_time":"2026-01-23T17:45:05+00:00","author":"Telinha","twitter_card":"summary_large_image","twitter_misc":{"Escrito por":"Telinha","Tempo estimado de leitura":"2 minutos"},"schema":{"@context":"https:\/\/schema.org","@graph":[{"@type":"Article","@id":"https:\/\/portaltela.pt\/noticias\/2026\/01\/23\/portugal-regista-abrandamento-da-gripe-mas-persiste-excesso-de-obitos\/#article","isPartOf":{"@id":"https:\/\/portaltela.pt\/noticias\/2026\/01\/23\/portugal-regista-abrandamento-da-gripe-mas-persiste-excesso-de-obitos\/"},"author":{"name":"Telinha","@id":"https:\/\/portaltela.pt\/#\/schema\/person\/c4278d4a6028830caff9ee44b42d32ed"},"headline":"Portugal regista abrandamento da gripe, mas persiste excesso de \u00f3bitos","datePublished":"2026-01-23T17:45:05+00:00","mainEntityOfPage":{"@id":"https:\/\/portaltela.pt\/noticias\/2026\/01\/23\/portugal-regista-abrandamento-da-gripe-mas-persiste-excesso-de-obitos\/"},"wordCount":388,"image":{"@id":"https:\/\/portaltela.pt\/noticias\/2026\/01\/23\/portugal-regista-abrandamento-da-gripe-mas-persiste-excesso-de-obitos\/#primaryimage"},"thumbnailUrl":"https:\/\/portaltela.pt\/s.01k8rhncp4jt1\/2026\/01\/img_1500x1000uu2023-08-09-20-51-35-1415401.jpg","keywords":["gripe","idosos","infe\u00e7\u00e3o respirat\u00f3ria","Portugal","sa\u00fade p\u00fablica","vacina\u00e7\u00f5es"],"articleSection":["Not\u00edcias"],"inLanguage":"pt-PT"},{"@type":"WebPage","@id":"https:\/\/portaltela.pt\/noticias\/2026\/01\/23\/portugal-regista-abrandamento-da-gripe-mas-persiste-excesso-de-obitos\/","url":"https:\/\/portaltela.pt\/noticias\/2026\/01\/23\/portugal-regista-abrandamento-da-gripe-mas-persiste-excesso-de-obitos\/","name":"Portugal regista abrandamento da gripe, mas persiste excesso de \u00f3bitos - Portal Tela Portugal","isPartOf":{"@id":"https:\/\/portaltela.pt\/#website"},"primaryImageOfPage":{"@id":"https:\/\/portaltela.pt\/noticias\/2026\/01\/23\/portugal-regista-abrandamento-da-gripe-mas-persiste-excesso-de-obitos\/#primaryimage"},"image":{"@id":"https:\/\/portaltela.pt\/noticias\/2026\/01\/23\/portugal-regista-abrandamento-da-gripe-mas-persiste-excesso-de-obitos\/#primaryimage"},"thumbnailUrl":"https:\/\/portaltela.pt\/s.01k8rhncp4jt1\/2026\/01\/img_1500x1000uu2023-08-09-20-51-35-1415401.jpg","datePublished":"2026-01-23T17:45:05+00:00","author":{"@id":"https:\/\/portaltela.pt\/#\/schema\/person\/c4278d4a6028830caff9ee44b42d32ed"},"breadcrumb":{"@id":"https:\/\/portaltela.pt\/noticias\/2026\/01\/23\/portugal-regista-abrandamento-da-gripe-mas-persiste-excesso-de-obitos\/#breadcrumb"},"inLanguage":"pt-PT","potentialAction":[{"@type":"ReadAction","target":["https:\/\/portaltela.pt\/noticias\/2026\/01\/23\/portugal-regista-abrandamento-da-gripe-mas-persiste-excesso-de-obitos\/"]}]},{"@type":"ImageObject","inLanguage":"pt-PT","@id":"https:\/\/portaltela.pt\/noticias\/2026\/01\/23\/portugal-regista-abrandamento-da-gripe-mas-persiste-excesso-de-obitos\/#primaryimage","url":"https:\/\/portaltela.pt\/s.01k8rhncp4jt1\/2026\/01\/img_1500x1000uu2023-08-09-20-51-35-1415401.jpg","contentUrl":"https:\/\/portaltela.pt\/s.01k8rhncp4jt1\/2026\/01\/img_1500x1000uu2023-08-09-20-51-35-1415401.jpg","width":796,"height":448,"caption":"Hospital"},{"@type":"BreadcrumbList","@id":"https:\/\/portaltela.pt\/noticias\/2026\/01\/23\/portugal-regista-abrandamento-da-gripe-mas-persiste-excesso-de-obitos\/#breadcrumb","itemListElement":[{"@type":"ListItem","position":1,"name":"In\u00edcio","item":"https:\/\/portaltela.pt\/"},{"@type":"ListItem","position":2,"name":"Portugal regista abrandamento da gripe, mas persiste excesso de \u00f3bitos"}]},{"@type":"WebSite","@id":"https:\/\/portaltela.pt\/#website","url":"https:\/\/portaltela.pt\/","name":"Portal Tela Portugal","description":"","potentialAction":[{"@type":"SearchAction","target":{"@type":"EntryPoint","urlTemplate":"https:\/\/portaltela.pt\/?s={search_term_string}"},"query-input":{"@type":"PropertyValueSpecification","valueRequired":true,"valueName":"search_term_string"}}],"inLanguage":"pt-PT"},{"@type":"Person","@id":"https:\/\/portaltela.pt\/#\/schema\/person\/c4278d4a6028830caff9ee44b42d32ed","name":"Telinha","image":{"@type":"ImageObject","inLanguage":"pt-PT","@id":"https:\/\/portaltela.pt\/s.01k8rhncp4jt1\/2025\/11\/talking-bot-125x125.png","url":"https:\/\/portaltela.pt\/s.01k8rhncp4jt1\/2025\/11\/talking-bot-125x125.png","contentUrl":"https:\/\/portaltela.pt\/s.01k8rhncp4jt1\/2025\/11\/talking-bot-125x125.png","caption":"Telinha"},"sameAs":["https:\/\/portaltela.pt\/"],"url":"https:\/\/portaltela.pt\/por\/367410592786\/"}]}},"_links":{"self":[{"href":"https:\/\/portaltela.pt\/api\/wp\/v2\/posts\/167657","targetHints":{"allow":["GET"]}}],"collection":[{"href":"https:\/\/portaltela.pt\/api\/wp\/v2\/posts"}],"about":[{"href":"https:\/\/portaltela.pt\/api\/wp\/v2\/types\/post"}],"author":[{"embeddable":true,"href":"https:\/\/portaltela.pt\/api\/wp\/v2\/users\/2"}],"replies":[{"embeddable":true,"href":"https:\/\/portaltela.pt\/api\/wp\/v2\/comments?post=167657"}],"version-history":[{"count":0,"href":"https:\/\/portaltela.pt\/api\/wp\/v2\/posts\/167657\/revisions"}],"wp:featuredmedia":[{"embeddable":true,"href":"https:\/\/portaltela.pt\/api\/wp\/v2\/media\/167684"}],"wp:attachment":[{"href":"https:\/\/portaltela.pt\/api\/wp\/v2\/media?parent=167657"}],"wp:term":[{"taxonomy":"category","embeddable":true,"href":"https:\/\/portaltela.pt\/api\/wp\/v2\/categories?post=167657"},{"taxonomy":"post_tag","embeddable":true,"href":"https:\/\/portaltela.pt\/api\/wp\/v2\/tags?post=167657"}],"curies":[{"name":"wp","href":"https:\/\/api.w.org\/{rel}","templated":true}]}}