{"id":167618,"date":"2026-01-23T13:59:00","date_gmt":"2026-01-23T16:59:00","guid":{"rendered":"https:\/\/portaltela.pt\/noticias\/2026\/01\/23\/33-habitacoes-municipais-da-renda-acessivel-para-familias-com-rendimentos-baixos\/"},"modified":"2026-01-23T13:59:00","modified_gmt":"2026-01-23T16:59:00","slug":"33-habitacoes-municipais-da-renda-acessivel-para-familias-com-rendimentos-baixos","status":"publish","type":"post","link":"https:\/\/portaltela.pt\/noticias\/2026\/01\/23\/33-habitacoes-municipais-da-renda-acessivel-para-familias-com-rendimentos-baixos\/","title":{"rendered":"33 habita\u00e7\u00f5es municipais da Renda Acess\u00edvel para fam\u00edlias com rendimentos baixos"},"content":{"rendered":"<p>O primeiro sorteio de 2026 do Programa Renda Acess\u00edvel decorreu nesta sexta-feira, 23 de janeiro, em Lisboa, destinado a fam\u00edlias com rendimentos mais baixos. O concurso extraordin\u00e1rio atribuiu 33 habita\u00e7\u00f5es de tipologia TO a T3, 21 das quais aguardam reabilita\u00e7\u00e3o, tendo registado 1 151 candidaturas.<\/p>\n<p>De acordo com os crit\u00e9rios de acesso, o rendimento global do agregado n\u00e3o pode ficar abaixo de 6 270 euros nem acima de 11 479 euros para um adulto, acrescidos de 50% por cada adulto adicional, desde que n\u00e3o seja dependente.<\/p>\n<p>Os candidatos sorteados ser\u00e3o notificados eletronicamente para, no prazo de 5 dias \u00fateis, submeterem na Plataforma Habitar Lisboa os documentos previstos. Existe ainda um prazo adicional de 3 dias para aperfei\u00e7oamento dos documentos em falta.<\/p>\n<p>Fonte\/Foto: CM Lisboa<\/p>\n","protected":false},"excerpt":{"rendered":"<ul>\n<li>O primeiro sorteio de 2026 do Programa Renda Acess\u00edvel decorreu a sexta-feira, 23 de janeiro, destinado a fam\u00edlias de baixos rendimentos.<\/li>\n<li>O concurso extraordin\u00e1rio, com requisitos espec\u00edficos, atribuiu trinta e tr\u00eas habita\u00e7\u00f5es de tipologia T3, vinte e um das quais aguardam reabilita\u00e7\u00e3o, e registou 1 151 candidaturas.<\/li>\n<li>Os rendimentos eleg\u00edveis ficaram entre 6 270\u20ac de rendimento global do agregado e 11 479 \u20ac para um adulto, acrescendo 50% por cada adulto adicional (n\u00e3o dependente).<\/li>\n<li>Os candidatos sorteados ser\u00e3o notificados por via eletr\u00f3nica para submeterem na Plataforma Habitar Lisboa os documentos previstos, no prazo de 5 dias \u00fateis.<\/li>\n<li>Acresce um prazo adicional de 3 dias para aperfei\u00e7oamento dos documentos em falta.<\/li>\n<\/ul>\n","protected":false},"author":2,"featured_media":167632,"comment_status":"closed","ping_status":"closed","sticky":false,"template":"","format":"standard","meta":{"footnotes":""},"categories":[1],"tags":[2287,3520,1010,1167,2817,981],"class_list":["post-167618","post","type-post","status-publish","format-standard","has-post-thumbnail","hentry","category-noticias","tag-habitacao-a-custos-controlados","tag-habitacao-acessivel","tag-habitacao-publica","tag-habitacao-social","tag-habitacoes","tag-lisboa"],"yoast_head":"<!-- This site is optimized with the Yoast SEO plugin v27.2 - https:\/\/yoast.com\/product\/yoast-seo-wordpress\/ -->\n<title>33 habita\u00e7\u00f5es municipais da Renda Acess\u00edvel para fam\u00edlias com rendimentos baixos - Portal Tela Portugal<\/title>\n<meta name=\"robots\" content=\"index, follow, max-snippet:-1, max-image-preview:large, max-video-preview:-1\" \/>\n<meta property=\"og:locale\" content=\"pt_PT\" \/>\n<meta property=\"og:type\" content=\"article\" \/>\n<meta property=\"og:title\" content=\"33 habita\u00e7\u00f5es municipais da Renda Acess\u00edvel para fam\u00edlias com rendimentos baixos - Portal Tela Portugal\" \/>\n<meta property=\"og:description\" content=\"O primeiro sorteio de 2026 do Programa Renda Acess\u00edvel decorreu a sexta-feira, 23 de janeiro, destinado a fam\u00edlias de baixos rendimentos. O concurso extraordin\u00e1rio, com requisitos espec\u00edficos, atribuiu trinta e tr\u00eas habita\u00e7\u00f5es de tipologia T3, vinte e um das quais aguardam reabilita\u00e7\u00e3o, e registou 1 151 candidaturas. Os rendimentos eleg\u00edveis ficaram entre 6 270\u20ac de rendimento global do agregado e 11 479 \u20ac para um adulto, acrescendo 50% por cada adulto adicional (n\u00e3o dependente). Os candidatos sorteados ser\u00e3o notificados por via eletr\u00f3nica para submeterem na Plataforma Habitar Lisboa os documentos previstos, no prazo de 5 dias \u00fateis. Acresce um prazo adicional de 3 dias para aperfei\u00e7oamento dos documentos em falta.\" \/>\n<meta property=\"og:url\" content=\"https:\/\/portaltela.pt\/noticias\/2026\/01\/23\/33-habitacoes-municipais-da-renda-acessivel-para-familias-com-rendimentos-baixos\/\" \/>\n<meta property=\"og:site_name\" content=\"Portal Tela Portugal\" \/>\n<meta property=\"article:published_time\" content=\"2026-01-23T16:59:00+00:00\" \/>\n<meta name=\"author\" content=\"Telinha\" \/>\n<meta name=\"twitter:card\" content=\"summary_large_image\" \/>\n<meta name=\"twitter:label1\" content=\"Escrito por\" \/>\n\t<meta name=\"twitter:data1\" content=\"Telinha\" \/>\n\t<meta name=\"twitter:label2\" content=\"Tempo estimado de leitura\" \/>\n\t<meta name=\"twitter:data2\" content=\"1 minuto\" \/>\n<script type=\"application\/ld+json\" class=\"yoast-schema-graph\">{\"@context\":\"https:\/\/schema.org\",\"@graph\":[{\"@type\":\"Article\",\"@id\":\"https:\/\/portaltela.pt\/noticias\/2026\/01\/23\/33-habitacoes-municipais-da-renda-acessivel-para-familias-com-rendimentos-baixos\/#article\",\"isPartOf\":{\"@id\":\"https:\/\/portaltela.pt\/noticias\/2026\/01\/23\/33-habitacoes-municipais-da-renda-acessivel-para-familias-com-rendimentos-baixos\/\"},\"author\":{\"name\":\"Telinha\",\"@id\":\"https:\/\/portaltela.pt\/#\/schema\/person\/c4278d4a6028830caff9ee44b42d32ed\"},\"headline\":\"33 habita\u00e7\u00f5es municipais da Renda Acess\u00edvel para fam\u00edlias com rendimentos baixos\",\"datePublished\":\"2026-01-23T16:59:00+00:00\",\"mainEntityOfPage\":{\"@id\":\"https:\/\/portaltela.pt\/noticias\/2026\/01\/23\/33-habitacoes-municipais-da-renda-acessivel-para-familias-com-rendimentos-baixos\/\"},\"wordCount\":135,\"image\":{\"@id\":\"https:\/\/portaltela.pt\/noticias\/2026\/01\/23\/33-habitacoes-municipais-da-renda-acessivel-para-familias-com-rendimentos-baixos\/#primaryimage\"},\"thumbnailUrl\":\"https:\/\/portaltela.pt\/s.01k8rhncp4jt1\/2026\/01\/unnamed-file-4804.jpg\",\"keywords\":[\"habita\u00e7\u00e3o a custos controlados\",\"habita\u00e7\u00e3o acess\u00edvel\",\"habita\u00e7\u00e3o p\u00fablica\",\"habita\u00e7\u00e3o social\",\"habita\u00e7\u00f5es\",\"Lisboa\"],\"articleSection\":[\"Not\u00edcias\"],\"inLanguage\":\"pt-PT\"},{\"@type\":\"WebPage\",\"@id\":\"https:\/\/portaltela.pt\/noticias\/2026\/01\/23\/33-habitacoes-municipais-da-renda-acessivel-para-familias-com-rendimentos-baixos\/\",\"url\":\"https:\/\/portaltela.pt\/noticias\/2026\/01\/23\/33-habitacoes-municipais-da-renda-acessivel-para-familias-com-rendimentos-baixos\/\",\"name\":\"33 habita\u00e7\u00f5es municipais da Renda Acess\u00edvel para fam\u00edlias com rendimentos baixos - Portal Tela Portugal\",\"isPartOf\":{\"@id\":\"https:\/\/portaltela.pt\/#website\"},\"primaryImageOfPage\":{\"@id\":\"https:\/\/portaltela.pt\/noticias\/2026\/01\/23\/33-habitacoes-municipais-da-renda-acessivel-para-familias-com-rendimentos-baixos\/#primaryimage\"},\"image\":{\"@id\":\"https:\/\/portaltela.pt\/noticias\/2026\/01\/23\/33-habitacoes-municipais-da-renda-acessivel-para-familias-com-rendimentos-baixos\/#primaryimage\"},\"thumbnailUrl\":\"https:\/\/portaltela.pt\/s.01k8rhncp4jt1\/2026\/01\/unnamed-file-4804.jpg\",\"datePublished\":\"2026-01-23T16:59:00+00:00\",\"author\":{\"@id\":\"https:\/\/portaltela.pt\/#\/schema\/person\/c4278d4a6028830caff9ee44b42d32ed\"},\"breadcrumb\":{\"@id\":\"https:\/\/portaltela.pt\/noticias\/2026\/01\/23\/33-habitacoes-municipais-da-renda-acessivel-para-familias-com-rendimentos-baixos\/#breadcrumb\"},\"inLanguage\":\"pt-PT\",\"potentialAction\":[{\"@type\":\"ReadAction\",\"target\":[\"https:\/\/portaltela.pt\/noticias\/2026\/01\/23\/33-habitacoes-municipais-da-renda-acessivel-para-familias-com-rendimentos-baixos\/\"]}]},{\"@type\":\"ImageObject\",\"inLanguage\":\"pt-PT\",\"@id\":\"https:\/\/portaltela.pt\/noticias\/2026\/01\/23\/33-habitacoes-municipais-da-renda-acessivel-para-familias-com-rendimentos-baixos\/#primaryimage\",\"url\":\"https:\/\/portaltela.pt\/s.01k8rhncp4jt1\/2026\/01\/unnamed-file-4804.jpg\",\"contentUrl\":\"https:\/\/portaltela.pt\/s.01k8rhncp4jt1\/2026\/01\/unnamed-file-4804.jpg\",\"width\":796,\"height\":448,\"caption\":\"Photo\"},{\"@type\":\"BreadcrumbList\",\"@id\":\"https:\/\/portaltela.pt\/noticias\/2026\/01\/23\/33-habitacoes-municipais-da-renda-acessivel-para-familias-com-rendimentos-baixos\/#breadcrumb\",\"itemListElement\":[{\"@type\":\"ListItem\",\"position\":1,\"name\":\"In\u00edcio\",\"item\":\"https:\/\/portaltela.pt\/\"},{\"@type\":\"ListItem\",\"position\":2,\"name\":\"33 habita\u00e7\u00f5es municipais da Renda Acess\u00edvel para fam\u00edlias com rendimentos baixos\"}]},{\"@type\":\"WebSite\",\"@id\":\"https:\/\/portaltela.pt\/#website\",\"url\":\"https:\/\/portaltela.pt\/\",\"name\":\"Portal Tela Portugal\",\"description\":\"\",\"potentialAction\":[{\"@type\":\"SearchAction\",\"target\":{\"@type\":\"EntryPoint\",\"urlTemplate\":\"https:\/\/portaltela.pt\/?s={search_term_string}\"},\"query-input\":{\"@type\":\"PropertyValueSpecification\",\"valueRequired\":true,\"valueName\":\"search_term_string\"}}],\"inLanguage\":\"pt-PT\"},{\"@type\":\"Person\",\"@id\":\"https:\/\/portaltela.pt\/#\/schema\/person\/c4278d4a6028830caff9ee44b42d32ed\",\"name\":\"Telinha\",\"image\":{\"@type\":\"ImageObject\",\"inLanguage\":\"pt-PT\",\"@id\":\"https:\/\/portaltela.pt\/s.01k8rhncp4jt1\/2025\/11\/talking-bot-125x125.png\",\"url\":\"https:\/\/portaltela.pt\/s.01k8rhncp4jt1\/2025\/11\/talking-bot-125x125.png\",\"contentUrl\":\"https:\/\/portaltela.pt\/s.01k8rhncp4jt1\/2025\/11\/talking-bot-125x125.png\",\"caption\":\"Telinha\"},\"sameAs\":[\"https:\/\/portaltela.pt\/\"],\"url\":\"https:\/\/portaltela.pt\/por\/367410592786\/\"}]}<\/script>\n<!-- \/ Yoast SEO plugin. -->","yoast_head_json":{"title":"33 habita\u00e7\u00f5es municipais da Renda Acess\u00edvel para fam\u00edlias com rendimentos baixos - Portal Tela Portugal","robots":{"index":"index","follow":"follow","max-snippet":"max-snippet:-1","max-image-preview":"max-image-preview:large","max-video-preview":"max-video-preview:-1"},"og_locale":"pt_PT","og_type":"article","og_title":"33 habita\u00e7\u00f5es municipais da Renda Acess\u00edvel para fam\u00edlias com rendimentos baixos - Portal Tela Portugal","og_description":"O primeiro sorteio de 2026 do Programa Renda Acess\u00edvel decorreu a sexta-feira, 23 de janeiro, destinado a fam\u00edlias de baixos rendimentos. O concurso extraordin\u00e1rio, com requisitos espec\u00edficos, atribuiu trinta e tr\u00eas habita\u00e7\u00f5es de tipologia T3, vinte e um das quais aguardam reabilita\u00e7\u00e3o, e registou 1 151 candidaturas. Os rendimentos eleg\u00edveis ficaram entre 6 270\u20ac de rendimento global do agregado e 11 479 \u20ac para um adulto, acrescendo 50% por cada adulto adicional (n\u00e3o dependente). Os candidatos sorteados ser\u00e3o notificados por via eletr\u00f3nica para submeterem na Plataforma Habitar Lisboa os documentos previstos, no prazo de 5 dias \u00fateis. Acresce um prazo adicional de 3 dias para aperfei\u00e7oamento dos documentos em falta.","og_url":"https:\/\/portaltela.pt\/noticias\/2026\/01\/23\/33-habitacoes-municipais-da-renda-acessivel-para-familias-com-rendimentos-baixos\/","og_site_name":"Portal Tela Portugal","article_published_time":"2026-01-23T16:59:00+00:00","author":"Telinha","twitter_card":"summary_large_image","twitter_misc":{"Escrito por":"Telinha","Tempo estimado de leitura":"1 minuto"},"schema":{"@context":"https:\/\/schema.org","@graph":[{"@type":"Article","@id":"https:\/\/portaltela.pt\/noticias\/2026\/01\/23\/33-habitacoes-municipais-da-renda-acessivel-para-familias-com-rendimentos-baixos\/#article","isPartOf":{"@id":"https:\/\/portaltela.pt\/noticias\/2026\/01\/23\/33-habitacoes-municipais-da-renda-acessivel-para-familias-com-rendimentos-baixos\/"},"author":{"name":"Telinha","@id":"https:\/\/portaltela.pt\/#\/schema\/person\/c4278d4a6028830caff9ee44b42d32ed"},"headline":"33 habita\u00e7\u00f5es municipais da Renda Acess\u00edvel para fam\u00edlias com rendimentos baixos","datePublished":"2026-01-23T16:59:00+00:00","mainEntityOfPage":{"@id":"https:\/\/portaltela.pt\/noticias\/2026\/01\/23\/33-habitacoes-municipais-da-renda-acessivel-para-familias-com-rendimentos-baixos\/"},"wordCount":135,"image":{"@id":"https:\/\/portaltela.pt\/noticias\/2026\/01\/23\/33-habitacoes-municipais-da-renda-acessivel-para-familias-com-rendimentos-baixos\/#primaryimage"},"thumbnailUrl":"https:\/\/portaltela.pt\/s.01k8rhncp4jt1\/2026\/01\/unnamed-file-4804.jpg","keywords":["habita\u00e7\u00e3o a custos controlados","habita\u00e7\u00e3o acess\u00edvel","habita\u00e7\u00e3o p\u00fablica","habita\u00e7\u00e3o social","habita\u00e7\u00f5es","Lisboa"],"articleSection":["Not\u00edcias"],"inLanguage":"pt-PT"},{"@type":"WebPage","@id":"https:\/\/portaltela.pt\/noticias\/2026\/01\/23\/33-habitacoes-municipais-da-renda-acessivel-para-familias-com-rendimentos-baixos\/","url":"https:\/\/portaltela.pt\/noticias\/2026\/01\/23\/33-habitacoes-municipais-da-renda-acessivel-para-familias-com-rendimentos-baixos\/","name":"33 habita\u00e7\u00f5es municipais da Renda Acess\u00edvel para fam\u00edlias com rendimentos baixos - Portal Tela Portugal","isPartOf":{"@id":"https:\/\/portaltela.pt\/#website"},"primaryImageOfPage":{"@id":"https:\/\/portaltela.pt\/noticias\/2026\/01\/23\/33-habitacoes-municipais-da-renda-acessivel-para-familias-com-rendimentos-baixos\/#primaryimage"},"image":{"@id":"https:\/\/portaltela.pt\/noticias\/2026\/01\/23\/33-habitacoes-municipais-da-renda-acessivel-para-familias-com-rendimentos-baixos\/#primaryimage"},"thumbnailUrl":"https:\/\/portaltela.pt\/s.01k8rhncp4jt1\/2026\/01\/unnamed-file-4804.jpg","datePublished":"2026-01-23T16:59:00+00:00","author":{"@id":"https:\/\/portaltela.pt\/#\/schema\/person\/c4278d4a6028830caff9ee44b42d32ed"},"breadcrumb":{"@id":"https:\/\/portaltela.pt\/noticias\/2026\/01\/23\/33-habitacoes-municipais-da-renda-acessivel-para-familias-com-rendimentos-baixos\/#breadcrumb"},"inLanguage":"pt-PT","potentialAction":[{"@type":"ReadAction","target":["https:\/\/portaltela.pt\/noticias\/2026\/01\/23\/33-habitacoes-municipais-da-renda-acessivel-para-familias-com-rendimentos-baixos\/"]}]},{"@type":"ImageObject","inLanguage":"pt-PT","@id":"https:\/\/portaltela.pt\/noticias\/2026\/01\/23\/33-habitacoes-municipais-da-renda-acessivel-para-familias-com-rendimentos-baixos\/#primaryimage","url":"https:\/\/portaltela.pt\/s.01k8rhncp4jt1\/2026\/01\/unnamed-file-4804.jpg","contentUrl":"https:\/\/portaltela.pt\/s.01k8rhncp4jt1\/2026\/01\/unnamed-file-4804.jpg","width":796,"height":448,"caption":"Photo"},{"@type":"BreadcrumbList","@id":"https:\/\/portaltela.pt\/noticias\/2026\/01\/23\/33-habitacoes-municipais-da-renda-acessivel-para-familias-com-rendimentos-baixos\/#breadcrumb","itemListElement":[{"@type":"ListItem","position":1,"name":"In\u00edcio","item":"https:\/\/portaltela.pt\/"},{"@type":"ListItem","position":2,"name":"33 habita\u00e7\u00f5es municipais da Renda Acess\u00edvel para fam\u00edlias com rendimentos baixos"}]},{"@type":"WebSite","@id":"https:\/\/portaltela.pt\/#website","url":"https:\/\/portaltela.pt\/","name":"Portal Tela Portugal","description":"","potentialAction":[{"@type":"SearchAction","target":{"@type":"EntryPoint","urlTemplate":"https:\/\/portaltela.pt\/?s={search_term_string}"},"query-input":{"@type":"PropertyValueSpecification","valueRequired":true,"valueName":"search_term_string"}}],"inLanguage":"pt-PT"},{"@type":"Person","@id":"https:\/\/portaltela.pt\/#\/schema\/person\/c4278d4a6028830caff9ee44b42d32ed","name":"Telinha","image":{"@type":"ImageObject","inLanguage":"pt-PT","@id":"https:\/\/portaltela.pt\/s.01k8rhncp4jt1\/2025\/11\/talking-bot-125x125.png","url":"https:\/\/portaltela.pt\/s.01k8rhncp4jt1\/2025\/11\/talking-bot-125x125.png","contentUrl":"https:\/\/portaltela.pt\/s.01k8rhncp4jt1\/2025\/11\/talking-bot-125x125.png","caption":"Telinha"},"sameAs":["https:\/\/portaltela.pt\/"],"url":"https:\/\/portaltela.pt\/por\/367410592786\/"}]}},"_links":{"self":[{"href":"https:\/\/portaltela.pt\/api\/wp\/v2\/posts\/167618","targetHints":{"allow":["GET"]}}],"collection":[{"href":"https:\/\/portaltela.pt\/api\/wp\/v2\/posts"}],"about":[{"href":"https:\/\/portaltela.pt\/api\/wp\/v2\/types\/post"}],"author":[{"embeddable":true,"href":"https:\/\/portaltela.pt\/api\/wp\/v2\/users\/2"}],"replies":[{"embeddable":true,"href":"https:\/\/portaltela.pt\/api\/wp\/v2\/comments?post=167618"}],"version-history":[{"count":0,"href":"https:\/\/portaltela.pt\/api\/wp\/v2\/posts\/167618\/revisions"}],"wp:featuredmedia":[{"embeddable":true,"href":"https:\/\/portaltela.pt\/api\/wp\/v2\/media\/167632"}],"wp:attachment":[{"href":"https:\/\/portaltela.pt\/api\/wp\/v2\/media?parent=167618"}],"wp:term":[{"taxonomy":"category","embeddable":true,"href":"https:\/\/portaltela.pt\/api\/wp\/v2\/categories?post=167618"},{"taxonomy":"post_tag","embeddable":true,"href":"https:\/\/portaltela.pt\/api\/wp\/v2\/tags?post=167618"}],"curies":[{"name":"wp","href":"https:\/\/api.w.org\/{rel}","templated":true}]}}