{"id":167617,"date":"2026-01-23T14:20:27","date_gmt":"2026-01-23T17:20:27","guid":{"rendered":"https:\/\/portaltela.pt\/noticias\/2026\/01\/23\/antonio-morgado-estreia-se-em-2026-com-oitavo-lugar-na-classica-valenciana\/"},"modified":"2026-01-23T14:20:27","modified_gmt":"2026-01-23T17:20:27","slug":"antonio-morgado-estreia-se-em-2026-com-oitavo-lugar-na-classica-valenciana","status":"publish","type":"post","link":"https:\/\/portaltela.pt\/desporto\/2026\/01\/23\/antonio-morgado-estreia-se-em-2026-com-oitavo-lugar-na-classica-valenciana\/","title":{"rendered":"Ant\u00f3nio Morgado estreia-se em 2026 com oitavo lugar na cl\u00e1ssica valenciana"},"content":{"rendered":"<p>Ant\u00f3nio Morgado abriu oficialmente a temporada de 2026 ao terminar em oitavo lugar na Cl\u00e1ssica Camp de Morvedre, corrida espanhola disputada em Estivella, na Comunidade Valenciana. O jovem portugu\u00eas integrou o grupo de persegui\u00e7\u00e3o final, a 1.08 minutos do vencedor.<\/p>\n<p>O melhor classificado da UAE Emirates, Morgado foi o \u00fanico representante de Portugal no evento, que contou com a participa\u00e7\u00e3o da equipa lusa Anicolor-Campicarn. A prova teve 163,4 quil\u00f3metros, com o triunfo a sorrir a Christian Scaroni, da XDS Astana, no sprint final.<\/p>\n<p>A corrida ficou decidida na terceira passagem pelo Alto del Garb\u00ed, a cerca de 20 quil\u00f3metros da meta, quando um grupo de trepadores ganhou vantagem. Scaroni, Diego Pescador (Movistar) e Antonio Tiberi (Bahrain Victorious) destacaram-se nessa fase, mantendo-se \u00e0 frente at\u00e9 \u00e0 linha de meta.<\/p>\n<p>Morgado integrou o terceiro grupo perseguidor que emergiu no desfecho, com Diego Ulissi (XDS Astana) a vencer o sprint entre esse pelot\u00e3o. O portugu\u00eas foi o terceiro nesse minipelot\u00e3o e o melhor classificado da sua equipa.<\/p>\n","protected":false},"excerpt":{"rendered":"<ul>\n<li>Ant\u00f3nio Morgado terminou em oitavo lugar na Cl\u00e1ssica Camp de Morvedre, em Estivella, terminando a prova espanhola a 1,08 minutos do vencedor.<\/li>\n<li>O italiano Christian Scaroni, da XDS Astana, venceu a corrida ao sprint, deixando Diego Pescador (Movistar) e Antonio Tiberi (Bahrain Victorious) na segunda e terceira posi\u00e7\u00f5es, respetivamente, com o mesmo tempo do vencedor.<\/li>\n<li>Morgado foi o \u00fanico representante portugu\u00eas na prova, onde a UAE Emirates contou com a participa\u00e7\u00e3o da equipa lusa Anicolor-Campicarn.<\/li>\n<li>O triunfo decidiu-se na terceira passagem pelo Alto del Garb\u00ed, a cerca de 20 quil\u00f3metros da meta, quando um grupo de trepadores atacou e abriu dist\u00e2ncia do pelot\u00e3o.<\/li>\n<li>O jovem portugu\u00eas de 21 anos integrou o terceiro grupo perseguidor e foi o mais r\u00e1pido nesse minipelot\u00e3o no sprint final, ficando \u00e0 frente do restante pelot\u00e3o.<\/li>\n<\/ul>\n","protected":false},"author":2,"featured_media":167620,"comment_status":"closed","ping_status":"closed","sticky":false,"template":"","format":"standard","meta":{"footnotes":""},"categories":[21],"tags":[4004,923,3504,152,2031,1014],"class_list":["post-167617","post","type-post","status-publish","format-standard","has-post-thumbnail","hentry","category-desporto","tag-anicolor-campicarn","tag-ciclismo","tag-corridas","tag-desporto","tag-espanha","tag-portugal"],"yoast_head":"<!-- This site is optimized with the Yoast SEO plugin v27.2 - https:\/\/yoast.com\/product\/yoast-seo-wordpress\/ -->\n<title>Ant\u00f3nio Morgado estreia-se em 2026 com oitavo lugar na cl\u00e1ssica valenciana - Portal Tela Portugal<\/title>\n<meta name=\"robots\" content=\"index, follow, max-snippet:-1, max-image-preview:large, max-video-preview:-1\" \/>\n<meta property=\"og:locale\" content=\"pt_PT\" \/>\n<meta property=\"og:type\" content=\"article\" \/>\n<meta property=\"og:title\" content=\"Ant\u00f3nio Morgado estreia-se em 2026 com oitavo lugar na cl\u00e1ssica valenciana - Portal Tela Portugal\" \/>\n<meta property=\"og:description\" content=\"Ant\u00f3nio Morgado terminou em oitavo lugar na Cl\u00e1ssica Camp de Morvedre, em Estivella, terminando a prova espanhola a 1,08 minutos do vencedor. O italiano Christian Scaroni, da XDS Astana, venceu a corrida ao sprint, deixando Diego Pescador (Movistar) e Antonio Tiberi (Bahrain Victorious) na segunda e terceira posi\u00e7\u00f5es, respetivamente, com o mesmo tempo do vencedor. Morgado foi o \u00fanico representante portugu\u00eas na prova, onde a UAE Emirates contou com a participa\u00e7\u00e3o da equipa lusa Anicolor-Campicarn. O triunfo decidiu-se na terceira passagem pelo Alto del Garb\u00ed, a cerca de 20 quil\u00f3metros da meta, quando um grupo de trepadores atacou e abriu dist\u00e2ncia do pelot\u00e3o. O jovem portugu\u00eas de 21 anos integrou o terceiro grupo perseguidor e foi o mais r\u00e1pido nesse minipelot\u00e3o no sprint final, ficando \u00e0 frente do restante pelot\u00e3o.\" \/>\n<meta property=\"og:url\" content=\"https:\/\/portaltela.pt\/noticias\/2026\/01\/23\/antonio-morgado-estreia-se-em-2026-com-oitavo-lugar-na-classica-valenciana\/\" \/>\n<meta property=\"og:site_name\" content=\"Portal Tela Portugal\" \/>\n<meta property=\"article:published_time\" content=\"2026-01-23T17:20:27+00:00\" \/>\n<meta name=\"author\" content=\"Telinha\" \/>\n<meta name=\"twitter:card\" content=\"summary_large_image\" \/>\n<meta name=\"twitter:label1\" content=\"Escrito por\" \/>\n\t<meta name=\"twitter:data1\" content=\"Telinha\" \/>\n\t<meta name=\"twitter:label2\" content=\"Tempo estimado de leitura\" \/>\n\t<meta name=\"twitter:data2\" content=\"1 minuto\" \/>\n<script type=\"application\/ld+json\" class=\"yoast-schema-graph\">{\"@context\":\"https:\/\/schema.org\",\"@graph\":[{\"@type\":\"Article\",\"@id\":\"https:\/\/portaltela.pt\/noticias\/2026\/01\/23\/antonio-morgado-estreia-se-em-2026-com-oitavo-lugar-na-classica-valenciana\/#article\",\"isPartOf\":{\"@id\":\"https:\/\/portaltela.pt\/noticias\/2026\/01\/23\/antonio-morgado-estreia-se-em-2026-com-oitavo-lugar-na-classica-valenciana\/\"},\"author\":{\"name\":\"Telinha\",\"@id\":\"https:\/\/portaltela.pt\/#\/schema\/person\/c4278d4a6028830caff9ee44b42d32ed\"},\"headline\":\"Ant\u00f3nio Morgado estreia-se em 2026 com oitavo lugar na cl\u00e1ssica valenciana\",\"datePublished\":\"2026-01-23T17:20:27+00:00\",\"mainEntityOfPage\":{\"@id\":\"https:\/\/portaltela.pt\/noticias\/2026\/01\/23\/antonio-morgado-estreia-se-em-2026-com-oitavo-lugar-na-classica-valenciana\/\"},\"wordCount\":180,\"image\":{\"@id\":\"https:\/\/portaltela.pt\/noticias\/2026\/01\/23\/antonio-morgado-estreia-se-em-2026-com-oitavo-lugar-na-classica-valenciana\/#primaryimage\"},\"thumbnailUrl\":\"https:\/\/portaltela.pt\/s.01k8rhncp4jt1\/2026\/01\/32be5ea8-92bb-4903-a193-1b520adeb6a6.jpg\",\"keywords\":[\"Anicolor-Campicarn\",\"ciclismo\",\"corridas\",\"desporto\",\"Espanha\",\"Portugal\"],\"articleSection\":[\"Desporto\"],\"inLanguage\":\"pt-PT\"},{\"@type\":\"WebPage\",\"@id\":\"https:\/\/portaltela.pt\/noticias\/2026\/01\/23\/antonio-morgado-estreia-se-em-2026-com-oitavo-lugar-na-classica-valenciana\/\",\"url\":\"https:\/\/portaltela.pt\/noticias\/2026\/01\/23\/antonio-morgado-estreia-se-em-2026-com-oitavo-lugar-na-classica-valenciana\/\",\"name\":\"Ant\u00f3nio Morgado estreia-se em 2026 com oitavo lugar na cl\u00e1ssica valenciana - Portal Tela Portugal\",\"isPartOf\":{\"@id\":\"https:\/\/portaltela.pt\/#website\"},\"primaryImageOfPage\":{\"@id\":\"https:\/\/portaltela.pt\/noticias\/2026\/01\/23\/antonio-morgado-estreia-se-em-2026-com-oitavo-lugar-na-classica-valenciana\/#primaryimage\"},\"image\":{\"@id\":\"https:\/\/portaltela.pt\/noticias\/2026\/01\/23\/antonio-morgado-estreia-se-em-2026-com-oitavo-lugar-na-classica-valenciana\/#primaryimage\"},\"thumbnailUrl\":\"https:\/\/portaltela.pt\/s.01k8rhncp4jt1\/2026\/01\/32be5ea8-92bb-4903-a193-1b520adeb6a6.jpg\",\"datePublished\":\"2026-01-23T17:20:27+00:00\",\"author\":{\"@id\":\"https:\/\/portaltela.pt\/#\/schema\/person\/c4278d4a6028830caff9ee44b42d32ed\"},\"breadcrumb\":{\"@id\":\"https:\/\/portaltela.pt\/noticias\/2026\/01\/23\/antonio-morgado-estreia-se-em-2026-com-oitavo-lugar-na-classica-valenciana\/#breadcrumb\"},\"inLanguage\":\"pt-PT\",\"potentialAction\":[{\"@type\":\"ReadAction\",\"target\":[\"https:\/\/portaltela.pt\/noticias\/2026\/01\/23\/antonio-morgado-estreia-se-em-2026-com-oitavo-lugar-na-classica-valenciana\/\"]}]},{\"@type\":\"ImageObject\",\"inLanguage\":\"pt-PT\",\"@id\":\"https:\/\/portaltela.pt\/noticias\/2026\/01\/23\/antonio-morgado-estreia-se-em-2026-com-oitavo-lugar-na-classica-valenciana\/#primaryimage\",\"url\":\"https:\/\/portaltela.pt\/s.01k8rhncp4jt1\/2026\/01\/32be5ea8-92bb-4903-a193-1b520adeb6a6.jpg\",\"contentUrl\":\"https:\/\/portaltela.pt\/s.01k8rhncp4jt1\/2026\/01\/32be5ea8-92bb-4903-a193-1b520adeb6a6.jpg\",\"width\":796,\"height\":448,\"caption\":\"Photo\"},{\"@type\":\"BreadcrumbList\",\"@id\":\"https:\/\/portaltela.pt\/noticias\/2026\/01\/23\/antonio-morgado-estreia-se-em-2026-com-oitavo-lugar-na-classica-valenciana\/#breadcrumb\",\"itemListElement\":[{\"@type\":\"ListItem\",\"position\":1,\"name\":\"In\u00edcio\",\"item\":\"https:\/\/portaltela.pt\/\"},{\"@type\":\"ListItem\",\"position\":2,\"name\":\"Ant\u00f3nio Morgado estreia-se em 2026 com oitavo lugar na cl\u00e1ssica valenciana\"}]},{\"@type\":\"WebSite\",\"@id\":\"https:\/\/portaltela.pt\/#website\",\"url\":\"https:\/\/portaltela.pt\/\",\"name\":\"Portal Tela Portugal\",\"description\":\"\",\"potentialAction\":[{\"@type\":\"SearchAction\",\"target\":{\"@type\":\"EntryPoint\",\"urlTemplate\":\"https:\/\/portaltela.pt\/?s={search_term_string}\"},\"query-input\":{\"@type\":\"PropertyValueSpecification\",\"valueRequired\":true,\"valueName\":\"search_term_string\"}}],\"inLanguage\":\"pt-PT\"},{\"@type\":\"Person\",\"@id\":\"https:\/\/portaltela.pt\/#\/schema\/person\/c4278d4a6028830caff9ee44b42d32ed\",\"name\":\"Telinha\",\"image\":{\"@type\":\"ImageObject\",\"inLanguage\":\"pt-PT\",\"@id\":\"https:\/\/portaltela.pt\/s.01k8rhncp4jt1\/2025\/11\/talking-bot-125x125.png\",\"url\":\"https:\/\/portaltela.pt\/s.01k8rhncp4jt1\/2025\/11\/talking-bot-125x125.png\",\"contentUrl\":\"https:\/\/portaltela.pt\/s.01k8rhncp4jt1\/2025\/11\/talking-bot-125x125.png\",\"caption\":\"Telinha\"},\"sameAs\":[\"https:\/\/portaltela.pt\/\"],\"url\":\"https:\/\/portaltela.pt\/por\/367410592786\/\"}]}<\/script>\n<!-- \/ Yoast SEO plugin. -->","yoast_head_json":{"title":"Ant\u00f3nio Morgado estreia-se em 2026 com oitavo lugar na cl\u00e1ssica valenciana - Portal Tela Portugal","robots":{"index":"index","follow":"follow","max-snippet":"max-snippet:-1","max-image-preview":"max-image-preview:large","max-video-preview":"max-video-preview:-1"},"og_locale":"pt_PT","og_type":"article","og_title":"Ant\u00f3nio Morgado estreia-se em 2026 com oitavo lugar na cl\u00e1ssica valenciana - Portal Tela Portugal","og_description":"Ant\u00f3nio Morgado terminou em oitavo lugar na Cl\u00e1ssica Camp de Morvedre, em Estivella, terminando a prova espanhola a 1,08 minutos do vencedor. O italiano Christian Scaroni, da XDS Astana, venceu a corrida ao sprint, deixando Diego Pescador (Movistar) e Antonio Tiberi (Bahrain Victorious) na segunda e terceira posi\u00e7\u00f5es, respetivamente, com o mesmo tempo do vencedor. Morgado foi o \u00fanico representante portugu\u00eas na prova, onde a UAE Emirates contou com a participa\u00e7\u00e3o da equipa lusa Anicolor-Campicarn. O triunfo decidiu-se na terceira passagem pelo Alto del Garb\u00ed, a cerca de 20 quil\u00f3metros da meta, quando um grupo de trepadores atacou e abriu dist\u00e2ncia do pelot\u00e3o. O jovem portugu\u00eas de 21 anos integrou o terceiro grupo perseguidor e foi o mais r\u00e1pido nesse minipelot\u00e3o no sprint final, ficando \u00e0 frente do restante pelot\u00e3o.","og_url":"https:\/\/portaltela.pt\/noticias\/2026\/01\/23\/antonio-morgado-estreia-se-em-2026-com-oitavo-lugar-na-classica-valenciana\/","og_site_name":"Portal Tela Portugal","article_published_time":"2026-01-23T17:20:27+00:00","author":"Telinha","twitter_card":"summary_large_image","twitter_misc":{"Escrito por":"Telinha","Tempo estimado de leitura":"1 minuto"},"schema":{"@context":"https:\/\/schema.org","@graph":[{"@type":"Article","@id":"https:\/\/portaltela.pt\/noticias\/2026\/01\/23\/antonio-morgado-estreia-se-em-2026-com-oitavo-lugar-na-classica-valenciana\/#article","isPartOf":{"@id":"https:\/\/portaltela.pt\/noticias\/2026\/01\/23\/antonio-morgado-estreia-se-em-2026-com-oitavo-lugar-na-classica-valenciana\/"},"author":{"name":"Telinha","@id":"https:\/\/portaltela.pt\/#\/schema\/person\/c4278d4a6028830caff9ee44b42d32ed"},"headline":"Ant\u00f3nio Morgado estreia-se em 2026 com oitavo lugar na cl\u00e1ssica valenciana","datePublished":"2026-01-23T17:20:27+00:00","mainEntityOfPage":{"@id":"https:\/\/portaltela.pt\/noticias\/2026\/01\/23\/antonio-morgado-estreia-se-em-2026-com-oitavo-lugar-na-classica-valenciana\/"},"wordCount":180,"image":{"@id":"https:\/\/portaltela.pt\/noticias\/2026\/01\/23\/antonio-morgado-estreia-se-em-2026-com-oitavo-lugar-na-classica-valenciana\/#primaryimage"},"thumbnailUrl":"https:\/\/portaltela.pt\/s.01k8rhncp4jt1\/2026\/01\/32be5ea8-92bb-4903-a193-1b520adeb6a6.jpg","keywords":["Anicolor-Campicarn","ciclismo","corridas","desporto","Espanha","Portugal"],"articleSection":["Desporto"],"inLanguage":"pt-PT"},{"@type":"WebPage","@id":"https:\/\/portaltela.pt\/noticias\/2026\/01\/23\/antonio-morgado-estreia-se-em-2026-com-oitavo-lugar-na-classica-valenciana\/","url":"https:\/\/portaltela.pt\/noticias\/2026\/01\/23\/antonio-morgado-estreia-se-em-2026-com-oitavo-lugar-na-classica-valenciana\/","name":"Ant\u00f3nio Morgado estreia-se em 2026 com oitavo lugar na cl\u00e1ssica valenciana - Portal Tela Portugal","isPartOf":{"@id":"https:\/\/portaltela.pt\/#website"},"primaryImageOfPage":{"@id":"https:\/\/portaltela.pt\/noticias\/2026\/01\/23\/antonio-morgado-estreia-se-em-2026-com-oitavo-lugar-na-classica-valenciana\/#primaryimage"},"image":{"@id":"https:\/\/portaltela.pt\/noticias\/2026\/01\/23\/antonio-morgado-estreia-se-em-2026-com-oitavo-lugar-na-classica-valenciana\/#primaryimage"},"thumbnailUrl":"https:\/\/portaltela.pt\/s.01k8rhncp4jt1\/2026\/01\/32be5ea8-92bb-4903-a193-1b520adeb6a6.jpg","datePublished":"2026-01-23T17:20:27+00:00","author":{"@id":"https:\/\/portaltela.pt\/#\/schema\/person\/c4278d4a6028830caff9ee44b42d32ed"},"breadcrumb":{"@id":"https:\/\/portaltela.pt\/noticias\/2026\/01\/23\/antonio-morgado-estreia-se-em-2026-com-oitavo-lugar-na-classica-valenciana\/#breadcrumb"},"inLanguage":"pt-PT","potentialAction":[{"@type":"ReadAction","target":["https:\/\/portaltela.pt\/noticias\/2026\/01\/23\/antonio-morgado-estreia-se-em-2026-com-oitavo-lugar-na-classica-valenciana\/"]}]},{"@type":"ImageObject","inLanguage":"pt-PT","@id":"https:\/\/portaltela.pt\/noticias\/2026\/01\/23\/antonio-morgado-estreia-se-em-2026-com-oitavo-lugar-na-classica-valenciana\/#primaryimage","url":"https:\/\/portaltela.pt\/s.01k8rhncp4jt1\/2026\/01\/32be5ea8-92bb-4903-a193-1b520adeb6a6.jpg","contentUrl":"https:\/\/portaltela.pt\/s.01k8rhncp4jt1\/2026\/01\/32be5ea8-92bb-4903-a193-1b520adeb6a6.jpg","width":796,"height":448,"caption":"Photo"},{"@type":"BreadcrumbList","@id":"https:\/\/portaltela.pt\/noticias\/2026\/01\/23\/antonio-morgado-estreia-se-em-2026-com-oitavo-lugar-na-classica-valenciana\/#breadcrumb","itemListElement":[{"@type":"ListItem","position":1,"name":"In\u00edcio","item":"https:\/\/portaltela.pt\/"},{"@type":"ListItem","position":2,"name":"Ant\u00f3nio Morgado estreia-se em 2026 com oitavo lugar na cl\u00e1ssica valenciana"}]},{"@type":"WebSite","@id":"https:\/\/portaltela.pt\/#website","url":"https:\/\/portaltela.pt\/","name":"Portal Tela Portugal","description":"","potentialAction":[{"@type":"SearchAction","target":{"@type":"EntryPoint","urlTemplate":"https:\/\/portaltela.pt\/?s={search_term_string}"},"query-input":{"@type":"PropertyValueSpecification","valueRequired":true,"valueName":"search_term_string"}}],"inLanguage":"pt-PT"},{"@type":"Person","@id":"https:\/\/portaltela.pt\/#\/schema\/person\/c4278d4a6028830caff9ee44b42d32ed","name":"Telinha","image":{"@type":"ImageObject","inLanguage":"pt-PT","@id":"https:\/\/portaltela.pt\/s.01k8rhncp4jt1\/2025\/11\/talking-bot-125x125.png","url":"https:\/\/portaltela.pt\/s.01k8rhncp4jt1\/2025\/11\/talking-bot-125x125.png","contentUrl":"https:\/\/portaltela.pt\/s.01k8rhncp4jt1\/2025\/11\/talking-bot-125x125.png","caption":"Telinha"},"sameAs":["https:\/\/portaltela.pt\/"],"url":"https:\/\/portaltela.pt\/por\/367410592786\/"}]}},"_links":{"self":[{"href":"https:\/\/portaltela.pt\/api\/wp\/v2\/posts\/167617","targetHints":{"allow":["GET"]}}],"collection":[{"href":"https:\/\/portaltela.pt\/api\/wp\/v2\/posts"}],"about":[{"href":"https:\/\/portaltela.pt\/api\/wp\/v2\/types\/post"}],"author":[{"embeddable":true,"href":"https:\/\/portaltela.pt\/api\/wp\/v2\/users\/2"}],"replies":[{"embeddable":true,"href":"https:\/\/portaltela.pt\/api\/wp\/v2\/comments?post=167617"}],"version-history":[{"count":0,"href":"https:\/\/portaltela.pt\/api\/wp\/v2\/posts\/167617\/revisions"}],"wp:featuredmedia":[{"embeddable":true,"href":"https:\/\/portaltela.pt\/api\/wp\/v2\/media\/167620"}],"wp:attachment":[{"href":"https:\/\/portaltela.pt\/api\/wp\/v2\/media?parent=167617"}],"wp:term":[{"taxonomy":"category","embeddable":true,"href":"https:\/\/portaltela.pt\/api\/wp\/v2\/categories?post=167617"},{"taxonomy":"post_tag","embeddable":true,"href":"https:\/\/portaltela.pt\/api\/wp\/v2\/tags?post=167617"}],"curies":[{"name":"wp","href":"https:\/\/api.w.org\/{rel}","templated":true}]}}