{"id":167595,"date":"2026-01-23T14:26:31","date_gmt":"2026-01-23T17:26:31","guid":{"rendered":"https:\/\/portaltela.pt\/noticias\/2026\/01\/23\/detencoes-nas-fronteiras-aereas-sobem-34-e-proibicoes-duplicam-em-2025\/"},"modified":"2026-01-23T14:26:31","modified_gmt":"2026-01-23T17:26:31","slug":"detencoes-nas-fronteiras-aereas-sobem-34-e-proibicoes-duplicam-em-2025","status":"publish","type":"post","link":"https:\/\/portaltela.pt\/noticias\/2026\/01\/23\/detencoes-nas-fronteiras-aereas-sobem-34-e-proibicoes-duplicam-em-2025\/","title":{"rendered":"Deten\u00e7\u00f5es nas fronteiras a\u00e9reas sobem 34% e proibi\u00e7\u00f5es duplicam em 2025"},"content":{"rendered":"<p>A PSP revelou um aumento significativo nas deten\u00e7\u00f5es e nas proibi\u00e7\u00f5es de entrada de cidad\u00e3os estrangeiros nas fronteiras a\u00e9reas de Portugal, no balan\u00e7o de 2025. As deten\u00e7\u00f5es cresceram 34% face a 2024, enquanto as decis\u00f5es de interditar a entrada duplicaram.<\/p>\n<p>No conjunto dos nove aeroportos nacionais e dois aer\u00f3dromos, a Unidade Nacional de Estrangeiros e Fronteiras (UNEF) controlou 21.105.180 passageiros n\u00e3o pertencentes ao espa\u00e7o Schengen, mais 882.711 do que em 2024, um aumento de 4,4%.<\/p>\n<p>A PSP deteve 343 pessoas nas fronteiras a\u00e9reas em 2025, mais 86 que no ano anterior. As deten\u00e7\u00f5es relacionaram-se principalmente com documenta\u00e7\u00e3o falsa e mandados de deten\u00e7\u00e3o internacionais.<\/p>\n<p>Foram efetuadas 34.932 interce\u00e7\u00f5es, aumentando 35% em rela\u00e7\u00e3o a 2024. As interddi\u00e7\u00f5es de entrada de estrangeiros passaram de 110 para 292, refletindo uma intensifica\u00e7\u00e3o das restri\u00e7\u00f5es de admiss\u00e3o.<\/p>\n<p>A pol\u00edcia tamb\u00e9m recusou a entrada a 14.006 passageiros, mais do que o dobro de 2024. Ainda no ano passado, foram emitidas 14.006 medidas cautelares, face a 6.706 em 2024, e ocorreram 553 casos de fraude documental, menos 153.<\/p>\n<p>No fim de 2023, a PSP herdou compet\u00eancias de vigil\u00e2ncia e controlo nas fronteiras aeroportu\u00e1rias, transferidas pelo Servi\u00e7o de Estrangeiros e Fronteiras. Al\u00e9m de Lisboa, Faro, Porto, Madeira e ilhas, o controlo abrange o Aer\u00f3dromo de Tires e o Aeroporto da Horta.<\/p>\n","protected":false},"excerpt":{"rendered":"<ul>\n<li>A PSP deteve 343 pessoas nas fronteiras a\u00e9reas em 2025, mais 86 do que em 2024, em casos ligados a documenta\u00e7\u00e3o falsa e mandados de deten\u00e7\u00e3o internacionais.<\/li>\n<li>As interce\u00e7\u00f5es no controlo de fronteira a\u00e9reo foram 34.932 em 2025, mais 35% do que em 2024 (25.714).<\/li>\n<li>As decis\u00f5es de interdi\u00e7\u00e3o de entrada de estrangeiros duplicaram, passando de 110 em 2024 para 292 em 2025.<\/li>\n<li>A PSP recusou a entrada a 14.006 passageiros em 2025, mais do que o dobro de 2024.<\/li>\n<li>Houve 553 casos de fraude documental detectados, menos 153 face a 2024; o tr\u00e1fico de passageiros, fora do espa\u00e7o Schengen, atingiu 21.105.180 em 2025, mais 882.711 (+4,4%).<\/li>\n<\/ul>\n","protected":false},"author":2,"featured_media":167598,"comment_status":"closed","ping_status":"closed","sticky":false,"template":"","format":"standard","meta":{"footnotes":""},"categories":[1],"tags":[3089,4002,3238,712,217,250],"class_list":["post-167595","post","type-post","status-publish","format-standard","has-post-thumbnail","hentry","category-noticias","tag-fraudes-documentais","tag-fronteiras","tag-fronteiras-internacionais","tag-imigracao","tag-investigacao-criminal","tag-seguranca-publica"],"yoast_head":"<!-- This site is optimized with the Yoast SEO plugin v27.2 - https:\/\/yoast.com\/product\/yoast-seo-wordpress\/ -->\n<title>Deten\u00e7\u00f5es nas fronteiras a\u00e9reas sobem 34% e proibi\u00e7\u00f5es duplicam em 2025 - Portal Tela Portugal<\/title>\n<meta name=\"robots\" content=\"index, follow, max-snippet:-1, max-image-preview:large, max-video-preview:-1\" \/>\n<meta property=\"og:locale\" content=\"pt_PT\" \/>\n<meta property=\"og:type\" content=\"article\" \/>\n<meta property=\"og:title\" content=\"Deten\u00e7\u00f5es nas fronteiras a\u00e9reas sobem 34% e proibi\u00e7\u00f5es duplicam em 2025 - Portal Tela Portugal\" \/>\n<meta property=\"og:description\" content=\"A PSP deteve 343 pessoas nas fronteiras a\u00e9reas em 2025, mais 86 do que em 2024, em casos ligados a documenta\u00e7\u00e3o falsa e mandados de deten\u00e7\u00e3o internacionais. As interce\u00e7\u00f5es no controlo de fronteira a\u00e9reo foram 34.932 em 2025, mais 35% do que em 2024 (25.714). As decis\u00f5es de interdi\u00e7\u00e3o de entrada de estrangeiros duplicaram, passando de 110 em 2024 para 292 em 2025. A PSP recusou a entrada a 14.006 passageiros em 2025, mais do que o dobro de 2024. Houve 553 casos de fraude documental detectados, menos 153 face a 2024; o tr\u00e1fico de passageiros, fora do espa\u00e7o Schengen, atingiu 21.105.180 em 2025, mais 882.711 (+4,4%).\" \/>\n<meta property=\"og:url\" content=\"https:\/\/portaltela.pt\/noticias\/2026\/01\/23\/detencoes-nas-fronteiras-aereas-sobem-34-e-proibicoes-duplicam-em-2025\/\" \/>\n<meta property=\"og:site_name\" content=\"Portal Tela Portugal\" \/>\n<meta property=\"article:published_time\" content=\"2026-01-23T17:26:31+00:00\" \/>\n<meta name=\"author\" content=\"Telinha\" \/>\n<meta name=\"twitter:card\" content=\"summary_large_image\" \/>\n<meta name=\"twitter:label1\" content=\"Escrito por\" \/>\n\t<meta name=\"twitter:data1\" content=\"Telinha\" \/>\n\t<meta name=\"twitter:label2\" content=\"Tempo estimado de leitura\" \/>\n\t<meta name=\"twitter:data2\" content=\"1 minuto\" \/>\n<script type=\"application\/ld+json\" class=\"yoast-schema-graph\">{\"@context\":\"https:\/\/schema.org\",\"@graph\":[{\"@type\":\"Article\",\"@id\":\"https:\/\/portaltela.pt\/noticias\/2026\/01\/23\/detencoes-nas-fronteiras-aereas-sobem-34-e-proibicoes-duplicam-em-2025\/#article\",\"isPartOf\":{\"@id\":\"https:\/\/portaltela.pt\/noticias\/2026\/01\/23\/detencoes-nas-fronteiras-aereas-sobem-34-e-proibicoes-duplicam-em-2025\/\"},\"author\":{\"name\":\"Telinha\",\"@id\":\"https:\/\/portaltela.pt\/#\/schema\/person\/c4278d4a6028830caff9ee44b42d32ed\"},\"headline\":\"Deten\u00e7\u00f5es nas fronteiras a\u00e9reas sobem 34% e proibi\u00e7\u00f5es duplicam em 2025\",\"datePublished\":\"2026-01-23T17:26:31+00:00\",\"mainEntityOfPage\":{\"@id\":\"https:\/\/portaltela.pt\/noticias\/2026\/01\/23\/detencoes-nas-fronteiras-aereas-sobem-34-e-proibicoes-duplicam-em-2025\/\"},\"wordCount\":229,\"image\":{\"@id\":\"https:\/\/portaltela.pt\/noticias\/2026\/01\/23\/detencoes-nas-fronteiras-aereas-sobem-34-e-proibicoes-duplicam-em-2025\/#primaryimage\"},\"thumbnailUrl\":\"https:\/\/portaltela.pt\/s.01k8rhncp4jt1\/2026\/01\/img_1280x721uu2025-12-07-09-44-56-2252996.jpg\",\"keywords\":[\"fraudes documentais\",\"fronteiras\",\"fronteiras internacionais\",\"imigra\u00e7\u00e3o\",\"investiga\u00e7\u00e3o criminal\",\"seguran\u00e7a p\u00fablica\"],\"articleSection\":[\"Not\u00edcias\"],\"inLanguage\":\"pt-PT\"},{\"@type\":\"WebPage\",\"@id\":\"https:\/\/portaltela.pt\/noticias\/2026\/01\/23\/detencoes-nas-fronteiras-aereas-sobem-34-e-proibicoes-duplicam-em-2025\/\",\"url\":\"https:\/\/portaltela.pt\/noticias\/2026\/01\/23\/detencoes-nas-fronteiras-aereas-sobem-34-e-proibicoes-duplicam-em-2025\/\",\"name\":\"Deten\u00e7\u00f5es nas fronteiras a\u00e9reas sobem 34% e proibi\u00e7\u00f5es duplicam em 2025 - Portal Tela Portugal\",\"isPartOf\":{\"@id\":\"https:\/\/portaltela.pt\/#website\"},\"primaryImageOfPage\":{\"@id\":\"https:\/\/portaltela.pt\/noticias\/2026\/01\/23\/detencoes-nas-fronteiras-aereas-sobem-34-e-proibicoes-duplicam-em-2025\/#primaryimage\"},\"image\":{\"@id\":\"https:\/\/portaltela.pt\/noticias\/2026\/01\/23\/detencoes-nas-fronteiras-aereas-sobem-34-e-proibicoes-duplicam-em-2025\/#primaryimage\"},\"thumbnailUrl\":\"https:\/\/portaltela.pt\/s.01k8rhncp4jt1\/2026\/01\/img_1280x721uu2025-12-07-09-44-56-2252996.jpg\",\"datePublished\":\"2026-01-23T17:26:31+00:00\",\"author\":{\"@id\":\"https:\/\/portaltela.pt\/#\/schema\/person\/c4278d4a6028830caff9ee44b42d32ed\"},\"breadcrumb\":{\"@id\":\"https:\/\/portaltela.pt\/noticias\/2026\/01\/23\/detencoes-nas-fronteiras-aereas-sobem-34-e-proibicoes-duplicam-em-2025\/#breadcrumb\"},\"inLanguage\":\"pt-PT\",\"potentialAction\":[{\"@type\":\"ReadAction\",\"target\":[\"https:\/\/portaltela.pt\/noticias\/2026\/01\/23\/detencoes-nas-fronteiras-aereas-sobem-34-e-proibicoes-duplicam-em-2025\/\"]}]},{\"@type\":\"ImageObject\",\"inLanguage\":\"pt-PT\",\"@id\":\"https:\/\/portaltela.pt\/noticias\/2026\/01\/23\/detencoes-nas-fronteiras-aereas-sobem-34-e-proibicoes-duplicam-em-2025\/#primaryimage\",\"url\":\"https:\/\/portaltela.pt\/s.01k8rhncp4jt1\/2026\/01\/img_1280x721uu2025-12-07-09-44-56-2252996.jpg\",\"contentUrl\":\"https:\/\/portaltela.pt\/s.01k8rhncp4jt1\/2026\/01\/img_1280x721uu2025-12-07-09-44-56-2252996.jpg\",\"width\":796,\"height\":448,\"caption\":\"Sistema de controlo de fronteiras poder\u00e1 ser suspenso no Natal para evitar filas nos aeroportos\"},{\"@type\":\"BreadcrumbList\",\"@id\":\"https:\/\/portaltela.pt\/noticias\/2026\/01\/23\/detencoes-nas-fronteiras-aereas-sobem-34-e-proibicoes-duplicam-em-2025\/#breadcrumb\",\"itemListElement\":[{\"@type\":\"ListItem\",\"position\":1,\"name\":\"In\u00edcio\",\"item\":\"https:\/\/portaltela.pt\/\"},{\"@type\":\"ListItem\",\"position\":2,\"name\":\"Deten\u00e7\u00f5es nas fronteiras a\u00e9reas sobem 34% e proibi\u00e7\u00f5es duplicam em 2025\"}]},{\"@type\":\"WebSite\",\"@id\":\"https:\/\/portaltela.pt\/#website\",\"url\":\"https:\/\/portaltela.pt\/\",\"name\":\"Portal Tela Portugal\",\"description\":\"\",\"potentialAction\":[{\"@type\":\"SearchAction\",\"target\":{\"@type\":\"EntryPoint\",\"urlTemplate\":\"https:\/\/portaltela.pt\/?s={search_term_string}\"},\"query-input\":{\"@type\":\"PropertyValueSpecification\",\"valueRequired\":true,\"valueName\":\"search_term_string\"}}],\"inLanguage\":\"pt-PT\"},{\"@type\":\"Person\",\"@id\":\"https:\/\/portaltela.pt\/#\/schema\/person\/c4278d4a6028830caff9ee44b42d32ed\",\"name\":\"Telinha\",\"image\":{\"@type\":\"ImageObject\",\"inLanguage\":\"pt-PT\",\"@id\":\"https:\/\/portaltela.pt\/s.01k8rhncp4jt1\/2025\/11\/talking-bot-125x125.png\",\"url\":\"https:\/\/portaltela.pt\/s.01k8rhncp4jt1\/2025\/11\/talking-bot-125x125.png\",\"contentUrl\":\"https:\/\/portaltela.pt\/s.01k8rhncp4jt1\/2025\/11\/talking-bot-125x125.png\",\"caption\":\"Telinha\"},\"sameAs\":[\"https:\/\/portaltela.pt\/\"],\"url\":\"https:\/\/portaltela.pt\/por\/367410592786\/\"}]}<\/script>\n<!-- \/ Yoast SEO plugin. -->","yoast_head_json":{"title":"Deten\u00e7\u00f5es nas fronteiras a\u00e9reas sobem 34% e proibi\u00e7\u00f5es duplicam em 2025 - Portal Tela Portugal","robots":{"index":"index","follow":"follow","max-snippet":"max-snippet:-1","max-image-preview":"max-image-preview:large","max-video-preview":"max-video-preview:-1"},"og_locale":"pt_PT","og_type":"article","og_title":"Deten\u00e7\u00f5es nas fronteiras a\u00e9reas sobem 34% e proibi\u00e7\u00f5es duplicam em 2025 - Portal Tela Portugal","og_description":"A PSP deteve 343 pessoas nas fronteiras a\u00e9reas em 2025, mais 86 do que em 2024, em casos ligados a documenta\u00e7\u00e3o falsa e mandados de deten\u00e7\u00e3o internacionais. As interce\u00e7\u00f5es no controlo de fronteira a\u00e9reo foram 34.932 em 2025, mais 35% do que em 2024 (25.714). As decis\u00f5es de interdi\u00e7\u00e3o de entrada de estrangeiros duplicaram, passando de 110 em 2024 para 292 em 2025. A PSP recusou a entrada a 14.006 passageiros em 2025, mais do que o dobro de 2024. Houve 553 casos de fraude documental detectados, menos 153 face a 2024; o tr\u00e1fico de passageiros, fora do espa\u00e7o Schengen, atingiu 21.105.180 em 2025, mais 882.711 (+4,4%).","og_url":"https:\/\/portaltela.pt\/noticias\/2026\/01\/23\/detencoes-nas-fronteiras-aereas-sobem-34-e-proibicoes-duplicam-em-2025\/","og_site_name":"Portal Tela Portugal","article_published_time":"2026-01-23T17:26:31+00:00","author":"Telinha","twitter_card":"summary_large_image","twitter_misc":{"Escrito por":"Telinha","Tempo estimado de leitura":"1 minuto"},"schema":{"@context":"https:\/\/schema.org","@graph":[{"@type":"Article","@id":"https:\/\/portaltela.pt\/noticias\/2026\/01\/23\/detencoes-nas-fronteiras-aereas-sobem-34-e-proibicoes-duplicam-em-2025\/#article","isPartOf":{"@id":"https:\/\/portaltela.pt\/noticias\/2026\/01\/23\/detencoes-nas-fronteiras-aereas-sobem-34-e-proibicoes-duplicam-em-2025\/"},"author":{"name":"Telinha","@id":"https:\/\/portaltela.pt\/#\/schema\/person\/c4278d4a6028830caff9ee44b42d32ed"},"headline":"Deten\u00e7\u00f5es nas fronteiras a\u00e9reas sobem 34% e proibi\u00e7\u00f5es duplicam em 2025","datePublished":"2026-01-23T17:26:31+00:00","mainEntityOfPage":{"@id":"https:\/\/portaltela.pt\/noticias\/2026\/01\/23\/detencoes-nas-fronteiras-aereas-sobem-34-e-proibicoes-duplicam-em-2025\/"},"wordCount":229,"image":{"@id":"https:\/\/portaltela.pt\/noticias\/2026\/01\/23\/detencoes-nas-fronteiras-aereas-sobem-34-e-proibicoes-duplicam-em-2025\/#primaryimage"},"thumbnailUrl":"https:\/\/portaltela.pt\/s.01k8rhncp4jt1\/2026\/01\/img_1280x721uu2025-12-07-09-44-56-2252996.jpg","keywords":["fraudes documentais","fronteiras","fronteiras internacionais","imigra\u00e7\u00e3o","investiga\u00e7\u00e3o criminal","seguran\u00e7a p\u00fablica"],"articleSection":["Not\u00edcias"],"inLanguage":"pt-PT"},{"@type":"WebPage","@id":"https:\/\/portaltela.pt\/noticias\/2026\/01\/23\/detencoes-nas-fronteiras-aereas-sobem-34-e-proibicoes-duplicam-em-2025\/","url":"https:\/\/portaltela.pt\/noticias\/2026\/01\/23\/detencoes-nas-fronteiras-aereas-sobem-34-e-proibicoes-duplicam-em-2025\/","name":"Deten\u00e7\u00f5es nas fronteiras a\u00e9reas sobem 34% e proibi\u00e7\u00f5es duplicam em 2025 - Portal Tela Portugal","isPartOf":{"@id":"https:\/\/portaltela.pt\/#website"},"primaryImageOfPage":{"@id":"https:\/\/portaltela.pt\/noticias\/2026\/01\/23\/detencoes-nas-fronteiras-aereas-sobem-34-e-proibicoes-duplicam-em-2025\/#primaryimage"},"image":{"@id":"https:\/\/portaltela.pt\/noticias\/2026\/01\/23\/detencoes-nas-fronteiras-aereas-sobem-34-e-proibicoes-duplicam-em-2025\/#primaryimage"},"thumbnailUrl":"https:\/\/portaltela.pt\/s.01k8rhncp4jt1\/2026\/01\/img_1280x721uu2025-12-07-09-44-56-2252996.jpg","datePublished":"2026-01-23T17:26:31+00:00","author":{"@id":"https:\/\/portaltela.pt\/#\/schema\/person\/c4278d4a6028830caff9ee44b42d32ed"},"breadcrumb":{"@id":"https:\/\/portaltela.pt\/noticias\/2026\/01\/23\/detencoes-nas-fronteiras-aereas-sobem-34-e-proibicoes-duplicam-em-2025\/#breadcrumb"},"inLanguage":"pt-PT","potentialAction":[{"@type":"ReadAction","target":["https:\/\/portaltela.pt\/noticias\/2026\/01\/23\/detencoes-nas-fronteiras-aereas-sobem-34-e-proibicoes-duplicam-em-2025\/"]}]},{"@type":"ImageObject","inLanguage":"pt-PT","@id":"https:\/\/portaltela.pt\/noticias\/2026\/01\/23\/detencoes-nas-fronteiras-aereas-sobem-34-e-proibicoes-duplicam-em-2025\/#primaryimage","url":"https:\/\/portaltela.pt\/s.01k8rhncp4jt1\/2026\/01\/img_1280x721uu2025-12-07-09-44-56-2252996.jpg","contentUrl":"https:\/\/portaltela.pt\/s.01k8rhncp4jt1\/2026\/01\/img_1280x721uu2025-12-07-09-44-56-2252996.jpg","width":796,"height":448,"caption":"Sistema de controlo de fronteiras poder\u00e1 ser suspenso no Natal para evitar filas nos aeroportos"},{"@type":"BreadcrumbList","@id":"https:\/\/portaltela.pt\/noticias\/2026\/01\/23\/detencoes-nas-fronteiras-aereas-sobem-34-e-proibicoes-duplicam-em-2025\/#breadcrumb","itemListElement":[{"@type":"ListItem","position":1,"name":"In\u00edcio","item":"https:\/\/portaltela.pt\/"},{"@type":"ListItem","position":2,"name":"Deten\u00e7\u00f5es nas fronteiras a\u00e9reas sobem 34% e proibi\u00e7\u00f5es duplicam em 2025"}]},{"@type":"WebSite","@id":"https:\/\/portaltela.pt\/#website","url":"https:\/\/portaltela.pt\/","name":"Portal Tela Portugal","description":"","potentialAction":[{"@type":"SearchAction","target":{"@type":"EntryPoint","urlTemplate":"https:\/\/portaltela.pt\/?s={search_term_string}"},"query-input":{"@type":"PropertyValueSpecification","valueRequired":true,"valueName":"search_term_string"}}],"inLanguage":"pt-PT"},{"@type":"Person","@id":"https:\/\/portaltela.pt\/#\/schema\/person\/c4278d4a6028830caff9ee44b42d32ed","name":"Telinha","image":{"@type":"ImageObject","inLanguage":"pt-PT","@id":"https:\/\/portaltela.pt\/s.01k8rhncp4jt1\/2025\/11\/talking-bot-125x125.png","url":"https:\/\/portaltela.pt\/s.01k8rhncp4jt1\/2025\/11\/talking-bot-125x125.png","contentUrl":"https:\/\/portaltela.pt\/s.01k8rhncp4jt1\/2025\/11\/talking-bot-125x125.png","caption":"Telinha"},"sameAs":["https:\/\/portaltela.pt\/"],"url":"https:\/\/portaltela.pt\/por\/367410592786\/"}]}},"_links":{"self":[{"href":"https:\/\/portaltela.pt\/api\/wp\/v2\/posts\/167595","targetHints":{"allow":["GET"]}}],"collection":[{"href":"https:\/\/portaltela.pt\/api\/wp\/v2\/posts"}],"about":[{"href":"https:\/\/portaltela.pt\/api\/wp\/v2\/types\/post"}],"author":[{"embeddable":true,"href":"https:\/\/portaltela.pt\/api\/wp\/v2\/users\/2"}],"replies":[{"embeddable":true,"href":"https:\/\/portaltela.pt\/api\/wp\/v2\/comments?post=167595"}],"version-history":[{"count":0,"href":"https:\/\/portaltela.pt\/api\/wp\/v2\/posts\/167595\/revisions"}],"wp:featuredmedia":[{"embeddable":true,"href":"https:\/\/portaltela.pt\/api\/wp\/v2\/media\/167598"}],"wp:attachment":[{"href":"https:\/\/portaltela.pt\/api\/wp\/v2\/media?parent=167595"}],"wp:term":[{"taxonomy":"category","embeddable":true,"href":"https:\/\/portaltela.pt\/api\/wp\/v2\/categories?post=167595"},{"taxonomy":"post_tag","embeddable":true,"href":"https:\/\/portaltela.pt\/api\/wp\/v2\/tags?post=167595"}],"curies":[{"name":"wp","href":"https:\/\/api.w.org\/{rel}","templated":true}]}}