{"id":167567,"date":"2026-01-23T13:50:00","date_gmt":"2026-01-23T16:50:00","guid":{"rendered":"https:\/\/portaltela.pt\/noticias\/2026\/01\/23\/idoso-de-80-anos-encontrado-numa-cave-na-finlandia-sem-janelas-nem-casa-de-banho\/"},"modified":"2026-01-23T13:50:00","modified_gmt":"2026-01-23T16:50:00","slug":"idoso-de-80-anos-encontrado-numa-cave-na-finlandia-sem-janelas-nem-casa-de-banho","status":"publish","type":"post","link":"https:\/\/portaltela.pt\/noticias\/2026\/01\/23\/idoso-de-80-anos-encontrado-numa-cave-na-finlandia-sem-janelas-nem-casa-de-banho\/","title":{"rendered":"Idoso de 80 anos encontrado numa cave na Finl\u00e2ndia sem janelas nem casa de banho"},"content":{"rendered":"<p>Um homem de 80 anos foi encontrado em mau estado de sa\u00fade numa cave de uma casa em Hels\u00ednquia, onde vivia h\u00e1 pelo menos 20 anos, sem janelas e sem casa de banho.<\/p>\n<p>A pol\u00edcia abriu uma investiga\u00e7\u00e3o por suspeita de explora\u00e7\u00e3o de toxicodepend\u00eancia e de tr\u00e1fico humano associada \u00e0 depend\u00eancia de drogas do idoso.<\/p>\n<p>Dois homens e uma mulher, todos na casa dos 60, foram detidos e libertados mais tarde. N\u00e3o s\u00e3o familiares do idoso, segundo a pol\u00edcia de Hels\u00ednquia.<\/p>\n<h3>Investiga\u00e7\u00e3o em curso<\/h3>\n<p>A habita\u00e7\u00e3o era uma divis\u00e3o sem janelas, sem acesso a instala\u00e7\u00f5es sanit\u00e1rias e sem possibilidade de cozinhar, o que agravou o estado de sa\u00fade do idoso.<\/p>\n<p>O idoso foi entregue \u00e0s autoridades competentes. O caso \u00e9 descrito pela pol\u00edcia como excecional e envolve a poss\u00edvel explora\u00e7\u00e3o para obten\u00e7\u00e3o de lucro financeiro.<\/p>\n<p>A investiga\u00e7\u00e3o visa aclarar se outras pessoas residentes na casa contribu\u00edram para o caso de tr\u00e1fico humano e explora\u00e7\u00e3o da depend\u00eancia de drogas.<\/p>\n","protected":false},"excerpt":{"rendered":"<ul>\n<li>Um homem de 80 anos foi encontrado em mau estado de sa\u00fade numa cave de uma casa em Hels\u00ednquia, onde vivia h\u00e1 pelo menos 20 anos, sem janelas nem casa de banho.<\/li>\n<li>A pol\u00edcia abriu uma investiga\u00e7\u00e3o por suspeita de explora\u00e7\u00e3o de toxicodepend\u00eancia; dois homens e uma mulher, todos na casa, foram detidos e libertados posteriormente.<\/li>\n<li>Os suspeitos, com idades na casa dos seis e sessenta, conheciam o idoso, mas n\u00e3o s\u00e3o familiares.<\/li>\n<li>A investiga\u00e7\u00e3o visa esclarecer se outros residentes da casa estiveram envolvidos em tr\u00e1fico humano, explorando a depend\u00eancia de drogas do homem para obter lucro financeiro.<\/li>\n<li>O idoso foi encontrado na segunda-feira durante buscas, recebeu assist\u00eancia m\u00e9dica imediata e foi entregue \u00e0s autoridades competentes; a cave n\u00e3o tinha condi\u00e7\u00f5es habit\u00e1veis.<\/li>\n<\/ul>\n","protected":false},"author":2,"featured_media":167576,"comment_status":"closed","ping_status":"closed","sticky":false,"template":"","format":"standard","meta":{"footnotes":""},"categories":[1],"tags":[150,217,1802,3710,473],"class_list":["post-167567","post","type-post","status-publish","format-standard","has-post-thumbnail","hentry","category-noticias","tag-habitacao","tag-investigacao-criminal","tag-policia-judiciaria","tag-toxicodependencia","tag-trafico-de-pessoas"],"yoast_head":"<!-- This site is optimized with the Yoast SEO plugin v27.2 - https:\/\/yoast.com\/product\/yoast-seo-wordpress\/ -->\n<title>Idoso de 80 anos encontrado numa cave na Finl\u00e2ndia sem janelas nem casa de banho - Portal Tela Portugal<\/title>\n<meta name=\"robots\" content=\"index, follow, max-snippet:-1, max-image-preview:large, max-video-preview:-1\" \/>\n<meta property=\"og:locale\" content=\"pt_PT\" \/>\n<meta property=\"og:type\" content=\"article\" \/>\n<meta property=\"og:title\" content=\"Idoso de 80 anos encontrado numa cave na Finl\u00e2ndia sem janelas nem casa de banho - Portal Tela Portugal\" \/>\n<meta property=\"og:description\" content=\"Um homem de 80 anos foi encontrado em mau estado de sa\u00fade numa cave de uma casa em Hels\u00ednquia, onde vivia h\u00e1 pelo menos 20 anos, sem janelas nem casa de banho. A pol\u00edcia abriu uma investiga\u00e7\u00e3o por suspeita de explora\u00e7\u00e3o de toxicodepend\u00eancia; dois homens e uma mulher, todos na casa, foram detidos e libertados posteriormente. Os suspeitos, com idades na casa dos seis e sessenta, conheciam o idoso, mas n\u00e3o s\u00e3o familiares. A investiga\u00e7\u00e3o visa esclarecer se outros residentes da casa estiveram envolvidos em tr\u00e1fico humano, explorando a depend\u00eancia de drogas do homem para obter lucro financeiro. O idoso foi encontrado na segunda-feira durante buscas, recebeu assist\u00eancia m\u00e9dica imediata e foi entregue \u00e0s autoridades competentes; a cave n\u00e3o tinha condi\u00e7\u00f5es habit\u00e1veis.\" \/>\n<meta property=\"og:url\" content=\"https:\/\/portaltela.pt\/noticias\/2026\/01\/23\/idoso-de-80-anos-encontrado-numa-cave-na-finlandia-sem-janelas-nem-casa-de-banho\/\" \/>\n<meta property=\"og:site_name\" content=\"Portal Tela Portugal\" \/>\n<meta property=\"article:published_time\" content=\"2026-01-23T16:50:00+00:00\" \/>\n<meta name=\"author\" content=\"Telinha\" \/>\n<meta name=\"twitter:card\" content=\"summary_large_image\" \/>\n<meta name=\"twitter:label1\" content=\"Escrito por\" \/>\n\t<meta name=\"twitter:data1\" content=\"Telinha\" \/>\n\t<meta name=\"twitter:label2\" content=\"Tempo estimado de leitura\" \/>\n\t<meta name=\"twitter:data2\" content=\"1 minuto\" \/>\n<script type=\"application\/ld+json\" class=\"yoast-schema-graph\">{\"@context\":\"https:\/\/schema.org\",\"@graph\":[{\"@type\":\"Article\",\"@id\":\"https:\/\/portaltela.pt\/noticias\/2026\/01\/23\/idoso-de-80-anos-encontrado-numa-cave-na-finlandia-sem-janelas-nem-casa-de-banho\/#article\",\"isPartOf\":{\"@id\":\"https:\/\/portaltela.pt\/noticias\/2026\/01\/23\/idoso-de-80-anos-encontrado-numa-cave-na-finlandia-sem-janelas-nem-casa-de-banho\/\"},\"author\":{\"name\":\"Telinha\",\"@id\":\"https:\/\/portaltela.pt\/#\/schema\/person\/c4278d4a6028830caff9ee44b42d32ed\"},\"headline\":\"Idoso de 80 anos encontrado numa cave na Finl\u00e2ndia sem janelas nem casa de banho\",\"datePublished\":\"2026-01-23T16:50:00+00:00\",\"mainEntityOfPage\":{\"@id\":\"https:\/\/portaltela.pt\/noticias\/2026\/01\/23\/idoso-de-80-anos-encontrado-numa-cave-na-finlandia-sem-janelas-nem-casa-de-banho\/\"},\"wordCount\":195,\"image\":{\"@id\":\"https:\/\/portaltela.pt\/noticias\/2026\/01\/23\/idoso-de-80-anos-encontrado-numa-cave-na-finlandia-sem-janelas-nem-casa-de-banho\/#primaryimage\"},\"thumbnailUrl\":\"https:\/\/portaltela.pt\/s.01k8rhncp4jt1\/2026\/01\/27848fe9-c133-4a87-9cd7-e37d988ba0bf_1200x675.jpg\",\"keywords\":[\"habita\u00e7\u00e3o\",\"investiga\u00e7\u00e3o criminal\",\"Pol\u00edcia Judici\u00e1ria\",\"toxicodepend\u00eancia\",\"tr\u00e1fico de pessoas\"],\"articleSection\":[\"Not\u00edcias\"],\"inLanguage\":\"pt-PT\"},{\"@type\":\"WebPage\",\"@id\":\"https:\/\/portaltela.pt\/noticias\/2026\/01\/23\/idoso-de-80-anos-encontrado-numa-cave-na-finlandia-sem-janelas-nem-casa-de-banho\/\",\"url\":\"https:\/\/portaltela.pt\/noticias\/2026\/01\/23\/idoso-de-80-anos-encontrado-numa-cave-na-finlandia-sem-janelas-nem-casa-de-banho\/\",\"name\":\"Idoso de 80 anos encontrado numa cave na Finl\u00e2ndia sem janelas nem casa de banho - Portal Tela Portugal\",\"isPartOf\":{\"@id\":\"https:\/\/portaltela.pt\/#website\"},\"primaryImageOfPage\":{\"@id\":\"https:\/\/portaltela.pt\/noticias\/2026\/01\/23\/idoso-de-80-anos-encontrado-numa-cave-na-finlandia-sem-janelas-nem-casa-de-banho\/#primaryimage\"},\"image\":{\"@id\":\"https:\/\/portaltela.pt\/noticias\/2026\/01\/23\/idoso-de-80-anos-encontrado-numa-cave-na-finlandia-sem-janelas-nem-casa-de-banho\/#primaryimage\"},\"thumbnailUrl\":\"https:\/\/portaltela.pt\/s.01k8rhncp4jt1\/2026\/01\/27848fe9-c133-4a87-9cd7-e37d988ba0bf_1200x675.jpg\",\"datePublished\":\"2026-01-23T16:50:00+00:00\",\"author\":{\"@id\":\"https:\/\/portaltela.pt\/#\/schema\/person\/c4278d4a6028830caff9ee44b42d32ed\"},\"breadcrumb\":{\"@id\":\"https:\/\/portaltela.pt\/noticias\/2026\/01\/23\/idoso-de-80-anos-encontrado-numa-cave-na-finlandia-sem-janelas-nem-casa-de-banho\/#breadcrumb\"},\"inLanguage\":\"pt-PT\",\"potentialAction\":[{\"@type\":\"ReadAction\",\"target\":[\"https:\/\/portaltela.pt\/noticias\/2026\/01\/23\/idoso-de-80-anos-encontrado-numa-cave-na-finlandia-sem-janelas-nem-casa-de-banho\/\"]}]},{\"@type\":\"ImageObject\",\"inLanguage\":\"pt-PT\",\"@id\":\"https:\/\/portaltela.pt\/noticias\/2026\/01\/23\/idoso-de-80-anos-encontrado-numa-cave-na-finlandia-sem-janelas-nem-casa-de-banho\/#primaryimage\",\"url\":\"https:\/\/portaltela.pt\/s.01k8rhncp4jt1\/2026\/01\/27848fe9-c133-4a87-9cd7-e37d988ba0bf_1200x675.jpg\",\"contentUrl\":\"https:\/\/portaltela.pt\/s.01k8rhncp4jt1\/2026\/01\/27848fe9-c133-4a87-9cd7-e37d988ba0bf_1200x675.jpg\",\"width\":796,\"height\":448,\"caption\":\"Pol\u00edcia suspeita que homem foi obrigado a viver em condi\u00e7\u00f5es humilhantes durante 20 anos\"},{\"@type\":\"BreadcrumbList\",\"@id\":\"https:\/\/portaltela.pt\/noticias\/2026\/01\/23\/idoso-de-80-anos-encontrado-numa-cave-na-finlandia-sem-janelas-nem-casa-de-banho\/#breadcrumb\",\"itemListElement\":[{\"@type\":\"ListItem\",\"position\":1,\"name\":\"In\u00edcio\",\"item\":\"https:\/\/portaltela.pt\/\"},{\"@type\":\"ListItem\",\"position\":2,\"name\":\"Idoso de 80 anos encontrado numa cave na Finl\u00e2ndia sem janelas nem casa de banho\"}]},{\"@type\":\"WebSite\",\"@id\":\"https:\/\/portaltela.pt\/#website\",\"url\":\"https:\/\/portaltela.pt\/\",\"name\":\"Portal Tela Portugal\",\"description\":\"\",\"potentialAction\":[{\"@type\":\"SearchAction\",\"target\":{\"@type\":\"EntryPoint\",\"urlTemplate\":\"https:\/\/portaltela.pt\/?s={search_term_string}\"},\"query-input\":{\"@type\":\"PropertyValueSpecification\",\"valueRequired\":true,\"valueName\":\"search_term_string\"}}],\"inLanguage\":\"pt-PT\"},{\"@type\":\"Person\",\"@id\":\"https:\/\/portaltela.pt\/#\/schema\/person\/c4278d4a6028830caff9ee44b42d32ed\",\"name\":\"Telinha\",\"image\":{\"@type\":\"ImageObject\",\"inLanguage\":\"pt-PT\",\"@id\":\"https:\/\/portaltela.pt\/s.01k8rhncp4jt1\/2025\/11\/talking-bot-125x125.png\",\"url\":\"https:\/\/portaltela.pt\/s.01k8rhncp4jt1\/2025\/11\/talking-bot-125x125.png\",\"contentUrl\":\"https:\/\/portaltela.pt\/s.01k8rhncp4jt1\/2025\/11\/talking-bot-125x125.png\",\"caption\":\"Telinha\"},\"sameAs\":[\"https:\/\/portaltela.pt\/\"],\"url\":\"https:\/\/portaltela.pt\/por\/367410592786\/\"}]}<\/script>\n<!-- \/ Yoast SEO plugin. -->","yoast_head_json":{"title":"Idoso de 80 anos encontrado numa cave na Finl\u00e2ndia sem janelas nem casa de banho - Portal Tela Portugal","robots":{"index":"index","follow":"follow","max-snippet":"max-snippet:-1","max-image-preview":"max-image-preview:large","max-video-preview":"max-video-preview:-1"},"og_locale":"pt_PT","og_type":"article","og_title":"Idoso de 80 anos encontrado numa cave na Finl\u00e2ndia sem janelas nem casa de banho - Portal Tela Portugal","og_description":"Um homem de 80 anos foi encontrado em mau estado de sa\u00fade numa cave de uma casa em Hels\u00ednquia, onde vivia h\u00e1 pelo menos 20 anos, sem janelas nem casa de banho. A pol\u00edcia abriu uma investiga\u00e7\u00e3o por suspeita de explora\u00e7\u00e3o de toxicodepend\u00eancia; dois homens e uma mulher, todos na casa, foram detidos e libertados posteriormente. Os suspeitos, com idades na casa dos seis e sessenta, conheciam o idoso, mas n\u00e3o s\u00e3o familiares. A investiga\u00e7\u00e3o visa esclarecer se outros residentes da casa estiveram envolvidos em tr\u00e1fico humano, explorando a depend\u00eancia de drogas do homem para obter lucro financeiro. O idoso foi encontrado na segunda-feira durante buscas, recebeu assist\u00eancia m\u00e9dica imediata e foi entregue \u00e0s autoridades competentes; a cave n\u00e3o tinha condi\u00e7\u00f5es habit\u00e1veis.","og_url":"https:\/\/portaltela.pt\/noticias\/2026\/01\/23\/idoso-de-80-anos-encontrado-numa-cave-na-finlandia-sem-janelas-nem-casa-de-banho\/","og_site_name":"Portal Tela Portugal","article_published_time":"2026-01-23T16:50:00+00:00","author":"Telinha","twitter_card":"summary_large_image","twitter_misc":{"Escrito por":"Telinha","Tempo estimado de leitura":"1 minuto"},"schema":{"@context":"https:\/\/schema.org","@graph":[{"@type":"Article","@id":"https:\/\/portaltela.pt\/noticias\/2026\/01\/23\/idoso-de-80-anos-encontrado-numa-cave-na-finlandia-sem-janelas-nem-casa-de-banho\/#article","isPartOf":{"@id":"https:\/\/portaltela.pt\/noticias\/2026\/01\/23\/idoso-de-80-anos-encontrado-numa-cave-na-finlandia-sem-janelas-nem-casa-de-banho\/"},"author":{"name":"Telinha","@id":"https:\/\/portaltela.pt\/#\/schema\/person\/c4278d4a6028830caff9ee44b42d32ed"},"headline":"Idoso de 80 anos encontrado numa cave na Finl\u00e2ndia sem janelas nem casa de banho","datePublished":"2026-01-23T16:50:00+00:00","mainEntityOfPage":{"@id":"https:\/\/portaltela.pt\/noticias\/2026\/01\/23\/idoso-de-80-anos-encontrado-numa-cave-na-finlandia-sem-janelas-nem-casa-de-banho\/"},"wordCount":195,"image":{"@id":"https:\/\/portaltela.pt\/noticias\/2026\/01\/23\/idoso-de-80-anos-encontrado-numa-cave-na-finlandia-sem-janelas-nem-casa-de-banho\/#primaryimage"},"thumbnailUrl":"https:\/\/portaltela.pt\/s.01k8rhncp4jt1\/2026\/01\/27848fe9-c133-4a87-9cd7-e37d988ba0bf_1200x675.jpg","keywords":["habita\u00e7\u00e3o","investiga\u00e7\u00e3o criminal","Pol\u00edcia Judici\u00e1ria","toxicodepend\u00eancia","tr\u00e1fico de pessoas"],"articleSection":["Not\u00edcias"],"inLanguage":"pt-PT"},{"@type":"WebPage","@id":"https:\/\/portaltela.pt\/noticias\/2026\/01\/23\/idoso-de-80-anos-encontrado-numa-cave-na-finlandia-sem-janelas-nem-casa-de-banho\/","url":"https:\/\/portaltela.pt\/noticias\/2026\/01\/23\/idoso-de-80-anos-encontrado-numa-cave-na-finlandia-sem-janelas-nem-casa-de-banho\/","name":"Idoso de 80 anos encontrado numa cave na Finl\u00e2ndia sem janelas nem casa de banho - Portal Tela Portugal","isPartOf":{"@id":"https:\/\/portaltela.pt\/#website"},"primaryImageOfPage":{"@id":"https:\/\/portaltela.pt\/noticias\/2026\/01\/23\/idoso-de-80-anos-encontrado-numa-cave-na-finlandia-sem-janelas-nem-casa-de-banho\/#primaryimage"},"image":{"@id":"https:\/\/portaltela.pt\/noticias\/2026\/01\/23\/idoso-de-80-anos-encontrado-numa-cave-na-finlandia-sem-janelas-nem-casa-de-banho\/#primaryimage"},"thumbnailUrl":"https:\/\/portaltela.pt\/s.01k8rhncp4jt1\/2026\/01\/27848fe9-c133-4a87-9cd7-e37d988ba0bf_1200x675.jpg","datePublished":"2026-01-23T16:50:00+00:00","author":{"@id":"https:\/\/portaltela.pt\/#\/schema\/person\/c4278d4a6028830caff9ee44b42d32ed"},"breadcrumb":{"@id":"https:\/\/portaltela.pt\/noticias\/2026\/01\/23\/idoso-de-80-anos-encontrado-numa-cave-na-finlandia-sem-janelas-nem-casa-de-banho\/#breadcrumb"},"inLanguage":"pt-PT","potentialAction":[{"@type":"ReadAction","target":["https:\/\/portaltela.pt\/noticias\/2026\/01\/23\/idoso-de-80-anos-encontrado-numa-cave-na-finlandia-sem-janelas-nem-casa-de-banho\/"]}]},{"@type":"ImageObject","inLanguage":"pt-PT","@id":"https:\/\/portaltela.pt\/noticias\/2026\/01\/23\/idoso-de-80-anos-encontrado-numa-cave-na-finlandia-sem-janelas-nem-casa-de-banho\/#primaryimage","url":"https:\/\/portaltela.pt\/s.01k8rhncp4jt1\/2026\/01\/27848fe9-c133-4a87-9cd7-e37d988ba0bf_1200x675.jpg","contentUrl":"https:\/\/portaltela.pt\/s.01k8rhncp4jt1\/2026\/01\/27848fe9-c133-4a87-9cd7-e37d988ba0bf_1200x675.jpg","width":796,"height":448,"caption":"Pol\u00edcia suspeita que homem foi obrigado a viver em condi\u00e7\u00f5es humilhantes durante 20 anos"},{"@type":"BreadcrumbList","@id":"https:\/\/portaltela.pt\/noticias\/2026\/01\/23\/idoso-de-80-anos-encontrado-numa-cave-na-finlandia-sem-janelas-nem-casa-de-banho\/#breadcrumb","itemListElement":[{"@type":"ListItem","position":1,"name":"In\u00edcio","item":"https:\/\/portaltela.pt\/"},{"@type":"ListItem","position":2,"name":"Idoso de 80 anos encontrado numa cave na Finl\u00e2ndia sem janelas nem casa de banho"}]},{"@type":"WebSite","@id":"https:\/\/portaltela.pt\/#website","url":"https:\/\/portaltela.pt\/","name":"Portal Tela Portugal","description":"","potentialAction":[{"@type":"SearchAction","target":{"@type":"EntryPoint","urlTemplate":"https:\/\/portaltela.pt\/?s={search_term_string}"},"query-input":{"@type":"PropertyValueSpecification","valueRequired":true,"valueName":"search_term_string"}}],"inLanguage":"pt-PT"},{"@type":"Person","@id":"https:\/\/portaltela.pt\/#\/schema\/person\/c4278d4a6028830caff9ee44b42d32ed","name":"Telinha","image":{"@type":"ImageObject","inLanguage":"pt-PT","@id":"https:\/\/portaltela.pt\/s.01k8rhncp4jt1\/2025\/11\/talking-bot-125x125.png","url":"https:\/\/portaltela.pt\/s.01k8rhncp4jt1\/2025\/11\/talking-bot-125x125.png","contentUrl":"https:\/\/portaltela.pt\/s.01k8rhncp4jt1\/2025\/11\/talking-bot-125x125.png","caption":"Telinha"},"sameAs":["https:\/\/portaltela.pt\/"],"url":"https:\/\/portaltela.pt\/por\/367410592786\/"}]}},"_links":{"self":[{"href":"https:\/\/portaltela.pt\/api\/wp\/v2\/posts\/167567","targetHints":{"allow":["GET"]}}],"collection":[{"href":"https:\/\/portaltela.pt\/api\/wp\/v2\/posts"}],"about":[{"href":"https:\/\/portaltela.pt\/api\/wp\/v2\/types\/post"}],"author":[{"embeddable":true,"href":"https:\/\/portaltela.pt\/api\/wp\/v2\/users\/2"}],"replies":[{"embeddable":true,"href":"https:\/\/portaltela.pt\/api\/wp\/v2\/comments?post=167567"}],"version-history":[{"count":0,"href":"https:\/\/portaltela.pt\/api\/wp\/v2\/posts\/167567\/revisions"}],"wp:featuredmedia":[{"embeddable":true,"href":"https:\/\/portaltela.pt\/api\/wp\/v2\/media\/167576"}],"wp:attachment":[{"href":"https:\/\/portaltela.pt\/api\/wp\/v2\/media?parent=167567"}],"wp:term":[{"taxonomy":"category","embeddable":true,"href":"https:\/\/portaltela.pt\/api\/wp\/v2\/categories?post=167567"},{"taxonomy":"post_tag","embeddable":true,"href":"https:\/\/portaltela.pt\/api\/wp\/v2\/tags?post=167567"}],"curies":[{"name":"wp","href":"https:\/\/api.w.org\/{rel}","templated":true}]}}