{"id":167522,"date":"2026-01-23T13:46:26","date_gmt":"2026-01-23T16:46:26","guid":{"rendered":"https:\/\/portaltela.pt\/noticias\/2026\/01\/23\/antonio-morgado-inicia-temporada-com-8-o-lugar-na-classica-camp-de-morvedre\/"},"modified":"2026-01-23T13:46:26","modified_gmt":"2026-01-23T16:46:26","slug":"antonio-morgado-inicia-temporada-com-8-o-lugar-na-classica-camp-de-morvedre","status":"publish","type":"post","link":"https:\/\/portaltela.pt\/desporto\/2026\/01\/23\/antonio-morgado-inicia-temporada-com-8-o-lugar-na-classica-camp-de-morvedre\/","title":{"rendered":"Ant\u00f3nio Morgado inicia temporada com 8.\u00ba lugar na Cl\u00e1ssica Camp de Morvedre"},"content":{"rendered":"<p>Ant\u00f3nio Morgado iniciou a temporada com um oitavo lugar na Cl\u00e1ssica Camp de Morvedre, disputada na sexta-feira. O ciclista portugu\u00eas, da UAE Emirates, percorreu 163,4 km em Estivella, na Comunidade Valenciana (Espanha), em 3:57.35 horas. A prova foi ganha pelo italiano <strong>Christian Scaroni<\/strong> (XDS Astana).<\/p>\n<p>Morgado foi o \u00fanico portugu\u00eas presente na prova e chegou num grupo a 1,08 minutos do vencedor, terminando na oitava posi\u00e7\u00e3o. Esta foi a estreia do ciclista na temporada de 2026, confirmando competitividade em Santos de abertura.<\/p>\n<p>Ao longo da corrida foram culminando os melhores tempos. <strong>Diego Pescador<\/strong> (Movistar) foi segundo e <strong>Antonio Tiberi<\/strong> (Bahrain Victorious) terceiro, todos com o mesmo tempo de Scaroni.<\/p>\n<h3>Participa\u00e7\u00e3o e resultados da prova<\/h3>\n<p>Entre os concorrentes da equipa nacional Anicolor-Campicarn, o canadiano Carson Miles destacou-se ao ficar em 44.\u00ba lugar, a 4,55 minutos do vencedor. O atual vice-campe\u00e3o da Volta a Portugal, o franc\u00eas Alexis Gu\u00e9rin, foi um dos tr\u00eas abandonos da forma\u00e7\u00e3o nacional.<\/p>\n<p>A prova teve ainda a presen\u00e7a de Carlos Morgado na UAE Emirates, com foco na adapta\u00e7\u00e3o ao calend\u00e1rio europeu. O desfecho nesta edi\u00e7\u00e3o aponta para uma temporada de competi\u00e7\u00e3o cont\u00ednua, com Morgado a manter-se em evid\u00eancia para as pr\u00f3ximas corridas.<\/p>\n","protected":false},"excerpt":{"rendered":"<ul>\n<li>Ant\u00f3nio Morgado (UAE Emirates) foi o \u00fanico portugu\u00eas na Cl\u00e1ssica Camp de Morvedre e terminou em oitavo lugar, na sua primeira corrida de 2026, num grupo a 1,08 minutos do vencedor.<\/li>\n<li>A prova percorreu 163,4 quil\u00f3metros, entre in\u00edcio e fim em Estivella, na Comunidade Valenciana, Espanha, concluindo-se em 3:57.35 horas.<\/li>\n<li>O vencedor foi o italiano Christian Scaroni (XDS Astana), que bateu ao sprint o colombiano Diego Pescador (Movistar) e o italiano Antonio Tiberi (Bahrain Victorious), todos com o mesmo tempo.<\/li>\n<li>Morgado, de 21 anos, terminou a 1,08 minutos do grupo principal, ficando na oitava posi\u00e7\u00e3o.<\/li>\n<li>A forma\u00e7\u00e3o nacional Anicolor-Campicarn teve Carson Miles como melhor classificado, em 44.\u00ba lugar a 4,55 minutos de Scaroni; o franc\u00eas Alexis Gu\u00e9rin foi um dos tr\u00eas desistentes da equipa.<\/li>\n<\/ul>\n","protected":false},"author":2,"featured_media":167526,"comment_status":"closed","ping_status":"closed","sticky":false,"template":"","format":"standard","meta":{"footnotes":""},"categories":[21],"tags":[923,152,2031,2203,1014,3997],"class_list":["post-167522","post","type-post","status-publish","format-standard","has-post-thumbnail","hentry","category-desporto","tag-ciclismo","tag-desporto","tag-espanha","tag-morgado","tag-portugal","tag-uae-emirates"],"yoast_head":"<!-- This site is optimized with the Yoast SEO plugin v27.2 - https:\/\/yoast.com\/product\/yoast-seo-wordpress\/ -->\n<title>Ant\u00f3nio Morgado inicia temporada com 8.\u00ba lugar na Cl\u00e1ssica Camp de Morvedre - Portal Tela Portugal<\/title>\n<meta name=\"robots\" content=\"index, follow, max-snippet:-1, max-image-preview:large, max-video-preview:-1\" \/>\n<meta property=\"og:locale\" content=\"pt_PT\" \/>\n<meta property=\"og:type\" content=\"article\" \/>\n<meta property=\"og:title\" content=\"Ant\u00f3nio Morgado inicia temporada com 8.\u00ba lugar na Cl\u00e1ssica Camp de Morvedre - Portal Tela Portugal\" \/>\n<meta property=\"og:description\" content=\"Ant\u00f3nio Morgado (UAE Emirates) foi o \u00fanico portugu\u00eas na Cl\u00e1ssica Camp de Morvedre e terminou em oitavo lugar, na sua primeira corrida de 2026, num grupo a 1,08 minutos do vencedor. A prova percorreu 163,4 quil\u00f3metros, entre in\u00edcio e fim em Estivella, na Comunidade Valenciana, Espanha, concluindo-se em 3:57.35 horas. O vencedor foi o italiano Christian Scaroni (XDS Astana), que bateu ao sprint o colombiano Diego Pescador (Movistar) e o italiano Antonio Tiberi (Bahrain Victorious), todos com o mesmo tempo. Morgado, de 21 anos, terminou a 1,08 minutos do grupo principal, ficando na oitava posi\u00e7\u00e3o. A forma\u00e7\u00e3o nacional Anicolor-Campicarn teve Carson Miles como melhor classificado, em 44.\u00ba lugar a 4,55 minutos de Scaroni; o franc\u00eas Alexis Gu\u00e9rin foi um dos tr\u00eas desistentes da equipa.\" \/>\n<meta property=\"og:url\" content=\"https:\/\/portaltela.pt\/noticias\/2026\/01\/23\/antonio-morgado-inicia-temporada-com-8-o-lugar-na-classica-camp-de-morvedre\/\" \/>\n<meta property=\"og:site_name\" content=\"Portal Tela Portugal\" \/>\n<meta property=\"article:published_time\" content=\"2026-01-23T16:46:26+00:00\" \/>\n<meta name=\"author\" content=\"Telinha\" \/>\n<meta name=\"twitter:card\" content=\"summary_large_image\" \/>\n<meta name=\"twitter:label1\" content=\"Escrito por\" \/>\n\t<meta name=\"twitter:data1\" content=\"Telinha\" \/>\n\t<meta name=\"twitter:label2\" content=\"Tempo estimado de leitura\" \/>\n\t<meta name=\"twitter:data2\" content=\"1 minuto\" \/>\n<script type=\"application\/ld+json\" class=\"yoast-schema-graph\">{\"@context\":\"https:\/\/schema.org\",\"@graph\":[{\"@type\":\"Article\",\"@id\":\"https:\/\/portaltela.pt\/noticias\/2026\/01\/23\/antonio-morgado-inicia-temporada-com-8-o-lugar-na-classica-camp-de-morvedre\/#article\",\"isPartOf\":{\"@id\":\"https:\/\/portaltela.pt\/noticias\/2026\/01\/23\/antonio-morgado-inicia-temporada-com-8-o-lugar-na-classica-camp-de-morvedre\/\"},\"author\":{\"name\":\"Telinha\",\"@id\":\"https:\/\/portaltela.pt\/#\/schema\/person\/c4278d4a6028830caff9ee44b42d32ed\"},\"headline\":\"Ant\u00f3nio Morgado inicia temporada com 8.\u00ba lugar na Cl\u00e1ssica Camp de Morvedre\",\"datePublished\":\"2026-01-23T16:46:26+00:00\",\"mainEntityOfPage\":{\"@id\":\"https:\/\/portaltela.pt\/noticias\/2026\/01\/23\/antonio-morgado-inicia-temporada-com-8-o-lugar-na-classica-camp-de-morvedre\/\"},\"wordCount\":221,\"image\":{\"@id\":\"https:\/\/portaltela.pt\/noticias\/2026\/01\/23\/antonio-morgado-inicia-temporada-com-8-o-lugar-na-classica-camp-de-morvedre\/#primaryimage\"},\"thumbnailUrl\":\"https:\/\/portaltela.pt\/s.01k8rhncp4jt1\/2026\/01\/img_920x518uu2025-06-27-19-45-38-2372452.jpg\",\"keywords\":[\"ciclismo\",\"desporto\",\"Espanha\",\"Morgado\",\"Portugal\",\"UAE Emirates\"],\"articleSection\":[\"Desporto\"],\"inLanguage\":\"pt-PT\"},{\"@type\":\"WebPage\",\"@id\":\"https:\/\/portaltela.pt\/noticias\/2026\/01\/23\/antonio-morgado-inicia-temporada-com-8-o-lugar-na-classica-camp-de-morvedre\/\",\"url\":\"https:\/\/portaltela.pt\/noticias\/2026\/01\/23\/antonio-morgado-inicia-temporada-com-8-o-lugar-na-classica-camp-de-morvedre\/\",\"name\":\"Ant\u00f3nio Morgado inicia temporada com 8.\u00ba lugar na Cl\u00e1ssica Camp de Morvedre - Portal Tela Portugal\",\"isPartOf\":{\"@id\":\"https:\/\/portaltela.pt\/#website\"},\"primaryImageOfPage\":{\"@id\":\"https:\/\/portaltela.pt\/noticias\/2026\/01\/23\/antonio-morgado-inicia-temporada-com-8-o-lugar-na-classica-camp-de-morvedre\/#primaryimage\"},\"image\":{\"@id\":\"https:\/\/portaltela.pt\/noticias\/2026\/01\/23\/antonio-morgado-inicia-temporada-com-8-o-lugar-na-classica-camp-de-morvedre\/#primaryimage\"},\"thumbnailUrl\":\"https:\/\/portaltela.pt\/s.01k8rhncp4jt1\/2026\/01\/img_920x518uu2025-06-27-19-45-38-2372452.jpg\",\"datePublished\":\"2026-01-23T16:46:26+00:00\",\"author\":{\"@id\":\"https:\/\/portaltela.pt\/#\/schema\/person\/c4278d4a6028830caff9ee44b42d32ed\"},\"breadcrumb\":{\"@id\":\"https:\/\/portaltela.pt\/noticias\/2026\/01\/23\/antonio-morgado-inicia-temporada-com-8-o-lugar-na-classica-camp-de-morvedre\/#breadcrumb\"},\"inLanguage\":\"pt-PT\",\"potentialAction\":[{\"@type\":\"ReadAction\",\"target\":[\"https:\/\/portaltela.pt\/noticias\/2026\/01\/23\/antonio-morgado-inicia-temporada-com-8-o-lugar-na-classica-camp-de-morvedre\/\"]}]},{\"@type\":\"ImageObject\",\"inLanguage\":\"pt-PT\",\"@id\":\"https:\/\/portaltela.pt\/noticias\/2026\/01\/23\/antonio-morgado-inicia-temporada-com-8-o-lugar-na-classica-camp-de-morvedre\/#primaryimage\",\"url\":\"https:\/\/portaltela.pt\/s.01k8rhncp4jt1\/2026\/01\/img_920x518uu2025-06-27-19-45-38-2372452.jpg\",\"contentUrl\":\"https:\/\/portaltela.pt\/s.01k8rhncp4jt1\/2026\/01\/img_920x518uu2025-06-27-19-45-38-2372452.jpg\",\"width\":796,\"height\":448,\"caption\":\"Ant\u00f3nio Morgado\"},{\"@type\":\"BreadcrumbList\",\"@id\":\"https:\/\/portaltela.pt\/noticias\/2026\/01\/23\/antonio-morgado-inicia-temporada-com-8-o-lugar-na-classica-camp-de-morvedre\/#breadcrumb\",\"itemListElement\":[{\"@type\":\"ListItem\",\"position\":1,\"name\":\"In\u00edcio\",\"item\":\"https:\/\/portaltela.pt\/\"},{\"@type\":\"ListItem\",\"position\":2,\"name\":\"Ant\u00f3nio Morgado inicia temporada com 8.\u00ba lugar na Cl\u00e1ssica Camp de Morvedre\"}]},{\"@type\":\"WebSite\",\"@id\":\"https:\/\/portaltela.pt\/#website\",\"url\":\"https:\/\/portaltela.pt\/\",\"name\":\"Portal Tela Portugal\",\"description\":\"\",\"potentialAction\":[{\"@type\":\"SearchAction\",\"target\":{\"@type\":\"EntryPoint\",\"urlTemplate\":\"https:\/\/portaltela.pt\/?s={search_term_string}\"},\"query-input\":{\"@type\":\"PropertyValueSpecification\",\"valueRequired\":true,\"valueName\":\"search_term_string\"}}],\"inLanguage\":\"pt-PT\"},{\"@type\":\"Person\",\"@id\":\"https:\/\/portaltela.pt\/#\/schema\/person\/c4278d4a6028830caff9ee44b42d32ed\",\"name\":\"Telinha\",\"image\":{\"@type\":\"ImageObject\",\"inLanguage\":\"pt-PT\",\"@id\":\"https:\/\/portaltela.pt\/s.01k8rhncp4jt1\/2025\/11\/talking-bot-125x125.png\",\"url\":\"https:\/\/portaltela.pt\/s.01k8rhncp4jt1\/2025\/11\/talking-bot-125x125.png\",\"contentUrl\":\"https:\/\/portaltela.pt\/s.01k8rhncp4jt1\/2025\/11\/talking-bot-125x125.png\",\"caption\":\"Telinha\"},\"sameAs\":[\"https:\/\/portaltela.pt\/\"],\"url\":\"https:\/\/portaltela.pt\/por\/367410592786\/\"}]}<\/script>\n<!-- \/ Yoast SEO plugin. -->","yoast_head_json":{"title":"Ant\u00f3nio Morgado inicia temporada com 8.\u00ba lugar na Cl\u00e1ssica Camp de Morvedre - Portal Tela Portugal","robots":{"index":"index","follow":"follow","max-snippet":"max-snippet:-1","max-image-preview":"max-image-preview:large","max-video-preview":"max-video-preview:-1"},"og_locale":"pt_PT","og_type":"article","og_title":"Ant\u00f3nio Morgado inicia temporada com 8.\u00ba lugar na Cl\u00e1ssica Camp de Morvedre - Portal Tela Portugal","og_description":"Ant\u00f3nio Morgado (UAE Emirates) foi o \u00fanico portugu\u00eas na Cl\u00e1ssica Camp de Morvedre e terminou em oitavo lugar, na sua primeira corrida de 2026, num grupo a 1,08 minutos do vencedor. A prova percorreu 163,4 quil\u00f3metros, entre in\u00edcio e fim em Estivella, na Comunidade Valenciana, Espanha, concluindo-se em 3:57.35 horas. O vencedor foi o italiano Christian Scaroni (XDS Astana), que bateu ao sprint o colombiano Diego Pescador (Movistar) e o italiano Antonio Tiberi (Bahrain Victorious), todos com o mesmo tempo. Morgado, de 21 anos, terminou a 1,08 minutos do grupo principal, ficando na oitava posi\u00e7\u00e3o. A forma\u00e7\u00e3o nacional Anicolor-Campicarn teve Carson Miles como melhor classificado, em 44.\u00ba lugar a 4,55 minutos de Scaroni; o franc\u00eas Alexis Gu\u00e9rin foi um dos tr\u00eas desistentes da equipa.","og_url":"https:\/\/portaltela.pt\/noticias\/2026\/01\/23\/antonio-morgado-inicia-temporada-com-8-o-lugar-na-classica-camp-de-morvedre\/","og_site_name":"Portal Tela Portugal","article_published_time":"2026-01-23T16:46:26+00:00","author":"Telinha","twitter_card":"summary_large_image","twitter_misc":{"Escrito por":"Telinha","Tempo estimado de leitura":"1 minuto"},"schema":{"@context":"https:\/\/schema.org","@graph":[{"@type":"Article","@id":"https:\/\/portaltela.pt\/noticias\/2026\/01\/23\/antonio-morgado-inicia-temporada-com-8-o-lugar-na-classica-camp-de-morvedre\/#article","isPartOf":{"@id":"https:\/\/portaltela.pt\/noticias\/2026\/01\/23\/antonio-morgado-inicia-temporada-com-8-o-lugar-na-classica-camp-de-morvedre\/"},"author":{"name":"Telinha","@id":"https:\/\/portaltela.pt\/#\/schema\/person\/c4278d4a6028830caff9ee44b42d32ed"},"headline":"Ant\u00f3nio Morgado inicia temporada com 8.\u00ba lugar na Cl\u00e1ssica Camp de Morvedre","datePublished":"2026-01-23T16:46:26+00:00","mainEntityOfPage":{"@id":"https:\/\/portaltela.pt\/noticias\/2026\/01\/23\/antonio-morgado-inicia-temporada-com-8-o-lugar-na-classica-camp-de-morvedre\/"},"wordCount":221,"image":{"@id":"https:\/\/portaltela.pt\/noticias\/2026\/01\/23\/antonio-morgado-inicia-temporada-com-8-o-lugar-na-classica-camp-de-morvedre\/#primaryimage"},"thumbnailUrl":"https:\/\/portaltela.pt\/s.01k8rhncp4jt1\/2026\/01\/img_920x518uu2025-06-27-19-45-38-2372452.jpg","keywords":["ciclismo","desporto","Espanha","Morgado","Portugal","UAE Emirates"],"articleSection":["Desporto"],"inLanguage":"pt-PT"},{"@type":"WebPage","@id":"https:\/\/portaltela.pt\/noticias\/2026\/01\/23\/antonio-morgado-inicia-temporada-com-8-o-lugar-na-classica-camp-de-morvedre\/","url":"https:\/\/portaltela.pt\/noticias\/2026\/01\/23\/antonio-morgado-inicia-temporada-com-8-o-lugar-na-classica-camp-de-morvedre\/","name":"Ant\u00f3nio Morgado inicia temporada com 8.\u00ba lugar na Cl\u00e1ssica Camp de Morvedre - Portal Tela Portugal","isPartOf":{"@id":"https:\/\/portaltela.pt\/#website"},"primaryImageOfPage":{"@id":"https:\/\/portaltela.pt\/noticias\/2026\/01\/23\/antonio-morgado-inicia-temporada-com-8-o-lugar-na-classica-camp-de-morvedre\/#primaryimage"},"image":{"@id":"https:\/\/portaltela.pt\/noticias\/2026\/01\/23\/antonio-morgado-inicia-temporada-com-8-o-lugar-na-classica-camp-de-morvedre\/#primaryimage"},"thumbnailUrl":"https:\/\/portaltela.pt\/s.01k8rhncp4jt1\/2026\/01\/img_920x518uu2025-06-27-19-45-38-2372452.jpg","datePublished":"2026-01-23T16:46:26+00:00","author":{"@id":"https:\/\/portaltela.pt\/#\/schema\/person\/c4278d4a6028830caff9ee44b42d32ed"},"breadcrumb":{"@id":"https:\/\/portaltela.pt\/noticias\/2026\/01\/23\/antonio-morgado-inicia-temporada-com-8-o-lugar-na-classica-camp-de-morvedre\/#breadcrumb"},"inLanguage":"pt-PT","potentialAction":[{"@type":"ReadAction","target":["https:\/\/portaltela.pt\/noticias\/2026\/01\/23\/antonio-morgado-inicia-temporada-com-8-o-lugar-na-classica-camp-de-morvedre\/"]}]},{"@type":"ImageObject","inLanguage":"pt-PT","@id":"https:\/\/portaltela.pt\/noticias\/2026\/01\/23\/antonio-morgado-inicia-temporada-com-8-o-lugar-na-classica-camp-de-morvedre\/#primaryimage","url":"https:\/\/portaltela.pt\/s.01k8rhncp4jt1\/2026\/01\/img_920x518uu2025-06-27-19-45-38-2372452.jpg","contentUrl":"https:\/\/portaltela.pt\/s.01k8rhncp4jt1\/2026\/01\/img_920x518uu2025-06-27-19-45-38-2372452.jpg","width":796,"height":448,"caption":"Ant\u00f3nio Morgado"},{"@type":"BreadcrumbList","@id":"https:\/\/portaltela.pt\/noticias\/2026\/01\/23\/antonio-morgado-inicia-temporada-com-8-o-lugar-na-classica-camp-de-morvedre\/#breadcrumb","itemListElement":[{"@type":"ListItem","position":1,"name":"In\u00edcio","item":"https:\/\/portaltela.pt\/"},{"@type":"ListItem","position":2,"name":"Ant\u00f3nio Morgado inicia temporada com 8.\u00ba lugar na Cl\u00e1ssica Camp de Morvedre"}]},{"@type":"WebSite","@id":"https:\/\/portaltela.pt\/#website","url":"https:\/\/portaltela.pt\/","name":"Portal Tela Portugal","description":"","potentialAction":[{"@type":"SearchAction","target":{"@type":"EntryPoint","urlTemplate":"https:\/\/portaltela.pt\/?s={search_term_string}"},"query-input":{"@type":"PropertyValueSpecification","valueRequired":true,"valueName":"search_term_string"}}],"inLanguage":"pt-PT"},{"@type":"Person","@id":"https:\/\/portaltela.pt\/#\/schema\/person\/c4278d4a6028830caff9ee44b42d32ed","name":"Telinha","image":{"@type":"ImageObject","inLanguage":"pt-PT","@id":"https:\/\/portaltela.pt\/s.01k8rhncp4jt1\/2025\/11\/talking-bot-125x125.png","url":"https:\/\/portaltela.pt\/s.01k8rhncp4jt1\/2025\/11\/talking-bot-125x125.png","contentUrl":"https:\/\/portaltela.pt\/s.01k8rhncp4jt1\/2025\/11\/talking-bot-125x125.png","caption":"Telinha"},"sameAs":["https:\/\/portaltela.pt\/"],"url":"https:\/\/portaltela.pt\/por\/367410592786\/"}]}},"_links":{"self":[{"href":"https:\/\/portaltela.pt\/api\/wp\/v2\/posts\/167522","targetHints":{"allow":["GET"]}}],"collection":[{"href":"https:\/\/portaltela.pt\/api\/wp\/v2\/posts"}],"about":[{"href":"https:\/\/portaltela.pt\/api\/wp\/v2\/types\/post"}],"author":[{"embeddable":true,"href":"https:\/\/portaltela.pt\/api\/wp\/v2\/users\/2"}],"replies":[{"embeddable":true,"href":"https:\/\/portaltela.pt\/api\/wp\/v2\/comments?post=167522"}],"version-history":[{"count":0,"href":"https:\/\/portaltela.pt\/api\/wp\/v2\/posts\/167522\/revisions"}],"wp:featuredmedia":[{"embeddable":true,"href":"https:\/\/portaltela.pt\/api\/wp\/v2\/media\/167526"}],"wp:attachment":[{"href":"https:\/\/portaltela.pt\/api\/wp\/v2\/media?parent=167522"}],"wp:term":[{"taxonomy":"category","embeddable":true,"href":"https:\/\/portaltela.pt\/api\/wp\/v2\/categories?post=167522"},{"taxonomy":"post_tag","embeddable":true,"href":"https:\/\/portaltela.pt\/api\/wp\/v2\/tags?post=167522"}],"curies":[{"name":"wp","href":"https:\/\/api.w.org\/{rel}","templated":true}]}}