{"id":167499,"date":"2026-01-23T13:31:50","date_gmt":"2026-01-23T16:31:50","guid":{"rendered":"https:\/\/portaltela.pt\/noticias\/2026\/01\/23\/homem-de-45-anos-morre-em-abrantes-apos-esperar-mais-de-20-minutos-por-socorro-4\/"},"modified":"2026-01-23T13:31:50","modified_gmt":"2026-01-23T16:31:50","slug":"homem-de-45-anos-morre-em-abrantes-apos-esperar-mais-de-20-minutos-por-socorro-4","status":"publish","type":"post","link":"https:\/\/portaltela.pt\/noticias\/2026\/01\/23\/homem-de-45-anos-morre-em-abrantes-apos-esperar-mais-de-20-minutos-por-socorro-4\/","title":{"rendered":"Homem de 45 anos morre em Abrantes ap\u00f3s esperar mais de 20 minutos por socorro"},"content":{"rendered":"<p>Um homem de 45 anos morreu em Abrantes, na quinta-feira, ap\u00f3s aguardar mais de 20 minutos pelos meios de socorro. O tempo de resposta, definido pelo INEM como oito minutos para situa\u00e7\u00f5es P1, n\u00e3o foi cumprido.<\/p>\n<p>A ocorr\u00eancia ocorreu junto \u00e0 esta\u00e7\u00e3o de comboios, com a chamada recebida \u00e0s 7h34. O caso envolve um homem em paragem card\u00edaca, classificado como P1, cujo primeiro alerta foi registado \u00e0s 7h29. Foi enviada a ambul\u00e2ncia dos Bombeiros Volunt\u00e1rios de Abrantes e a VMER do M\u00e9dio Tejo.<\/p>\n<p>O comandante dos Bombeiros de Abrantes indicou que, com as atuais estradas, cumprir o tempo de oito minutos n\u00e3o \u00e9 vi\u00e1vel. Em dias de tr\u00e2nsito intenso e cami\u00f5es, o percurso pode demorar entre 35 e 40 minutos.<\/p>\n<h3>Sistema de prioridades do INEM<\/h3>\n<p>O STEPH confirmou que houve v\u00e1rias dezenas de ocorr\u00eancias em espera na tarde de quinta-feira, com mais de 60 casos simult\u00e2neos e tempos de espera superiores aos definidos pelo INEM. O novo sistema classifica P1 como risco imediato de vida, com chegada prevista em oito minutos, P2 em 18 minutos, P3 em at\u00e9 60 minutos e P4 em 120 minutos. As ocorr\u00eancias P5 s\u00e3o transferidas para a Linha SNS24.<\/p>\n","protected":false},"excerpt":{"rendered":"<ul>\n<li>Homem de 45 anos morreu em Abrantes depois de esperar mais de vinte minutos por meios de socorro, numa ocorr\u00eancia classificada como P1 (emergente).<\/li>\n<li>O incidente ocorreu junto \u00e0 esta\u00e7\u00e3o de comboios; os bombeiros foram acionados \u00e0s 7h34 e o tempo de chegada do INEM era de at\u00e9 oito minutos.<\/li>\n<li>A ambul\u00e2ncia dos Bombeiros Volunt\u00e1rios de Abrantes e a Viatura M\u00e9dica de Emerg\u00eancia e Reanima\u00e7\u00e3o chegaram ao local.<\/li>\n<li>O comandante dos bombeiros afirmou que, devido ao tr\u00e2nsito e a cami\u00f5es, n\u00e3o \u00e9 poss\u00edvel cumprir os oito minutos previstos pelo INEM, com chegadas que podem chegar a 35 a 40 minutos.<\/li>\n<li>O Sindicato dos T\u00e9cnicos de Emerg\u00eancia Pr\u00e9-Hospitalar indicou que houve v\u00e1rias dezenas de ocorr\u00eancias em espera na tarde de quinta-feira, com tempos de espera superiores aos crit\u00e9rios do INEM, que definiu o novo regime de prioridades (P1 at\u00e9 oito minutos, P2 at\u00e9 18, P3 at\u00e9 60, P4 at\u00e9 120).<\/li>\n<\/ul>\n","protected":false},"author":2,"featured_media":167509,"comment_status":"closed","ping_status":"closed","sticky":false,"template":"","format":"standard","meta":{"footnotes":""},"categories":[1],"tags":[1263,971,1935,1922,3881,1899],"class_list":["post-167499","post","type-post","status-publish","format-standard","has-post-thumbnail","hentry","category-noticias","tag-abrantes","tag-bombeiros","tag-emergencias","tag-inem","tag-sns24","tag-urgencias"],"yoast_head":"<!-- This site is optimized with the Yoast SEO plugin v27.2 - https:\/\/yoast.com\/product\/yoast-seo-wordpress\/ -->\n<title>Homem de 45 anos morre em Abrantes ap\u00f3s esperar mais de 20 minutos por socorro - Portal Tela Portugal<\/title>\n<meta name=\"robots\" content=\"index, follow, max-snippet:-1, max-image-preview:large, max-video-preview:-1\" \/>\n<meta property=\"og:locale\" content=\"pt_PT\" \/>\n<meta property=\"og:type\" content=\"article\" \/>\n<meta property=\"og:title\" content=\"Homem de 45 anos morre em Abrantes ap\u00f3s esperar mais de 20 minutos por socorro - Portal Tela Portugal\" \/>\n<meta property=\"og:description\" content=\"Homem de 45 anos morreu em Abrantes depois de esperar mais de vinte minutos por meios de socorro, numa ocorr\u00eancia classificada como P1 (emergente). O incidente ocorreu junto \u00e0 esta\u00e7\u00e3o de comboios; os bombeiros foram acionados \u00e0s 7h34 e o tempo de chegada do INEM era de at\u00e9 oito minutos. A ambul\u00e2ncia dos Bombeiros Volunt\u00e1rios de Abrantes e a Viatura M\u00e9dica de Emerg\u00eancia e Reanima\u00e7\u00e3o chegaram ao local. O comandante dos bombeiros afirmou que, devido ao tr\u00e2nsito e a cami\u00f5es, n\u00e3o \u00e9 poss\u00edvel cumprir os oito minutos previstos pelo INEM, com chegadas que podem chegar a 35 a 40 minutos. O Sindicato dos T\u00e9cnicos de Emerg\u00eancia Pr\u00e9-Hospitalar indicou que houve v\u00e1rias dezenas de ocorr\u00eancias em espera na tarde de quinta-feira, com tempos de espera superiores aos crit\u00e9rios do INEM, que definiu o novo regime de prioridades (P1 at\u00e9 oito minutos, P2 at\u00e9 18, P3 at\u00e9 60, P4 at\u00e9 120).\" \/>\n<meta property=\"og:url\" content=\"https:\/\/portaltela.pt\/noticias\/2026\/01\/23\/homem-de-45-anos-morre-em-abrantes-apos-esperar-mais-de-20-minutos-por-socorro-4\/\" \/>\n<meta property=\"og:site_name\" content=\"Portal Tela Portugal\" \/>\n<meta property=\"article:published_time\" content=\"2026-01-23T16:31:50+00:00\" \/>\n<meta name=\"author\" content=\"Telinha\" \/>\n<meta name=\"twitter:card\" content=\"summary_large_image\" \/>\n<meta name=\"twitter:label1\" content=\"Escrito por\" \/>\n\t<meta name=\"twitter:data1\" content=\"Telinha\" \/>\n\t<meta name=\"twitter:label2\" content=\"Tempo estimado de leitura\" \/>\n\t<meta name=\"twitter:data2\" content=\"1 minuto\" \/>\n<script type=\"application\/ld+json\" class=\"yoast-schema-graph\">{\"@context\":\"https:\/\/schema.org\",\"@graph\":[{\"@type\":\"Article\",\"@id\":\"https:\/\/portaltela.pt\/noticias\/2026\/01\/23\/homem-de-45-anos-morre-em-abrantes-apos-esperar-mais-de-20-minutos-por-socorro-4\/#article\",\"isPartOf\":{\"@id\":\"https:\/\/portaltela.pt\/noticias\/2026\/01\/23\/homem-de-45-anos-morre-em-abrantes-apos-esperar-mais-de-20-minutos-por-socorro-4\/\"},\"author\":{\"name\":\"Telinha\",\"@id\":\"https:\/\/portaltela.pt\/#\/schema\/person\/c4278d4a6028830caff9ee44b42d32ed\"},\"headline\":\"Homem de 45 anos morre em Abrantes ap\u00f3s esperar mais de 20 minutos por socorro\",\"datePublished\":\"2026-01-23T16:31:50+00:00\",\"mainEntityOfPage\":{\"@id\":\"https:\/\/portaltela.pt\/noticias\/2026\/01\/23\/homem-de-45-anos-morre-em-abrantes-apos-esperar-mais-de-20-minutos-por-socorro-4\/\"},\"wordCount\":216,\"image\":{\"@id\":\"https:\/\/portaltela.pt\/noticias\/2026\/01\/23\/homem-de-45-anos-morre-em-abrantes-apos-esperar-mais-de-20-minutos-por-socorro-4\/#primaryimage\"},\"thumbnailUrl\":\"https:\/\/portaltela.pt\/s.01k8rhncp4jt1\/2026\/01\/img_920x518uu2025-03-28-12-08-43-2352307-2.jpg\",\"keywords\":[\"Abrantes\",\"bombeiros\",\"emerg\u00eancias\",\"INEM\",\"SNS24\",\"urg\u00eancias\"],\"articleSection\":[\"Not\u00edcias\"],\"inLanguage\":\"pt-PT\"},{\"@type\":\"WebPage\",\"@id\":\"https:\/\/portaltela.pt\/noticias\/2026\/01\/23\/homem-de-45-anos-morre-em-abrantes-apos-esperar-mais-de-20-minutos-por-socorro-4\/\",\"url\":\"https:\/\/portaltela.pt\/noticias\/2026\/01\/23\/homem-de-45-anos-morre-em-abrantes-apos-esperar-mais-de-20-minutos-por-socorro-4\/\",\"name\":\"Homem de 45 anos morre em Abrantes ap\u00f3s esperar mais de 20 minutos por socorro - Portal Tela Portugal\",\"isPartOf\":{\"@id\":\"https:\/\/portaltela.pt\/#website\"},\"primaryImageOfPage\":{\"@id\":\"https:\/\/portaltela.pt\/noticias\/2026\/01\/23\/homem-de-45-anos-morre-em-abrantes-apos-esperar-mais-de-20-minutos-por-socorro-4\/#primaryimage\"},\"image\":{\"@id\":\"https:\/\/portaltela.pt\/noticias\/2026\/01\/23\/homem-de-45-anos-morre-em-abrantes-apos-esperar-mais-de-20-minutos-por-socorro-4\/#primaryimage\"},\"thumbnailUrl\":\"https:\/\/portaltela.pt\/s.01k8rhncp4jt1\/2026\/01\/img_920x518uu2025-03-28-12-08-43-2352307-2.jpg\",\"datePublished\":\"2026-01-23T16:31:50+00:00\",\"author\":{\"@id\":\"https:\/\/portaltela.pt\/#\/schema\/person\/c4278d4a6028830caff9ee44b42d32ed\"},\"breadcrumb\":{\"@id\":\"https:\/\/portaltela.pt\/noticias\/2026\/01\/23\/homem-de-45-anos-morre-em-abrantes-apos-esperar-mais-de-20-minutos-por-socorro-4\/#breadcrumb\"},\"inLanguage\":\"pt-PT\",\"potentialAction\":[{\"@type\":\"ReadAction\",\"target\":[\"https:\/\/portaltela.pt\/noticias\/2026\/01\/23\/homem-de-45-anos-morre-em-abrantes-apos-esperar-mais-de-20-minutos-por-socorro-4\/\"]}]},{\"@type\":\"ImageObject\",\"inLanguage\":\"pt-PT\",\"@id\":\"https:\/\/portaltela.pt\/noticias\/2026\/01\/23\/homem-de-45-anos-morre-em-abrantes-apos-esperar-mais-de-20-minutos-por-socorro-4\/#primaryimage\",\"url\":\"https:\/\/portaltela.pt\/s.01k8rhncp4jt1\/2026\/01\/img_920x518uu2025-03-28-12-08-43-2352307-2.jpg\",\"contentUrl\":\"https:\/\/portaltela.pt\/s.01k8rhncp4jt1\/2026\/01\/img_920x518uu2025-03-28-12-08-43-2352307-2.jpg\",\"width\":796,\"height\":448,\"caption\":\"Bombeiros\"},{\"@type\":\"BreadcrumbList\",\"@id\":\"https:\/\/portaltela.pt\/noticias\/2026\/01\/23\/homem-de-45-anos-morre-em-abrantes-apos-esperar-mais-de-20-minutos-por-socorro-4\/#breadcrumb\",\"itemListElement\":[{\"@type\":\"ListItem\",\"position\":1,\"name\":\"In\u00edcio\",\"item\":\"https:\/\/portaltela.pt\/\"},{\"@type\":\"ListItem\",\"position\":2,\"name\":\"Homem de 45 anos morre em Abrantes ap\u00f3s esperar mais de 20 minutos por socorro\"}]},{\"@type\":\"WebSite\",\"@id\":\"https:\/\/portaltela.pt\/#website\",\"url\":\"https:\/\/portaltela.pt\/\",\"name\":\"Portal Tela Portugal\",\"description\":\"\",\"potentialAction\":[{\"@type\":\"SearchAction\",\"target\":{\"@type\":\"EntryPoint\",\"urlTemplate\":\"https:\/\/portaltela.pt\/?s={search_term_string}\"},\"query-input\":{\"@type\":\"PropertyValueSpecification\",\"valueRequired\":true,\"valueName\":\"search_term_string\"}}],\"inLanguage\":\"pt-PT\"},{\"@type\":\"Person\",\"@id\":\"https:\/\/portaltela.pt\/#\/schema\/person\/c4278d4a6028830caff9ee44b42d32ed\",\"name\":\"Telinha\",\"image\":{\"@type\":\"ImageObject\",\"inLanguage\":\"pt-PT\",\"@id\":\"https:\/\/portaltela.pt\/s.01k8rhncp4jt1\/2025\/11\/talking-bot-125x125.png\",\"url\":\"https:\/\/portaltela.pt\/s.01k8rhncp4jt1\/2025\/11\/talking-bot-125x125.png\",\"contentUrl\":\"https:\/\/portaltela.pt\/s.01k8rhncp4jt1\/2025\/11\/talking-bot-125x125.png\",\"caption\":\"Telinha\"},\"sameAs\":[\"https:\/\/portaltela.pt\/\"],\"url\":\"https:\/\/portaltela.pt\/por\/367410592786\/\"}]}<\/script>\n<!-- \/ Yoast SEO plugin. -->","yoast_head_json":{"title":"Homem de 45 anos morre em Abrantes ap\u00f3s esperar mais de 20 minutos por socorro - Portal Tela Portugal","robots":{"index":"index","follow":"follow","max-snippet":"max-snippet:-1","max-image-preview":"max-image-preview:large","max-video-preview":"max-video-preview:-1"},"og_locale":"pt_PT","og_type":"article","og_title":"Homem de 45 anos morre em Abrantes ap\u00f3s esperar mais de 20 minutos por socorro - Portal Tela Portugal","og_description":"Homem de 45 anos morreu em Abrantes depois de esperar mais de vinte minutos por meios de socorro, numa ocorr\u00eancia classificada como P1 (emergente). O incidente ocorreu junto \u00e0 esta\u00e7\u00e3o de comboios; os bombeiros foram acionados \u00e0s 7h34 e o tempo de chegada do INEM era de at\u00e9 oito minutos. A ambul\u00e2ncia dos Bombeiros Volunt\u00e1rios de Abrantes e a Viatura M\u00e9dica de Emerg\u00eancia e Reanima\u00e7\u00e3o chegaram ao local. O comandante dos bombeiros afirmou que, devido ao tr\u00e2nsito e a cami\u00f5es, n\u00e3o \u00e9 poss\u00edvel cumprir os oito minutos previstos pelo INEM, com chegadas que podem chegar a 35 a 40 minutos. O Sindicato dos T\u00e9cnicos de Emerg\u00eancia Pr\u00e9-Hospitalar indicou que houve v\u00e1rias dezenas de ocorr\u00eancias em espera na tarde de quinta-feira, com tempos de espera superiores aos crit\u00e9rios do INEM, que definiu o novo regime de prioridades (P1 at\u00e9 oito minutos, P2 at\u00e9 18, P3 at\u00e9 60, P4 at\u00e9 120).","og_url":"https:\/\/portaltela.pt\/noticias\/2026\/01\/23\/homem-de-45-anos-morre-em-abrantes-apos-esperar-mais-de-20-minutos-por-socorro-4\/","og_site_name":"Portal Tela Portugal","article_published_time":"2026-01-23T16:31:50+00:00","author":"Telinha","twitter_card":"summary_large_image","twitter_misc":{"Escrito por":"Telinha","Tempo estimado de leitura":"1 minuto"},"schema":{"@context":"https:\/\/schema.org","@graph":[{"@type":"Article","@id":"https:\/\/portaltela.pt\/noticias\/2026\/01\/23\/homem-de-45-anos-morre-em-abrantes-apos-esperar-mais-de-20-minutos-por-socorro-4\/#article","isPartOf":{"@id":"https:\/\/portaltela.pt\/noticias\/2026\/01\/23\/homem-de-45-anos-morre-em-abrantes-apos-esperar-mais-de-20-minutos-por-socorro-4\/"},"author":{"name":"Telinha","@id":"https:\/\/portaltela.pt\/#\/schema\/person\/c4278d4a6028830caff9ee44b42d32ed"},"headline":"Homem de 45 anos morre em Abrantes ap\u00f3s esperar mais de 20 minutos por socorro","datePublished":"2026-01-23T16:31:50+00:00","mainEntityOfPage":{"@id":"https:\/\/portaltela.pt\/noticias\/2026\/01\/23\/homem-de-45-anos-morre-em-abrantes-apos-esperar-mais-de-20-minutos-por-socorro-4\/"},"wordCount":216,"image":{"@id":"https:\/\/portaltela.pt\/noticias\/2026\/01\/23\/homem-de-45-anos-morre-em-abrantes-apos-esperar-mais-de-20-minutos-por-socorro-4\/#primaryimage"},"thumbnailUrl":"https:\/\/portaltela.pt\/s.01k8rhncp4jt1\/2026\/01\/img_920x518uu2025-03-28-12-08-43-2352307-2.jpg","keywords":["Abrantes","bombeiros","emerg\u00eancias","INEM","SNS24","urg\u00eancias"],"articleSection":["Not\u00edcias"],"inLanguage":"pt-PT"},{"@type":"WebPage","@id":"https:\/\/portaltela.pt\/noticias\/2026\/01\/23\/homem-de-45-anos-morre-em-abrantes-apos-esperar-mais-de-20-minutos-por-socorro-4\/","url":"https:\/\/portaltela.pt\/noticias\/2026\/01\/23\/homem-de-45-anos-morre-em-abrantes-apos-esperar-mais-de-20-minutos-por-socorro-4\/","name":"Homem de 45 anos morre em Abrantes ap\u00f3s esperar mais de 20 minutos por socorro - Portal Tela Portugal","isPartOf":{"@id":"https:\/\/portaltela.pt\/#website"},"primaryImageOfPage":{"@id":"https:\/\/portaltela.pt\/noticias\/2026\/01\/23\/homem-de-45-anos-morre-em-abrantes-apos-esperar-mais-de-20-minutos-por-socorro-4\/#primaryimage"},"image":{"@id":"https:\/\/portaltela.pt\/noticias\/2026\/01\/23\/homem-de-45-anos-morre-em-abrantes-apos-esperar-mais-de-20-minutos-por-socorro-4\/#primaryimage"},"thumbnailUrl":"https:\/\/portaltela.pt\/s.01k8rhncp4jt1\/2026\/01\/img_920x518uu2025-03-28-12-08-43-2352307-2.jpg","datePublished":"2026-01-23T16:31:50+00:00","author":{"@id":"https:\/\/portaltela.pt\/#\/schema\/person\/c4278d4a6028830caff9ee44b42d32ed"},"breadcrumb":{"@id":"https:\/\/portaltela.pt\/noticias\/2026\/01\/23\/homem-de-45-anos-morre-em-abrantes-apos-esperar-mais-de-20-minutos-por-socorro-4\/#breadcrumb"},"inLanguage":"pt-PT","potentialAction":[{"@type":"ReadAction","target":["https:\/\/portaltela.pt\/noticias\/2026\/01\/23\/homem-de-45-anos-morre-em-abrantes-apos-esperar-mais-de-20-minutos-por-socorro-4\/"]}]},{"@type":"ImageObject","inLanguage":"pt-PT","@id":"https:\/\/portaltela.pt\/noticias\/2026\/01\/23\/homem-de-45-anos-morre-em-abrantes-apos-esperar-mais-de-20-minutos-por-socorro-4\/#primaryimage","url":"https:\/\/portaltela.pt\/s.01k8rhncp4jt1\/2026\/01\/img_920x518uu2025-03-28-12-08-43-2352307-2.jpg","contentUrl":"https:\/\/portaltela.pt\/s.01k8rhncp4jt1\/2026\/01\/img_920x518uu2025-03-28-12-08-43-2352307-2.jpg","width":796,"height":448,"caption":"Bombeiros"},{"@type":"BreadcrumbList","@id":"https:\/\/portaltela.pt\/noticias\/2026\/01\/23\/homem-de-45-anos-morre-em-abrantes-apos-esperar-mais-de-20-minutos-por-socorro-4\/#breadcrumb","itemListElement":[{"@type":"ListItem","position":1,"name":"In\u00edcio","item":"https:\/\/portaltela.pt\/"},{"@type":"ListItem","position":2,"name":"Homem de 45 anos morre em Abrantes ap\u00f3s esperar mais de 20 minutos por socorro"}]},{"@type":"WebSite","@id":"https:\/\/portaltela.pt\/#website","url":"https:\/\/portaltela.pt\/","name":"Portal Tela Portugal","description":"","potentialAction":[{"@type":"SearchAction","target":{"@type":"EntryPoint","urlTemplate":"https:\/\/portaltela.pt\/?s={search_term_string}"},"query-input":{"@type":"PropertyValueSpecification","valueRequired":true,"valueName":"search_term_string"}}],"inLanguage":"pt-PT"},{"@type":"Person","@id":"https:\/\/portaltela.pt\/#\/schema\/person\/c4278d4a6028830caff9ee44b42d32ed","name":"Telinha","image":{"@type":"ImageObject","inLanguage":"pt-PT","@id":"https:\/\/portaltela.pt\/s.01k8rhncp4jt1\/2025\/11\/talking-bot-125x125.png","url":"https:\/\/portaltela.pt\/s.01k8rhncp4jt1\/2025\/11\/talking-bot-125x125.png","contentUrl":"https:\/\/portaltela.pt\/s.01k8rhncp4jt1\/2025\/11\/talking-bot-125x125.png","caption":"Telinha"},"sameAs":["https:\/\/portaltela.pt\/"],"url":"https:\/\/portaltela.pt\/por\/367410592786\/"}]}},"_links":{"self":[{"href":"https:\/\/portaltela.pt\/api\/wp\/v2\/posts\/167499","targetHints":{"allow":["GET"]}}],"collection":[{"href":"https:\/\/portaltela.pt\/api\/wp\/v2\/posts"}],"about":[{"href":"https:\/\/portaltela.pt\/api\/wp\/v2\/types\/post"}],"author":[{"embeddable":true,"href":"https:\/\/portaltela.pt\/api\/wp\/v2\/users\/2"}],"replies":[{"embeddable":true,"href":"https:\/\/portaltela.pt\/api\/wp\/v2\/comments?post=167499"}],"version-history":[{"count":0,"href":"https:\/\/portaltela.pt\/api\/wp\/v2\/posts\/167499\/revisions"}],"wp:featuredmedia":[{"embeddable":true,"href":"https:\/\/portaltela.pt\/api\/wp\/v2\/media\/167509"}],"wp:attachment":[{"href":"https:\/\/portaltela.pt\/api\/wp\/v2\/media?parent=167499"}],"wp:term":[{"taxonomy":"category","embeddable":true,"href":"https:\/\/portaltela.pt\/api\/wp\/v2\/categories?post=167499"},{"taxonomy":"post_tag","embeddable":true,"href":"https:\/\/portaltela.pt\/api\/wp\/v2\/tags?post=167499"}],"curies":[{"name":"wp","href":"https:\/\/api.w.org\/{rel}","templated":true}]}}