{"id":167446,"date":"2026-01-23T13:05:00","date_gmt":"2026-01-23T16:05:00","guid":{"rendered":"https:\/\/portaltela.pt\/noticias\/2026\/01\/23\/escoteiros-celebram-96-anos-da-visita-de-baden-powell-a-madeira\/"},"modified":"2026-01-23T13:05:00","modified_gmt":"2026-01-23T16:05:00","slug":"escoteiros-celebram-96-anos-da-visita-de-baden-powell-a-madeira","status":"publish","type":"post","link":"https:\/\/portaltela.pt\/noticias\/2026\/01\/23\/escoteiros-celebram-96-anos-da-visita-de-baden-powell-a-madeira\/","title":{"rendered":"Escoteiros celebram 96 anos da visita de Baden-Powell \u00e0 Madeira"},"content":{"rendered":"<p>Os Escoteiros de Portugal &#8211; Regi\u00e3o da Madeira celebram 96 anos desde a visita de Baden-Powell \u00e0 Madeira, ocorrida a 21 de janeiro de 1930. A comemora\u00e7\u00e3o ter\u00e1 lugar amanh\u00e3, 24 de janeiro, \u00e0s 14h, em formato aberto \u00e0 comunidade local.<\/p>\n<p>O evento realiza-se na Pra\u00e7a do Povo e inclui din\u00e2micas pr\u00f3prias do grupo para crian\u00e7as e jovens. A iniciativa visa partilhar momentos de participa\u00e7\u00e3o, coopera\u00e7\u00e3o e leitura de valores do movimento escotista.<\/p>\n<h3>Len\u00e7o gigante e cerim\u00f3nia<\/h3>\n<p>A a\u00e7\u00e3o principal consiste na montagem de um len\u00e7o gigante, com pe\u00e7as fornecidas por cada participante, refletindo padr\u00f5es e tecidos diversos. O len\u00e7o ser\u00e1 exposto depois numa cerim\u00f3nia no Cais da Cidade.<\/p>\n<p>Al\u00e9m da atividade, o evento encerra o tema de 2025, Diversidade e Inclus\u00e3o \u00e9 aquilo que nos une. A organiza\u00e7\u00e3o pretende real\u00e7ar valores de conviv\u00eancia, igualdade e respeito entre os participantes.<\/p>\n<h3>Temas para 2026<\/h3>\n<p>Para 2026, o tema proposto \u00e9 O Mundo nas minhas m\u00e3os &#8211; pequenas a\u00e7\u00f5es, grandes futuros, alinhado com o Ano Internacional dos Volunt\u00e1rios para o Desenvolvimento Sustent\u00e1vel da ONU.<\/p>\n","protected":false},"excerpt":{"rendered":"<ul>\n<li>Amanh\u00e3, 24 de janeiro, \u00e0s 14h, os Escoteiros de Portugal &#8211; Regi\u00e3o da Madeira celebram 96 anos da visita de Baden-Powell \u00e0 Madeira, ocorrida a 21 de janeiro de 1930, com uma atividade na Pra\u00e7a do Povo.<\/li>\n<li>A iniciativa inclui din\u00e2micas para crian\u00e7as e jovens.<\/li>\n<li>A a\u00e7\u00e3o central \u00e9 a forma\u00e7\u00e3o de um len\u00e7o gigante, com v\u00e1rios len\u00e7os dos participantes, simbolizando diversidade e inclus\u00e3o no Movimento Scout.<\/li>\n<li>O len\u00e7o ficar\u00e1 exposto numa cerim\u00f3nia no Cais da Cidade.<\/li>\n<li>O tema para 2025 \u00e9 Diversidade e Inclus\u00e3o \u00e9 aquilo que nos une!, e para 2026 \u00e9 O Mundo nas minhas m\u00e3os &#8211; pequenas a\u00e7\u00f5es, grandes futuros, associando-se ao Ano Internacional dos Volunt\u00e1rios para o Desenvolvimento Sustent\u00e1vel.<\/li>\n<\/ul>\n","protected":false},"author":2,"featured_media":167462,"comment_status":"closed","ping_status":"closed","sticky":false,"template":"","format":"standard","meta":{"footnotes":""},"categories":[1],"tags":[755,2527,3992,859,2934,3266],"class_list":["post-167446","post","type-post","status-publish","format-standard","has-post-thumbnail","hentry","category-noticias","tag-desenvolvimento-sustentavel","tag-escuteiros","tag-escutismo","tag-madeira","tag-multiculturalidade","tag-voluntariado-apoiado"],"yoast_head":"<!-- This site is optimized with the Yoast SEO plugin v27.2 - https:\/\/yoast.com\/product\/yoast-seo-wordpress\/ -->\n<title>Escoteiros celebram 96 anos da visita de Baden-Powell \u00e0 Madeira - Portal Tela Portugal<\/title>\n<meta name=\"robots\" content=\"index, follow, max-snippet:-1, max-image-preview:large, max-video-preview:-1\" \/>\n<meta property=\"og:locale\" content=\"pt_PT\" \/>\n<meta property=\"og:type\" content=\"article\" \/>\n<meta property=\"og:title\" content=\"Escoteiros celebram 96 anos da visita de Baden-Powell \u00e0 Madeira - Portal Tela Portugal\" \/>\n<meta property=\"og:description\" content=\"Amanh\u00e3, 24 de janeiro, \u00e0s 14h, os Escoteiros de Portugal - Regi\u00e3o da Madeira celebram 96 anos da visita de Baden-Powell \u00e0 Madeira, ocorrida a 21 de janeiro de 1930, com uma atividade na Pra\u00e7a do Povo. A iniciativa inclui din\u00e2micas para crian\u00e7as e jovens. A a\u00e7\u00e3o central \u00e9 a forma\u00e7\u00e3o de um len\u00e7o gigante, com v\u00e1rios len\u00e7os dos participantes, simbolizando diversidade e inclus\u00e3o no Movimento Scout. O len\u00e7o ficar\u00e1 exposto numa cerim\u00f3nia no Cais da Cidade. O tema para 2025 \u00e9 Diversidade e Inclus\u00e3o \u00e9 aquilo que nos une!, e para 2026 \u00e9 O Mundo nas minhas m\u00e3os - pequenas a\u00e7\u00f5es, grandes futuros, associando-se ao Ano Internacional dos Volunt\u00e1rios para o Desenvolvimento Sustent\u00e1vel.\" \/>\n<meta property=\"og:url\" content=\"https:\/\/portaltela.pt\/noticias\/2026\/01\/23\/escoteiros-celebram-96-anos-da-visita-de-baden-powell-a-madeira\/\" \/>\n<meta property=\"og:site_name\" content=\"Portal Tela Portugal\" \/>\n<meta property=\"article:published_time\" content=\"2026-01-23T16:05:00+00:00\" \/>\n<meta name=\"author\" content=\"Telinha\" \/>\n<meta name=\"twitter:card\" content=\"summary_large_image\" \/>\n<meta name=\"twitter:label1\" content=\"Escrito por\" \/>\n\t<meta name=\"twitter:data1\" content=\"Telinha\" \/>\n\t<meta name=\"twitter:label2\" content=\"Tempo estimado de leitura\" \/>\n\t<meta name=\"twitter:data2\" content=\"1 minuto\" \/>\n<script type=\"application\/ld+json\" class=\"yoast-schema-graph\">{\"@context\":\"https:\/\/schema.org\",\"@graph\":[{\"@type\":\"Article\",\"@id\":\"https:\/\/portaltela.pt\/noticias\/2026\/01\/23\/escoteiros-celebram-96-anos-da-visita-de-baden-powell-a-madeira\/#article\",\"isPartOf\":{\"@id\":\"https:\/\/portaltela.pt\/noticias\/2026\/01\/23\/escoteiros-celebram-96-anos-da-visita-de-baden-powell-a-madeira\/\"},\"author\":{\"name\":\"Telinha\",\"@id\":\"https:\/\/portaltela.pt\/#\/schema\/person\/c4278d4a6028830caff9ee44b42d32ed\"},\"headline\":\"Escoteiros celebram 96 anos da visita de Baden-Powell \u00e0 Madeira\",\"datePublished\":\"2026-01-23T16:05:00+00:00\",\"mainEntityOfPage\":{\"@id\":\"https:\/\/portaltela.pt\/noticias\/2026\/01\/23\/escoteiros-celebram-96-anos-da-visita-de-baden-powell-a-madeira\/\"},\"wordCount\":194,\"image\":{\"@id\":\"https:\/\/portaltela.pt\/noticias\/2026\/01\/23\/escoteiros-celebram-96-anos-da-visita-de-baden-powell-a-madeira\/#primaryimage\"},\"thumbnailUrl\":\"https:\/\/portaltela.pt\/s.01k8rhncp4jt1\/2026\/01\/unnamed-file-4797.jpg\",\"keywords\":[\"desenvolvimento sustent\u00e1vel\",\"Escuteiros\",\"escutismo\",\"Madeira\",\"multiculturalidade\",\"Voluntariado Apoiado\"],\"articleSection\":[\"Not\u00edcias\"],\"inLanguage\":\"pt-PT\"},{\"@type\":\"WebPage\",\"@id\":\"https:\/\/portaltela.pt\/noticias\/2026\/01\/23\/escoteiros-celebram-96-anos-da-visita-de-baden-powell-a-madeira\/\",\"url\":\"https:\/\/portaltela.pt\/noticias\/2026\/01\/23\/escoteiros-celebram-96-anos-da-visita-de-baden-powell-a-madeira\/\",\"name\":\"Escoteiros celebram 96 anos da visita de Baden-Powell \u00e0 Madeira - Portal Tela Portugal\",\"isPartOf\":{\"@id\":\"https:\/\/portaltela.pt\/#website\"},\"primaryImageOfPage\":{\"@id\":\"https:\/\/portaltela.pt\/noticias\/2026\/01\/23\/escoteiros-celebram-96-anos-da-visita-de-baden-powell-a-madeira\/#primaryimage\"},\"image\":{\"@id\":\"https:\/\/portaltela.pt\/noticias\/2026\/01\/23\/escoteiros-celebram-96-anos-da-visita-de-baden-powell-a-madeira\/#primaryimage\"},\"thumbnailUrl\":\"https:\/\/portaltela.pt\/s.01k8rhncp4jt1\/2026\/01\/unnamed-file-4797.jpg\",\"datePublished\":\"2026-01-23T16:05:00+00:00\",\"author\":{\"@id\":\"https:\/\/portaltela.pt\/#\/schema\/person\/c4278d4a6028830caff9ee44b42d32ed\"},\"breadcrumb\":{\"@id\":\"https:\/\/portaltela.pt\/noticias\/2026\/01\/23\/escoteiros-celebram-96-anos-da-visita-de-baden-powell-a-madeira\/#breadcrumb\"},\"inLanguage\":\"pt-PT\",\"potentialAction\":[{\"@type\":\"ReadAction\",\"target\":[\"https:\/\/portaltela.pt\/noticias\/2026\/01\/23\/escoteiros-celebram-96-anos-da-visita-de-baden-powell-a-madeira\/\"]}]},{\"@type\":\"ImageObject\",\"inLanguage\":\"pt-PT\",\"@id\":\"https:\/\/portaltela.pt\/noticias\/2026\/01\/23\/escoteiros-celebram-96-anos-da-visita-de-baden-powell-a-madeira\/#primaryimage\",\"url\":\"https:\/\/portaltela.pt\/s.01k8rhncp4jt1\/2026\/01\/unnamed-file-4797.jpg\",\"contentUrl\":\"https:\/\/portaltela.pt\/s.01k8rhncp4jt1\/2026\/01\/unnamed-file-4797.jpg\",\"width\":796,\"height\":448,\"caption\":\"Escoteiros celebram 96 anos da visita de Baden-Powell \u00e0 Madeira\"},{\"@type\":\"BreadcrumbList\",\"@id\":\"https:\/\/portaltela.pt\/noticias\/2026\/01\/23\/escoteiros-celebram-96-anos-da-visita-de-baden-powell-a-madeira\/#breadcrumb\",\"itemListElement\":[{\"@type\":\"ListItem\",\"position\":1,\"name\":\"In\u00edcio\",\"item\":\"https:\/\/portaltela.pt\/\"},{\"@type\":\"ListItem\",\"position\":2,\"name\":\"Escoteiros celebram 96 anos da visita de Baden-Powell \u00e0 Madeira\"}]},{\"@type\":\"WebSite\",\"@id\":\"https:\/\/portaltela.pt\/#website\",\"url\":\"https:\/\/portaltela.pt\/\",\"name\":\"Portal Tela Portugal\",\"description\":\"\",\"potentialAction\":[{\"@type\":\"SearchAction\",\"target\":{\"@type\":\"EntryPoint\",\"urlTemplate\":\"https:\/\/portaltela.pt\/?s={search_term_string}\"},\"query-input\":{\"@type\":\"PropertyValueSpecification\",\"valueRequired\":true,\"valueName\":\"search_term_string\"}}],\"inLanguage\":\"pt-PT\"},{\"@type\":\"Person\",\"@id\":\"https:\/\/portaltela.pt\/#\/schema\/person\/c4278d4a6028830caff9ee44b42d32ed\",\"name\":\"Telinha\",\"image\":{\"@type\":\"ImageObject\",\"inLanguage\":\"pt-PT\",\"@id\":\"https:\/\/portaltela.pt\/s.01k8rhncp4jt1\/2025\/11\/talking-bot-125x125.png\",\"url\":\"https:\/\/portaltela.pt\/s.01k8rhncp4jt1\/2025\/11\/talking-bot-125x125.png\",\"contentUrl\":\"https:\/\/portaltela.pt\/s.01k8rhncp4jt1\/2025\/11\/talking-bot-125x125.png\",\"caption\":\"Telinha\"},\"sameAs\":[\"https:\/\/portaltela.pt\/\"],\"url\":\"https:\/\/portaltela.pt\/por\/367410592786\/\"}]}<\/script>\n<!-- \/ Yoast SEO plugin. -->","yoast_head_json":{"title":"Escoteiros celebram 96 anos da visita de Baden-Powell \u00e0 Madeira - Portal Tela Portugal","robots":{"index":"index","follow":"follow","max-snippet":"max-snippet:-1","max-image-preview":"max-image-preview:large","max-video-preview":"max-video-preview:-1"},"og_locale":"pt_PT","og_type":"article","og_title":"Escoteiros celebram 96 anos da visita de Baden-Powell \u00e0 Madeira - Portal Tela Portugal","og_description":"Amanh\u00e3, 24 de janeiro, \u00e0s 14h, os Escoteiros de Portugal - Regi\u00e3o da Madeira celebram 96 anos da visita de Baden-Powell \u00e0 Madeira, ocorrida a 21 de janeiro de 1930, com uma atividade na Pra\u00e7a do Povo. A iniciativa inclui din\u00e2micas para crian\u00e7as e jovens. A a\u00e7\u00e3o central \u00e9 a forma\u00e7\u00e3o de um len\u00e7o gigante, com v\u00e1rios len\u00e7os dos participantes, simbolizando diversidade e inclus\u00e3o no Movimento Scout. O len\u00e7o ficar\u00e1 exposto numa cerim\u00f3nia no Cais da Cidade. O tema para 2025 \u00e9 Diversidade e Inclus\u00e3o \u00e9 aquilo que nos une!, e para 2026 \u00e9 O Mundo nas minhas m\u00e3os - pequenas a\u00e7\u00f5es, grandes futuros, associando-se ao Ano Internacional dos Volunt\u00e1rios para o Desenvolvimento Sustent\u00e1vel.","og_url":"https:\/\/portaltela.pt\/noticias\/2026\/01\/23\/escoteiros-celebram-96-anos-da-visita-de-baden-powell-a-madeira\/","og_site_name":"Portal Tela Portugal","article_published_time":"2026-01-23T16:05:00+00:00","author":"Telinha","twitter_card":"summary_large_image","twitter_misc":{"Escrito por":"Telinha","Tempo estimado de leitura":"1 minuto"},"schema":{"@context":"https:\/\/schema.org","@graph":[{"@type":"Article","@id":"https:\/\/portaltela.pt\/noticias\/2026\/01\/23\/escoteiros-celebram-96-anos-da-visita-de-baden-powell-a-madeira\/#article","isPartOf":{"@id":"https:\/\/portaltela.pt\/noticias\/2026\/01\/23\/escoteiros-celebram-96-anos-da-visita-de-baden-powell-a-madeira\/"},"author":{"name":"Telinha","@id":"https:\/\/portaltela.pt\/#\/schema\/person\/c4278d4a6028830caff9ee44b42d32ed"},"headline":"Escoteiros celebram 96 anos da visita de Baden-Powell \u00e0 Madeira","datePublished":"2026-01-23T16:05:00+00:00","mainEntityOfPage":{"@id":"https:\/\/portaltela.pt\/noticias\/2026\/01\/23\/escoteiros-celebram-96-anos-da-visita-de-baden-powell-a-madeira\/"},"wordCount":194,"image":{"@id":"https:\/\/portaltela.pt\/noticias\/2026\/01\/23\/escoteiros-celebram-96-anos-da-visita-de-baden-powell-a-madeira\/#primaryimage"},"thumbnailUrl":"https:\/\/portaltela.pt\/s.01k8rhncp4jt1\/2026\/01\/unnamed-file-4797.jpg","keywords":["desenvolvimento sustent\u00e1vel","Escuteiros","escutismo","Madeira","multiculturalidade","Voluntariado Apoiado"],"articleSection":["Not\u00edcias"],"inLanguage":"pt-PT"},{"@type":"WebPage","@id":"https:\/\/portaltela.pt\/noticias\/2026\/01\/23\/escoteiros-celebram-96-anos-da-visita-de-baden-powell-a-madeira\/","url":"https:\/\/portaltela.pt\/noticias\/2026\/01\/23\/escoteiros-celebram-96-anos-da-visita-de-baden-powell-a-madeira\/","name":"Escoteiros celebram 96 anos da visita de Baden-Powell \u00e0 Madeira - Portal Tela Portugal","isPartOf":{"@id":"https:\/\/portaltela.pt\/#website"},"primaryImageOfPage":{"@id":"https:\/\/portaltela.pt\/noticias\/2026\/01\/23\/escoteiros-celebram-96-anos-da-visita-de-baden-powell-a-madeira\/#primaryimage"},"image":{"@id":"https:\/\/portaltela.pt\/noticias\/2026\/01\/23\/escoteiros-celebram-96-anos-da-visita-de-baden-powell-a-madeira\/#primaryimage"},"thumbnailUrl":"https:\/\/portaltela.pt\/s.01k8rhncp4jt1\/2026\/01\/unnamed-file-4797.jpg","datePublished":"2026-01-23T16:05:00+00:00","author":{"@id":"https:\/\/portaltela.pt\/#\/schema\/person\/c4278d4a6028830caff9ee44b42d32ed"},"breadcrumb":{"@id":"https:\/\/portaltela.pt\/noticias\/2026\/01\/23\/escoteiros-celebram-96-anos-da-visita-de-baden-powell-a-madeira\/#breadcrumb"},"inLanguage":"pt-PT","potentialAction":[{"@type":"ReadAction","target":["https:\/\/portaltela.pt\/noticias\/2026\/01\/23\/escoteiros-celebram-96-anos-da-visita-de-baden-powell-a-madeira\/"]}]},{"@type":"ImageObject","inLanguage":"pt-PT","@id":"https:\/\/portaltela.pt\/noticias\/2026\/01\/23\/escoteiros-celebram-96-anos-da-visita-de-baden-powell-a-madeira\/#primaryimage","url":"https:\/\/portaltela.pt\/s.01k8rhncp4jt1\/2026\/01\/unnamed-file-4797.jpg","contentUrl":"https:\/\/portaltela.pt\/s.01k8rhncp4jt1\/2026\/01\/unnamed-file-4797.jpg","width":796,"height":448,"caption":"Escoteiros celebram 96 anos da visita de Baden-Powell \u00e0 Madeira"},{"@type":"BreadcrumbList","@id":"https:\/\/portaltela.pt\/noticias\/2026\/01\/23\/escoteiros-celebram-96-anos-da-visita-de-baden-powell-a-madeira\/#breadcrumb","itemListElement":[{"@type":"ListItem","position":1,"name":"In\u00edcio","item":"https:\/\/portaltela.pt\/"},{"@type":"ListItem","position":2,"name":"Escoteiros celebram 96 anos da visita de Baden-Powell \u00e0 Madeira"}]},{"@type":"WebSite","@id":"https:\/\/portaltela.pt\/#website","url":"https:\/\/portaltela.pt\/","name":"Portal Tela Portugal","description":"","potentialAction":[{"@type":"SearchAction","target":{"@type":"EntryPoint","urlTemplate":"https:\/\/portaltela.pt\/?s={search_term_string}"},"query-input":{"@type":"PropertyValueSpecification","valueRequired":true,"valueName":"search_term_string"}}],"inLanguage":"pt-PT"},{"@type":"Person","@id":"https:\/\/portaltela.pt\/#\/schema\/person\/c4278d4a6028830caff9ee44b42d32ed","name":"Telinha","image":{"@type":"ImageObject","inLanguage":"pt-PT","@id":"https:\/\/portaltela.pt\/s.01k8rhncp4jt1\/2025\/11\/talking-bot-125x125.png","url":"https:\/\/portaltela.pt\/s.01k8rhncp4jt1\/2025\/11\/talking-bot-125x125.png","contentUrl":"https:\/\/portaltela.pt\/s.01k8rhncp4jt1\/2025\/11\/talking-bot-125x125.png","caption":"Telinha"},"sameAs":["https:\/\/portaltela.pt\/"],"url":"https:\/\/portaltela.pt\/por\/367410592786\/"}]}},"_links":{"self":[{"href":"https:\/\/portaltela.pt\/api\/wp\/v2\/posts\/167446","targetHints":{"allow":["GET"]}}],"collection":[{"href":"https:\/\/portaltela.pt\/api\/wp\/v2\/posts"}],"about":[{"href":"https:\/\/portaltela.pt\/api\/wp\/v2\/types\/post"}],"author":[{"embeddable":true,"href":"https:\/\/portaltela.pt\/api\/wp\/v2\/users\/2"}],"replies":[{"embeddable":true,"href":"https:\/\/portaltela.pt\/api\/wp\/v2\/comments?post=167446"}],"version-history":[{"count":0,"href":"https:\/\/portaltela.pt\/api\/wp\/v2\/posts\/167446\/revisions"}],"wp:featuredmedia":[{"embeddable":true,"href":"https:\/\/portaltela.pt\/api\/wp\/v2\/media\/167462"}],"wp:attachment":[{"href":"https:\/\/portaltela.pt\/api\/wp\/v2\/media?parent=167446"}],"wp:term":[{"taxonomy":"category","embeddable":true,"href":"https:\/\/portaltela.pt\/api\/wp\/v2\/categories?post=167446"},{"taxonomy":"post_tag","embeddable":true,"href":"https:\/\/portaltela.pt\/api\/wp\/v2\/tags?post=167446"}],"curies":[{"name":"wp","href":"https:\/\/api.w.org\/{rel}","templated":true}]}}