{"id":167432,"date":"2026-01-23T13:07:21","date_gmt":"2026-01-23T16:07:21","guid":{"rendered":"https:\/\/portaltela.pt\/noticias\/2026\/01\/23\/septuagenario-detido-por-abuso-de-jovem-com-deficiencia-intelectual\/"},"modified":"2026-01-23T13:07:21","modified_gmt":"2026-01-23T16:07:21","slug":"septuagenario-detido-por-abuso-de-jovem-com-deficiencia-intelectual","status":"publish","type":"post","link":"https:\/\/portaltela.pt\/noticias\/2026\/01\/23\/septuagenario-detido-por-abuso-de-jovem-com-deficiencia-intelectual\/","title":{"rendered":"Septuagen\u00e1rio detido por abuso de jovem com defici\u00eancia intelectual"},"content":{"rendered":"<p>A Pol\u00edcia Judici\u00e1ria, via DLVT, deteve um homem de 70 anos por fortes ind\u00edcios de ser o autor de v\u00e1rios crimes de abuso sexual de pessoa incapaz de resist\u00eancia agravados. A v\u00edtima \u00e9 um jovem com defici\u00eancia intelectual, de 19 anos.<\/p>\n<p>Os factos ocorreram entre setembro de 2023 e janeiro de 2025, num estabelecimento comercial em Oeiras, onde o suspeito exercia a sua atividade profissional. A fam\u00edlia da v\u00edtima frequentava o local pela proximidade com a resid\u00eancia.<\/p>\n<p>A investiga\u00e7\u00e3o indica que o abuso decorreu quando a v\u00edtima se dirigia ao estabelecimento, aproveitando-se da vulnerabilidade associada \u00e0 idade e ao desenvolvimento intelectual.<\/p>\n<p>A v\u00edtima, diagnosticada com atraso global do desenvolvimento, tem incapacidade intelectual estimada em cerca de 60%. O abusador conhecia o jovem desde crian\u00e7a, sendo amigo do av\u00f4 dele.<\/p>\n<p>Ao longo de mais de dois anos, o jovem manteve sil\u00eancio a pedido do agressor. A situa\u00e7\u00e3o foi revelada \u00e0 m\u00e3e, que contactou de imediato a PJ, dirigindo-se ao Piquete.<\/p>\n<h3>Investiga\u00e7\u00e3o e deten\u00e7\u00e3o<\/h3>\n<p>A Sec\u00e7\u00e3o de Investiga\u00e7\u00e3o de Crimes Sexuais da DLVT iniciou dilig\u00eancias urgentes, reunindo provas relevantes para v\u00edtimas vulner\u00e1veis. Ontem, o suspeito foi deter-se e dever\u00e1 ser presente a primeiro interrogat\u00f3rio.<\/p>\n","protected":false},"excerpt":{"rendered":"<ul>\n<li>A Pol\u00edcia Judici\u00e1ria, atrav\u00e9s da Diretoria de Lisboa e Vale do Tejo (DLVT), deteve um homem de 70 anos por fortes ind\u00edcios de ser o autor de v\u00e1rios crimes de abuso sexual de pessoa incapaz de resist\u00eancia agravados, cuja v\u00edtima \u00e9 um jovem com defici\u00eancia intelectual, atualmente com 19 anos.<\/li>\n<li>Os factos ocorreram entre setembro de 2023 e janeiro de 2025, num estabelecimento comercial em Oeiras onde o suspeito exercia a sua atividade profissional, e que a fam\u00edlia da v\u00edtima frequentava pela proximidade da resid\u00eancia.<\/li>\n<li>O agressor aproveitava-se da vulnerabilidade da v\u00edtima, relacionada com a idade e perturba\u00e7\u00e3o de desenvolvimento intelectual, para consumar os abusos quando o jovem se dirigia ao estabelecimento.<\/li>\n<li>A v\u00edtima, diagnosticada com atraso global do desenvolvimento, conhecia o abusador desde crian\u00e7a, j\u00e1 que este era amigo do av\u00f4 da v\u00edtima.<\/li>\n<li>A v\u00edtima manteve o sil\u00eancio durante mais de dois anos, a pedido do abusador; ao revelar os factos \u00e0 m\u00e3e, esta contactou de imediato o Piquete da Pol\u00edcia Judici\u00e1ria, que deteve o suspeito no dia de ontem e o vai apresentar a primeiro interrogat\u00f3rio judicial para aplica\u00e7\u00e3o de medidas de coa\u00e7\u00e3o.<\/li>\n<\/ul>\n","protected":false},"author":2,"featured_media":167445,"comment_status":"closed","ping_status":"closed","sticky":false,"template":"","format":"standard","meta":{"footnotes":""},"categories":[1],"tags":[657,3990,1198,2737,1802],"class_list":["post-167432","post","type-post","status-publish","format-standard","has-post-thumbnail","hentry","category-noticias","tag-abuso-de-sexual-de-menor-dependente-ou-em-situacao-vulneravel","tag-crimes-sexuais","tag-oeiras","tag-pessoas-com-deficiencia","tag-policia-judiciaria"],"yoast_head":"<!-- This site is optimized with the Yoast SEO plugin v27.2 - https:\/\/yoast.com\/product\/yoast-seo-wordpress\/ -->\n<title>Septuagen\u00e1rio detido por abuso de jovem com defici\u00eancia intelectual - Portal Tela Portugal<\/title>\n<meta name=\"robots\" content=\"index, follow, max-snippet:-1, max-image-preview:large, max-video-preview:-1\" \/>\n<meta property=\"og:locale\" content=\"pt_PT\" \/>\n<meta property=\"og:type\" content=\"article\" \/>\n<meta property=\"og:title\" content=\"Septuagen\u00e1rio detido por abuso de jovem com defici\u00eancia intelectual - Portal Tela Portugal\" \/>\n<meta property=\"og:description\" content=\"A Pol\u00edcia Judici\u00e1ria, atrav\u00e9s da Diretoria de Lisboa e Vale do Tejo (DLVT), deteve um homem de 70 anos por fortes ind\u00edcios de ser o autor de v\u00e1rios crimes de abuso sexual de pessoa incapaz de resist\u00eancia agravados, cuja v\u00edtima \u00e9 um jovem com defici\u00eancia intelectual, atualmente com 19 anos. Os factos ocorreram entre setembro de 2023 e janeiro de 2025, num estabelecimento comercial em Oeiras onde o suspeito exercia a sua atividade profissional, e que a fam\u00edlia da v\u00edtima frequentava pela proximidade da resid\u00eancia. O agressor aproveitava-se da vulnerabilidade da v\u00edtima, relacionada com a idade e perturba\u00e7\u00e3o de desenvolvimento intelectual, para consumar os abusos quando o jovem se dirigia ao estabelecimento. A v\u00edtima, diagnosticada com atraso global do desenvolvimento, conhecia o abusador desde crian\u00e7a, j\u00e1 que este era amigo do av\u00f4 da v\u00edtima. A v\u00edtima manteve o sil\u00eancio durante mais de dois anos, a pedido do abusador; ao revelar os factos \u00e0 m\u00e3e, esta contactou de imediato o Piquete da Pol\u00edcia Judici\u00e1ria, que deteve o suspeito no dia de ontem e o vai apresentar a primeiro interrogat\u00f3rio judicial para aplica\u00e7\u00e3o de medidas de coa\u00e7\u00e3o.\" \/>\n<meta property=\"og:url\" content=\"https:\/\/portaltela.pt\/noticias\/2026\/01\/23\/septuagenario-detido-por-abuso-de-jovem-com-deficiencia-intelectual\/\" \/>\n<meta property=\"og:site_name\" content=\"Portal Tela Portugal\" \/>\n<meta property=\"article:published_time\" content=\"2026-01-23T16:07:21+00:00\" \/>\n<meta name=\"author\" content=\"Telinha\" \/>\n<meta name=\"twitter:card\" content=\"summary_large_image\" \/>\n<meta name=\"twitter:label1\" content=\"Escrito por\" \/>\n\t<meta name=\"twitter:data1\" content=\"Telinha\" \/>\n\t<meta name=\"twitter:label2\" content=\"Tempo estimado de leitura\" \/>\n\t<meta name=\"twitter:data2\" content=\"1 minuto\" \/>\n<script type=\"application\/ld+json\" class=\"yoast-schema-graph\">{\"@context\":\"https:\/\/schema.org\",\"@graph\":[{\"@type\":\"Article\",\"@id\":\"https:\/\/portaltela.pt\/noticias\/2026\/01\/23\/septuagenario-detido-por-abuso-de-jovem-com-deficiencia-intelectual\/#article\",\"isPartOf\":{\"@id\":\"https:\/\/portaltela.pt\/noticias\/2026\/01\/23\/septuagenario-detido-por-abuso-de-jovem-com-deficiencia-intelectual\/\"},\"author\":{\"name\":\"Telinha\",\"@id\":\"https:\/\/portaltela.pt\/#\/schema\/person\/c4278d4a6028830caff9ee44b42d32ed\"},\"headline\":\"Septuagen\u00e1rio detido por abuso de jovem com defici\u00eancia intelectual\",\"datePublished\":\"2026-01-23T16:07:21+00:00\",\"mainEntityOfPage\":{\"@id\":\"https:\/\/portaltela.pt\/noticias\/2026\/01\/23\/septuagenario-detido-por-abuso-de-jovem-com-deficiencia-intelectual\/\"},\"wordCount\":220,\"image\":{\"@id\":\"https:\/\/portaltela.pt\/noticias\/2026\/01\/23\/septuagenario-detido-por-abuso-de-jovem-com-deficiencia-intelectual\/#primaryimage\"},\"thumbnailUrl\":\"https:\/\/portaltela.pt\/s.01k8rhncp4jt1\/2026\/01\/handcuffed-hands-2024-12-06-16-19-35-utc-1-1.jpg\",\"keywords\":[\"abuso de sexual de menor dependente ou em situa\u00e7\u00e3o vulner\u00e1vel\",\"crimes sexuais\",\"Oeiras\",\"pessoas com defici\u00eancia\",\"Pol\u00edcia Judici\u00e1ria\"],\"articleSection\":[\"Not\u00edcias\"],\"inLanguage\":\"pt-PT\"},{\"@type\":\"WebPage\",\"@id\":\"https:\/\/portaltela.pt\/noticias\/2026\/01\/23\/septuagenario-detido-por-abuso-de-jovem-com-deficiencia-intelectual\/\",\"url\":\"https:\/\/portaltela.pt\/noticias\/2026\/01\/23\/septuagenario-detido-por-abuso-de-jovem-com-deficiencia-intelectual\/\",\"name\":\"Septuagen\u00e1rio detido por abuso de jovem com defici\u00eancia intelectual - Portal Tela Portugal\",\"isPartOf\":{\"@id\":\"https:\/\/portaltela.pt\/#website\"},\"primaryImageOfPage\":{\"@id\":\"https:\/\/portaltela.pt\/noticias\/2026\/01\/23\/septuagenario-detido-por-abuso-de-jovem-com-deficiencia-intelectual\/#primaryimage\"},\"image\":{\"@id\":\"https:\/\/portaltela.pt\/noticias\/2026\/01\/23\/septuagenario-detido-por-abuso-de-jovem-com-deficiencia-intelectual\/#primaryimage\"},\"thumbnailUrl\":\"https:\/\/portaltela.pt\/s.01k8rhncp4jt1\/2026\/01\/handcuffed-hands-2024-12-06-16-19-35-utc-1-1.jpg\",\"datePublished\":\"2026-01-23T16:07:21+00:00\",\"author\":{\"@id\":\"https:\/\/portaltela.pt\/#\/schema\/person\/c4278d4a6028830caff9ee44b42d32ed\"},\"breadcrumb\":{\"@id\":\"https:\/\/portaltela.pt\/noticias\/2026\/01\/23\/septuagenario-detido-por-abuso-de-jovem-com-deficiencia-intelectual\/#breadcrumb\"},\"inLanguage\":\"pt-PT\",\"potentialAction\":[{\"@type\":\"ReadAction\",\"target\":[\"https:\/\/portaltela.pt\/noticias\/2026\/01\/23\/septuagenario-detido-por-abuso-de-jovem-com-deficiencia-intelectual\/\"]}]},{\"@type\":\"ImageObject\",\"inLanguage\":\"pt-PT\",\"@id\":\"https:\/\/portaltela.pt\/noticias\/2026\/01\/23\/septuagenario-detido-por-abuso-de-jovem-com-deficiencia-intelectual\/#primaryimage\",\"url\":\"https:\/\/portaltela.pt\/s.01k8rhncp4jt1\/2026\/01\/handcuffed-hands-2024-12-06-16-19-35-utc-1-1.jpg\",\"contentUrl\":\"https:\/\/portaltela.pt\/s.01k8rhncp4jt1\/2026\/01\/handcuffed-hands-2024-12-06-16-19-35-utc-1-1.jpg\",\"width\":796,\"height\":448,\"caption\":\"Septuagen\u00e1rio detido por abusar de jovem com defici\u00eancia intelectual\"},{\"@type\":\"BreadcrumbList\",\"@id\":\"https:\/\/portaltela.pt\/noticias\/2026\/01\/23\/septuagenario-detido-por-abuso-de-jovem-com-deficiencia-intelectual\/#breadcrumb\",\"itemListElement\":[{\"@type\":\"ListItem\",\"position\":1,\"name\":\"In\u00edcio\",\"item\":\"https:\/\/portaltela.pt\/\"},{\"@type\":\"ListItem\",\"position\":2,\"name\":\"Septuagen\u00e1rio detido por abuso de jovem com defici\u00eancia intelectual\"}]},{\"@type\":\"WebSite\",\"@id\":\"https:\/\/portaltela.pt\/#website\",\"url\":\"https:\/\/portaltela.pt\/\",\"name\":\"Portal Tela Portugal\",\"description\":\"\",\"potentialAction\":[{\"@type\":\"SearchAction\",\"target\":{\"@type\":\"EntryPoint\",\"urlTemplate\":\"https:\/\/portaltela.pt\/?s={search_term_string}\"},\"query-input\":{\"@type\":\"PropertyValueSpecification\",\"valueRequired\":true,\"valueName\":\"search_term_string\"}}],\"inLanguage\":\"pt-PT\"},{\"@type\":\"Person\",\"@id\":\"https:\/\/portaltela.pt\/#\/schema\/person\/c4278d4a6028830caff9ee44b42d32ed\",\"name\":\"Telinha\",\"image\":{\"@type\":\"ImageObject\",\"inLanguage\":\"pt-PT\",\"@id\":\"https:\/\/portaltela.pt\/s.01k8rhncp4jt1\/2025\/11\/talking-bot-125x125.png\",\"url\":\"https:\/\/portaltela.pt\/s.01k8rhncp4jt1\/2025\/11\/talking-bot-125x125.png\",\"contentUrl\":\"https:\/\/portaltela.pt\/s.01k8rhncp4jt1\/2025\/11\/talking-bot-125x125.png\",\"caption\":\"Telinha\"},\"sameAs\":[\"https:\/\/portaltela.pt\/\"],\"url\":\"https:\/\/portaltela.pt\/por\/367410592786\/\"}]}<\/script>\n<!-- \/ Yoast SEO plugin. -->","yoast_head_json":{"title":"Septuagen\u00e1rio detido por abuso de jovem com defici\u00eancia intelectual - Portal Tela Portugal","robots":{"index":"index","follow":"follow","max-snippet":"max-snippet:-1","max-image-preview":"max-image-preview:large","max-video-preview":"max-video-preview:-1"},"og_locale":"pt_PT","og_type":"article","og_title":"Septuagen\u00e1rio detido por abuso de jovem com defici\u00eancia intelectual - Portal Tela Portugal","og_description":"A Pol\u00edcia Judici\u00e1ria, atrav\u00e9s da Diretoria de Lisboa e Vale do Tejo (DLVT), deteve um homem de 70 anos por fortes ind\u00edcios de ser o autor de v\u00e1rios crimes de abuso sexual de pessoa incapaz de resist\u00eancia agravados, cuja v\u00edtima \u00e9 um jovem com defici\u00eancia intelectual, atualmente com 19 anos. Os factos ocorreram entre setembro de 2023 e janeiro de 2025, num estabelecimento comercial em Oeiras onde o suspeito exercia a sua atividade profissional, e que a fam\u00edlia da v\u00edtima frequentava pela proximidade da resid\u00eancia. O agressor aproveitava-se da vulnerabilidade da v\u00edtima, relacionada com a idade e perturba\u00e7\u00e3o de desenvolvimento intelectual, para consumar os abusos quando o jovem se dirigia ao estabelecimento. A v\u00edtima, diagnosticada com atraso global do desenvolvimento, conhecia o abusador desde crian\u00e7a, j\u00e1 que este era amigo do av\u00f4 da v\u00edtima. A v\u00edtima manteve o sil\u00eancio durante mais de dois anos, a pedido do abusador; ao revelar os factos \u00e0 m\u00e3e, esta contactou de imediato o Piquete da Pol\u00edcia Judici\u00e1ria, que deteve o suspeito no dia de ontem e o vai apresentar a primeiro interrogat\u00f3rio judicial para aplica\u00e7\u00e3o de medidas de coa\u00e7\u00e3o.","og_url":"https:\/\/portaltela.pt\/noticias\/2026\/01\/23\/septuagenario-detido-por-abuso-de-jovem-com-deficiencia-intelectual\/","og_site_name":"Portal Tela Portugal","article_published_time":"2026-01-23T16:07:21+00:00","author":"Telinha","twitter_card":"summary_large_image","twitter_misc":{"Escrito por":"Telinha","Tempo estimado de leitura":"1 minuto"},"schema":{"@context":"https:\/\/schema.org","@graph":[{"@type":"Article","@id":"https:\/\/portaltela.pt\/noticias\/2026\/01\/23\/septuagenario-detido-por-abuso-de-jovem-com-deficiencia-intelectual\/#article","isPartOf":{"@id":"https:\/\/portaltela.pt\/noticias\/2026\/01\/23\/septuagenario-detido-por-abuso-de-jovem-com-deficiencia-intelectual\/"},"author":{"name":"Telinha","@id":"https:\/\/portaltela.pt\/#\/schema\/person\/c4278d4a6028830caff9ee44b42d32ed"},"headline":"Septuagen\u00e1rio detido por abuso de jovem com defici\u00eancia intelectual","datePublished":"2026-01-23T16:07:21+00:00","mainEntityOfPage":{"@id":"https:\/\/portaltela.pt\/noticias\/2026\/01\/23\/septuagenario-detido-por-abuso-de-jovem-com-deficiencia-intelectual\/"},"wordCount":220,"image":{"@id":"https:\/\/portaltela.pt\/noticias\/2026\/01\/23\/septuagenario-detido-por-abuso-de-jovem-com-deficiencia-intelectual\/#primaryimage"},"thumbnailUrl":"https:\/\/portaltela.pt\/s.01k8rhncp4jt1\/2026\/01\/handcuffed-hands-2024-12-06-16-19-35-utc-1-1.jpg","keywords":["abuso de sexual de menor dependente ou em situa\u00e7\u00e3o vulner\u00e1vel","crimes sexuais","Oeiras","pessoas com defici\u00eancia","Pol\u00edcia Judici\u00e1ria"],"articleSection":["Not\u00edcias"],"inLanguage":"pt-PT"},{"@type":"WebPage","@id":"https:\/\/portaltela.pt\/noticias\/2026\/01\/23\/septuagenario-detido-por-abuso-de-jovem-com-deficiencia-intelectual\/","url":"https:\/\/portaltela.pt\/noticias\/2026\/01\/23\/septuagenario-detido-por-abuso-de-jovem-com-deficiencia-intelectual\/","name":"Septuagen\u00e1rio detido por abuso de jovem com defici\u00eancia intelectual - Portal Tela Portugal","isPartOf":{"@id":"https:\/\/portaltela.pt\/#website"},"primaryImageOfPage":{"@id":"https:\/\/portaltela.pt\/noticias\/2026\/01\/23\/septuagenario-detido-por-abuso-de-jovem-com-deficiencia-intelectual\/#primaryimage"},"image":{"@id":"https:\/\/portaltela.pt\/noticias\/2026\/01\/23\/septuagenario-detido-por-abuso-de-jovem-com-deficiencia-intelectual\/#primaryimage"},"thumbnailUrl":"https:\/\/portaltela.pt\/s.01k8rhncp4jt1\/2026\/01\/handcuffed-hands-2024-12-06-16-19-35-utc-1-1.jpg","datePublished":"2026-01-23T16:07:21+00:00","author":{"@id":"https:\/\/portaltela.pt\/#\/schema\/person\/c4278d4a6028830caff9ee44b42d32ed"},"breadcrumb":{"@id":"https:\/\/portaltela.pt\/noticias\/2026\/01\/23\/septuagenario-detido-por-abuso-de-jovem-com-deficiencia-intelectual\/#breadcrumb"},"inLanguage":"pt-PT","potentialAction":[{"@type":"ReadAction","target":["https:\/\/portaltela.pt\/noticias\/2026\/01\/23\/septuagenario-detido-por-abuso-de-jovem-com-deficiencia-intelectual\/"]}]},{"@type":"ImageObject","inLanguage":"pt-PT","@id":"https:\/\/portaltela.pt\/noticias\/2026\/01\/23\/septuagenario-detido-por-abuso-de-jovem-com-deficiencia-intelectual\/#primaryimage","url":"https:\/\/portaltela.pt\/s.01k8rhncp4jt1\/2026\/01\/handcuffed-hands-2024-12-06-16-19-35-utc-1-1.jpg","contentUrl":"https:\/\/portaltela.pt\/s.01k8rhncp4jt1\/2026\/01\/handcuffed-hands-2024-12-06-16-19-35-utc-1-1.jpg","width":796,"height":448,"caption":"Septuagen\u00e1rio detido por abusar de jovem com defici\u00eancia intelectual"},{"@type":"BreadcrumbList","@id":"https:\/\/portaltela.pt\/noticias\/2026\/01\/23\/septuagenario-detido-por-abuso-de-jovem-com-deficiencia-intelectual\/#breadcrumb","itemListElement":[{"@type":"ListItem","position":1,"name":"In\u00edcio","item":"https:\/\/portaltela.pt\/"},{"@type":"ListItem","position":2,"name":"Septuagen\u00e1rio detido por abuso de jovem com defici\u00eancia intelectual"}]},{"@type":"WebSite","@id":"https:\/\/portaltela.pt\/#website","url":"https:\/\/portaltela.pt\/","name":"Portal Tela Portugal","description":"","potentialAction":[{"@type":"SearchAction","target":{"@type":"EntryPoint","urlTemplate":"https:\/\/portaltela.pt\/?s={search_term_string}"},"query-input":{"@type":"PropertyValueSpecification","valueRequired":true,"valueName":"search_term_string"}}],"inLanguage":"pt-PT"},{"@type":"Person","@id":"https:\/\/portaltela.pt\/#\/schema\/person\/c4278d4a6028830caff9ee44b42d32ed","name":"Telinha","image":{"@type":"ImageObject","inLanguage":"pt-PT","@id":"https:\/\/portaltela.pt\/s.01k8rhncp4jt1\/2025\/11\/talking-bot-125x125.png","url":"https:\/\/portaltela.pt\/s.01k8rhncp4jt1\/2025\/11\/talking-bot-125x125.png","contentUrl":"https:\/\/portaltela.pt\/s.01k8rhncp4jt1\/2025\/11\/talking-bot-125x125.png","caption":"Telinha"},"sameAs":["https:\/\/portaltela.pt\/"],"url":"https:\/\/portaltela.pt\/por\/367410592786\/"}]}},"_links":{"self":[{"href":"https:\/\/portaltela.pt\/api\/wp\/v2\/posts\/167432","targetHints":{"allow":["GET"]}}],"collection":[{"href":"https:\/\/portaltela.pt\/api\/wp\/v2\/posts"}],"about":[{"href":"https:\/\/portaltela.pt\/api\/wp\/v2\/types\/post"}],"author":[{"embeddable":true,"href":"https:\/\/portaltela.pt\/api\/wp\/v2\/users\/2"}],"replies":[{"embeddable":true,"href":"https:\/\/portaltela.pt\/api\/wp\/v2\/comments?post=167432"}],"version-history":[{"count":0,"href":"https:\/\/portaltela.pt\/api\/wp\/v2\/posts\/167432\/revisions"}],"wp:featuredmedia":[{"embeddable":true,"href":"https:\/\/portaltela.pt\/api\/wp\/v2\/media\/167445"}],"wp:attachment":[{"href":"https:\/\/portaltela.pt\/api\/wp\/v2\/media?parent=167432"}],"wp:term":[{"taxonomy":"category","embeddable":true,"href":"https:\/\/portaltela.pt\/api\/wp\/v2\/categories?post=167432"},{"taxonomy":"post_tag","embeddable":true,"href":"https:\/\/portaltela.pt\/api\/wp\/v2\/tags?post=167432"}],"curies":[{"name":"wp","href":"https:\/\/api.w.org\/{rel}","templated":true}]}}