{"id":167426,"date":"2026-01-23T13:04:49","date_gmt":"2026-01-23T16:04:49","guid":{"rendered":"https:\/\/portaltela.pt\/noticias\/2026\/01\/23\/uls-viseu-dao-lafoes-mantem-ativo-o-servico-de-apoio-complementar\/"},"modified":"2026-01-23T13:04:49","modified_gmt":"2026-01-23T16:04:49","slug":"uls-viseu-dao-lafoes-mantem-ativo-o-servico-de-apoio-complementar","status":"publish","type":"post","link":"https:\/\/portaltela.pt\/noticias\/2026\/01\/23\/uls-viseu-dao-lafoes-mantem-ativo-o-servico-de-apoio-complementar\/","title":{"rendered":"ULS Viseu D\u00e3o-Laf\u00f5es mant\u00e9m ativo o Servi\u00e7o de Apoio Complementar"},"content":{"rendered":"<p>A Unidade Local de Sa\u00fade de Viseu D\u00e3o-Laf\u00f5es (ULSVDL) vai manter ativo, no pr\u00f3ximo domingo, 25 de janeiro, o Servi\u00e7o de Apoio Complementar (SAC) para responder \u00e0 doen\u00e7a aguda. O servi\u00e7o funciona entre as 10:00 e as 16:00 no Centro de Diagn\u00f3stico Pneumol\u00f3gico, situado no Centro de Sa\u00fade Viseu 3, em Jugueiros. Ser\u00e1 assegurado por duas equipas de sa\u00fade e contar\u00e1 com um equipamento de Raio-X. A medida repete o funcionamento ocorrido h\u00e1 uma semana.<\/p>\n<p>O SAC destina-se a utentes triados com prioridade verde ou azul, encaminhados atrav\u00e9s do programa Ligue Antes, Salve Vidas, ou que se desloquem diretamente ao Servi\u00e7o de Urg\u00eancia por autorreferencia\u00e7\u00e3o. A iniciativa pretende melhorar a resposta em situa\u00e7\u00f5es de doen\u00e7a aguda.<\/p>\n<p>A ULSVDL explica que a medida visa uma resposta mais eficaz, atempada e ajustada, contribuindo para aliviar a press\u00e3o sobre o Servi\u00e7o de Urg\u00eancia, que continua com procura elevada, especialmente nos per\u00edodos de maior aflu\u00eancia. A institui\u00e7\u00e3o mant\u00e9m a monitoriza\u00e7\u00e3o regular pela Equipa para a Resposta Sazonal em Sa\u00fade.<\/p>\n<h3>Equipa e monitoriza\u00e7\u00e3o<\/h3>\n<p>A Equipa para a Resposta Sazonal em Sa\u00fade acompanha a situa\u00e7\u00e3o de perto e pode efetuar ajustes necess\u00e1rios para garantir a melhor presta\u00e7\u00e3o de cuidados \u00e0 comunidade. A gest\u00e3o da procura \u00e9 acompanhada de perto pela dire\u00e7\u00e3o da unidade, com foco na efici\u00eancia do atendimento.<\/p>\n<p>Esta not\u00edcia pode ser ouvida na Esta\u00e7\u00e3o Di\u00e1ria \u2013 96.8 FM ou em 968.fm.<\/p>\n","protected":false},"excerpt":{"rendered":"<ul>\n<li>A ULS Viseu D\u00e3o-Laf\u00f5es vai manter, no domingo 25 de janeiro, o Servi\u00e7o de Apoio Complementar (SAC) para resposta \u00e0 doen\u00e7a aguda, tal como h\u00e1 uma semana.<\/li>\n<li>O SAC ser\u00e1 assegurado por duas equipas de sa\u00fade, com um equipamento de Raio-X, entre as 10h e as 16h, no Centro de Diagn\u00f3stico Pneumol\u00f3gico do Centro de Sa\u00fade Viseu 3, em Jugueiros.<\/li>\n<li>O servi\u00e7o destina-se a utentes triados com prioridade verde ou azul, encaminhados pelo programa Ligue Antes, Salve Vidas ou que se desloquem diretamente ao Servi\u00e7o de Urg\u00eancia por autorreferencia\u00e7\u00e3o.<\/li>\n<li>A medida visa uma resposta mais atempada e adequada, ajudando a aliviar a press\u00e3o sobre o Servi\u00e7o de Urg\u00eancia, que tem registado procura elevada em per\u00edodos de maior aflu\u00eancia.<\/li>\n<li>A Equipa para a Resposta Sazonal em Sa\u00fade realiza monitoriza\u00e7\u00e3o regular da situa\u00e7\u00e3o e est\u00e1 preparada para ajustamentos necess\u00e1rios para assegurar a melhor presta\u00e7\u00e3o de cuidados \u00e0 comunidade.<\/li>\n<\/ul>\n","protected":false},"author":2,"featured_media":167427,"comment_status":"closed","ping_status":"closed","sticky":false,"template":"","format":"standard","meta":{"footnotes":""},"categories":[1],"tags":[2581,1861,172,271,1899,1171],"class_list":["post-167426","post","type-post","status-publish","format-standard","has-post-thumbnail","hentry","category-noticias","tag-hospitais","tag-pneumologia","tag-saude","tag-saude-publica","tag-urgencias","tag-viseu"],"yoast_head":"<!-- This site is optimized with the Yoast SEO plugin v27.2 - https:\/\/yoast.com\/product\/yoast-seo-wordpress\/ -->\n<title>ULS Viseu D\u00e3o-Laf\u00f5es mant\u00e9m ativo o Servi\u00e7o de Apoio Complementar - Portal Tela Portugal<\/title>\n<meta name=\"robots\" content=\"index, follow, max-snippet:-1, max-image-preview:large, max-video-preview:-1\" \/>\n<meta property=\"og:locale\" content=\"pt_PT\" \/>\n<meta property=\"og:type\" content=\"article\" \/>\n<meta property=\"og:title\" content=\"ULS Viseu D\u00e3o-Laf\u00f5es mant\u00e9m ativo o Servi\u00e7o de Apoio Complementar - Portal Tela Portugal\" \/>\n<meta property=\"og:description\" content=\"A ULS Viseu D\u00e3o-Laf\u00f5es vai manter, no domingo 25 de janeiro, o Servi\u00e7o de Apoio Complementar (SAC) para resposta \u00e0 doen\u00e7a aguda, tal como h\u00e1 uma semana. O SAC ser\u00e1 assegurado por duas equipas de sa\u00fade, com um equipamento de Raio-X, entre as 10h e as 16h, no Centro de Diagn\u00f3stico Pneumol\u00f3gico do Centro de Sa\u00fade Viseu 3, em Jugueiros. O servi\u00e7o destina-se a utentes triados com prioridade verde ou azul, encaminhados pelo programa Ligue Antes, Salve Vidas ou que se desloquem diretamente ao Servi\u00e7o de Urg\u00eancia por autorreferencia\u00e7\u00e3o. A medida visa uma resposta mais atempada e adequada, ajudando a aliviar a press\u00e3o sobre o Servi\u00e7o de Urg\u00eancia, que tem registado procura elevada em per\u00edodos de maior aflu\u00eancia. A Equipa para a Resposta Sazonal em Sa\u00fade realiza monitoriza\u00e7\u00e3o regular da situa\u00e7\u00e3o e est\u00e1 preparada para ajustamentos necess\u00e1rios para assegurar a melhor presta\u00e7\u00e3o de cuidados \u00e0 comunidade.\" \/>\n<meta property=\"og:url\" content=\"https:\/\/portaltela.pt\/noticias\/2026\/01\/23\/uls-viseu-dao-lafoes-mantem-ativo-o-servico-de-apoio-complementar\/\" \/>\n<meta property=\"og:site_name\" content=\"Portal Tela Portugal\" \/>\n<meta property=\"article:published_time\" content=\"2026-01-23T16:04:49+00:00\" \/>\n<meta name=\"author\" content=\"Telinha\" \/>\n<meta name=\"twitter:card\" content=\"summary_large_image\" \/>\n<meta name=\"twitter:label1\" content=\"Escrito por\" \/>\n\t<meta name=\"twitter:data1\" content=\"Telinha\" \/>\n\t<meta name=\"twitter:label2\" content=\"Tempo estimado de leitura\" \/>\n\t<meta name=\"twitter:data2\" content=\"1 minuto\" \/>\n<script type=\"application\/ld+json\" class=\"yoast-schema-graph\">{\"@context\":\"https:\/\/schema.org\",\"@graph\":[{\"@type\":\"Article\",\"@id\":\"https:\/\/portaltela.pt\/noticias\/2026\/01\/23\/uls-viseu-dao-lafoes-mantem-ativo-o-servico-de-apoio-complementar\/#article\",\"isPartOf\":{\"@id\":\"https:\/\/portaltela.pt\/noticias\/2026\/01\/23\/uls-viseu-dao-lafoes-mantem-ativo-o-servico-de-apoio-complementar\/\"},\"author\":{\"name\":\"Telinha\",\"@id\":\"https:\/\/portaltela.pt\/#\/schema\/person\/c4278d4a6028830caff9ee44b42d32ed\"},\"headline\":\"ULS Viseu D\u00e3o-Laf\u00f5es mant\u00e9m ativo o Servi\u00e7o de Apoio Complementar\",\"datePublished\":\"2026-01-23T16:04:49+00:00\",\"mainEntityOfPage\":{\"@id\":\"https:\/\/portaltela.pt\/noticias\/2026\/01\/23\/uls-viseu-dao-lafoes-mantem-ativo-o-servico-de-apoio-complementar\/\"},\"wordCount\":269,\"image\":{\"@id\":\"https:\/\/portaltela.pt\/noticias\/2026\/01\/23\/uls-viseu-dao-lafoes-mantem-ativo-o-servico-de-apoio-complementar\/#primaryimage\"},\"thumbnailUrl\":\"https:\/\/portaltela.pt\/s.01k8rhncp4jt1\/2026\/01\/raio-x.jpg\",\"keywords\":[\"hospitais\",\"pneumologia\",\"sa\u00fade\",\"sa\u00fade p\u00fablica\",\"urg\u00eancias\",\"Viseu\"],\"articleSection\":[\"Not\u00edcias\"],\"inLanguage\":\"pt-PT\"},{\"@type\":\"WebPage\",\"@id\":\"https:\/\/portaltela.pt\/noticias\/2026\/01\/23\/uls-viseu-dao-lafoes-mantem-ativo-o-servico-de-apoio-complementar\/\",\"url\":\"https:\/\/portaltela.pt\/noticias\/2026\/01\/23\/uls-viseu-dao-lafoes-mantem-ativo-o-servico-de-apoio-complementar\/\",\"name\":\"ULS Viseu D\u00e3o-Laf\u00f5es mant\u00e9m ativo o Servi\u00e7o de Apoio Complementar - Portal Tela Portugal\",\"isPartOf\":{\"@id\":\"https:\/\/portaltela.pt\/#website\"},\"primaryImageOfPage\":{\"@id\":\"https:\/\/portaltela.pt\/noticias\/2026\/01\/23\/uls-viseu-dao-lafoes-mantem-ativo-o-servico-de-apoio-complementar\/#primaryimage\"},\"image\":{\"@id\":\"https:\/\/portaltela.pt\/noticias\/2026\/01\/23\/uls-viseu-dao-lafoes-mantem-ativo-o-servico-de-apoio-complementar\/#primaryimage\"},\"thumbnailUrl\":\"https:\/\/portaltela.pt\/s.01k8rhncp4jt1\/2026\/01\/raio-x.jpg\",\"datePublished\":\"2026-01-23T16:04:49+00:00\",\"author\":{\"@id\":\"https:\/\/portaltela.pt\/#\/schema\/person\/c4278d4a6028830caff9ee44b42d32ed\"},\"breadcrumb\":{\"@id\":\"https:\/\/portaltela.pt\/noticias\/2026\/01\/23\/uls-viseu-dao-lafoes-mantem-ativo-o-servico-de-apoio-complementar\/#breadcrumb\"},\"inLanguage\":\"pt-PT\",\"potentialAction\":[{\"@type\":\"ReadAction\",\"target\":[\"https:\/\/portaltela.pt\/noticias\/2026\/01\/23\/uls-viseu-dao-lafoes-mantem-ativo-o-servico-de-apoio-complementar\/\"]}]},{\"@type\":\"ImageObject\",\"inLanguage\":\"pt-PT\",\"@id\":\"https:\/\/portaltela.pt\/noticias\/2026\/01\/23\/uls-viseu-dao-lafoes-mantem-ativo-o-servico-de-apoio-complementar\/#primaryimage\",\"url\":\"https:\/\/portaltela.pt\/s.01k8rhncp4jt1\/2026\/01\/raio-x.jpg\",\"contentUrl\":\"https:\/\/portaltela.pt\/s.01k8rhncp4jt1\/2026\/01\/raio-x.jpg\",\"width\":796,\"height\":448,\"caption\":\"Sa\u00fade: ULS Viseu D\u00e3o-Laf\u00f5es mant\u00e9m ativo o Servi\u00e7o de Apoio Complementar\"},{\"@type\":\"BreadcrumbList\",\"@id\":\"https:\/\/portaltela.pt\/noticias\/2026\/01\/23\/uls-viseu-dao-lafoes-mantem-ativo-o-servico-de-apoio-complementar\/#breadcrumb\",\"itemListElement\":[{\"@type\":\"ListItem\",\"position\":1,\"name\":\"In\u00edcio\",\"item\":\"https:\/\/portaltela.pt\/\"},{\"@type\":\"ListItem\",\"position\":2,\"name\":\"ULS Viseu D\u00e3o-Laf\u00f5es mant\u00e9m ativo o Servi\u00e7o de Apoio Complementar\"}]},{\"@type\":\"WebSite\",\"@id\":\"https:\/\/portaltela.pt\/#website\",\"url\":\"https:\/\/portaltela.pt\/\",\"name\":\"Portal Tela Portugal\",\"description\":\"\",\"potentialAction\":[{\"@type\":\"SearchAction\",\"target\":{\"@type\":\"EntryPoint\",\"urlTemplate\":\"https:\/\/portaltela.pt\/?s={search_term_string}\"},\"query-input\":{\"@type\":\"PropertyValueSpecification\",\"valueRequired\":true,\"valueName\":\"search_term_string\"}}],\"inLanguage\":\"pt-PT\"},{\"@type\":\"Person\",\"@id\":\"https:\/\/portaltela.pt\/#\/schema\/person\/c4278d4a6028830caff9ee44b42d32ed\",\"name\":\"Telinha\",\"image\":{\"@type\":\"ImageObject\",\"inLanguage\":\"pt-PT\",\"@id\":\"https:\/\/portaltela.pt\/s.01k8rhncp4jt1\/2025\/11\/talking-bot-125x125.png\",\"url\":\"https:\/\/portaltela.pt\/s.01k8rhncp4jt1\/2025\/11\/talking-bot-125x125.png\",\"contentUrl\":\"https:\/\/portaltela.pt\/s.01k8rhncp4jt1\/2025\/11\/talking-bot-125x125.png\",\"caption\":\"Telinha\"},\"sameAs\":[\"https:\/\/portaltela.pt\/\"],\"url\":\"https:\/\/portaltela.pt\/por\/367410592786\/\"}]}<\/script>\n<!-- \/ Yoast SEO plugin. -->","yoast_head_json":{"title":"ULS Viseu D\u00e3o-Laf\u00f5es mant\u00e9m ativo o Servi\u00e7o de Apoio Complementar - Portal Tela Portugal","robots":{"index":"index","follow":"follow","max-snippet":"max-snippet:-1","max-image-preview":"max-image-preview:large","max-video-preview":"max-video-preview:-1"},"og_locale":"pt_PT","og_type":"article","og_title":"ULS Viseu D\u00e3o-Laf\u00f5es mant\u00e9m ativo o Servi\u00e7o de Apoio Complementar - Portal Tela Portugal","og_description":"A ULS Viseu D\u00e3o-Laf\u00f5es vai manter, no domingo 25 de janeiro, o Servi\u00e7o de Apoio Complementar (SAC) para resposta \u00e0 doen\u00e7a aguda, tal como h\u00e1 uma semana. O SAC ser\u00e1 assegurado por duas equipas de sa\u00fade, com um equipamento de Raio-X, entre as 10h e as 16h, no Centro de Diagn\u00f3stico Pneumol\u00f3gico do Centro de Sa\u00fade Viseu 3, em Jugueiros. O servi\u00e7o destina-se a utentes triados com prioridade verde ou azul, encaminhados pelo programa Ligue Antes, Salve Vidas ou que se desloquem diretamente ao Servi\u00e7o de Urg\u00eancia por autorreferencia\u00e7\u00e3o. A medida visa uma resposta mais atempada e adequada, ajudando a aliviar a press\u00e3o sobre o Servi\u00e7o de Urg\u00eancia, que tem registado procura elevada em per\u00edodos de maior aflu\u00eancia. A Equipa para a Resposta Sazonal em Sa\u00fade realiza monitoriza\u00e7\u00e3o regular da situa\u00e7\u00e3o e est\u00e1 preparada para ajustamentos necess\u00e1rios para assegurar a melhor presta\u00e7\u00e3o de cuidados \u00e0 comunidade.","og_url":"https:\/\/portaltela.pt\/noticias\/2026\/01\/23\/uls-viseu-dao-lafoes-mantem-ativo-o-servico-de-apoio-complementar\/","og_site_name":"Portal Tela Portugal","article_published_time":"2026-01-23T16:04:49+00:00","author":"Telinha","twitter_card":"summary_large_image","twitter_misc":{"Escrito por":"Telinha","Tempo estimado de leitura":"1 minuto"},"schema":{"@context":"https:\/\/schema.org","@graph":[{"@type":"Article","@id":"https:\/\/portaltela.pt\/noticias\/2026\/01\/23\/uls-viseu-dao-lafoes-mantem-ativo-o-servico-de-apoio-complementar\/#article","isPartOf":{"@id":"https:\/\/portaltela.pt\/noticias\/2026\/01\/23\/uls-viseu-dao-lafoes-mantem-ativo-o-servico-de-apoio-complementar\/"},"author":{"name":"Telinha","@id":"https:\/\/portaltela.pt\/#\/schema\/person\/c4278d4a6028830caff9ee44b42d32ed"},"headline":"ULS Viseu D\u00e3o-Laf\u00f5es mant\u00e9m ativo o Servi\u00e7o de Apoio Complementar","datePublished":"2026-01-23T16:04:49+00:00","mainEntityOfPage":{"@id":"https:\/\/portaltela.pt\/noticias\/2026\/01\/23\/uls-viseu-dao-lafoes-mantem-ativo-o-servico-de-apoio-complementar\/"},"wordCount":269,"image":{"@id":"https:\/\/portaltela.pt\/noticias\/2026\/01\/23\/uls-viseu-dao-lafoes-mantem-ativo-o-servico-de-apoio-complementar\/#primaryimage"},"thumbnailUrl":"https:\/\/portaltela.pt\/s.01k8rhncp4jt1\/2026\/01\/raio-x.jpg","keywords":["hospitais","pneumologia","sa\u00fade","sa\u00fade p\u00fablica","urg\u00eancias","Viseu"],"articleSection":["Not\u00edcias"],"inLanguage":"pt-PT"},{"@type":"WebPage","@id":"https:\/\/portaltela.pt\/noticias\/2026\/01\/23\/uls-viseu-dao-lafoes-mantem-ativo-o-servico-de-apoio-complementar\/","url":"https:\/\/portaltela.pt\/noticias\/2026\/01\/23\/uls-viseu-dao-lafoes-mantem-ativo-o-servico-de-apoio-complementar\/","name":"ULS Viseu D\u00e3o-Laf\u00f5es mant\u00e9m ativo o Servi\u00e7o de Apoio Complementar - Portal Tela Portugal","isPartOf":{"@id":"https:\/\/portaltela.pt\/#website"},"primaryImageOfPage":{"@id":"https:\/\/portaltela.pt\/noticias\/2026\/01\/23\/uls-viseu-dao-lafoes-mantem-ativo-o-servico-de-apoio-complementar\/#primaryimage"},"image":{"@id":"https:\/\/portaltela.pt\/noticias\/2026\/01\/23\/uls-viseu-dao-lafoes-mantem-ativo-o-servico-de-apoio-complementar\/#primaryimage"},"thumbnailUrl":"https:\/\/portaltela.pt\/s.01k8rhncp4jt1\/2026\/01\/raio-x.jpg","datePublished":"2026-01-23T16:04:49+00:00","author":{"@id":"https:\/\/portaltela.pt\/#\/schema\/person\/c4278d4a6028830caff9ee44b42d32ed"},"breadcrumb":{"@id":"https:\/\/portaltela.pt\/noticias\/2026\/01\/23\/uls-viseu-dao-lafoes-mantem-ativo-o-servico-de-apoio-complementar\/#breadcrumb"},"inLanguage":"pt-PT","potentialAction":[{"@type":"ReadAction","target":["https:\/\/portaltela.pt\/noticias\/2026\/01\/23\/uls-viseu-dao-lafoes-mantem-ativo-o-servico-de-apoio-complementar\/"]}]},{"@type":"ImageObject","inLanguage":"pt-PT","@id":"https:\/\/portaltela.pt\/noticias\/2026\/01\/23\/uls-viseu-dao-lafoes-mantem-ativo-o-servico-de-apoio-complementar\/#primaryimage","url":"https:\/\/portaltela.pt\/s.01k8rhncp4jt1\/2026\/01\/raio-x.jpg","contentUrl":"https:\/\/portaltela.pt\/s.01k8rhncp4jt1\/2026\/01\/raio-x.jpg","width":796,"height":448,"caption":"Sa\u00fade: ULS Viseu D\u00e3o-Laf\u00f5es mant\u00e9m ativo o Servi\u00e7o de Apoio Complementar"},{"@type":"BreadcrumbList","@id":"https:\/\/portaltela.pt\/noticias\/2026\/01\/23\/uls-viseu-dao-lafoes-mantem-ativo-o-servico-de-apoio-complementar\/#breadcrumb","itemListElement":[{"@type":"ListItem","position":1,"name":"In\u00edcio","item":"https:\/\/portaltela.pt\/"},{"@type":"ListItem","position":2,"name":"ULS Viseu D\u00e3o-Laf\u00f5es mant\u00e9m ativo o Servi\u00e7o de Apoio Complementar"}]},{"@type":"WebSite","@id":"https:\/\/portaltela.pt\/#website","url":"https:\/\/portaltela.pt\/","name":"Portal Tela Portugal","description":"","potentialAction":[{"@type":"SearchAction","target":{"@type":"EntryPoint","urlTemplate":"https:\/\/portaltela.pt\/?s={search_term_string}"},"query-input":{"@type":"PropertyValueSpecification","valueRequired":true,"valueName":"search_term_string"}}],"inLanguage":"pt-PT"},{"@type":"Person","@id":"https:\/\/portaltela.pt\/#\/schema\/person\/c4278d4a6028830caff9ee44b42d32ed","name":"Telinha","image":{"@type":"ImageObject","inLanguage":"pt-PT","@id":"https:\/\/portaltela.pt\/s.01k8rhncp4jt1\/2025\/11\/talking-bot-125x125.png","url":"https:\/\/portaltela.pt\/s.01k8rhncp4jt1\/2025\/11\/talking-bot-125x125.png","contentUrl":"https:\/\/portaltela.pt\/s.01k8rhncp4jt1\/2025\/11\/talking-bot-125x125.png","caption":"Telinha"},"sameAs":["https:\/\/portaltela.pt\/"],"url":"https:\/\/portaltela.pt\/por\/367410592786\/"}]}},"_links":{"self":[{"href":"https:\/\/portaltela.pt\/api\/wp\/v2\/posts\/167426","targetHints":{"allow":["GET"]}}],"collection":[{"href":"https:\/\/portaltela.pt\/api\/wp\/v2\/posts"}],"about":[{"href":"https:\/\/portaltela.pt\/api\/wp\/v2\/types\/post"}],"author":[{"embeddable":true,"href":"https:\/\/portaltela.pt\/api\/wp\/v2\/users\/2"}],"replies":[{"embeddable":true,"href":"https:\/\/portaltela.pt\/api\/wp\/v2\/comments?post=167426"}],"version-history":[{"count":0,"href":"https:\/\/portaltela.pt\/api\/wp\/v2\/posts\/167426\/revisions"}],"wp:featuredmedia":[{"embeddable":true,"href":"https:\/\/portaltela.pt\/api\/wp\/v2\/media\/167427"}],"wp:attachment":[{"href":"https:\/\/portaltela.pt\/api\/wp\/v2\/media?parent=167426"}],"wp:term":[{"taxonomy":"category","embeddable":true,"href":"https:\/\/portaltela.pt\/api\/wp\/v2\/categories?post=167426"},{"taxonomy":"post_tag","embeddable":true,"href":"https:\/\/portaltela.pt\/api\/wp\/v2\/tags?post=167426"}],"curies":[{"name":"wp","href":"https:\/\/api.w.org\/{rel}","templated":true}]}}