{"id":167314,"date":"2026-01-23T12:30:19","date_gmt":"2026-01-23T15:30:19","guid":{"rendered":"https:\/\/portaltela.pt\/noticias\/2026\/01\/23\/estradas-encerradas-e-equipas-de-limpeza-em-acao-em-resende\/"},"modified":"2026-01-23T12:30:19","modified_gmt":"2026-01-23T15:30:19","slug":"estradas-encerradas-e-equipas-de-limpeza-em-acao-em-resende","status":"publish","type":"post","link":"https:\/\/portaltela.pt\/noticias\/2026\/01\/23\/estradas-encerradas-e-equipas-de-limpeza-em-acao-em-resende\/","title":{"rendered":"Estradas encerradas e equipas de limpeza em a\u00e7\u00e3o em Resende"},"content":{"rendered":"<p>A Prote\u00e7\u00e3o Civil e a C\u00e2mara Municipal de Resende informam que, devido \u00e0 intensa queda de neve, v\u00e1rias vias municipais permanecem intransit\u00e1veis no concelho. As estradas destacadas a vermelho no mapa indicam o estado de condicionamento da circula\u00e7\u00e3o.<\/p>\n<p>As \u00e1reas mais afetadas situam-se em cotas altas, incluindo os acessos \u00e0 Ponte de Cavalar, Feir\u00e3o, Felgueiras, Talhada e Rossas. Tamb\u00e9m h\u00e1 liga\u00e7\u00f5es a Castro Daire (A24) e a Cinf\u00e3es (Panchorra) em que a circula\u00e7\u00e3o \u00e9 imposs\u00edvel.<\/p>\n<p>As equipas municipais trabalham no terreno para apoiar a popula\u00e7\u00e3o e desobstruir as vias, enfrentando neve cont\u00ednua, reduzida visibilidade e forma\u00e7\u00e3o de gelo.<\/p>\n<h3>Situa\u00e7\u00e3o atual das vias<\/h3>\n<p>Condutores devem evitar desloca\u00e7\u00f5es desnecess\u00e1rias nas zonas cr\u00edticas e respeitar a sinaliza\u00e7\u00e3o de estradas fechadas. Nas vias abertas, assinaladas a branco, \u00e9 obrigat\u00f3rio o uso de correntes de neve e condu\u00e7\u00e3o com cuidado extremo.<\/p>\n<p>O munic\u00edpio agradece a compreens\u00e3o da popula\u00e7\u00e3o enquanto decorrem os trabalhos de limpeza e desobstru\u00e7\u00e3o das vias. Fotos: Bombeiros Volunt\u00e1rios de Resende.<\/p>\n","protected":false},"excerpt":{"rendered":"<ul>\n<li>Estradas no concelho de Resende continuam encerradas devido \u00e0 queda intensa de neve, com vias municipal destacadas a vermelho no mapa de circula\u00e7\u00e3o.<\/li>\n<li>As \u00e1reas mais afetadas ficam em altitude elevada, incluindo acessos \u00e0 Ponte de Cavalar, Feir\u00e3o, Felgueiras, Talhada e Rossas, bem como liga\u00e7\u00f5es a Castro Daire (A24) e Cinf\u00e3es (Panchorra), onde n\u00e3o \u00e9 poss\u00edvel circular.<\/li>\n<li>Equipas municipais est\u00e3o no terreno a apoiar a popula\u00e7\u00e3o e a limpar as vias, enfrentando neve cont\u00ednua, visibilidade reduzida e forma\u00e7\u00e3o de placas de gelo.<\/li>\n<li>Autoridades apelam aos condutores para respeitar a sinaliza\u00e7\u00e3o de estradas encerradas e evitar desloca\u00e7\u00f5es desnecess\u00e1rias nas zonas cr\u00edticas.<\/li>\n<li>Nas vias abertas, assinaladas a branco, deve-se usar correntes de neve e conduzir com a m\u00e1xima cautela; a autarquia agradece a colabora\u00e7\u00e3o da popula\u00e7\u00e3o.<\/li>\n<\/ul>\n","protected":false},"author":2,"featured_media":167336,"comment_status":"closed","ping_status":"closed","sticky":false,"template":"","format":"standard","meta":{"footnotes":""},"categories":[1],"tags":[971,703,1797,1083,320,1372],"class_list":["post-167314","post","type-post","status-publish","format-standard","has-post-thumbnail","hentry","category-noticias","tag-bombeiros","tag-camara","tag-castro-daire","tag-estradas","tag-protecao-civil","tag-resende"],"yoast_head":"<!-- This site is optimized with the Yoast SEO plugin v27.2 - https:\/\/yoast.com\/product\/yoast-seo-wordpress\/ -->\n<title>Estradas encerradas e equipas de limpeza em a\u00e7\u00e3o em Resende - Portal Tela Portugal<\/title>\n<meta name=\"robots\" content=\"index, follow, max-snippet:-1, max-image-preview:large, max-video-preview:-1\" \/>\n<meta property=\"og:locale\" content=\"pt_PT\" \/>\n<meta property=\"og:type\" content=\"article\" \/>\n<meta property=\"og:title\" content=\"Estradas encerradas e equipas de limpeza em a\u00e7\u00e3o em Resende - Portal Tela Portugal\" \/>\n<meta property=\"og:description\" content=\"Estradas no concelho de Resende continuam encerradas devido \u00e0 queda intensa de neve, com vias municipal destacadas a vermelho no mapa de circula\u00e7\u00e3o. As \u00e1reas mais afetadas ficam em altitude elevada, incluindo acessos \u00e0 Ponte de Cavalar, Feir\u00e3o, Felgueiras, Talhada e Rossas, bem como liga\u00e7\u00f5es a Castro Daire (A24) e Cinf\u00e3es (Panchorra), onde n\u00e3o \u00e9 poss\u00edvel circular. Equipas municipais est\u00e3o no terreno a apoiar a popula\u00e7\u00e3o e a limpar as vias, enfrentando neve cont\u00ednua, visibilidade reduzida e forma\u00e7\u00e3o de placas de gelo. Autoridades apelam aos condutores para respeitar a sinaliza\u00e7\u00e3o de estradas encerradas e evitar desloca\u00e7\u00f5es desnecess\u00e1rias nas zonas cr\u00edticas. Nas vias abertas, assinaladas a branco, deve-se usar correntes de neve e conduzir com a m\u00e1xima cautela; a autarquia agradece a colabora\u00e7\u00e3o da popula\u00e7\u00e3o.\" \/>\n<meta property=\"og:url\" content=\"https:\/\/portaltela.pt\/noticias\/2026\/01\/23\/estradas-encerradas-e-equipas-de-limpeza-em-acao-em-resende\/\" \/>\n<meta property=\"og:site_name\" content=\"Portal Tela Portugal\" \/>\n<meta property=\"article:published_time\" content=\"2026-01-23T15:30:19+00:00\" \/>\n<meta name=\"author\" content=\"Telinha\" \/>\n<meta name=\"twitter:card\" content=\"summary_large_image\" \/>\n<meta name=\"twitter:label1\" content=\"Escrito por\" \/>\n\t<meta name=\"twitter:data1\" content=\"Telinha\" \/>\n\t<meta name=\"twitter:label2\" content=\"Tempo estimado de leitura\" \/>\n\t<meta name=\"twitter:data2\" content=\"1 minuto\" \/>\n<script type=\"application\/ld+json\" class=\"yoast-schema-graph\">{\"@context\":\"https:\/\/schema.org\",\"@graph\":[{\"@type\":\"Article\",\"@id\":\"https:\/\/portaltela.pt\/noticias\/2026\/01\/23\/estradas-encerradas-e-equipas-de-limpeza-em-acao-em-resende\/#article\",\"isPartOf\":{\"@id\":\"https:\/\/portaltela.pt\/noticias\/2026\/01\/23\/estradas-encerradas-e-equipas-de-limpeza-em-acao-em-resende\/\"},\"author\":{\"name\":\"Telinha\",\"@id\":\"https:\/\/portaltela.pt\/#\/schema\/person\/c4278d4a6028830caff9ee44b42d32ed\"},\"headline\":\"Estradas encerradas e equipas de limpeza em a\u00e7\u00e3o em Resende\",\"datePublished\":\"2026-01-23T15:30:19+00:00\",\"mainEntityOfPage\":{\"@id\":\"https:\/\/portaltela.pt\/noticias\/2026\/01\/23\/estradas-encerradas-e-equipas-de-limpeza-em-acao-em-resende\/\"},\"wordCount\":191,\"image\":{\"@id\":\"https:\/\/portaltela.pt\/noticias\/2026\/01\/23\/estradas-encerradas-e-equipas-de-limpeza-em-acao-em-resende\/#primaryimage\"},\"thumbnailUrl\":\"https:\/\/portaltela.pt\/s.01k8rhncp4jt1\/2026\/01\/unnamed-file-4793.jpg\",\"keywords\":[\"bombeiros\",\"c\u00e2mara\",\"Castro Daire\",\"estradas\",\"prote\u00e7\u00e3o civil\",\"Resende\"],\"articleSection\":[\"Not\u00edcias\"],\"inLanguage\":\"pt-PT\"},{\"@type\":\"WebPage\",\"@id\":\"https:\/\/portaltela.pt\/noticias\/2026\/01\/23\/estradas-encerradas-e-equipas-de-limpeza-em-acao-em-resende\/\",\"url\":\"https:\/\/portaltela.pt\/noticias\/2026\/01\/23\/estradas-encerradas-e-equipas-de-limpeza-em-acao-em-resende\/\",\"name\":\"Estradas encerradas e equipas de limpeza em a\u00e7\u00e3o em Resende - Portal Tela Portugal\",\"isPartOf\":{\"@id\":\"https:\/\/portaltela.pt\/#website\"},\"primaryImageOfPage\":{\"@id\":\"https:\/\/portaltela.pt\/noticias\/2026\/01\/23\/estradas-encerradas-e-equipas-de-limpeza-em-acao-em-resende\/#primaryimage\"},\"image\":{\"@id\":\"https:\/\/portaltela.pt\/noticias\/2026\/01\/23\/estradas-encerradas-e-equipas-de-limpeza-em-acao-em-resende\/#primaryimage\"},\"thumbnailUrl\":\"https:\/\/portaltela.pt\/s.01k8rhncp4jt1\/2026\/01\/unnamed-file-4793.jpg\",\"datePublished\":\"2026-01-23T15:30:19+00:00\",\"author\":{\"@id\":\"https:\/\/portaltela.pt\/#\/schema\/person\/c4278d4a6028830caff9ee44b42d32ed\"},\"breadcrumb\":{\"@id\":\"https:\/\/portaltela.pt\/noticias\/2026\/01\/23\/estradas-encerradas-e-equipas-de-limpeza-em-acao-em-resende\/#breadcrumb\"},\"inLanguage\":\"pt-PT\",\"potentialAction\":[{\"@type\":\"ReadAction\",\"target\":[\"https:\/\/portaltela.pt\/noticias\/2026\/01\/23\/estradas-encerradas-e-equipas-de-limpeza-em-acao-em-resende\/\"]}]},{\"@type\":\"ImageObject\",\"inLanguage\":\"pt-PT\",\"@id\":\"https:\/\/portaltela.pt\/noticias\/2026\/01\/23\/estradas-encerradas-e-equipas-de-limpeza-em-acao-em-resende\/#primaryimage\",\"url\":\"https:\/\/portaltela.pt\/s.01k8rhncp4jt1\/2026\/01\/unnamed-file-4793.jpg\",\"contentUrl\":\"https:\/\/portaltela.pt\/s.01k8rhncp4jt1\/2026\/01\/unnamed-file-4793.jpg\",\"width\":796,\"height\":448,\"caption\":\"Estradas fechadas e equipas de limpeza em a\u00e7\u00e3o em Resende\"},{\"@type\":\"BreadcrumbList\",\"@id\":\"https:\/\/portaltela.pt\/noticias\/2026\/01\/23\/estradas-encerradas-e-equipas-de-limpeza-em-acao-em-resende\/#breadcrumb\",\"itemListElement\":[{\"@type\":\"ListItem\",\"position\":1,\"name\":\"In\u00edcio\",\"item\":\"https:\/\/portaltela.pt\/\"},{\"@type\":\"ListItem\",\"position\":2,\"name\":\"Estradas encerradas e equipas de limpeza em a\u00e7\u00e3o em Resende\"}]},{\"@type\":\"WebSite\",\"@id\":\"https:\/\/portaltela.pt\/#website\",\"url\":\"https:\/\/portaltela.pt\/\",\"name\":\"Portal Tela Portugal\",\"description\":\"\",\"potentialAction\":[{\"@type\":\"SearchAction\",\"target\":{\"@type\":\"EntryPoint\",\"urlTemplate\":\"https:\/\/portaltela.pt\/?s={search_term_string}\"},\"query-input\":{\"@type\":\"PropertyValueSpecification\",\"valueRequired\":true,\"valueName\":\"search_term_string\"}}],\"inLanguage\":\"pt-PT\"},{\"@type\":\"Person\",\"@id\":\"https:\/\/portaltela.pt\/#\/schema\/person\/c4278d4a6028830caff9ee44b42d32ed\",\"name\":\"Telinha\",\"image\":{\"@type\":\"ImageObject\",\"inLanguage\":\"pt-PT\",\"@id\":\"https:\/\/portaltela.pt\/s.01k8rhncp4jt1\/2025\/11\/talking-bot-125x125.png\",\"url\":\"https:\/\/portaltela.pt\/s.01k8rhncp4jt1\/2025\/11\/talking-bot-125x125.png\",\"contentUrl\":\"https:\/\/portaltela.pt\/s.01k8rhncp4jt1\/2025\/11\/talking-bot-125x125.png\",\"caption\":\"Telinha\"},\"sameAs\":[\"https:\/\/portaltela.pt\/\"],\"url\":\"https:\/\/portaltela.pt\/por\/367410592786\/\"}]}<\/script>\n<!-- \/ Yoast SEO plugin. -->","yoast_head_json":{"title":"Estradas encerradas e equipas de limpeza em a\u00e7\u00e3o em Resende - Portal Tela Portugal","robots":{"index":"index","follow":"follow","max-snippet":"max-snippet:-1","max-image-preview":"max-image-preview:large","max-video-preview":"max-video-preview:-1"},"og_locale":"pt_PT","og_type":"article","og_title":"Estradas encerradas e equipas de limpeza em a\u00e7\u00e3o em Resende - Portal Tela Portugal","og_description":"Estradas no concelho de Resende continuam encerradas devido \u00e0 queda intensa de neve, com vias municipal destacadas a vermelho no mapa de circula\u00e7\u00e3o. As \u00e1reas mais afetadas ficam em altitude elevada, incluindo acessos \u00e0 Ponte de Cavalar, Feir\u00e3o, Felgueiras, Talhada e Rossas, bem como liga\u00e7\u00f5es a Castro Daire (A24) e Cinf\u00e3es (Panchorra), onde n\u00e3o \u00e9 poss\u00edvel circular. Equipas municipais est\u00e3o no terreno a apoiar a popula\u00e7\u00e3o e a limpar as vias, enfrentando neve cont\u00ednua, visibilidade reduzida e forma\u00e7\u00e3o de placas de gelo. Autoridades apelam aos condutores para respeitar a sinaliza\u00e7\u00e3o de estradas encerradas e evitar desloca\u00e7\u00f5es desnecess\u00e1rias nas zonas cr\u00edticas. Nas vias abertas, assinaladas a branco, deve-se usar correntes de neve e conduzir com a m\u00e1xima cautela; a autarquia agradece a colabora\u00e7\u00e3o da popula\u00e7\u00e3o.","og_url":"https:\/\/portaltela.pt\/noticias\/2026\/01\/23\/estradas-encerradas-e-equipas-de-limpeza-em-acao-em-resende\/","og_site_name":"Portal Tela Portugal","article_published_time":"2026-01-23T15:30:19+00:00","author":"Telinha","twitter_card":"summary_large_image","twitter_misc":{"Escrito por":"Telinha","Tempo estimado de leitura":"1 minuto"},"schema":{"@context":"https:\/\/schema.org","@graph":[{"@type":"Article","@id":"https:\/\/portaltela.pt\/noticias\/2026\/01\/23\/estradas-encerradas-e-equipas-de-limpeza-em-acao-em-resende\/#article","isPartOf":{"@id":"https:\/\/portaltela.pt\/noticias\/2026\/01\/23\/estradas-encerradas-e-equipas-de-limpeza-em-acao-em-resende\/"},"author":{"name":"Telinha","@id":"https:\/\/portaltela.pt\/#\/schema\/person\/c4278d4a6028830caff9ee44b42d32ed"},"headline":"Estradas encerradas e equipas de limpeza em a\u00e7\u00e3o em Resende","datePublished":"2026-01-23T15:30:19+00:00","mainEntityOfPage":{"@id":"https:\/\/portaltela.pt\/noticias\/2026\/01\/23\/estradas-encerradas-e-equipas-de-limpeza-em-acao-em-resende\/"},"wordCount":191,"image":{"@id":"https:\/\/portaltela.pt\/noticias\/2026\/01\/23\/estradas-encerradas-e-equipas-de-limpeza-em-acao-em-resende\/#primaryimage"},"thumbnailUrl":"https:\/\/portaltela.pt\/s.01k8rhncp4jt1\/2026\/01\/unnamed-file-4793.jpg","keywords":["bombeiros","c\u00e2mara","Castro Daire","estradas","prote\u00e7\u00e3o civil","Resende"],"articleSection":["Not\u00edcias"],"inLanguage":"pt-PT"},{"@type":"WebPage","@id":"https:\/\/portaltela.pt\/noticias\/2026\/01\/23\/estradas-encerradas-e-equipas-de-limpeza-em-acao-em-resende\/","url":"https:\/\/portaltela.pt\/noticias\/2026\/01\/23\/estradas-encerradas-e-equipas-de-limpeza-em-acao-em-resende\/","name":"Estradas encerradas e equipas de limpeza em a\u00e7\u00e3o em Resende - Portal Tela Portugal","isPartOf":{"@id":"https:\/\/portaltela.pt\/#website"},"primaryImageOfPage":{"@id":"https:\/\/portaltela.pt\/noticias\/2026\/01\/23\/estradas-encerradas-e-equipas-de-limpeza-em-acao-em-resende\/#primaryimage"},"image":{"@id":"https:\/\/portaltela.pt\/noticias\/2026\/01\/23\/estradas-encerradas-e-equipas-de-limpeza-em-acao-em-resende\/#primaryimage"},"thumbnailUrl":"https:\/\/portaltela.pt\/s.01k8rhncp4jt1\/2026\/01\/unnamed-file-4793.jpg","datePublished":"2026-01-23T15:30:19+00:00","author":{"@id":"https:\/\/portaltela.pt\/#\/schema\/person\/c4278d4a6028830caff9ee44b42d32ed"},"breadcrumb":{"@id":"https:\/\/portaltela.pt\/noticias\/2026\/01\/23\/estradas-encerradas-e-equipas-de-limpeza-em-acao-em-resende\/#breadcrumb"},"inLanguage":"pt-PT","potentialAction":[{"@type":"ReadAction","target":["https:\/\/portaltela.pt\/noticias\/2026\/01\/23\/estradas-encerradas-e-equipas-de-limpeza-em-acao-em-resende\/"]}]},{"@type":"ImageObject","inLanguage":"pt-PT","@id":"https:\/\/portaltela.pt\/noticias\/2026\/01\/23\/estradas-encerradas-e-equipas-de-limpeza-em-acao-em-resende\/#primaryimage","url":"https:\/\/portaltela.pt\/s.01k8rhncp4jt1\/2026\/01\/unnamed-file-4793.jpg","contentUrl":"https:\/\/portaltela.pt\/s.01k8rhncp4jt1\/2026\/01\/unnamed-file-4793.jpg","width":796,"height":448,"caption":"Estradas fechadas e equipas de limpeza em a\u00e7\u00e3o em Resende"},{"@type":"BreadcrumbList","@id":"https:\/\/portaltela.pt\/noticias\/2026\/01\/23\/estradas-encerradas-e-equipas-de-limpeza-em-acao-em-resende\/#breadcrumb","itemListElement":[{"@type":"ListItem","position":1,"name":"In\u00edcio","item":"https:\/\/portaltela.pt\/"},{"@type":"ListItem","position":2,"name":"Estradas encerradas e equipas de limpeza em a\u00e7\u00e3o em Resende"}]},{"@type":"WebSite","@id":"https:\/\/portaltela.pt\/#website","url":"https:\/\/portaltela.pt\/","name":"Portal Tela Portugal","description":"","potentialAction":[{"@type":"SearchAction","target":{"@type":"EntryPoint","urlTemplate":"https:\/\/portaltela.pt\/?s={search_term_string}"},"query-input":{"@type":"PropertyValueSpecification","valueRequired":true,"valueName":"search_term_string"}}],"inLanguage":"pt-PT"},{"@type":"Person","@id":"https:\/\/portaltela.pt\/#\/schema\/person\/c4278d4a6028830caff9ee44b42d32ed","name":"Telinha","image":{"@type":"ImageObject","inLanguage":"pt-PT","@id":"https:\/\/portaltela.pt\/s.01k8rhncp4jt1\/2025\/11\/talking-bot-125x125.png","url":"https:\/\/portaltela.pt\/s.01k8rhncp4jt1\/2025\/11\/talking-bot-125x125.png","contentUrl":"https:\/\/portaltela.pt\/s.01k8rhncp4jt1\/2025\/11\/talking-bot-125x125.png","caption":"Telinha"},"sameAs":["https:\/\/portaltela.pt\/"],"url":"https:\/\/portaltela.pt\/por\/367410592786\/"}]}},"_links":{"self":[{"href":"https:\/\/portaltela.pt\/api\/wp\/v2\/posts\/167314","targetHints":{"allow":["GET"]}}],"collection":[{"href":"https:\/\/portaltela.pt\/api\/wp\/v2\/posts"}],"about":[{"href":"https:\/\/portaltela.pt\/api\/wp\/v2\/types\/post"}],"author":[{"embeddable":true,"href":"https:\/\/portaltela.pt\/api\/wp\/v2\/users\/2"}],"replies":[{"embeddable":true,"href":"https:\/\/portaltela.pt\/api\/wp\/v2\/comments?post=167314"}],"version-history":[{"count":0,"href":"https:\/\/portaltela.pt\/api\/wp\/v2\/posts\/167314\/revisions"}],"wp:featuredmedia":[{"embeddable":true,"href":"https:\/\/portaltela.pt\/api\/wp\/v2\/media\/167336"}],"wp:attachment":[{"href":"https:\/\/portaltela.pt\/api\/wp\/v2\/media?parent=167314"}],"wp:term":[{"taxonomy":"category","embeddable":true,"href":"https:\/\/portaltela.pt\/api\/wp\/v2\/categories?post=167314"},{"taxonomy":"post_tag","embeddable":true,"href":"https:\/\/portaltela.pt\/api\/wp\/v2\/tags?post=167314"}],"curies":[{"name":"wp","href":"https:\/\/api.w.org\/{rel}","templated":true}]}}