{"id":167277,"date":"2026-01-23T12:06:34","date_gmt":"2026-01-23T15:06:34","guid":{"rendered":"https:\/\/portaltela.pt\/noticias\/2026\/01\/23\/oliveira-do-bairro-lidera-regiao-de-aveiro-em-propriedades-georreferenciadas\/"},"modified":"2026-01-23T12:06:34","modified_gmt":"2026-01-23T15:06:34","slug":"oliveira-do-bairro-lidera-regiao-de-aveiro-em-propriedades-georreferenciadas","status":"publish","type":"post","link":"https:\/\/portaltela.pt\/noticias\/2026\/01\/23\/oliveira-do-bairro-lidera-regiao-de-aveiro-em-propriedades-georreferenciadas\/","title":{"rendered":"Oliveira do Bairro lidera Regi\u00e3o de Aveiro em propriedades georreferenciadas"},"content":{"rendered":"<p>Oliveira do Bairro lidera a Regi\u00e3o de Aveiro em percentagem de propriedades georreferenciadas atrav\u00e9s do Balc\u00e3o \u00danico do Pr\u00e9dio (BUPi). Em 2025, registaram-se 3.786 pr\u00e9dios no concelho, cobrindo 47% da sua \u00e1rea. Os dados foram recolhidos pela plataforma a 9 de janeiro deste ano.<\/p>\n<p>O vice-presidente da C\u00e2mara Municipal, Jorge Pato, afirma que o resultado reflete a vontade dos mun\u00edcipes em regularizar e proteger as suas propriedades, bem como o trabalho dos t\u00e9cnicos do BUPi de Oliveira do Bairro ao longo dos \u00faltimos quatro anos. Desde a implementa\u00e7\u00e3o, j\u00e1 foram registadas 16.977 matrizes, correspondentes a 47% da \u00e1rea total do concelho.<\/p>\n<p>Em 2025, o concelho bairradino registou o segundo melhor ano desde 2021, altura em que come\u00e7ou o projeto, sendo o melhor registo em 2023, com 5.688 propriedades georreferenciadas. A distribui\u00e7\u00e3o por freguesia mostra Oliveira do Bairro com 55% da \u00e1rea georreferenciada, seguida por Oi\u00e3 e Palha\u00e7a com 46% e a Uni\u00e3o das Freguesias de Bustos, Troviscal e Mamarrosa com 44%.<\/p>\n<h3>Distribui\u00e7\u00e3o por freguesias<\/h3>\n<p>O BUPi \u00e9 uma plataforma gratuita para propriet\u00e1rios de pr\u00e9dios r\u00fasticos e mistos, que facilita a identifica\u00e7\u00e3o, delimita\u00e7\u00e3o e registo de terrenos atrav\u00e9s da Representa\u00e7\u00e3o Gr\u00e1fica Georreferenciada. O processo tamb\u00e9m assegura o registo na Conservat\u00f3ria do Registo Predial.<\/p>\n<p>Al\u00e9m de proteger direitos de propriedade, o BUPi contribui para uma gest\u00e3o mais eficaz do territ\u00f3rio, especialmente na preven\u00e7\u00e3o e mitiga\u00e7\u00e3o de riscos, como inc\u00eandios rurais. O Balc\u00e3o \u00danico do Pr\u00e9dio de Oliveira do Bairro funciona no edif\u00edcio dos Pa\u00e7os do Concelho.<\/p>\n","protected":false},"excerpt":{"rendered":"<ul>\n<li>O BUPi de Oliveira do Bairro registou 3.786 pr\u00e9dios em 2025, abrangendo 47% da \u00e1rea do concelho.<\/li>\n<li>Oliveira do Bairro \u00e9 o concelho da Regi\u00e3o de Aveiro com a maior percentagem de matrizes georreferenciadas atrav\u00e9s do Balc\u00e3o \u00danico do Pr\u00e9dio (BUPi), segundo dados recolhidos a 9 de janeiro.<\/li>\n<li>Desde a implementa\u00e7\u00e3o, o BUPi de Oliveira do Bairro registou 16.977 matrizes, correspondentes a cerca de 47% da \u00e1rea total do concelho.<\/li>\n<li>O ano de 2025 foi o segundo melhor desde 2021, j\u00e1 que em 2023 houve o registo recorde de 5.688 propriedades georreferenciadas.<\/li>\n<li>Distribui\u00e7\u00e3o por freguesia: 55% da \u00e1rea est\u00e1 georreferenciada em Oliveira do Bairro; Oi\u00e3 e Palha\u00e7a t\u00eam 46% e a Uni\u00e3o das Freguesias de Bustos, Troviscal e Mamarrosa 44%. O Balc\u00e3o \u00danico do Pr\u00e9dio funciona nos Pa\u00e7os do Concelho.<\/li>\n<\/ul>\n","protected":false},"author":2,"featured_media":167304,"comment_status":"closed","ping_status":"closed","sticky":false,"template":"","format":"standard","meta":{"footnotes":""},"categories":[1],"tags":[1059,703,3424,3148,619,2540],"class_list":["post-167277","post","type-post","status-publish","format-standard","has-post-thumbnail","hentry","category-noticias","tag-aveiro","tag-camara","tag-freguesias","tag-planeamento-urbano","tag-propriedade-horizontal","tag-territorio"],"yoast_head":"<!-- This site is optimized with the Yoast SEO plugin v27.2 - https:\/\/yoast.com\/product\/yoast-seo-wordpress\/ -->\n<title>Oliveira do Bairro lidera Regi\u00e3o de Aveiro em propriedades georreferenciadas - Portal Tela Portugal<\/title>\n<meta name=\"robots\" content=\"index, follow, max-snippet:-1, max-image-preview:large, max-video-preview:-1\" \/>\n<meta property=\"og:locale\" content=\"pt_PT\" \/>\n<meta property=\"og:type\" content=\"article\" \/>\n<meta property=\"og:title\" content=\"Oliveira do Bairro lidera Regi\u00e3o de Aveiro em propriedades georreferenciadas - Portal Tela Portugal\" \/>\n<meta property=\"og:description\" content=\"O BUPi de Oliveira do Bairro registou 3.786 pr\u00e9dios em 2025, abrangendo 47% da \u00e1rea do concelho. Oliveira do Bairro \u00e9 o concelho da Regi\u00e3o de Aveiro com a maior percentagem de matrizes georreferenciadas atrav\u00e9s do Balc\u00e3o \u00danico do Pr\u00e9dio (BUPi), segundo dados recolhidos a 9 de janeiro. Desde a implementa\u00e7\u00e3o, o BUPi de Oliveira do Bairro registou 16.977 matrizes, correspondentes a cerca de 47% da \u00e1rea total do concelho. O ano de 2025 foi o segundo melhor desde 2021, j\u00e1 que em 2023 houve o registo recorde de 5.688 propriedades georreferenciadas. Distribui\u00e7\u00e3o por freguesia: 55% da \u00e1rea est\u00e1 georreferenciada em Oliveira do Bairro; Oi\u00e3 e Palha\u00e7a t\u00eam 46% e a Uni\u00e3o das Freguesias de Bustos, Troviscal e Mamarrosa 44%. O Balc\u00e3o \u00danico do Pr\u00e9dio funciona nos Pa\u00e7os do Concelho.\" \/>\n<meta property=\"og:url\" content=\"https:\/\/portaltela.pt\/noticias\/2026\/01\/23\/oliveira-do-bairro-lidera-regiao-de-aveiro-em-propriedades-georreferenciadas\/\" \/>\n<meta property=\"og:site_name\" content=\"Portal Tela Portugal\" \/>\n<meta property=\"article:published_time\" content=\"2026-01-23T15:06:34+00:00\" \/>\n<meta name=\"author\" content=\"Telinha\" \/>\n<meta name=\"twitter:card\" content=\"summary_large_image\" \/>\n<meta name=\"twitter:label1\" content=\"Escrito por\" \/>\n\t<meta name=\"twitter:data1\" content=\"Telinha\" \/>\n\t<meta name=\"twitter:label2\" content=\"Tempo estimado de leitura\" \/>\n\t<meta name=\"twitter:data2\" content=\"1 minuto\" \/>\n<script type=\"application\/ld+json\" class=\"yoast-schema-graph\">{\"@context\":\"https:\/\/schema.org\",\"@graph\":[{\"@type\":\"Article\",\"@id\":\"https:\/\/portaltela.pt\/noticias\/2026\/01\/23\/oliveira-do-bairro-lidera-regiao-de-aveiro-em-propriedades-georreferenciadas\/#article\",\"isPartOf\":{\"@id\":\"https:\/\/portaltela.pt\/noticias\/2026\/01\/23\/oliveira-do-bairro-lidera-regiao-de-aveiro-em-propriedades-georreferenciadas\/\"},\"author\":{\"name\":\"Telinha\",\"@id\":\"https:\/\/portaltela.pt\/#\/schema\/person\/c4278d4a6028830caff9ee44b42d32ed\"},\"headline\":\"Oliveira do Bairro lidera Regi\u00e3o de Aveiro em propriedades georreferenciadas\",\"datePublished\":\"2026-01-23T15:06:34+00:00\",\"mainEntityOfPage\":{\"@id\":\"https:\/\/portaltela.pt\/noticias\/2026\/01\/23\/oliveira-do-bairro-lidera-regiao-de-aveiro-em-propriedades-georreferenciadas\/\"},\"wordCount\":275,\"image\":{\"@id\":\"https:\/\/portaltela.pt\/noticias\/2026\/01\/23\/oliveira-do-bairro-lidera-regiao-de-aveiro-em-propriedades-georreferenciadas\/#primaryimage\"},\"thumbnailUrl\":\"https:\/\/portaltela.pt\/s.01k8rhncp4jt1\/2026\/01\/unnamed-file-4792.jpg\",\"keywords\":[\"Aveiro\",\"c\u00e2mara\",\"freguesias\",\"planeamento urbano\",\"propriedade horizontal\",\"Territ\u00f3rio\"],\"articleSection\":[\"Not\u00edcias\"],\"inLanguage\":\"pt-PT\"},{\"@type\":\"WebPage\",\"@id\":\"https:\/\/portaltela.pt\/noticias\/2026\/01\/23\/oliveira-do-bairro-lidera-regiao-de-aveiro-em-propriedades-georreferenciadas\/\",\"url\":\"https:\/\/portaltela.pt\/noticias\/2026\/01\/23\/oliveira-do-bairro-lidera-regiao-de-aveiro-em-propriedades-georreferenciadas\/\",\"name\":\"Oliveira do Bairro lidera Regi\u00e3o de Aveiro em propriedades georreferenciadas - Portal Tela Portugal\",\"isPartOf\":{\"@id\":\"https:\/\/portaltela.pt\/#website\"},\"primaryImageOfPage\":{\"@id\":\"https:\/\/portaltela.pt\/noticias\/2026\/01\/23\/oliveira-do-bairro-lidera-regiao-de-aveiro-em-propriedades-georreferenciadas\/#primaryimage\"},\"image\":{\"@id\":\"https:\/\/portaltela.pt\/noticias\/2026\/01\/23\/oliveira-do-bairro-lidera-regiao-de-aveiro-em-propriedades-georreferenciadas\/#primaryimage\"},\"thumbnailUrl\":\"https:\/\/portaltela.pt\/s.01k8rhncp4jt1\/2026\/01\/unnamed-file-4792.jpg\",\"datePublished\":\"2026-01-23T15:06:34+00:00\",\"author\":{\"@id\":\"https:\/\/portaltela.pt\/#\/schema\/person\/c4278d4a6028830caff9ee44b42d32ed\"},\"breadcrumb\":{\"@id\":\"https:\/\/portaltela.pt\/noticias\/2026\/01\/23\/oliveira-do-bairro-lidera-regiao-de-aveiro-em-propriedades-georreferenciadas\/#breadcrumb\"},\"inLanguage\":\"pt-PT\",\"potentialAction\":[{\"@type\":\"ReadAction\",\"target\":[\"https:\/\/portaltela.pt\/noticias\/2026\/01\/23\/oliveira-do-bairro-lidera-regiao-de-aveiro-em-propriedades-georreferenciadas\/\"]}]},{\"@type\":\"ImageObject\",\"inLanguage\":\"pt-PT\",\"@id\":\"https:\/\/portaltela.pt\/noticias\/2026\/01\/23\/oliveira-do-bairro-lidera-regiao-de-aveiro-em-propriedades-georreferenciadas\/#primaryimage\",\"url\":\"https:\/\/portaltela.pt\/s.01k8rhncp4jt1\/2026\/01\/unnamed-file-4792.jpg\",\"contentUrl\":\"https:\/\/portaltela.pt\/s.01k8rhncp4jt1\/2026\/01\/unnamed-file-4792.jpg\",\"width\":796,\"height\":448,\"caption\":\"Oliveira do Bairro lidera Regi\u00e3o de Aveiro em percentagem de propriedades georreferenciadas\"},{\"@type\":\"BreadcrumbList\",\"@id\":\"https:\/\/portaltela.pt\/noticias\/2026\/01\/23\/oliveira-do-bairro-lidera-regiao-de-aveiro-em-propriedades-georreferenciadas\/#breadcrumb\",\"itemListElement\":[{\"@type\":\"ListItem\",\"position\":1,\"name\":\"In\u00edcio\",\"item\":\"https:\/\/portaltela.pt\/\"},{\"@type\":\"ListItem\",\"position\":2,\"name\":\"Oliveira do Bairro lidera Regi\u00e3o de Aveiro em propriedades georreferenciadas\"}]},{\"@type\":\"WebSite\",\"@id\":\"https:\/\/portaltela.pt\/#website\",\"url\":\"https:\/\/portaltela.pt\/\",\"name\":\"Portal Tela Portugal\",\"description\":\"\",\"potentialAction\":[{\"@type\":\"SearchAction\",\"target\":{\"@type\":\"EntryPoint\",\"urlTemplate\":\"https:\/\/portaltela.pt\/?s={search_term_string}\"},\"query-input\":{\"@type\":\"PropertyValueSpecification\",\"valueRequired\":true,\"valueName\":\"search_term_string\"}}],\"inLanguage\":\"pt-PT\"},{\"@type\":\"Person\",\"@id\":\"https:\/\/portaltela.pt\/#\/schema\/person\/c4278d4a6028830caff9ee44b42d32ed\",\"name\":\"Telinha\",\"image\":{\"@type\":\"ImageObject\",\"inLanguage\":\"pt-PT\",\"@id\":\"https:\/\/portaltela.pt\/s.01k8rhncp4jt1\/2025\/11\/talking-bot-125x125.png\",\"url\":\"https:\/\/portaltela.pt\/s.01k8rhncp4jt1\/2025\/11\/talking-bot-125x125.png\",\"contentUrl\":\"https:\/\/portaltela.pt\/s.01k8rhncp4jt1\/2025\/11\/talking-bot-125x125.png\",\"caption\":\"Telinha\"},\"sameAs\":[\"https:\/\/portaltela.pt\/\"],\"url\":\"https:\/\/portaltela.pt\/por\/367410592786\/\"}]}<\/script>\n<!-- \/ Yoast SEO plugin. -->","yoast_head_json":{"title":"Oliveira do Bairro lidera Regi\u00e3o de Aveiro em propriedades georreferenciadas - Portal Tela Portugal","robots":{"index":"index","follow":"follow","max-snippet":"max-snippet:-1","max-image-preview":"max-image-preview:large","max-video-preview":"max-video-preview:-1"},"og_locale":"pt_PT","og_type":"article","og_title":"Oliveira do Bairro lidera Regi\u00e3o de Aveiro em propriedades georreferenciadas - Portal Tela Portugal","og_description":"O BUPi de Oliveira do Bairro registou 3.786 pr\u00e9dios em 2025, abrangendo 47% da \u00e1rea do concelho. Oliveira do Bairro \u00e9 o concelho da Regi\u00e3o de Aveiro com a maior percentagem de matrizes georreferenciadas atrav\u00e9s do Balc\u00e3o \u00danico do Pr\u00e9dio (BUPi), segundo dados recolhidos a 9 de janeiro. Desde a implementa\u00e7\u00e3o, o BUPi de Oliveira do Bairro registou 16.977 matrizes, correspondentes a cerca de 47% da \u00e1rea total do concelho. O ano de 2025 foi o segundo melhor desde 2021, j\u00e1 que em 2023 houve o registo recorde de 5.688 propriedades georreferenciadas. Distribui\u00e7\u00e3o por freguesia: 55% da \u00e1rea est\u00e1 georreferenciada em Oliveira do Bairro; Oi\u00e3 e Palha\u00e7a t\u00eam 46% e a Uni\u00e3o das Freguesias de Bustos, Troviscal e Mamarrosa 44%. O Balc\u00e3o \u00danico do Pr\u00e9dio funciona nos Pa\u00e7os do Concelho.","og_url":"https:\/\/portaltela.pt\/noticias\/2026\/01\/23\/oliveira-do-bairro-lidera-regiao-de-aveiro-em-propriedades-georreferenciadas\/","og_site_name":"Portal Tela Portugal","article_published_time":"2026-01-23T15:06:34+00:00","author":"Telinha","twitter_card":"summary_large_image","twitter_misc":{"Escrito por":"Telinha","Tempo estimado de leitura":"1 minuto"},"schema":{"@context":"https:\/\/schema.org","@graph":[{"@type":"Article","@id":"https:\/\/portaltela.pt\/noticias\/2026\/01\/23\/oliveira-do-bairro-lidera-regiao-de-aveiro-em-propriedades-georreferenciadas\/#article","isPartOf":{"@id":"https:\/\/portaltela.pt\/noticias\/2026\/01\/23\/oliveira-do-bairro-lidera-regiao-de-aveiro-em-propriedades-georreferenciadas\/"},"author":{"name":"Telinha","@id":"https:\/\/portaltela.pt\/#\/schema\/person\/c4278d4a6028830caff9ee44b42d32ed"},"headline":"Oliveira do Bairro lidera Regi\u00e3o de Aveiro em propriedades georreferenciadas","datePublished":"2026-01-23T15:06:34+00:00","mainEntityOfPage":{"@id":"https:\/\/portaltela.pt\/noticias\/2026\/01\/23\/oliveira-do-bairro-lidera-regiao-de-aveiro-em-propriedades-georreferenciadas\/"},"wordCount":275,"image":{"@id":"https:\/\/portaltela.pt\/noticias\/2026\/01\/23\/oliveira-do-bairro-lidera-regiao-de-aveiro-em-propriedades-georreferenciadas\/#primaryimage"},"thumbnailUrl":"https:\/\/portaltela.pt\/s.01k8rhncp4jt1\/2026\/01\/unnamed-file-4792.jpg","keywords":["Aveiro","c\u00e2mara","freguesias","planeamento urbano","propriedade horizontal","Territ\u00f3rio"],"articleSection":["Not\u00edcias"],"inLanguage":"pt-PT"},{"@type":"WebPage","@id":"https:\/\/portaltela.pt\/noticias\/2026\/01\/23\/oliveira-do-bairro-lidera-regiao-de-aveiro-em-propriedades-georreferenciadas\/","url":"https:\/\/portaltela.pt\/noticias\/2026\/01\/23\/oliveira-do-bairro-lidera-regiao-de-aveiro-em-propriedades-georreferenciadas\/","name":"Oliveira do Bairro lidera Regi\u00e3o de Aveiro em propriedades georreferenciadas - Portal Tela Portugal","isPartOf":{"@id":"https:\/\/portaltela.pt\/#website"},"primaryImageOfPage":{"@id":"https:\/\/portaltela.pt\/noticias\/2026\/01\/23\/oliveira-do-bairro-lidera-regiao-de-aveiro-em-propriedades-georreferenciadas\/#primaryimage"},"image":{"@id":"https:\/\/portaltela.pt\/noticias\/2026\/01\/23\/oliveira-do-bairro-lidera-regiao-de-aveiro-em-propriedades-georreferenciadas\/#primaryimage"},"thumbnailUrl":"https:\/\/portaltela.pt\/s.01k8rhncp4jt1\/2026\/01\/unnamed-file-4792.jpg","datePublished":"2026-01-23T15:06:34+00:00","author":{"@id":"https:\/\/portaltela.pt\/#\/schema\/person\/c4278d4a6028830caff9ee44b42d32ed"},"breadcrumb":{"@id":"https:\/\/portaltela.pt\/noticias\/2026\/01\/23\/oliveira-do-bairro-lidera-regiao-de-aveiro-em-propriedades-georreferenciadas\/#breadcrumb"},"inLanguage":"pt-PT","potentialAction":[{"@type":"ReadAction","target":["https:\/\/portaltela.pt\/noticias\/2026\/01\/23\/oliveira-do-bairro-lidera-regiao-de-aveiro-em-propriedades-georreferenciadas\/"]}]},{"@type":"ImageObject","inLanguage":"pt-PT","@id":"https:\/\/portaltela.pt\/noticias\/2026\/01\/23\/oliveira-do-bairro-lidera-regiao-de-aveiro-em-propriedades-georreferenciadas\/#primaryimage","url":"https:\/\/portaltela.pt\/s.01k8rhncp4jt1\/2026\/01\/unnamed-file-4792.jpg","contentUrl":"https:\/\/portaltela.pt\/s.01k8rhncp4jt1\/2026\/01\/unnamed-file-4792.jpg","width":796,"height":448,"caption":"Oliveira do Bairro lidera Regi\u00e3o de Aveiro em percentagem de propriedades georreferenciadas"},{"@type":"BreadcrumbList","@id":"https:\/\/portaltela.pt\/noticias\/2026\/01\/23\/oliveira-do-bairro-lidera-regiao-de-aveiro-em-propriedades-georreferenciadas\/#breadcrumb","itemListElement":[{"@type":"ListItem","position":1,"name":"In\u00edcio","item":"https:\/\/portaltela.pt\/"},{"@type":"ListItem","position":2,"name":"Oliveira do Bairro lidera Regi\u00e3o de Aveiro em propriedades georreferenciadas"}]},{"@type":"WebSite","@id":"https:\/\/portaltela.pt\/#website","url":"https:\/\/portaltela.pt\/","name":"Portal Tela Portugal","description":"","potentialAction":[{"@type":"SearchAction","target":{"@type":"EntryPoint","urlTemplate":"https:\/\/portaltela.pt\/?s={search_term_string}"},"query-input":{"@type":"PropertyValueSpecification","valueRequired":true,"valueName":"search_term_string"}}],"inLanguage":"pt-PT"},{"@type":"Person","@id":"https:\/\/portaltela.pt\/#\/schema\/person\/c4278d4a6028830caff9ee44b42d32ed","name":"Telinha","image":{"@type":"ImageObject","inLanguage":"pt-PT","@id":"https:\/\/portaltela.pt\/s.01k8rhncp4jt1\/2025\/11\/talking-bot-125x125.png","url":"https:\/\/portaltela.pt\/s.01k8rhncp4jt1\/2025\/11\/talking-bot-125x125.png","contentUrl":"https:\/\/portaltela.pt\/s.01k8rhncp4jt1\/2025\/11\/talking-bot-125x125.png","caption":"Telinha"},"sameAs":["https:\/\/portaltela.pt\/"],"url":"https:\/\/portaltela.pt\/por\/367410592786\/"}]}},"_links":{"self":[{"href":"https:\/\/portaltela.pt\/api\/wp\/v2\/posts\/167277","targetHints":{"allow":["GET"]}}],"collection":[{"href":"https:\/\/portaltela.pt\/api\/wp\/v2\/posts"}],"about":[{"href":"https:\/\/portaltela.pt\/api\/wp\/v2\/types\/post"}],"author":[{"embeddable":true,"href":"https:\/\/portaltela.pt\/api\/wp\/v2\/users\/2"}],"replies":[{"embeddable":true,"href":"https:\/\/portaltela.pt\/api\/wp\/v2\/comments?post=167277"}],"version-history":[{"count":0,"href":"https:\/\/portaltela.pt\/api\/wp\/v2\/posts\/167277\/revisions"}],"wp:featuredmedia":[{"embeddable":true,"href":"https:\/\/portaltela.pt\/api\/wp\/v2\/media\/167304"}],"wp:attachment":[{"href":"https:\/\/portaltela.pt\/api\/wp\/v2\/media?parent=167277"}],"wp:term":[{"taxonomy":"category","embeddable":true,"href":"https:\/\/portaltela.pt\/api\/wp\/v2\/categories?post=167277"},{"taxonomy":"post_tag","embeddable":true,"href":"https:\/\/portaltela.pt\/api\/wp\/v2\/tags?post=167277"}],"curies":[{"name":"wp","href":"https:\/\/api.w.org\/{rel}","templated":true}]}}