{"id":167275,"date":"2026-01-23T12:28:00","date_gmt":"2026-01-23T15:28:00","guid":{"rendered":"https:\/\/portaltela.pt\/noticias\/2026\/01\/23\/casos-de-gripe-reduzem-mas-obitos-continuam-acima-do-normal\/"},"modified":"2026-01-23T12:28:00","modified_gmt":"2026-01-23T15:28:00","slug":"casos-de-gripe-reduzem-mas-obitos-continuam-acima-do-normal","status":"publish","type":"post","link":"https:\/\/portaltela.pt\/noticias\/2026\/01\/23\/casos-de-gripe-reduzem-mas-obitos-continuam-acima-do-normal\/","title":{"rendered":"Casos de gripe reduzem, mas \u00f3bitos continuam acima do normal"},"content":{"rendered":"<p>A gripe epid\u00e9mica em Portugal est\u00e1 a abrandar, com menos casos de gripe, infec\u00e7\u00f5es respirat\u00f3rias graves e internamentos em cuidados intensivos. O INSA confirma que, apesar da melhoria, permanece o excesso de \u00f3bitos.<\/p>\n<p>Entre os diversos agentes respirat\u00f3rios detetados, o v\u00edrus sincicial respirat\u00f3rio (RSV) tem vindo a aumentar, enquanto as detec\u00e7\u00f5es de gripe diminuem, indica o boletim semanal do INSA.<\/p>\n<p>Desde o in\u00edcio da \u00e9poca, foram identificados 5476 casos de infec\u00e7\u00e3o respirat\u00f3ria. Na \u00faltima semana foram detetados 410 casos, com o RSV a ser o agente mais frequente.<\/p>\n<h3>RSV e impacto em crian\u00e7as<\/h3>\n<p>Segundo o INSA, j\u00e1 houve 111 internamentos por RSV em crian\u00e7as com menos de 24 meses na rede de vigil\u00e2ncia VigiRSV. Deste total, 20,7% tinham 3 meses ou menos, 18,6% eram prematuros, 17,8% com baixo peso e 4,5% necessitaram de Unidade de Cuidados Intensivos ou ventila\u00e7\u00e3o.<\/p>\n<p>A mortalidade por todas as causas mant\u00e9m-se acima do expected, com excessos identificados na semana passada nas regi\u00f5es Norte, Centro, Lisboa e Vale do Tejo, Alentejo e entre maiores de 75 anos, em ambos os sexos, segundo o INSA.<\/p>\n<h3>Perspetivas internacionais e vacina\u00e7\u00e3o<\/h3>\n<p>Globalmente, a circula\u00e7\u00e3o de gripe \u00e9 elevada na maioria da UE\/EEE e afeta todas as faixas et\u00e1rias, com o pico j\u00e1 aparentando ter passado em muitos pa\u00edses. O subtipo dominante na UE\/EEE continua a ser A(H3N2), seguido de A(H1N1)pdm09.<\/p>\n<p>O INSA sublinha que a vacina\u00e7\u00e3o permanece a medida mais eficaz para prevenir formas graves de doen\u00e7as virais respirat\u00f3rias, incentivando a ades\u00e3o especialmente entre grupos de maior risco.<\/p>\n","protected":false},"excerpt":{"rendered":"<ul>\n<li>A atividade gripal epid\u00e9mica em Portugal est\u00e1 a abrandar, com menos casos de gripe e internamentos, mantendo-se, por\u00e9m, o excesso de \u00f3bitos.<\/li>\n<li>O RSV (v\u00edrus sincicial respirat\u00f3rio) tem vindo a aumentar, com 410 casos na \u00faltima semana; desde o in\u00edcio da \u00e9poca foram identificados 5.476 casos.<\/li>\n<li>Foram reportados 111 internamentos por RSV em crian\u00e7as com menos de 24 meses; entre estes, 20,7% tinham \u2264 3 meses, 18,6% eram prematuros, 17,8% tinham baixo peso e 4,5% foram para Unidade de Cuidados Intensivos ou necessitaram de ventila\u00e7\u00e3o.<\/li>\n<li>A mortalidade por todas as causas est\u00e1 acima do esperado, com excessos detectados nas regi\u00f5es Norte, Centro, Lisboa e Vale do Tejo e Alentejo, em ambos os sexos e entre pessoas com mais de 75 anos.<\/li>\n<li>A circula\u00e7\u00e3o da gripe continua elevada na UE\/EEE, com o subtipo A(H3N2) a dominar; o INSA recomenda a vacina\u00e7\u00e3o como medida mais eficaz de prote\u00e7\u00e3o contra doen\u00e7as respirat\u00f3rias graves.<\/li>\n<\/ul>\n","protected":false},"author":2,"featured_media":167293,"comment_status":"closed","ping_status":"closed","sticky":false,"template":"","format":"standard","meta":{"footnotes":""},"categories":[1],"tags":[3953,1905,3976,1014,271,3949],"class_list":["post-167275","post","type-post","status-publish","format-standard","has-post-thumbnail","hentry","category-noticias","tag-criancas","tag-gripe","tag-infeccoes-respiratorias","tag-portugal","tag-saude-publica","tag-vacinacoes"],"yoast_head":"<!-- This site is optimized with the Yoast SEO plugin v27.2 - https:\/\/yoast.com\/product\/yoast-seo-wordpress\/ -->\n<title>Casos de gripe reduzem, mas \u00f3bitos continuam acima do normal - Portal Tela Portugal<\/title>\n<meta name=\"robots\" content=\"index, follow, max-snippet:-1, max-image-preview:large, max-video-preview:-1\" \/>\n<meta property=\"og:locale\" content=\"pt_PT\" \/>\n<meta property=\"og:type\" content=\"article\" \/>\n<meta property=\"og:title\" content=\"Casos de gripe reduzem, mas \u00f3bitos continuam acima do normal - Portal Tela Portugal\" \/>\n<meta property=\"og:description\" content=\"A atividade gripal epid\u00e9mica em Portugal est\u00e1 a abrandar, com menos casos de gripe e internamentos, mantendo-se, por\u00e9m, o excesso de \u00f3bitos. O RSV (v\u00edrus sincicial respirat\u00f3rio) tem vindo a aumentar, com 410 casos na \u00faltima semana; desde o in\u00edcio da \u00e9poca foram identificados 5.476 casos. Foram reportados 111 internamentos por RSV em crian\u00e7as com menos de 24 meses; entre estes, 20,7% tinham \u2264 3 meses, 18,6% eram prematuros, 17,8% tinham baixo peso e 4,5% foram para Unidade de Cuidados Intensivos ou necessitaram de ventila\u00e7\u00e3o. A mortalidade por todas as causas est\u00e1 acima do esperado, com excessos detectados nas regi\u00f5es Norte, Centro, Lisboa e Vale do Tejo e Alentejo, em ambos os sexos e entre pessoas com mais de 75 anos. A circula\u00e7\u00e3o da gripe continua elevada na UE\/EEE, com o subtipo A(H3N2) a dominar; o INSA recomenda a vacina\u00e7\u00e3o como medida mais eficaz de prote\u00e7\u00e3o contra doen\u00e7as respirat\u00f3rias graves.\" \/>\n<meta property=\"og:url\" content=\"https:\/\/portaltela.pt\/noticias\/2026\/01\/23\/casos-de-gripe-reduzem-mas-obitos-continuam-acima-do-normal\/\" \/>\n<meta property=\"og:site_name\" content=\"Portal Tela Portugal\" \/>\n<meta property=\"article:published_time\" content=\"2026-01-23T15:28:00+00:00\" \/>\n<meta name=\"author\" content=\"Telinha\" \/>\n<meta name=\"twitter:card\" content=\"summary_large_image\" \/>\n<meta name=\"twitter:label1\" content=\"Escrito por\" \/>\n\t<meta name=\"twitter:data1\" content=\"Telinha\" \/>\n\t<meta name=\"twitter:label2\" content=\"Tempo estimado de leitura\" \/>\n\t<meta name=\"twitter:data2\" content=\"1 minuto\" \/>\n<script type=\"application\/ld+json\" class=\"yoast-schema-graph\">{\"@context\":\"https:\/\/schema.org\",\"@graph\":[{\"@type\":\"Article\",\"@id\":\"https:\/\/portaltela.pt\/noticias\/2026\/01\/23\/casos-de-gripe-reduzem-mas-obitos-continuam-acima-do-normal\/#article\",\"isPartOf\":{\"@id\":\"https:\/\/portaltela.pt\/noticias\/2026\/01\/23\/casos-de-gripe-reduzem-mas-obitos-continuam-acima-do-normal\/\"},\"author\":{\"name\":\"Telinha\",\"@id\":\"https:\/\/portaltela.pt\/#\/schema\/person\/c4278d4a6028830caff9ee44b42d32ed\"},\"headline\":\"Casos de gripe reduzem, mas \u00f3bitos continuam acima do normal\",\"datePublished\":\"2026-01-23T15:28:00+00:00\",\"mainEntityOfPage\":{\"@id\":\"https:\/\/portaltela.pt\/noticias\/2026\/01\/23\/casos-de-gripe-reduzem-mas-obitos-continuam-acima-do-normal\/\"},\"wordCount\":279,\"image\":{\"@id\":\"https:\/\/portaltela.pt\/noticias\/2026\/01\/23\/casos-de-gripe-reduzem-mas-obitos-continuam-acima-do-normal\/#primaryimage\"},\"thumbnailUrl\":\"https:\/\/portaltela.pt\/s.01k8rhncp4jt1\/2026\/01\/image-1556.jpg\",\"keywords\":[\"crian\u00e7as\",\"gripe\",\"infec\u00e7\u00f5es respirat\u00f3rias\",\"Portugal\",\"sa\u00fade p\u00fablica\",\"vacina\u00e7\u00f5es\"],\"articleSection\":[\"Not\u00edcias\"],\"inLanguage\":\"pt-PT\"},{\"@type\":\"WebPage\",\"@id\":\"https:\/\/portaltela.pt\/noticias\/2026\/01\/23\/casos-de-gripe-reduzem-mas-obitos-continuam-acima-do-normal\/\",\"url\":\"https:\/\/portaltela.pt\/noticias\/2026\/01\/23\/casos-de-gripe-reduzem-mas-obitos-continuam-acima-do-normal\/\",\"name\":\"Casos de gripe reduzem, mas \u00f3bitos continuam acima do normal - Portal Tela Portugal\",\"isPartOf\":{\"@id\":\"https:\/\/portaltela.pt\/#website\"},\"primaryImageOfPage\":{\"@id\":\"https:\/\/portaltela.pt\/noticias\/2026\/01\/23\/casos-de-gripe-reduzem-mas-obitos-continuam-acima-do-normal\/#primaryimage\"},\"image\":{\"@id\":\"https:\/\/portaltela.pt\/noticias\/2026\/01\/23\/casos-de-gripe-reduzem-mas-obitos-continuam-acima-do-normal\/#primaryimage\"},\"thumbnailUrl\":\"https:\/\/portaltela.pt\/s.01k8rhncp4jt1\/2026\/01\/image-1556.jpg\",\"datePublished\":\"2026-01-23T15:28:00+00:00\",\"author\":{\"@id\":\"https:\/\/portaltela.pt\/#\/schema\/person\/c4278d4a6028830caff9ee44b42d32ed\"},\"breadcrumb\":{\"@id\":\"https:\/\/portaltela.pt\/noticias\/2026\/01\/23\/casos-de-gripe-reduzem-mas-obitos-continuam-acima-do-normal\/#breadcrumb\"},\"inLanguage\":\"pt-PT\",\"potentialAction\":[{\"@type\":\"ReadAction\",\"target\":[\"https:\/\/portaltela.pt\/noticias\/2026\/01\/23\/casos-de-gripe-reduzem-mas-obitos-continuam-acima-do-normal\/\"]}]},{\"@type\":\"ImageObject\",\"inLanguage\":\"pt-PT\",\"@id\":\"https:\/\/portaltela.pt\/noticias\/2026\/01\/23\/casos-de-gripe-reduzem-mas-obitos-continuam-acima-do-normal\/#primaryimage\",\"url\":\"https:\/\/portaltela.pt\/s.01k8rhncp4jt1\/2026\/01\/image-1556.jpg\",\"contentUrl\":\"https:\/\/portaltela.pt\/s.01k8rhncp4jt1\/2026\/01\/image-1556.jpg\",\"width\":796,\"height\":448,\"caption\":\"Foram reportados oitos casos de gripe pelas Unidades de Cuidados Intensivos\"},{\"@type\":\"BreadcrumbList\",\"@id\":\"https:\/\/portaltela.pt\/noticias\/2026\/01\/23\/casos-de-gripe-reduzem-mas-obitos-continuam-acima-do-normal\/#breadcrumb\",\"itemListElement\":[{\"@type\":\"ListItem\",\"position\":1,\"name\":\"In\u00edcio\",\"item\":\"https:\/\/portaltela.pt\/\"},{\"@type\":\"ListItem\",\"position\":2,\"name\":\"Casos de gripe reduzem, mas \u00f3bitos continuam acima do normal\"}]},{\"@type\":\"WebSite\",\"@id\":\"https:\/\/portaltela.pt\/#website\",\"url\":\"https:\/\/portaltela.pt\/\",\"name\":\"Portal Tela Portugal\",\"description\":\"\",\"potentialAction\":[{\"@type\":\"SearchAction\",\"target\":{\"@type\":\"EntryPoint\",\"urlTemplate\":\"https:\/\/portaltela.pt\/?s={search_term_string}\"},\"query-input\":{\"@type\":\"PropertyValueSpecification\",\"valueRequired\":true,\"valueName\":\"search_term_string\"}}],\"inLanguage\":\"pt-PT\"},{\"@type\":\"Person\",\"@id\":\"https:\/\/portaltela.pt\/#\/schema\/person\/c4278d4a6028830caff9ee44b42d32ed\",\"name\":\"Telinha\",\"image\":{\"@type\":\"ImageObject\",\"inLanguage\":\"pt-PT\",\"@id\":\"https:\/\/portaltela.pt\/s.01k8rhncp4jt1\/2025\/11\/talking-bot-125x125.png\",\"url\":\"https:\/\/portaltela.pt\/s.01k8rhncp4jt1\/2025\/11\/talking-bot-125x125.png\",\"contentUrl\":\"https:\/\/portaltela.pt\/s.01k8rhncp4jt1\/2025\/11\/talking-bot-125x125.png\",\"caption\":\"Telinha\"},\"sameAs\":[\"https:\/\/portaltela.pt\/\"],\"url\":\"https:\/\/portaltela.pt\/por\/367410592786\/\"}]}<\/script>\n<!-- \/ Yoast SEO plugin. -->","yoast_head_json":{"title":"Casos de gripe reduzem, mas \u00f3bitos continuam acima do normal - Portal Tela Portugal","robots":{"index":"index","follow":"follow","max-snippet":"max-snippet:-1","max-image-preview":"max-image-preview:large","max-video-preview":"max-video-preview:-1"},"og_locale":"pt_PT","og_type":"article","og_title":"Casos de gripe reduzem, mas \u00f3bitos continuam acima do normal - Portal Tela Portugal","og_description":"A atividade gripal epid\u00e9mica em Portugal est\u00e1 a abrandar, com menos casos de gripe e internamentos, mantendo-se, por\u00e9m, o excesso de \u00f3bitos. O RSV (v\u00edrus sincicial respirat\u00f3rio) tem vindo a aumentar, com 410 casos na \u00faltima semana; desde o in\u00edcio da \u00e9poca foram identificados 5.476 casos. Foram reportados 111 internamentos por RSV em crian\u00e7as com menos de 24 meses; entre estes, 20,7% tinham \u2264 3 meses, 18,6% eram prematuros, 17,8% tinham baixo peso e 4,5% foram para Unidade de Cuidados Intensivos ou necessitaram de ventila\u00e7\u00e3o. A mortalidade por todas as causas est\u00e1 acima do esperado, com excessos detectados nas regi\u00f5es Norte, Centro, Lisboa e Vale do Tejo e Alentejo, em ambos os sexos e entre pessoas com mais de 75 anos. A circula\u00e7\u00e3o da gripe continua elevada na UE\/EEE, com o subtipo A(H3N2) a dominar; o INSA recomenda a vacina\u00e7\u00e3o como medida mais eficaz de prote\u00e7\u00e3o contra doen\u00e7as respirat\u00f3rias graves.","og_url":"https:\/\/portaltela.pt\/noticias\/2026\/01\/23\/casos-de-gripe-reduzem-mas-obitos-continuam-acima-do-normal\/","og_site_name":"Portal Tela Portugal","article_published_time":"2026-01-23T15:28:00+00:00","author":"Telinha","twitter_card":"summary_large_image","twitter_misc":{"Escrito por":"Telinha","Tempo estimado de leitura":"1 minuto"},"schema":{"@context":"https:\/\/schema.org","@graph":[{"@type":"Article","@id":"https:\/\/portaltela.pt\/noticias\/2026\/01\/23\/casos-de-gripe-reduzem-mas-obitos-continuam-acima-do-normal\/#article","isPartOf":{"@id":"https:\/\/portaltela.pt\/noticias\/2026\/01\/23\/casos-de-gripe-reduzem-mas-obitos-continuam-acima-do-normal\/"},"author":{"name":"Telinha","@id":"https:\/\/portaltela.pt\/#\/schema\/person\/c4278d4a6028830caff9ee44b42d32ed"},"headline":"Casos de gripe reduzem, mas \u00f3bitos continuam acima do normal","datePublished":"2026-01-23T15:28:00+00:00","mainEntityOfPage":{"@id":"https:\/\/portaltela.pt\/noticias\/2026\/01\/23\/casos-de-gripe-reduzem-mas-obitos-continuam-acima-do-normal\/"},"wordCount":279,"image":{"@id":"https:\/\/portaltela.pt\/noticias\/2026\/01\/23\/casos-de-gripe-reduzem-mas-obitos-continuam-acima-do-normal\/#primaryimage"},"thumbnailUrl":"https:\/\/portaltela.pt\/s.01k8rhncp4jt1\/2026\/01\/image-1556.jpg","keywords":["crian\u00e7as","gripe","infec\u00e7\u00f5es respirat\u00f3rias","Portugal","sa\u00fade p\u00fablica","vacina\u00e7\u00f5es"],"articleSection":["Not\u00edcias"],"inLanguage":"pt-PT"},{"@type":"WebPage","@id":"https:\/\/portaltela.pt\/noticias\/2026\/01\/23\/casos-de-gripe-reduzem-mas-obitos-continuam-acima-do-normal\/","url":"https:\/\/portaltela.pt\/noticias\/2026\/01\/23\/casos-de-gripe-reduzem-mas-obitos-continuam-acima-do-normal\/","name":"Casos de gripe reduzem, mas \u00f3bitos continuam acima do normal - Portal Tela Portugal","isPartOf":{"@id":"https:\/\/portaltela.pt\/#website"},"primaryImageOfPage":{"@id":"https:\/\/portaltela.pt\/noticias\/2026\/01\/23\/casos-de-gripe-reduzem-mas-obitos-continuam-acima-do-normal\/#primaryimage"},"image":{"@id":"https:\/\/portaltela.pt\/noticias\/2026\/01\/23\/casos-de-gripe-reduzem-mas-obitos-continuam-acima-do-normal\/#primaryimage"},"thumbnailUrl":"https:\/\/portaltela.pt\/s.01k8rhncp4jt1\/2026\/01\/image-1556.jpg","datePublished":"2026-01-23T15:28:00+00:00","author":{"@id":"https:\/\/portaltela.pt\/#\/schema\/person\/c4278d4a6028830caff9ee44b42d32ed"},"breadcrumb":{"@id":"https:\/\/portaltela.pt\/noticias\/2026\/01\/23\/casos-de-gripe-reduzem-mas-obitos-continuam-acima-do-normal\/#breadcrumb"},"inLanguage":"pt-PT","potentialAction":[{"@type":"ReadAction","target":["https:\/\/portaltela.pt\/noticias\/2026\/01\/23\/casos-de-gripe-reduzem-mas-obitos-continuam-acima-do-normal\/"]}]},{"@type":"ImageObject","inLanguage":"pt-PT","@id":"https:\/\/portaltela.pt\/noticias\/2026\/01\/23\/casos-de-gripe-reduzem-mas-obitos-continuam-acima-do-normal\/#primaryimage","url":"https:\/\/portaltela.pt\/s.01k8rhncp4jt1\/2026\/01\/image-1556.jpg","contentUrl":"https:\/\/portaltela.pt\/s.01k8rhncp4jt1\/2026\/01\/image-1556.jpg","width":796,"height":448,"caption":"Foram reportados oitos casos de gripe pelas Unidades de Cuidados Intensivos"},{"@type":"BreadcrumbList","@id":"https:\/\/portaltela.pt\/noticias\/2026\/01\/23\/casos-de-gripe-reduzem-mas-obitos-continuam-acima-do-normal\/#breadcrumb","itemListElement":[{"@type":"ListItem","position":1,"name":"In\u00edcio","item":"https:\/\/portaltela.pt\/"},{"@type":"ListItem","position":2,"name":"Casos de gripe reduzem, mas \u00f3bitos continuam acima do normal"}]},{"@type":"WebSite","@id":"https:\/\/portaltela.pt\/#website","url":"https:\/\/portaltela.pt\/","name":"Portal Tela Portugal","description":"","potentialAction":[{"@type":"SearchAction","target":{"@type":"EntryPoint","urlTemplate":"https:\/\/portaltela.pt\/?s={search_term_string}"},"query-input":{"@type":"PropertyValueSpecification","valueRequired":true,"valueName":"search_term_string"}}],"inLanguage":"pt-PT"},{"@type":"Person","@id":"https:\/\/portaltela.pt\/#\/schema\/person\/c4278d4a6028830caff9ee44b42d32ed","name":"Telinha","image":{"@type":"ImageObject","inLanguage":"pt-PT","@id":"https:\/\/portaltela.pt\/s.01k8rhncp4jt1\/2025\/11\/talking-bot-125x125.png","url":"https:\/\/portaltela.pt\/s.01k8rhncp4jt1\/2025\/11\/talking-bot-125x125.png","contentUrl":"https:\/\/portaltela.pt\/s.01k8rhncp4jt1\/2025\/11\/talking-bot-125x125.png","caption":"Telinha"},"sameAs":["https:\/\/portaltela.pt\/"],"url":"https:\/\/portaltela.pt\/por\/367410592786\/"}]}},"_links":{"self":[{"href":"https:\/\/portaltela.pt\/api\/wp\/v2\/posts\/167275","targetHints":{"allow":["GET"]}}],"collection":[{"href":"https:\/\/portaltela.pt\/api\/wp\/v2\/posts"}],"about":[{"href":"https:\/\/portaltela.pt\/api\/wp\/v2\/types\/post"}],"author":[{"embeddable":true,"href":"https:\/\/portaltela.pt\/api\/wp\/v2\/users\/2"}],"replies":[{"embeddable":true,"href":"https:\/\/portaltela.pt\/api\/wp\/v2\/comments?post=167275"}],"version-history":[{"count":0,"href":"https:\/\/portaltela.pt\/api\/wp\/v2\/posts\/167275\/revisions"}],"wp:featuredmedia":[{"embeddable":true,"href":"https:\/\/portaltela.pt\/api\/wp\/v2\/media\/167293"}],"wp:attachment":[{"href":"https:\/\/portaltela.pt\/api\/wp\/v2\/media?parent=167275"}],"wp:term":[{"taxonomy":"category","embeddable":true,"href":"https:\/\/portaltela.pt\/api\/wp\/v2\/categories?post=167275"},{"taxonomy":"post_tag","embeddable":true,"href":"https:\/\/portaltela.pt\/api\/wp\/v2\/tags?post=167275"}],"curies":[{"name":"wp","href":"https:\/\/api.w.org\/{rel}","templated":true}]}}