{"id":167273,"date":"2026-01-23T12:00:00","date_gmt":"2026-01-23T15:00:00","guid":{"rendered":"https:\/\/portaltela.pt\/noticias\/2026\/01\/23\/ps-defende-manutencao-do-hospital-para-reabilitacao-e-cuidados-continuados\/"},"modified":"2026-01-23T12:00:00","modified_gmt":"2026-01-23T15:00:00","slug":"ps-defende-manutencao-do-hospital-para-reabilitacao-e-cuidados-continuados","status":"publish","type":"post","link":"https:\/\/portaltela.pt\/noticias\/2026\/01\/23\/ps-defende-manutencao-do-hospital-para-reabilitacao-e-cuidados-continuados\/","title":{"rendered":"PS defende manuten\u00e7\u00e3o do hospital para reabilita\u00e7\u00e3o e cuidados continuados"},"content":{"rendered":"<p>O PS-Madeira criticou a inten\u00e7\u00e3o do Governo Regional de vender as atuais instala\u00e7\u00f5es do Hospital Dr. N\u00e9lio Mendon\u00e7a. A posi\u00e7\u00e3o foi confirmada pelo presidente do executivo, numa nota divulgada esta sexta-feira. A bancada regional sustenta que a infraestrutura \u00e9 \u00fatil para a regi\u00e3o.<\/p>\n<p>Segundo a dirigente socialista C\u00e9lia Pessegueiro, o hospital \u00e9 uma infraestrutura fundamental que n\u00e3o deve sair do patrim\u00f3nio p\u00fablico. Defende que o edif\u00edcio seja utilizado como hospital secund\u00e1rio de refer\u00eancia, com val\u00eancias de reabilita\u00e7\u00e3o, cuidados continuados e paliativos.<\/p>\n<p>A l\u00edder do PS-Madeira aponta ainda dificuldades de sa\u00fade na regi\u00e3o, incluindo situa\u00e7\u00f5es de alta cl\u00ednica para cerca de 250 utentes que necessitam de reabilita\u00e7\u00e3o para regressar a casa. O argumento \u00e9 manter o N\u00e9lio Mendon\u00e7a para acolher estes servi\u00e7os.<\/p>\n<h3>Posi\u00e7\u00e3o e desdobramentos<\/h3>\n<p>O PS-Madeira sustenta que o hospital poderia albergar \u00e1reas espec\u00edficas para cuidados continuados e para pacientes em situa\u00e7\u00e3o de fragilidade, libertando a nova Unidade Central e Universit\u00e1ria da Madeira para fun\u00e7\u00f5es hospitalares.<\/p>\n<p>A dirigente lembra que o hospital j\u00e1 passou por v\u00e1rias interven\u00e7\u00f5es ao longo dos anos, com renova\u00e7\u00f5es de alas, servi\u00e7os e estacionamento p\u00fablico. A venda seria, segundo o PS, contradit\u00f3ria face aos investimentos j\u00e1 realizados.<\/p>\n<p>A cr\u00edtica centra-se tamb\u00e9m numa poss\u00edvel ced\u00eancia a interesses imobili\u00e1rios, em vez de prioridades de sa\u00fade p\u00fablica. Os socialistas defendem que manter o N\u00e9lio Mendon\u00e7a contribuiria para ampliar a oferta de cuidados na regi\u00e3o.<\/p>\n","protected":false},"excerpt":{"rendered":"<ul>\n<li>O PS-Madeira discorda da venda das atuais instala\u00e7\u00f5es do Hospital Dr. N\u00e9lio Mendon\u00e7a, posi\u00e7\u00e3o j\u00e1 confirmada pelo presidente do governo regional.<\/li>\n<li>Defende que o edif\u00edcio seja utilizado como hospital secund\u00e1rio de refer\u00eancia, com val\u00eancias de cuidados continuados, cuidados paliativos, unidade do doente fr\u00e1gil e hospital de reabilita\u00e7\u00e3o.<\/li>\n<li>A l\u00edder socialista, C\u00e9lia Pessegueiro, aponta cerca de 250 pessoas com alta cl\u00ednica que precisam de reabilita\u00e7\u00e3o para regressar \u00e0s suas casas.<\/li>\n<li>Argumenta que o novo Hospital Central e Universit\u00e1rio da Madeira n\u00e3o resolver\u00e1 todos os problemas de sa\u00fade da regi\u00e3o e que manter o N\u00e9lio Mendon\u00e7a libertaria a nova infraestrutura para fins hospitalares.<\/li>\n<li>O PS critica ced\u00eancias a interesses imobili\u00e1rios, lembrando que o hospital j\u00e1 sofreu investimentos e interven\u00e7\u00e3o p\u00fablica significativos.<\/li>\n<\/ul>\n","protected":false},"author":2,"featured_media":167294,"comment_status":"closed","ping_status":"closed","sticky":false,"template":"","format":"standard","meta":{"footnotes":""},"categories":[1],"tags":[911,633,859,2144,172,271],"class_list":["post-167273","post","type-post","status-publish","format-standard","has-post-thumbnail","hentry","category-noticias","tag-cuidados-paliativos","tag-hospital","tag-madeira","tag-ps","tag-saude","tag-saude-publica"],"yoast_head":"<!-- This site is optimized with the Yoast SEO plugin v27.2 - https:\/\/yoast.com\/product\/yoast-seo-wordpress\/ -->\n<title>PS defende manuten\u00e7\u00e3o do hospital para reabilita\u00e7\u00e3o e cuidados continuados - Portal Tela Portugal<\/title>\n<meta name=\"robots\" content=\"index, follow, max-snippet:-1, max-image-preview:large, max-video-preview:-1\" \/>\n<meta property=\"og:locale\" content=\"pt_PT\" \/>\n<meta property=\"og:type\" content=\"article\" \/>\n<meta property=\"og:title\" content=\"PS defende manuten\u00e7\u00e3o do hospital para reabilita\u00e7\u00e3o e cuidados continuados - Portal Tela Portugal\" \/>\n<meta property=\"og:description\" content=\"O PS-Madeira discorda da venda das atuais instala\u00e7\u00f5es do Hospital Dr. N\u00e9lio Mendon\u00e7a, posi\u00e7\u00e3o j\u00e1 confirmada pelo presidente do governo regional. Defende que o edif\u00edcio seja utilizado como hospital secund\u00e1rio de refer\u00eancia, com val\u00eancias de cuidados continuados, cuidados paliativos, unidade do doente fr\u00e1gil e hospital de reabilita\u00e7\u00e3o. A l\u00edder socialista, C\u00e9lia Pessegueiro, aponta cerca de 250 pessoas com alta cl\u00ednica que precisam de reabilita\u00e7\u00e3o para regressar \u00e0s suas casas. Argumenta que o novo Hospital Central e Universit\u00e1rio da Madeira n\u00e3o resolver\u00e1 todos os problemas de sa\u00fade da regi\u00e3o e que manter o N\u00e9lio Mendon\u00e7a libertaria a nova infraestrutura para fins hospitalares. O PS critica ced\u00eancias a interesses imobili\u00e1rios, lembrando que o hospital j\u00e1 sofreu investimentos e interven\u00e7\u00e3o p\u00fablica significativos.\" \/>\n<meta property=\"og:url\" content=\"https:\/\/portaltela.pt\/noticias\/2026\/01\/23\/ps-defende-manutencao-do-hospital-para-reabilitacao-e-cuidados-continuados\/\" \/>\n<meta property=\"og:site_name\" content=\"Portal Tela Portugal\" \/>\n<meta property=\"article:published_time\" content=\"2026-01-23T15:00:00+00:00\" \/>\n<meta name=\"author\" content=\"Telinha\" \/>\n<meta name=\"twitter:card\" content=\"summary_large_image\" \/>\n<meta name=\"twitter:label1\" content=\"Escrito por\" \/>\n\t<meta name=\"twitter:data1\" content=\"Telinha\" \/>\n\t<meta name=\"twitter:label2\" content=\"Tempo estimado de leitura\" \/>\n\t<meta name=\"twitter:data2\" content=\"1 minuto\" \/>\n<script type=\"application\/ld+json\" class=\"yoast-schema-graph\">{\"@context\":\"https:\/\/schema.org\",\"@graph\":[{\"@type\":\"Article\",\"@id\":\"https:\/\/portaltela.pt\/noticias\/2026\/01\/23\/ps-defende-manutencao-do-hospital-para-reabilitacao-e-cuidados-continuados\/#article\",\"isPartOf\":{\"@id\":\"https:\/\/portaltela.pt\/noticias\/2026\/01\/23\/ps-defende-manutencao-do-hospital-para-reabilitacao-e-cuidados-continuados\/\"},\"author\":{\"name\":\"Telinha\",\"@id\":\"https:\/\/portaltela.pt\/#\/schema\/person\/c4278d4a6028830caff9ee44b42d32ed\"},\"headline\":\"PS defende manuten\u00e7\u00e3o do hospital para reabilita\u00e7\u00e3o e cuidados continuados\",\"datePublished\":\"2026-01-23T15:00:00+00:00\",\"mainEntityOfPage\":{\"@id\":\"https:\/\/portaltela.pt\/noticias\/2026\/01\/23\/ps-defende-manutencao-do-hospital-para-reabilitacao-e-cuidados-continuados\/\"},\"wordCount\":278,\"image\":{\"@id\":\"https:\/\/portaltela.pt\/noticias\/2026\/01\/23\/ps-defende-manutencao-do-hospital-para-reabilitacao-e-cuidados-continuados\/#primaryimage\"},\"thumbnailUrl\":\"https:\/\/portaltela.pt\/s.01k8rhncp4jt1\/2026\/01\/unnamed-file-4791.jpg\",\"keywords\":[\"cuidados paliativos\",\"hospital\",\"Madeira\",\"PS\",\"sa\u00fade\",\"sa\u00fade p\u00fablica\"],\"articleSection\":[\"Not\u00edcias\"],\"inLanguage\":\"pt-PT\"},{\"@type\":\"WebPage\",\"@id\":\"https:\/\/portaltela.pt\/noticias\/2026\/01\/23\/ps-defende-manutencao-do-hospital-para-reabilitacao-e-cuidados-continuados\/\",\"url\":\"https:\/\/portaltela.pt\/noticias\/2026\/01\/23\/ps-defende-manutencao-do-hospital-para-reabilitacao-e-cuidados-continuados\/\",\"name\":\"PS defende manuten\u00e7\u00e3o do hospital para reabilita\u00e7\u00e3o e cuidados continuados - Portal Tela Portugal\",\"isPartOf\":{\"@id\":\"https:\/\/portaltela.pt\/#website\"},\"primaryImageOfPage\":{\"@id\":\"https:\/\/portaltela.pt\/noticias\/2026\/01\/23\/ps-defende-manutencao-do-hospital-para-reabilitacao-e-cuidados-continuados\/#primaryimage\"},\"image\":{\"@id\":\"https:\/\/portaltela.pt\/noticias\/2026\/01\/23\/ps-defende-manutencao-do-hospital-para-reabilitacao-e-cuidados-continuados\/#primaryimage\"},\"thumbnailUrl\":\"https:\/\/portaltela.pt\/s.01k8rhncp4jt1\/2026\/01\/unnamed-file-4791.jpg\",\"datePublished\":\"2026-01-23T15:00:00+00:00\",\"author\":{\"@id\":\"https:\/\/portaltela.pt\/#\/schema\/person\/c4278d4a6028830caff9ee44b42d32ed\"},\"breadcrumb\":{\"@id\":\"https:\/\/portaltela.pt\/noticias\/2026\/01\/23\/ps-defende-manutencao-do-hospital-para-reabilitacao-e-cuidados-continuados\/#breadcrumb\"},\"inLanguage\":\"pt-PT\",\"potentialAction\":[{\"@type\":\"ReadAction\",\"target\":[\"https:\/\/portaltela.pt\/noticias\/2026\/01\/23\/ps-defende-manutencao-do-hospital-para-reabilitacao-e-cuidados-continuados\/\"]}]},{\"@type\":\"ImageObject\",\"inLanguage\":\"pt-PT\",\"@id\":\"https:\/\/portaltela.pt\/noticias\/2026\/01\/23\/ps-defende-manutencao-do-hospital-para-reabilitacao-e-cuidados-continuados\/#primaryimage\",\"url\":\"https:\/\/portaltela.pt\/s.01k8rhncp4jt1\/2026\/01\/unnamed-file-4791.jpg\",\"contentUrl\":\"https:\/\/portaltela.pt\/s.01k8rhncp4jt1\/2026\/01\/unnamed-file-4791.jpg\",\"width\":796,\"height\":448,\"caption\":\"PS defende manuten\u00e7\u00e3o do Hospital para reabilita\u00e7\u00e3o e cuidados continuados\"},{\"@type\":\"BreadcrumbList\",\"@id\":\"https:\/\/portaltela.pt\/noticias\/2026\/01\/23\/ps-defende-manutencao-do-hospital-para-reabilitacao-e-cuidados-continuados\/#breadcrumb\",\"itemListElement\":[{\"@type\":\"ListItem\",\"position\":1,\"name\":\"In\u00edcio\",\"item\":\"https:\/\/portaltela.pt\/\"},{\"@type\":\"ListItem\",\"position\":2,\"name\":\"PS defende manuten\u00e7\u00e3o do hospital para reabilita\u00e7\u00e3o e cuidados continuados\"}]},{\"@type\":\"WebSite\",\"@id\":\"https:\/\/portaltela.pt\/#website\",\"url\":\"https:\/\/portaltela.pt\/\",\"name\":\"Portal Tela Portugal\",\"description\":\"\",\"potentialAction\":[{\"@type\":\"SearchAction\",\"target\":{\"@type\":\"EntryPoint\",\"urlTemplate\":\"https:\/\/portaltela.pt\/?s={search_term_string}\"},\"query-input\":{\"@type\":\"PropertyValueSpecification\",\"valueRequired\":true,\"valueName\":\"search_term_string\"}}],\"inLanguage\":\"pt-PT\"},{\"@type\":\"Person\",\"@id\":\"https:\/\/portaltela.pt\/#\/schema\/person\/c4278d4a6028830caff9ee44b42d32ed\",\"name\":\"Telinha\",\"image\":{\"@type\":\"ImageObject\",\"inLanguage\":\"pt-PT\",\"@id\":\"https:\/\/portaltela.pt\/s.01k8rhncp4jt1\/2025\/11\/talking-bot-125x125.png\",\"url\":\"https:\/\/portaltela.pt\/s.01k8rhncp4jt1\/2025\/11\/talking-bot-125x125.png\",\"contentUrl\":\"https:\/\/portaltela.pt\/s.01k8rhncp4jt1\/2025\/11\/talking-bot-125x125.png\",\"caption\":\"Telinha\"},\"sameAs\":[\"https:\/\/portaltela.pt\/\"],\"url\":\"https:\/\/portaltela.pt\/por\/367410592786\/\"}]}<\/script>\n<!-- \/ Yoast SEO plugin. -->","yoast_head_json":{"title":"PS defende manuten\u00e7\u00e3o do hospital para reabilita\u00e7\u00e3o e cuidados continuados - Portal Tela Portugal","robots":{"index":"index","follow":"follow","max-snippet":"max-snippet:-1","max-image-preview":"max-image-preview:large","max-video-preview":"max-video-preview:-1"},"og_locale":"pt_PT","og_type":"article","og_title":"PS defende manuten\u00e7\u00e3o do hospital para reabilita\u00e7\u00e3o e cuidados continuados - Portal Tela Portugal","og_description":"O PS-Madeira discorda da venda das atuais instala\u00e7\u00f5es do Hospital Dr. N\u00e9lio Mendon\u00e7a, posi\u00e7\u00e3o j\u00e1 confirmada pelo presidente do governo regional. Defende que o edif\u00edcio seja utilizado como hospital secund\u00e1rio de refer\u00eancia, com val\u00eancias de cuidados continuados, cuidados paliativos, unidade do doente fr\u00e1gil e hospital de reabilita\u00e7\u00e3o. A l\u00edder socialista, C\u00e9lia Pessegueiro, aponta cerca de 250 pessoas com alta cl\u00ednica que precisam de reabilita\u00e7\u00e3o para regressar \u00e0s suas casas. Argumenta que o novo Hospital Central e Universit\u00e1rio da Madeira n\u00e3o resolver\u00e1 todos os problemas de sa\u00fade da regi\u00e3o e que manter o N\u00e9lio Mendon\u00e7a libertaria a nova infraestrutura para fins hospitalares. O PS critica ced\u00eancias a interesses imobili\u00e1rios, lembrando que o hospital j\u00e1 sofreu investimentos e interven\u00e7\u00e3o p\u00fablica significativos.","og_url":"https:\/\/portaltela.pt\/noticias\/2026\/01\/23\/ps-defende-manutencao-do-hospital-para-reabilitacao-e-cuidados-continuados\/","og_site_name":"Portal Tela Portugal","article_published_time":"2026-01-23T15:00:00+00:00","author":"Telinha","twitter_card":"summary_large_image","twitter_misc":{"Escrito por":"Telinha","Tempo estimado de leitura":"1 minuto"},"schema":{"@context":"https:\/\/schema.org","@graph":[{"@type":"Article","@id":"https:\/\/portaltela.pt\/noticias\/2026\/01\/23\/ps-defende-manutencao-do-hospital-para-reabilitacao-e-cuidados-continuados\/#article","isPartOf":{"@id":"https:\/\/portaltela.pt\/noticias\/2026\/01\/23\/ps-defende-manutencao-do-hospital-para-reabilitacao-e-cuidados-continuados\/"},"author":{"name":"Telinha","@id":"https:\/\/portaltela.pt\/#\/schema\/person\/c4278d4a6028830caff9ee44b42d32ed"},"headline":"PS defende manuten\u00e7\u00e3o do hospital para reabilita\u00e7\u00e3o e cuidados continuados","datePublished":"2026-01-23T15:00:00+00:00","mainEntityOfPage":{"@id":"https:\/\/portaltela.pt\/noticias\/2026\/01\/23\/ps-defende-manutencao-do-hospital-para-reabilitacao-e-cuidados-continuados\/"},"wordCount":278,"image":{"@id":"https:\/\/portaltela.pt\/noticias\/2026\/01\/23\/ps-defende-manutencao-do-hospital-para-reabilitacao-e-cuidados-continuados\/#primaryimage"},"thumbnailUrl":"https:\/\/portaltela.pt\/s.01k8rhncp4jt1\/2026\/01\/unnamed-file-4791.jpg","keywords":["cuidados paliativos","hospital","Madeira","PS","sa\u00fade","sa\u00fade p\u00fablica"],"articleSection":["Not\u00edcias"],"inLanguage":"pt-PT"},{"@type":"WebPage","@id":"https:\/\/portaltela.pt\/noticias\/2026\/01\/23\/ps-defende-manutencao-do-hospital-para-reabilitacao-e-cuidados-continuados\/","url":"https:\/\/portaltela.pt\/noticias\/2026\/01\/23\/ps-defende-manutencao-do-hospital-para-reabilitacao-e-cuidados-continuados\/","name":"PS defende manuten\u00e7\u00e3o do hospital para reabilita\u00e7\u00e3o e cuidados continuados - Portal Tela Portugal","isPartOf":{"@id":"https:\/\/portaltela.pt\/#website"},"primaryImageOfPage":{"@id":"https:\/\/portaltela.pt\/noticias\/2026\/01\/23\/ps-defende-manutencao-do-hospital-para-reabilitacao-e-cuidados-continuados\/#primaryimage"},"image":{"@id":"https:\/\/portaltela.pt\/noticias\/2026\/01\/23\/ps-defende-manutencao-do-hospital-para-reabilitacao-e-cuidados-continuados\/#primaryimage"},"thumbnailUrl":"https:\/\/portaltela.pt\/s.01k8rhncp4jt1\/2026\/01\/unnamed-file-4791.jpg","datePublished":"2026-01-23T15:00:00+00:00","author":{"@id":"https:\/\/portaltela.pt\/#\/schema\/person\/c4278d4a6028830caff9ee44b42d32ed"},"breadcrumb":{"@id":"https:\/\/portaltela.pt\/noticias\/2026\/01\/23\/ps-defende-manutencao-do-hospital-para-reabilitacao-e-cuidados-continuados\/#breadcrumb"},"inLanguage":"pt-PT","potentialAction":[{"@type":"ReadAction","target":["https:\/\/portaltela.pt\/noticias\/2026\/01\/23\/ps-defende-manutencao-do-hospital-para-reabilitacao-e-cuidados-continuados\/"]}]},{"@type":"ImageObject","inLanguage":"pt-PT","@id":"https:\/\/portaltela.pt\/noticias\/2026\/01\/23\/ps-defende-manutencao-do-hospital-para-reabilitacao-e-cuidados-continuados\/#primaryimage","url":"https:\/\/portaltela.pt\/s.01k8rhncp4jt1\/2026\/01\/unnamed-file-4791.jpg","contentUrl":"https:\/\/portaltela.pt\/s.01k8rhncp4jt1\/2026\/01\/unnamed-file-4791.jpg","width":796,"height":448,"caption":"PS defende manuten\u00e7\u00e3o do Hospital para reabilita\u00e7\u00e3o e cuidados continuados"},{"@type":"BreadcrumbList","@id":"https:\/\/portaltela.pt\/noticias\/2026\/01\/23\/ps-defende-manutencao-do-hospital-para-reabilitacao-e-cuidados-continuados\/#breadcrumb","itemListElement":[{"@type":"ListItem","position":1,"name":"In\u00edcio","item":"https:\/\/portaltela.pt\/"},{"@type":"ListItem","position":2,"name":"PS defende manuten\u00e7\u00e3o do hospital para reabilita\u00e7\u00e3o e cuidados continuados"}]},{"@type":"WebSite","@id":"https:\/\/portaltela.pt\/#website","url":"https:\/\/portaltela.pt\/","name":"Portal Tela Portugal","description":"","potentialAction":[{"@type":"SearchAction","target":{"@type":"EntryPoint","urlTemplate":"https:\/\/portaltela.pt\/?s={search_term_string}"},"query-input":{"@type":"PropertyValueSpecification","valueRequired":true,"valueName":"search_term_string"}}],"inLanguage":"pt-PT"},{"@type":"Person","@id":"https:\/\/portaltela.pt\/#\/schema\/person\/c4278d4a6028830caff9ee44b42d32ed","name":"Telinha","image":{"@type":"ImageObject","inLanguage":"pt-PT","@id":"https:\/\/portaltela.pt\/s.01k8rhncp4jt1\/2025\/11\/talking-bot-125x125.png","url":"https:\/\/portaltela.pt\/s.01k8rhncp4jt1\/2025\/11\/talking-bot-125x125.png","contentUrl":"https:\/\/portaltela.pt\/s.01k8rhncp4jt1\/2025\/11\/talking-bot-125x125.png","caption":"Telinha"},"sameAs":["https:\/\/portaltela.pt\/"],"url":"https:\/\/portaltela.pt\/por\/367410592786\/"}]}},"_links":{"self":[{"href":"https:\/\/portaltela.pt\/api\/wp\/v2\/posts\/167273","targetHints":{"allow":["GET"]}}],"collection":[{"href":"https:\/\/portaltela.pt\/api\/wp\/v2\/posts"}],"about":[{"href":"https:\/\/portaltela.pt\/api\/wp\/v2\/types\/post"}],"author":[{"embeddable":true,"href":"https:\/\/portaltela.pt\/api\/wp\/v2\/users\/2"}],"replies":[{"embeddable":true,"href":"https:\/\/portaltela.pt\/api\/wp\/v2\/comments?post=167273"}],"version-history":[{"count":0,"href":"https:\/\/portaltela.pt\/api\/wp\/v2\/posts\/167273\/revisions"}],"wp:featuredmedia":[{"embeddable":true,"href":"https:\/\/portaltela.pt\/api\/wp\/v2\/media\/167294"}],"wp:attachment":[{"href":"https:\/\/portaltela.pt\/api\/wp\/v2\/media?parent=167273"}],"wp:term":[{"taxonomy":"category","embeddable":true,"href":"https:\/\/portaltela.pt\/api\/wp\/v2\/categories?post=167273"},{"taxonomy":"post_tag","embeddable":true,"href":"https:\/\/portaltela.pt\/api\/wp\/v2\/tags?post=167273"}],"curies":[{"name":"wp","href":"https:\/\/api.w.org\/{rel}","templated":true}]}}