{"id":167259,"date":"2026-01-23T12:11:28","date_gmt":"2026-01-23T15:11:28","guid":{"rendered":"https:\/\/portaltela.pt\/noticias\/2026\/01\/23\/tavfer-ovos-matinados-mortagua-compete-nos-campeonatos-nacionais-de-pista\/"},"modified":"2026-01-23T12:11:28","modified_gmt":"2026-01-23T15:11:28","slug":"tavfer-ovos-matinados-mortagua-compete-nos-campeonatos-nacionais-de-pista","status":"publish","type":"post","link":"https:\/\/portaltela.pt\/desporto\/2026\/01\/23\/tavfer-ovos-matinados-mortagua-compete-nos-campeonatos-nacionais-de-pista\/","title":{"rendered":"Tavfer-Ovos Matinados-Mort\u00e1gua compete nos Campeonatos Nacionais de Pista"},"content":{"rendered":"<p>O Vel\u00f3dromo Nacional, em Sangalhos, recebe entre 23 e 25 de janeiro os Campeonatos Nacionais de Pista, com a participa\u00e7\u00e3o da Tavfer-Ovos Matinados-Mort\u00e1gua. Tr\u00eas ciclistas defender\u00e3o a equipa: Daniel Dias, Jo\u00e3o Matias e C\u00e9sar Martingil.<\/p>\n<p>Jo\u00e3o Matias competir\u00e1 em v\u00e1rias provas, incluindo Omnium, Scratch, Pontos, Elimina\u00e7\u00e3o, Persegui\u00e7\u00e3o Individual e Madison. O atleta disse estar motivado para conquistar t\u00edtulos nacionais e real\u00e7ou a import\u00e2ncia da estrat\u00e9gia coletiva.<\/p>\n<p>C\u00e9sar Martingil entra em Omnium, Scratch, Pontos, Elimina\u00e7\u00e3o e Madison. O objetivo passa por apoiar os colegas e, se poss\u00edvel, defender o t\u00edtulo de Scratch, reconhecendo a concorr\u00eancia forte.<\/p>\n<h3>Participantes e provas<\/h3>\n<p>Daniel Dias estreia-se oficialmente pela equipa, disputando todas as provas do campeonato. O ciclista mostrou entusiasmo por integrar um grupo experiente e acredita que podem alcan\u00e7ar resultados relevantes nas diversas modalidades.<\/p>\n<p>A equipa de Mort\u00e1gua chega aos nacionais confiante e com foco, convidando os adeptos a apoiar os atletas na luta pelos t\u00edtulos. A organiza\u00e7\u00e3o aponta para uma competi\u00e7\u00e3o exigente neste ano.<\/p>\n","protected":false},"excerpt":{"rendered":"<ul>\n<li>Entre os dias 23 e 25 de janeiro, o Vel\u00f3dromo Nacional, em Sangalhos, acolhe os Campeonatos Nacionais de Pista.<\/li>\n<li>A Tavfer-Ovos Matinados-Mort\u00e1gua ser\u00e1 representada por tr\u00eas ciclistas: Daniel Dias, Jo\u00e3o Matias e C\u00e9sar Martingil.<\/li>\n<li>Jo\u00e3o Matias disputa Omnium, Scratch, Pontos, Elimina\u00e7\u00e3o, Persegui\u00e7\u00e3o Individual e Madison, com foco em t\u00edtulos nacionais e na estrat\u00e9gia de equipa.<\/li>\n<li>C\u00e9sar Martingil participa em Omnium, Scratch, Pontos, Elimina\u00e7\u00e3o e Madison, com o objetivo de apoiar os colegas e, se poss\u00edvel, defender o t\u00edtulo de Scratch.<\/li>\n<li>Daniel Dias estreia-se pela equipa, competindo em todas as provas do campeonato, com expectativa de alcan\u00e7ar resultados relevantes.<\/li>\n<\/ul>\n","protected":false},"author":2,"featured_media":167260,"comment_status":"closed","ping_status":"closed","sticky":false,"template":"","format":"standard","meta":{"footnotes":""},"categories":[21],"tags":[227,923,152,1898,2097],"class_list":["post-167259","post","type-post","status-publish","format-standard","has-post-thumbnail","hentry","category-desporto","tag-campeonato","tag-ciclismo","tag-desporto","tag-federacao-portuguesa-de-ciclismo","tag-mortagua"],"yoast_head":"<!-- This site is optimized with the Yoast SEO plugin v27.2 - https:\/\/yoast.com\/product\/yoast-seo-wordpress\/ -->\n<title>Tavfer-Ovos Matinados-Mort\u00e1gua compete nos Campeonatos Nacionais de Pista - Portal Tela Portugal<\/title>\n<meta name=\"robots\" content=\"index, follow, max-snippet:-1, max-image-preview:large, max-video-preview:-1\" \/>\n<meta property=\"og:locale\" content=\"pt_PT\" \/>\n<meta property=\"og:type\" content=\"article\" \/>\n<meta property=\"og:title\" content=\"Tavfer-Ovos Matinados-Mort\u00e1gua compete nos Campeonatos Nacionais de Pista - Portal Tela Portugal\" \/>\n<meta property=\"og:description\" content=\"Entre os dias 23 e 25 de janeiro, o Vel\u00f3dromo Nacional, em Sangalhos, acolhe os Campeonatos Nacionais de Pista. A Tavfer-Ovos Matinados-Mort\u00e1gua ser\u00e1 representada por tr\u00eas ciclistas: Daniel Dias, Jo\u00e3o Matias e C\u00e9sar Martingil. Jo\u00e3o Matias disputa Omnium, Scratch, Pontos, Elimina\u00e7\u00e3o, Persegui\u00e7\u00e3o Individual e Madison, com foco em t\u00edtulos nacionais e na estrat\u00e9gia de equipa. C\u00e9sar Martingil participa em Omnium, Scratch, Pontos, Elimina\u00e7\u00e3o e Madison, com o objetivo de apoiar os colegas e, se poss\u00edvel, defender o t\u00edtulo de Scratch. Daniel Dias estreia-se pela equipa, competindo em todas as provas do campeonato, com expectativa de alcan\u00e7ar resultados relevantes.\" \/>\n<meta property=\"og:url\" content=\"https:\/\/portaltela.pt\/noticias\/2026\/01\/23\/tavfer-ovos-matinados-mortagua-compete-nos-campeonatos-nacionais-de-pista\/\" \/>\n<meta property=\"og:site_name\" content=\"Portal Tela Portugal\" \/>\n<meta property=\"article:published_time\" content=\"2026-01-23T15:11:28+00:00\" \/>\n<meta name=\"author\" content=\"Telinha\" \/>\n<meta name=\"twitter:card\" content=\"summary_large_image\" \/>\n<meta name=\"twitter:label1\" content=\"Escrito por\" \/>\n\t<meta name=\"twitter:data1\" content=\"Telinha\" \/>\n\t<meta name=\"twitter:label2\" content=\"Tempo estimado de leitura\" \/>\n\t<meta name=\"twitter:data2\" content=\"1 minuto\" \/>\n<script type=\"application\/ld+json\" class=\"yoast-schema-graph\">{\"@context\":\"https:\/\/schema.org\",\"@graph\":[{\"@type\":\"Article\",\"@id\":\"https:\/\/portaltela.pt\/noticias\/2026\/01\/23\/tavfer-ovos-matinados-mortagua-compete-nos-campeonatos-nacionais-de-pista\/#article\",\"isPartOf\":{\"@id\":\"https:\/\/portaltela.pt\/noticias\/2026\/01\/23\/tavfer-ovos-matinados-mortagua-compete-nos-campeonatos-nacionais-de-pista\/\"},\"author\":{\"name\":\"Telinha\",\"@id\":\"https:\/\/portaltela.pt\/#\/schema\/person\/c4278d4a6028830caff9ee44b42d32ed\"},\"headline\":\"Tavfer-Ovos Matinados-Mort\u00e1gua compete nos Campeonatos Nacionais de Pista\",\"datePublished\":\"2026-01-23T15:11:28+00:00\",\"mainEntityOfPage\":{\"@id\":\"https:\/\/portaltela.pt\/noticias\/2026\/01\/23\/tavfer-ovos-matinados-mortagua-compete-nos-campeonatos-nacionais-de-pista\/\"},\"wordCount\":192,\"image\":{\"@id\":\"https:\/\/portaltela.pt\/noticias\/2026\/01\/23\/tavfer-ovos-matinados-mortagua-compete-nos-campeonatos-nacionais-de-pista\/#primaryimage\"},\"thumbnailUrl\":\"https:\/\/portaltela.pt\/s.01k8rhncp4jt1\/2026\/01\/621393779_18346944616230559_2432630897914780276_n.jpg\",\"keywords\":[\"campeonato\",\"ciclismo\",\"desporto\",\"Federa\u00e7\u00e3o Portuguesa de Ciclismo\",\"Mort\u00e1gua\"],\"articleSection\":[\"Desporto\"],\"inLanguage\":\"pt-PT\"},{\"@type\":\"WebPage\",\"@id\":\"https:\/\/portaltela.pt\/noticias\/2026\/01\/23\/tavfer-ovos-matinados-mortagua-compete-nos-campeonatos-nacionais-de-pista\/\",\"url\":\"https:\/\/portaltela.pt\/noticias\/2026\/01\/23\/tavfer-ovos-matinados-mortagua-compete-nos-campeonatos-nacionais-de-pista\/\",\"name\":\"Tavfer-Ovos Matinados-Mort\u00e1gua compete nos Campeonatos Nacionais de Pista - Portal Tela Portugal\",\"isPartOf\":{\"@id\":\"https:\/\/portaltela.pt\/#website\"},\"primaryImageOfPage\":{\"@id\":\"https:\/\/portaltela.pt\/noticias\/2026\/01\/23\/tavfer-ovos-matinados-mortagua-compete-nos-campeonatos-nacionais-de-pista\/#primaryimage\"},\"image\":{\"@id\":\"https:\/\/portaltela.pt\/noticias\/2026\/01\/23\/tavfer-ovos-matinados-mortagua-compete-nos-campeonatos-nacionais-de-pista\/#primaryimage\"},\"thumbnailUrl\":\"https:\/\/portaltela.pt\/s.01k8rhncp4jt1\/2026\/01\/621393779_18346944616230559_2432630897914780276_n.jpg\",\"datePublished\":\"2026-01-23T15:11:28+00:00\",\"author\":{\"@id\":\"https:\/\/portaltela.pt\/#\/schema\/person\/c4278d4a6028830caff9ee44b42d32ed\"},\"breadcrumb\":{\"@id\":\"https:\/\/portaltela.pt\/noticias\/2026\/01\/23\/tavfer-ovos-matinados-mortagua-compete-nos-campeonatos-nacionais-de-pista\/#breadcrumb\"},\"inLanguage\":\"pt-PT\",\"potentialAction\":[{\"@type\":\"ReadAction\",\"target\":[\"https:\/\/portaltela.pt\/noticias\/2026\/01\/23\/tavfer-ovos-matinados-mortagua-compete-nos-campeonatos-nacionais-de-pista\/\"]}]},{\"@type\":\"ImageObject\",\"inLanguage\":\"pt-PT\",\"@id\":\"https:\/\/portaltela.pt\/noticias\/2026\/01\/23\/tavfer-ovos-matinados-mortagua-compete-nos-campeonatos-nacionais-de-pista\/#primaryimage\",\"url\":\"https:\/\/portaltela.pt\/s.01k8rhncp4jt1\/2026\/01\/621393779_18346944616230559_2432630897914780276_n.jpg\",\"contentUrl\":\"https:\/\/portaltela.pt\/s.01k8rhncp4jt1\/2026\/01\/621393779_18346944616230559_2432630897914780276_n.jpg\",\"width\":796,\"height\":448,\"caption\":\"Tavfer-Ovos Matinados-Mort\u00e1gua compete nos Campeonatos Nacionais de Pista\"},{\"@type\":\"BreadcrumbList\",\"@id\":\"https:\/\/portaltela.pt\/noticias\/2026\/01\/23\/tavfer-ovos-matinados-mortagua-compete-nos-campeonatos-nacionais-de-pista\/#breadcrumb\",\"itemListElement\":[{\"@type\":\"ListItem\",\"position\":1,\"name\":\"In\u00edcio\",\"item\":\"https:\/\/portaltela.pt\/\"},{\"@type\":\"ListItem\",\"position\":2,\"name\":\"Tavfer-Ovos Matinados-Mort\u00e1gua compete nos Campeonatos Nacionais de Pista\"}]},{\"@type\":\"WebSite\",\"@id\":\"https:\/\/portaltela.pt\/#website\",\"url\":\"https:\/\/portaltela.pt\/\",\"name\":\"Portal Tela Portugal\",\"description\":\"\",\"potentialAction\":[{\"@type\":\"SearchAction\",\"target\":{\"@type\":\"EntryPoint\",\"urlTemplate\":\"https:\/\/portaltela.pt\/?s={search_term_string}\"},\"query-input\":{\"@type\":\"PropertyValueSpecification\",\"valueRequired\":true,\"valueName\":\"search_term_string\"}}],\"inLanguage\":\"pt-PT\"},{\"@type\":\"Person\",\"@id\":\"https:\/\/portaltela.pt\/#\/schema\/person\/c4278d4a6028830caff9ee44b42d32ed\",\"name\":\"Telinha\",\"image\":{\"@type\":\"ImageObject\",\"inLanguage\":\"pt-PT\",\"@id\":\"https:\/\/portaltela.pt\/s.01k8rhncp4jt1\/2025\/11\/talking-bot-125x125.png\",\"url\":\"https:\/\/portaltela.pt\/s.01k8rhncp4jt1\/2025\/11\/talking-bot-125x125.png\",\"contentUrl\":\"https:\/\/portaltela.pt\/s.01k8rhncp4jt1\/2025\/11\/talking-bot-125x125.png\",\"caption\":\"Telinha\"},\"sameAs\":[\"https:\/\/portaltela.pt\/\"],\"url\":\"https:\/\/portaltela.pt\/por\/367410592786\/\"}]}<\/script>\n<!-- \/ Yoast SEO plugin. -->","yoast_head_json":{"title":"Tavfer-Ovos Matinados-Mort\u00e1gua compete nos Campeonatos Nacionais de Pista - Portal Tela Portugal","robots":{"index":"index","follow":"follow","max-snippet":"max-snippet:-1","max-image-preview":"max-image-preview:large","max-video-preview":"max-video-preview:-1"},"og_locale":"pt_PT","og_type":"article","og_title":"Tavfer-Ovos Matinados-Mort\u00e1gua compete nos Campeonatos Nacionais de Pista - Portal Tela Portugal","og_description":"Entre os dias 23 e 25 de janeiro, o Vel\u00f3dromo Nacional, em Sangalhos, acolhe os Campeonatos Nacionais de Pista. A Tavfer-Ovos Matinados-Mort\u00e1gua ser\u00e1 representada por tr\u00eas ciclistas: Daniel Dias, Jo\u00e3o Matias e C\u00e9sar Martingil. Jo\u00e3o Matias disputa Omnium, Scratch, Pontos, Elimina\u00e7\u00e3o, Persegui\u00e7\u00e3o Individual e Madison, com foco em t\u00edtulos nacionais e na estrat\u00e9gia de equipa. C\u00e9sar Martingil participa em Omnium, Scratch, Pontos, Elimina\u00e7\u00e3o e Madison, com o objetivo de apoiar os colegas e, se poss\u00edvel, defender o t\u00edtulo de Scratch. Daniel Dias estreia-se pela equipa, competindo em todas as provas do campeonato, com expectativa de alcan\u00e7ar resultados relevantes.","og_url":"https:\/\/portaltela.pt\/noticias\/2026\/01\/23\/tavfer-ovos-matinados-mortagua-compete-nos-campeonatos-nacionais-de-pista\/","og_site_name":"Portal Tela Portugal","article_published_time":"2026-01-23T15:11:28+00:00","author":"Telinha","twitter_card":"summary_large_image","twitter_misc":{"Escrito por":"Telinha","Tempo estimado de leitura":"1 minuto"},"schema":{"@context":"https:\/\/schema.org","@graph":[{"@type":"Article","@id":"https:\/\/portaltela.pt\/noticias\/2026\/01\/23\/tavfer-ovos-matinados-mortagua-compete-nos-campeonatos-nacionais-de-pista\/#article","isPartOf":{"@id":"https:\/\/portaltela.pt\/noticias\/2026\/01\/23\/tavfer-ovos-matinados-mortagua-compete-nos-campeonatos-nacionais-de-pista\/"},"author":{"name":"Telinha","@id":"https:\/\/portaltela.pt\/#\/schema\/person\/c4278d4a6028830caff9ee44b42d32ed"},"headline":"Tavfer-Ovos Matinados-Mort\u00e1gua compete nos Campeonatos Nacionais de Pista","datePublished":"2026-01-23T15:11:28+00:00","mainEntityOfPage":{"@id":"https:\/\/portaltela.pt\/noticias\/2026\/01\/23\/tavfer-ovos-matinados-mortagua-compete-nos-campeonatos-nacionais-de-pista\/"},"wordCount":192,"image":{"@id":"https:\/\/portaltela.pt\/noticias\/2026\/01\/23\/tavfer-ovos-matinados-mortagua-compete-nos-campeonatos-nacionais-de-pista\/#primaryimage"},"thumbnailUrl":"https:\/\/portaltela.pt\/s.01k8rhncp4jt1\/2026\/01\/621393779_18346944616230559_2432630897914780276_n.jpg","keywords":["campeonato","ciclismo","desporto","Federa\u00e7\u00e3o Portuguesa de Ciclismo","Mort\u00e1gua"],"articleSection":["Desporto"],"inLanguage":"pt-PT"},{"@type":"WebPage","@id":"https:\/\/portaltela.pt\/noticias\/2026\/01\/23\/tavfer-ovos-matinados-mortagua-compete-nos-campeonatos-nacionais-de-pista\/","url":"https:\/\/portaltela.pt\/noticias\/2026\/01\/23\/tavfer-ovos-matinados-mortagua-compete-nos-campeonatos-nacionais-de-pista\/","name":"Tavfer-Ovos Matinados-Mort\u00e1gua compete nos Campeonatos Nacionais de Pista - Portal Tela Portugal","isPartOf":{"@id":"https:\/\/portaltela.pt\/#website"},"primaryImageOfPage":{"@id":"https:\/\/portaltela.pt\/noticias\/2026\/01\/23\/tavfer-ovos-matinados-mortagua-compete-nos-campeonatos-nacionais-de-pista\/#primaryimage"},"image":{"@id":"https:\/\/portaltela.pt\/noticias\/2026\/01\/23\/tavfer-ovos-matinados-mortagua-compete-nos-campeonatos-nacionais-de-pista\/#primaryimage"},"thumbnailUrl":"https:\/\/portaltela.pt\/s.01k8rhncp4jt1\/2026\/01\/621393779_18346944616230559_2432630897914780276_n.jpg","datePublished":"2026-01-23T15:11:28+00:00","author":{"@id":"https:\/\/portaltela.pt\/#\/schema\/person\/c4278d4a6028830caff9ee44b42d32ed"},"breadcrumb":{"@id":"https:\/\/portaltela.pt\/noticias\/2026\/01\/23\/tavfer-ovos-matinados-mortagua-compete-nos-campeonatos-nacionais-de-pista\/#breadcrumb"},"inLanguage":"pt-PT","potentialAction":[{"@type":"ReadAction","target":["https:\/\/portaltela.pt\/noticias\/2026\/01\/23\/tavfer-ovos-matinados-mortagua-compete-nos-campeonatos-nacionais-de-pista\/"]}]},{"@type":"ImageObject","inLanguage":"pt-PT","@id":"https:\/\/portaltela.pt\/noticias\/2026\/01\/23\/tavfer-ovos-matinados-mortagua-compete-nos-campeonatos-nacionais-de-pista\/#primaryimage","url":"https:\/\/portaltela.pt\/s.01k8rhncp4jt1\/2026\/01\/621393779_18346944616230559_2432630897914780276_n.jpg","contentUrl":"https:\/\/portaltela.pt\/s.01k8rhncp4jt1\/2026\/01\/621393779_18346944616230559_2432630897914780276_n.jpg","width":796,"height":448,"caption":"Tavfer-Ovos Matinados-Mort\u00e1gua compete nos Campeonatos Nacionais de Pista"},{"@type":"BreadcrumbList","@id":"https:\/\/portaltela.pt\/noticias\/2026\/01\/23\/tavfer-ovos-matinados-mortagua-compete-nos-campeonatos-nacionais-de-pista\/#breadcrumb","itemListElement":[{"@type":"ListItem","position":1,"name":"In\u00edcio","item":"https:\/\/portaltela.pt\/"},{"@type":"ListItem","position":2,"name":"Tavfer-Ovos Matinados-Mort\u00e1gua compete nos Campeonatos Nacionais de Pista"}]},{"@type":"WebSite","@id":"https:\/\/portaltela.pt\/#website","url":"https:\/\/portaltela.pt\/","name":"Portal Tela Portugal","description":"","potentialAction":[{"@type":"SearchAction","target":{"@type":"EntryPoint","urlTemplate":"https:\/\/portaltela.pt\/?s={search_term_string}"},"query-input":{"@type":"PropertyValueSpecification","valueRequired":true,"valueName":"search_term_string"}}],"inLanguage":"pt-PT"},{"@type":"Person","@id":"https:\/\/portaltela.pt\/#\/schema\/person\/c4278d4a6028830caff9ee44b42d32ed","name":"Telinha","image":{"@type":"ImageObject","inLanguage":"pt-PT","@id":"https:\/\/portaltela.pt\/s.01k8rhncp4jt1\/2025\/11\/talking-bot-125x125.png","url":"https:\/\/portaltela.pt\/s.01k8rhncp4jt1\/2025\/11\/talking-bot-125x125.png","contentUrl":"https:\/\/portaltela.pt\/s.01k8rhncp4jt1\/2025\/11\/talking-bot-125x125.png","caption":"Telinha"},"sameAs":["https:\/\/portaltela.pt\/"],"url":"https:\/\/portaltela.pt\/por\/367410592786\/"}]}},"_links":{"self":[{"href":"https:\/\/portaltela.pt\/api\/wp\/v2\/posts\/167259","targetHints":{"allow":["GET"]}}],"collection":[{"href":"https:\/\/portaltela.pt\/api\/wp\/v2\/posts"}],"about":[{"href":"https:\/\/portaltela.pt\/api\/wp\/v2\/types\/post"}],"author":[{"embeddable":true,"href":"https:\/\/portaltela.pt\/api\/wp\/v2\/users\/2"}],"replies":[{"embeddable":true,"href":"https:\/\/portaltela.pt\/api\/wp\/v2\/comments?post=167259"}],"version-history":[{"count":0,"href":"https:\/\/portaltela.pt\/api\/wp\/v2\/posts\/167259\/revisions"}],"wp:featuredmedia":[{"embeddable":true,"href":"https:\/\/portaltela.pt\/api\/wp\/v2\/media\/167260"}],"wp:attachment":[{"href":"https:\/\/portaltela.pt\/api\/wp\/v2\/media?parent=167259"}],"wp:term":[{"taxonomy":"category","embeddable":true,"href":"https:\/\/portaltela.pt\/api\/wp\/v2\/categories?post=167259"},{"taxonomy":"post_tag","embeddable":true,"href":"https:\/\/portaltela.pt\/api\/wp\/v2\/tags?post=167259"}],"curies":[{"name":"wp","href":"https:\/\/api.w.org\/{rel}","templated":true}]}}