{"id":167194,"date":"2026-01-23T11:47:23","date_gmt":"2026-01-23T14:47:23","guid":{"rendered":"https:\/\/portaltela.pt\/noticias\/2026\/01\/23\/car-de-anadia-recebe-campeonatos-nacionais-de-pista\/"},"modified":"2026-01-23T11:47:23","modified_gmt":"2026-01-23T14:47:23","slug":"car-de-anadia-recebe-campeonatos-nacionais-de-pista","status":"publish","type":"post","link":"https:\/\/portaltela.pt\/desporto\/2026\/01\/23\/car-de-anadia-recebe-campeonatos-nacionais-de-pista\/","title":{"rendered":"CAR de Anadia recebe Campeonatos Nacionais de Pista"},"content":{"rendered":"<p>O Centro de Alto Rendimento (CAR) de Anadia recebe, a partir de hoje e at\u00e9 domingo, os Campeonatos Nacionais de Pista. A competi\u00e7\u00e3o envolve as categorias sub-15, sub-17, sub-19, elites e paraciclismo. A entrada \u00e9 gratuita, e as provas decorrem no recinto de Anadia.<\/p>\n<p>Ao longo do evento v\u00e3o realizar-se 53 provas, em Madison, Omnium, Scratch, Elimina\u00e7\u00e3o, Corrida por Pontos, Persegui\u00e7\u00e3o Individual e Quil\u00f3metro. No total est\u00e3o em disputa 36 t\u00edtulos nacionais.<\/p>\n<p>177 ciclistas participam, representando 46 equipas de v\u00e1rias regi\u00f5es. Entre as forma\u00e7\u00f5es inscritas est\u00e3o a Academia Efapel de Ciclismo, Academia Joaquim Agostinho\/UDO, ACD Milharado\/Escola Ciclismo Manuel Martins, entre outras. A lista completa inclui diversas coletivas regionais e nacionais.<\/p>\n<h3>Participantes<\/h3>\n<p>O agregado de atletas \u00e9 composto por juniores e elites, com participa\u00e7\u00e3o de clubes como Alcoba\u00e7a CC\/Cr\u00e9dito Agr\u00edcola, Alenquer \u2013 G.D.M. \u2013 Anipura, Almancilense, Azuribike Mangualde Team, Clube de Ciclismo de Tondela, entre outras. A organiza\u00e7\u00e3o refor\u00e7a a representatividade de diversas infraestruturas nacionais.<\/p>\n<h3>Hor\u00e1rios<\/h3>\n<p>Quinta-feira \u00e0 noite, sexta-feira, s\u00e1bado e domingo distribuem-se entre hor\u00e1rios de competi\u00e7\u00e3o que v\u00e3o das 9h30 \u00e0s 21h45, com blocos matutinos e vespertinos, conforme o dia. A organiza\u00e7\u00e3o delimita as sess\u00f5es por disciplina e categoria, para assegurar o bom ritmo das provas.<\/p>\n","protected":false},"excerpt":{"rendered":"<ul>\n<li>O Centro de Alto Rendimento (CAR) de Anadia recebe, a partir de hoje at\u00e9 domingo, os Campeonatos Nacionais de Pista, com entrada gratuita.<\/li>\n<li>A competi\u00e7\u00e3o abrange as categorias sub-15, sub-17, sub-19, elites e paraciclismo, com 53 provas distribu\u00eddas por Madison, Omnium, Scratch, Elimina\u00e7\u00e3o, Corrida por Pontos, Persegui\u00e7\u00e3o Individual e Quil\u00f3metro.<\/li>\n<li>No total, est\u00e3o em jogo 36 t\u00edtulos nacionais.<\/li>\n<li>Participam 177 ciclistas, em representa\u00e7\u00e3o de 46 equipas.<\/li>\n<li>Hor\u00e1rios: sexta-feira (18h00\u201322h00), s\u00e1bado (9h30\u201313h00 e 14h00\u201321h45) e domingo (9h00\u201312h30 e 13h30\u201320h00).<\/li>\n<\/ul>\n","protected":false},"author":2,"featured_media":167223,"comment_status":"closed","ping_status":"closed","sticky":false,"template":"","format":"standard","meta":{"footnotes":""},"categories":[21],"tags":[1504,252,923,1367,152,2183],"class_list":["post-167194","post","type-post","status-publish","format-standard","has-post-thumbnail","hentry","category-desporto","tag-anadia","tag-atletas","tag-ciclismo","tag-clubes","tag-desporto","tag-paraciclismo"],"yoast_head":"<!-- This site is optimized with the Yoast SEO plugin v27.2 - https:\/\/yoast.com\/product\/yoast-seo-wordpress\/ -->\n<title>CAR de Anadia recebe Campeonatos Nacionais de Pista - Portal Tela Portugal<\/title>\n<meta name=\"robots\" content=\"index, follow, max-snippet:-1, max-image-preview:large, max-video-preview:-1\" \/>\n<meta property=\"og:locale\" content=\"pt_PT\" \/>\n<meta property=\"og:type\" content=\"article\" \/>\n<meta property=\"og:title\" content=\"CAR de Anadia recebe Campeonatos Nacionais de Pista - Portal Tela Portugal\" \/>\n<meta property=\"og:description\" content=\"O Centro de Alto Rendimento (CAR) de Anadia recebe, a partir de hoje at\u00e9 domingo, os Campeonatos Nacionais de Pista, com entrada gratuita. A competi\u00e7\u00e3o abrange as categorias sub-15, sub-17, sub-19, elites e paraciclismo, com 53 provas distribu\u00eddas por Madison, Omnium, Scratch, Elimina\u00e7\u00e3o, Corrida por Pontos, Persegui\u00e7\u00e3o Individual e Quil\u00f3metro. No total, est\u00e3o em jogo 36 t\u00edtulos nacionais. Participam 177 ciclistas, em representa\u00e7\u00e3o de 46 equipas. Hor\u00e1rios: sexta-feira (18h00\u201322h00), s\u00e1bado (9h30\u201313h00 e 14h00\u201321h45) e domingo (9h00\u201312h30 e 13h30\u201320h00).\" \/>\n<meta property=\"og:url\" content=\"https:\/\/portaltela.pt\/noticias\/2026\/01\/23\/car-de-anadia-recebe-campeonatos-nacionais-de-pista\/\" \/>\n<meta property=\"og:site_name\" content=\"Portal Tela Portugal\" \/>\n<meta property=\"article:published_time\" content=\"2026-01-23T14:47:23+00:00\" \/>\n<meta name=\"author\" content=\"Telinha\" \/>\n<meta name=\"twitter:card\" content=\"summary_large_image\" \/>\n<meta name=\"twitter:label1\" content=\"Escrito por\" \/>\n\t<meta name=\"twitter:data1\" content=\"Telinha\" \/>\n\t<meta name=\"twitter:label2\" content=\"Tempo estimado de leitura\" \/>\n\t<meta name=\"twitter:data2\" content=\"1 minuto\" \/>\n<script type=\"application\/ld+json\" class=\"yoast-schema-graph\">{\"@context\":\"https:\/\/schema.org\",\"@graph\":[{\"@type\":\"Article\",\"@id\":\"https:\/\/portaltela.pt\/noticias\/2026\/01\/23\/car-de-anadia-recebe-campeonatos-nacionais-de-pista\/#article\",\"isPartOf\":{\"@id\":\"https:\/\/portaltela.pt\/noticias\/2026\/01\/23\/car-de-anadia-recebe-campeonatos-nacionais-de-pista\/\"},\"author\":{\"name\":\"Telinha\",\"@id\":\"https:\/\/portaltela.pt\/#\/schema\/person\/c4278d4a6028830caff9ee44b42d32ed\"},\"headline\":\"CAR de Anadia recebe Campeonatos Nacionais de Pista\",\"datePublished\":\"2026-01-23T14:47:23+00:00\",\"mainEntityOfPage\":{\"@id\":\"https:\/\/portaltela.pt\/noticias\/2026\/01\/23\/car-de-anadia-recebe-campeonatos-nacionais-de-pista\/\"},\"wordCount\":225,\"image\":{\"@id\":\"https:\/\/portaltela.pt\/noticias\/2026\/01\/23\/car-de-anadia-recebe-campeonatos-nacionais-de-pista\/#primaryimage\"},\"thumbnailUrl\":\"https:\/\/portaltela.pt\/s.01k8rhncp4jt1\/2026\/01\/4.jpg\",\"keywords\":[\"Anadia\",\"atletas\",\"ciclismo\",\"clubes\",\"desporto\",\"Paraciclismo\"],\"articleSection\":[\"Desporto\"],\"inLanguage\":\"pt-PT\"},{\"@type\":\"WebPage\",\"@id\":\"https:\/\/portaltela.pt\/noticias\/2026\/01\/23\/car-de-anadia-recebe-campeonatos-nacionais-de-pista\/\",\"url\":\"https:\/\/portaltela.pt\/noticias\/2026\/01\/23\/car-de-anadia-recebe-campeonatos-nacionais-de-pista\/\",\"name\":\"CAR de Anadia recebe Campeonatos Nacionais de Pista - Portal Tela Portugal\",\"isPartOf\":{\"@id\":\"https:\/\/portaltela.pt\/#website\"},\"primaryImageOfPage\":{\"@id\":\"https:\/\/portaltela.pt\/noticias\/2026\/01\/23\/car-de-anadia-recebe-campeonatos-nacionais-de-pista\/#primaryimage\"},\"image\":{\"@id\":\"https:\/\/portaltela.pt\/noticias\/2026\/01\/23\/car-de-anadia-recebe-campeonatos-nacionais-de-pista\/#primaryimage\"},\"thumbnailUrl\":\"https:\/\/portaltela.pt\/s.01k8rhncp4jt1\/2026\/01\/4.jpg\",\"datePublished\":\"2026-01-23T14:47:23+00:00\",\"author\":{\"@id\":\"https:\/\/portaltela.pt\/#\/schema\/person\/c4278d4a6028830caff9ee44b42d32ed\"},\"breadcrumb\":{\"@id\":\"https:\/\/portaltela.pt\/noticias\/2026\/01\/23\/car-de-anadia-recebe-campeonatos-nacionais-de-pista\/#breadcrumb\"},\"inLanguage\":\"pt-PT\",\"potentialAction\":[{\"@type\":\"ReadAction\",\"target\":[\"https:\/\/portaltela.pt\/noticias\/2026\/01\/23\/car-de-anadia-recebe-campeonatos-nacionais-de-pista\/\"]}]},{\"@type\":\"ImageObject\",\"inLanguage\":\"pt-PT\",\"@id\":\"https:\/\/portaltela.pt\/noticias\/2026\/01\/23\/car-de-anadia-recebe-campeonatos-nacionais-de-pista\/#primaryimage\",\"url\":\"https:\/\/portaltela.pt\/s.01k8rhncp4jt1\/2026\/01\/4.jpg\",\"contentUrl\":\"https:\/\/portaltela.pt\/s.01k8rhncp4jt1\/2026\/01\/4.jpg\",\"width\":796,\"height\":448,\"caption\":\"CAR de Anadia recebe Campeonatos Nacionais de Pista\"},{\"@type\":\"BreadcrumbList\",\"@id\":\"https:\/\/portaltela.pt\/noticias\/2026\/01\/23\/car-de-anadia-recebe-campeonatos-nacionais-de-pista\/#breadcrumb\",\"itemListElement\":[{\"@type\":\"ListItem\",\"position\":1,\"name\":\"In\u00edcio\",\"item\":\"https:\/\/portaltela.pt\/\"},{\"@type\":\"ListItem\",\"position\":2,\"name\":\"CAR de Anadia recebe Campeonatos Nacionais de Pista\"}]},{\"@type\":\"WebSite\",\"@id\":\"https:\/\/portaltela.pt\/#website\",\"url\":\"https:\/\/portaltela.pt\/\",\"name\":\"Portal Tela Portugal\",\"description\":\"\",\"potentialAction\":[{\"@type\":\"SearchAction\",\"target\":{\"@type\":\"EntryPoint\",\"urlTemplate\":\"https:\/\/portaltela.pt\/?s={search_term_string}\"},\"query-input\":{\"@type\":\"PropertyValueSpecification\",\"valueRequired\":true,\"valueName\":\"search_term_string\"}}],\"inLanguage\":\"pt-PT\"},{\"@type\":\"Person\",\"@id\":\"https:\/\/portaltela.pt\/#\/schema\/person\/c4278d4a6028830caff9ee44b42d32ed\",\"name\":\"Telinha\",\"image\":{\"@type\":\"ImageObject\",\"inLanguage\":\"pt-PT\",\"@id\":\"https:\/\/portaltela.pt\/s.01k8rhncp4jt1\/2025\/11\/talking-bot-125x125.png\",\"url\":\"https:\/\/portaltela.pt\/s.01k8rhncp4jt1\/2025\/11\/talking-bot-125x125.png\",\"contentUrl\":\"https:\/\/portaltela.pt\/s.01k8rhncp4jt1\/2025\/11\/talking-bot-125x125.png\",\"caption\":\"Telinha\"},\"sameAs\":[\"https:\/\/portaltela.pt\/\"],\"url\":\"https:\/\/portaltela.pt\/por\/367410592786\/\"}]}<\/script>\n<!-- \/ Yoast SEO plugin. -->","yoast_head_json":{"title":"CAR de Anadia recebe Campeonatos Nacionais de Pista - Portal Tela Portugal","robots":{"index":"index","follow":"follow","max-snippet":"max-snippet:-1","max-image-preview":"max-image-preview:large","max-video-preview":"max-video-preview:-1"},"og_locale":"pt_PT","og_type":"article","og_title":"CAR de Anadia recebe Campeonatos Nacionais de Pista - Portal Tela Portugal","og_description":"O Centro de Alto Rendimento (CAR) de Anadia recebe, a partir de hoje at\u00e9 domingo, os Campeonatos Nacionais de Pista, com entrada gratuita. A competi\u00e7\u00e3o abrange as categorias sub-15, sub-17, sub-19, elites e paraciclismo, com 53 provas distribu\u00eddas por Madison, Omnium, Scratch, Elimina\u00e7\u00e3o, Corrida por Pontos, Persegui\u00e7\u00e3o Individual e Quil\u00f3metro. No total, est\u00e3o em jogo 36 t\u00edtulos nacionais. Participam 177 ciclistas, em representa\u00e7\u00e3o de 46 equipas. Hor\u00e1rios: sexta-feira (18h00\u201322h00), s\u00e1bado (9h30\u201313h00 e 14h00\u201321h45) e domingo (9h00\u201312h30 e 13h30\u201320h00).","og_url":"https:\/\/portaltela.pt\/noticias\/2026\/01\/23\/car-de-anadia-recebe-campeonatos-nacionais-de-pista\/","og_site_name":"Portal Tela Portugal","article_published_time":"2026-01-23T14:47:23+00:00","author":"Telinha","twitter_card":"summary_large_image","twitter_misc":{"Escrito por":"Telinha","Tempo estimado de leitura":"1 minuto"},"schema":{"@context":"https:\/\/schema.org","@graph":[{"@type":"Article","@id":"https:\/\/portaltela.pt\/noticias\/2026\/01\/23\/car-de-anadia-recebe-campeonatos-nacionais-de-pista\/#article","isPartOf":{"@id":"https:\/\/portaltela.pt\/noticias\/2026\/01\/23\/car-de-anadia-recebe-campeonatos-nacionais-de-pista\/"},"author":{"name":"Telinha","@id":"https:\/\/portaltela.pt\/#\/schema\/person\/c4278d4a6028830caff9ee44b42d32ed"},"headline":"CAR de Anadia recebe Campeonatos Nacionais de Pista","datePublished":"2026-01-23T14:47:23+00:00","mainEntityOfPage":{"@id":"https:\/\/portaltela.pt\/noticias\/2026\/01\/23\/car-de-anadia-recebe-campeonatos-nacionais-de-pista\/"},"wordCount":225,"image":{"@id":"https:\/\/portaltela.pt\/noticias\/2026\/01\/23\/car-de-anadia-recebe-campeonatos-nacionais-de-pista\/#primaryimage"},"thumbnailUrl":"https:\/\/portaltela.pt\/s.01k8rhncp4jt1\/2026\/01\/4.jpg","keywords":["Anadia","atletas","ciclismo","clubes","desporto","Paraciclismo"],"articleSection":["Desporto"],"inLanguage":"pt-PT"},{"@type":"WebPage","@id":"https:\/\/portaltela.pt\/noticias\/2026\/01\/23\/car-de-anadia-recebe-campeonatos-nacionais-de-pista\/","url":"https:\/\/portaltela.pt\/noticias\/2026\/01\/23\/car-de-anadia-recebe-campeonatos-nacionais-de-pista\/","name":"CAR de Anadia recebe Campeonatos Nacionais de Pista - Portal Tela Portugal","isPartOf":{"@id":"https:\/\/portaltela.pt\/#website"},"primaryImageOfPage":{"@id":"https:\/\/portaltela.pt\/noticias\/2026\/01\/23\/car-de-anadia-recebe-campeonatos-nacionais-de-pista\/#primaryimage"},"image":{"@id":"https:\/\/portaltela.pt\/noticias\/2026\/01\/23\/car-de-anadia-recebe-campeonatos-nacionais-de-pista\/#primaryimage"},"thumbnailUrl":"https:\/\/portaltela.pt\/s.01k8rhncp4jt1\/2026\/01\/4.jpg","datePublished":"2026-01-23T14:47:23+00:00","author":{"@id":"https:\/\/portaltela.pt\/#\/schema\/person\/c4278d4a6028830caff9ee44b42d32ed"},"breadcrumb":{"@id":"https:\/\/portaltela.pt\/noticias\/2026\/01\/23\/car-de-anadia-recebe-campeonatos-nacionais-de-pista\/#breadcrumb"},"inLanguage":"pt-PT","potentialAction":[{"@type":"ReadAction","target":["https:\/\/portaltela.pt\/noticias\/2026\/01\/23\/car-de-anadia-recebe-campeonatos-nacionais-de-pista\/"]}]},{"@type":"ImageObject","inLanguage":"pt-PT","@id":"https:\/\/portaltela.pt\/noticias\/2026\/01\/23\/car-de-anadia-recebe-campeonatos-nacionais-de-pista\/#primaryimage","url":"https:\/\/portaltela.pt\/s.01k8rhncp4jt1\/2026\/01\/4.jpg","contentUrl":"https:\/\/portaltela.pt\/s.01k8rhncp4jt1\/2026\/01\/4.jpg","width":796,"height":448,"caption":"CAR de Anadia recebe Campeonatos Nacionais de Pista"},{"@type":"BreadcrumbList","@id":"https:\/\/portaltela.pt\/noticias\/2026\/01\/23\/car-de-anadia-recebe-campeonatos-nacionais-de-pista\/#breadcrumb","itemListElement":[{"@type":"ListItem","position":1,"name":"In\u00edcio","item":"https:\/\/portaltela.pt\/"},{"@type":"ListItem","position":2,"name":"CAR de Anadia recebe Campeonatos Nacionais de Pista"}]},{"@type":"WebSite","@id":"https:\/\/portaltela.pt\/#website","url":"https:\/\/portaltela.pt\/","name":"Portal Tela Portugal","description":"","potentialAction":[{"@type":"SearchAction","target":{"@type":"EntryPoint","urlTemplate":"https:\/\/portaltela.pt\/?s={search_term_string}"},"query-input":{"@type":"PropertyValueSpecification","valueRequired":true,"valueName":"search_term_string"}}],"inLanguage":"pt-PT"},{"@type":"Person","@id":"https:\/\/portaltela.pt\/#\/schema\/person\/c4278d4a6028830caff9ee44b42d32ed","name":"Telinha","image":{"@type":"ImageObject","inLanguage":"pt-PT","@id":"https:\/\/portaltela.pt\/s.01k8rhncp4jt1\/2025\/11\/talking-bot-125x125.png","url":"https:\/\/portaltela.pt\/s.01k8rhncp4jt1\/2025\/11\/talking-bot-125x125.png","contentUrl":"https:\/\/portaltela.pt\/s.01k8rhncp4jt1\/2025\/11\/talking-bot-125x125.png","caption":"Telinha"},"sameAs":["https:\/\/portaltela.pt\/"],"url":"https:\/\/portaltela.pt\/por\/367410592786\/"}]}},"_links":{"self":[{"href":"https:\/\/portaltela.pt\/api\/wp\/v2\/posts\/167194","targetHints":{"allow":["GET"]}}],"collection":[{"href":"https:\/\/portaltela.pt\/api\/wp\/v2\/posts"}],"about":[{"href":"https:\/\/portaltela.pt\/api\/wp\/v2\/types\/post"}],"author":[{"embeddable":true,"href":"https:\/\/portaltela.pt\/api\/wp\/v2\/users\/2"}],"replies":[{"embeddable":true,"href":"https:\/\/portaltela.pt\/api\/wp\/v2\/comments?post=167194"}],"version-history":[{"count":0,"href":"https:\/\/portaltela.pt\/api\/wp\/v2\/posts\/167194\/revisions"}],"wp:featuredmedia":[{"embeddable":true,"href":"https:\/\/portaltela.pt\/api\/wp\/v2\/media\/167223"}],"wp:attachment":[{"href":"https:\/\/portaltela.pt\/api\/wp\/v2\/media?parent=167194"}],"wp:term":[{"taxonomy":"category","embeddable":true,"href":"https:\/\/portaltela.pt\/api\/wp\/v2\/categories?post=167194"},{"taxonomy":"post_tag","embeddable":true,"href":"https:\/\/portaltela.pt\/api\/wp\/v2\/tags?post=167194"}],"curies":[{"name":"wp","href":"https:\/\/api.w.org\/{rel}","templated":true}]}}