{"id":167041,"date":"2026-01-23T11:00:00","date_gmt":"2026-01-23T14:00:00","guid":{"rendered":"https:\/\/portaltela.pt\/noticias\/2026\/01\/23\/gronelandia-revelados-detalhes-do-acordo-entre-trump-e-rutte\/"},"modified":"2026-01-23T11:00:00","modified_gmt":"2026-01-23T14:00:00","slug":"gronelandia-revelados-detalhes-do-acordo-entre-trump-e-rutte","status":"publish","type":"post","link":"https:\/\/portaltela.pt\/noticias\/2026\/01\/23\/gronelandia-revelados-detalhes-do-acordo-entre-trump-e-rutte\/","title":{"rendered":"Gronel\u00e2ndia: revelados detalhes do acordo entre Trump e Rutte"},"content":{"rendered":"<p>O presidente dos EUA, Donald Trump, afirmou ter delineado a estrutura de um acordo sobre a Gronel\u00e2ndia ap\u00f3s uma reuni\u00e3o com Mark Rutte, primeiro-ministro holand\u00eas, e o secret\u00e1rio-geral da NATO. A reuni\u00e3o ocorreu em Davos, Su\u00ed\u00e7a, com foco em propostas ainda n\u00e3o formalizadas por escrito. A posi\u00e7\u00e3o da NATO evita a divulga\u00e7\u00e3o de documentos formais nesta fase.<\/p>\n<p>Segundo fontes pr\u00f3ximas das negocia\u00e7\u00f5es citadas pela CNN e pelo New York Times, o objetivo \u00e9 avan\u00e7ar sem comprometer a \u201clinha vermelha\u201d europeia de que o territ\u00f3rio n\u00e3o est\u00e1 \u00e0 venda. A ideia \u00e9 explorar propostas discutidas dentro da alian\u00e7a ao longo dos \u00faltimos meses, sem firmar acordos oficiais de imediato.<\/p>\n<p>Entre as propostas destacadas est\u00e1 a cria\u00e7\u00e3o de uma miss\u00e3o da NATO no \u00c1rtico, apelidada informalmente de Arctic Sentry, inspirada em opera\u00e7\u00f5es na regi\u00e3o b\u00e1ltica e na Europa de Leste. A presen\u00e7a alian\u00e7a seria refor\u00e7ada numa \u00e1rea estrat\u00e9gica, face \u00e0 concorr\u00eancia da R\u00fassia e da China.<\/p>\n<p>Outra pe\u00e7a central \u00e9 a atualiza\u00e7\u00e3o do acordo de 1951 entre os EUA, Dinamarca e Gronel\u00e2ndia. O atual regime permite opera\u00e7\u00f5es militares e constru\u00e7\u00e3o de bases, mas preocupa que a Gronel\u00e2ndia possa ganhar independ\u00eancia e alterar esse acesso. Refere-se, assim, a extens\u00e3o do enquadramento jur\u00eddico para assegurar presen\u00e7a est\u00e1vel.<\/p>\n<p>H\u00e1 ainda a possibilidade de criar uma \u00e1rea administrativa sob controlo dos EUA na Gronel\u00e2ndia, semelhante \u00e0s bases de soberania no Chipre, onde zonas s\u00e3o consideradas territ\u00f3rio brit\u00e2nico. A ideia surge ligada \u00e0 revis\u00e3o do acordo existente.<\/p>\n<p>Tamb\u00e9m se discute limitar investimentos estrat\u00e9gicos de pa\u00edses n\u00e3o pertencentes \u00e0 NATO, em especial R\u00fassia e China, para evitar a explora\u00e7\u00e3o de minerais de terras raras. O objetivo seria facilitar o acesso dos EUA a recursos naturais da Gronel\u00e2ndia caso se alcancem acordos mais amplos.<\/p>\n<p>A Casa Branca indicou que os detalhes do plano s\u00f3 ser\u00e3o revelados \u00e0 medida que forem finalizados. Uma porta-voz afirmou que, se o acordo avan\u00e7ar, os objetivos estrat\u00e9gicos seriam alcan\u00e7ados com custo reduzido. A oficial ressaltou que Trump atua de forma proativa na negocia\u00e7\u00e3o.<\/p>\n<p>Uma fonte presente em Davos explicou que o secret\u00e1rio-geral da NATO preferiu n\u00e3o redigir documentos formais durante o encontro, por receio de fugas de informa\u00e7\u00e3o e de publica\u00e7\u00f5es nas redes sociais por parte do Presidente americano, que j\u00e1 havia gerado pol\u00e9mica ao divulgar mensagens privadas de Rutte e de Macron anteriormente.<\/p>\n","protected":false},"excerpt":{"rendered":"<ul>\n<li>Donald Trump e Mark Rutte discutiram um poss\u00edvel acordo para a Gronel\u00e2ndia, mas n\u00e3o houve inten\u00e7\u00e3o de formalizar os termos por escrito nessa fase, devido a preocupa\u00e7\u00f5es com fugas de informa\u00e7\u00e3o.<\/li>\n<li>Entre as propostas est\u00e1 a cria\u00e7\u00e3o de uma miss\u00e3o da NATO no \u00c1rtico, informalmente designada \u201cArctic Sentry\u201d, para refor\u00e7ar a presen\u00e7a na regi\u00e3o frente a R\u00fassia e China.<\/li>\n<li>Est\u00e1 em an\u00e1lise rever o acordo de quarenta e cinco anos que regula a presen\u00e7a militar dos EUA na Gronel\u00e2ndia (1951, com Dinamarca), com o objetivo de assegurar uma presen\u00e7a com base jur\u00eddica s\u00f3lida e, possivelmente, criar uma \u00e1rea controlada pelos EUA semelhante \u00e0s bases de base soberana em Chipre.<\/li>\n<li>Tamb\u00e9m se fala em restringir investimentos de pa\u00edses n\u00e3o pertencentes \u00e0 NATO, especialmente R\u00fassia e China, em minerais de terras raras na Gronel\u00e2ndia.<\/li>\n<li>A Casa Branca disse que os detalhes do plano ser\u00e3o divulgados \u00e0 medida que forem finalizados; fontes pr\u00f3ximas dizem que o acordo poder\u00e1 avan\u00e7ar, ao custo reduzido, e que Trump \u00e9 visto como negociador-chefe.<\/li>\n<\/ul>\n","protected":false},"author":2,"featured_media":167065,"comment_status":"closed","ping_status":"closed","sticky":false,"template":"","format":"standard","meta":{"footnotes":""},"categories":[1],"tags":[3496,2503,3184,2297,2036,2540],"class_list":["post-167041","post","type-post","status-publish","format-standard","has-post-thumbnail","hentry","category-noticias","tag-aliancas-internacionais","tag-dinamarca","tag-gronelandia","tag-investigacoes-internacionais","tag-negociacoes-internacionais","tag-territorio"],"yoast_head":"<!-- This site is optimized with the Yoast SEO plugin v27.2 - https:\/\/yoast.com\/product\/yoast-seo-wordpress\/ -->\n<title>Gronel\u00e2ndia: revelados detalhes do acordo entre Trump e Rutte - Portal Tela Portugal<\/title>\n<meta name=\"robots\" content=\"index, follow, max-snippet:-1, max-image-preview:large, max-video-preview:-1\" \/>\n<meta property=\"og:locale\" content=\"pt_PT\" \/>\n<meta property=\"og:type\" content=\"article\" \/>\n<meta property=\"og:title\" content=\"Gronel\u00e2ndia: revelados detalhes do acordo entre Trump e Rutte - Portal Tela Portugal\" \/>\n<meta property=\"og:description\" content=\"Donald Trump e Mark Rutte discutiram um poss\u00edvel acordo para a Gronel\u00e2ndia, mas n\u00e3o houve inten\u00e7\u00e3o de formalizar os termos por escrito nessa fase, devido a preocupa\u00e7\u00f5es com fugas de informa\u00e7\u00e3o. Entre as propostas est\u00e1 a cria\u00e7\u00e3o de uma miss\u00e3o da NATO no \u00c1rtico, informalmente designada \u201cArctic Sentry\u201d, para refor\u00e7ar a presen\u00e7a na regi\u00e3o frente a R\u00fassia e China. Est\u00e1 em an\u00e1lise rever o acordo de quarenta e cinco anos que regula a presen\u00e7a militar dos EUA na Gronel\u00e2ndia (1951, com Dinamarca), com o objetivo de assegurar uma presen\u00e7a com base jur\u00eddica s\u00f3lida e, possivelmente, criar uma \u00e1rea controlada pelos EUA semelhante \u00e0s bases de base soberana em Chipre. Tamb\u00e9m se fala em restringir investimentos de pa\u00edses n\u00e3o pertencentes \u00e0 NATO, especialmente R\u00fassia e China, em minerais de terras raras na Gronel\u00e2ndia. A Casa Branca disse que os detalhes do plano ser\u00e3o divulgados \u00e0 medida que forem finalizados; fontes pr\u00f3ximas dizem que o acordo poder\u00e1 avan\u00e7ar, ao custo reduzido, e que Trump \u00e9 visto como negociador-chefe.\" \/>\n<meta property=\"og:url\" content=\"https:\/\/portaltela.pt\/noticias\/2026\/01\/23\/gronelandia-revelados-detalhes-do-acordo-entre-trump-e-rutte\/\" \/>\n<meta property=\"og:site_name\" content=\"Portal Tela Portugal\" \/>\n<meta property=\"article:published_time\" content=\"2026-01-23T14:00:00+00:00\" \/>\n<meta name=\"author\" content=\"Telinha\" \/>\n<meta name=\"twitter:card\" content=\"summary_large_image\" \/>\n<meta name=\"twitter:label1\" content=\"Escrito por\" \/>\n\t<meta name=\"twitter:data1\" content=\"Telinha\" \/>\n\t<meta name=\"twitter:label2\" content=\"Tempo estimado de leitura\" \/>\n\t<meta name=\"twitter:data2\" content=\"2 minutos\" \/>\n<script type=\"application\/ld+json\" class=\"yoast-schema-graph\">{\"@context\":\"https:\/\/schema.org\",\"@graph\":[{\"@type\":\"Article\",\"@id\":\"https:\/\/portaltela.pt\/noticias\/2026\/01\/23\/gronelandia-revelados-detalhes-do-acordo-entre-trump-e-rutte\/#article\",\"isPartOf\":{\"@id\":\"https:\/\/portaltela.pt\/noticias\/2026\/01\/23\/gronelandia-revelados-detalhes-do-acordo-entre-trump-e-rutte\/\"},\"author\":{\"name\":\"Telinha\",\"@id\":\"https:\/\/portaltela.pt\/#\/schema\/person\/c4278d4a6028830caff9ee44b42d32ed\"},\"headline\":\"Gronel\u00e2ndia: revelados detalhes do acordo entre Trump e Rutte\",\"datePublished\":\"2026-01-23T14:00:00+00:00\",\"mainEntityOfPage\":{\"@id\":\"https:\/\/portaltela.pt\/noticias\/2026\/01\/23\/gronelandia-revelados-detalhes-do-acordo-entre-trump-e-rutte\/\"},\"wordCount\":441,\"image\":{\"@id\":\"https:\/\/portaltela.pt\/noticias\/2026\/01\/23\/gronelandia-revelados-detalhes-do-acordo-entre-trump-e-rutte\/#primaryimage\"},\"thumbnailUrl\":\"https:\/\/portaltela.pt\/s.01k8rhncp4jt1\/2026\/01\/unnamed-file-4780.jpg\",\"keywords\":[\"alian\u00e7as internacionais\",\"Dinamarca\",\"Gronel\u00c3\u00a2ndia\",\"investiga\u00e7\u00f5es internacionais\",\"negocia\u00e7\u00f5es internacionais\",\"Territ\u00f3rio\"],\"articleSection\":[\"Not\u00edcias\"],\"inLanguage\":\"pt-PT\"},{\"@type\":\"WebPage\",\"@id\":\"https:\/\/portaltela.pt\/noticias\/2026\/01\/23\/gronelandia-revelados-detalhes-do-acordo-entre-trump-e-rutte\/\",\"url\":\"https:\/\/portaltela.pt\/noticias\/2026\/01\/23\/gronelandia-revelados-detalhes-do-acordo-entre-trump-e-rutte\/\",\"name\":\"Gronel\u00e2ndia: revelados detalhes do acordo entre Trump e Rutte - Portal Tela Portugal\",\"isPartOf\":{\"@id\":\"https:\/\/portaltela.pt\/#website\"},\"primaryImageOfPage\":{\"@id\":\"https:\/\/portaltela.pt\/noticias\/2026\/01\/23\/gronelandia-revelados-detalhes-do-acordo-entre-trump-e-rutte\/#primaryimage\"},\"image\":{\"@id\":\"https:\/\/portaltela.pt\/noticias\/2026\/01\/23\/gronelandia-revelados-detalhes-do-acordo-entre-trump-e-rutte\/#primaryimage\"},\"thumbnailUrl\":\"https:\/\/portaltela.pt\/s.01k8rhncp4jt1\/2026\/01\/unnamed-file-4780.jpg\",\"datePublished\":\"2026-01-23T14:00:00+00:00\",\"author\":{\"@id\":\"https:\/\/portaltela.pt\/#\/schema\/person\/c4278d4a6028830caff9ee44b42d32ed\"},\"breadcrumb\":{\"@id\":\"https:\/\/portaltela.pt\/noticias\/2026\/01\/23\/gronelandia-revelados-detalhes-do-acordo-entre-trump-e-rutte\/#breadcrumb\"},\"inLanguage\":\"pt-PT\",\"potentialAction\":[{\"@type\":\"ReadAction\",\"target\":[\"https:\/\/portaltela.pt\/noticias\/2026\/01\/23\/gronelandia-revelados-detalhes-do-acordo-entre-trump-e-rutte\/\"]}]},{\"@type\":\"ImageObject\",\"inLanguage\":\"pt-PT\",\"@id\":\"https:\/\/portaltela.pt\/noticias\/2026\/01\/23\/gronelandia-revelados-detalhes-do-acordo-entre-trump-e-rutte\/#primaryimage\",\"url\":\"https:\/\/portaltela.pt\/s.01k8rhncp4jt1\/2026\/01\/unnamed-file-4780.jpg\",\"contentUrl\":\"https:\/\/portaltela.pt\/s.01k8rhncp4jt1\/2026\/01\/unnamed-file-4780.jpg\",\"width\":796,\"height\":448,\"caption\":\"Mark Rutte e Donald Trump reuniram-se esta semana em Davos, na Su\u00ed\u00e7a, durante o F\u00f3rum Econ\u00f3mico Mundial\"},{\"@type\":\"BreadcrumbList\",\"@id\":\"https:\/\/portaltela.pt\/noticias\/2026\/01\/23\/gronelandia-revelados-detalhes-do-acordo-entre-trump-e-rutte\/#breadcrumb\",\"itemListElement\":[{\"@type\":\"ListItem\",\"position\":1,\"name\":\"In\u00edcio\",\"item\":\"https:\/\/portaltela.pt\/\"},{\"@type\":\"ListItem\",\"position\":2,\"name\":\"Gronel\u00e2ndia: revelados detalhes do acordo entre Trump e Rutte\"}]},{\"@type\":\"WebSite\",\"@id\":\"https:\/\/portaltela.pt\/#website\",\"url\":\"https:\/\/portaltela.pt\/\",\"name\":\"Portal Tela Portugal\",\"description\":\"\",\"potentialAction\":[{\"@type\":\"SearchAction\",\"target\":{\"@type\":\"EntryPoint\",\"urlTemplate\":\"https:\/\/portaltela.pt\/?s={search_term_string}\"},\"query-input\":{\"@type\":\"PropertyValueSpecification\",\"valueRequired\":true,\"valueName\":\"search_term_string\"}}],\"inLanguage\":\"pt-PT\"},{\"@type\":\"Person\",\"@id\":\"https:\/\/portaltela.pt\/#\/schema\/person\/c4278d4a6028830caff9ee44b42d32ed\",\"name\":\"Telinha\",\"image\":{\"@type\":\"ImageObject\",\"inLanguage\":\"pt-PT\",\"@id\":\"https:\/\/portaltela.pt\/s.01k8rhncp4jt1\/2025\/11\/talking-bot-125x125.png\",\"url\":\"https:\/\/portaltela.pt\/s.01k8rhncp4jt1\/2025\/11\/talking-bot-125x125.png\",\"contentUrl\":\"https:\/\/portaltela.pt\/s.01k8rhncp4jt1\/2025\/11\/talking-bot-125x125.png\",\"caption\":\"Telinha\"},\"sameAs\":[\"https:\/\/portaltela.pt\/\"],\"url\":\"https:\/\/portaltela.pt\/por\/367410592786\/\"}]}<\/script>\n<!-- \/ Yoast SEO plugin. -->","yoast_head_json":{"title":"Gronel\u00e2ndia: revelados detalhes do acordo entre Trump e Rutte - Portal Tela Portugal","robots":{"index":"index","follow":"follow","max-snippet":"max-snippet:-1","max-image-preview":"max-image-preview:large","max-video-preview":"max-video-preview:-1"},"og_locale":"pt_PT","og_type":"article","og_title":"Gronel\u00e2ndia: revelados detalhes do acordo entre Trump e Rutte - Portal Tela Portugal","og_description":"Donald Trump e Mark Rutte discutiram um poss\u00edvel acordo para a Gronel\u00e2ndia, mas n\u00e3o houve inten\u00e7\u00e3o de formalizar os termos por escrito nessa fase, devido a preocupa\u00e7\u00f5es com fugas de informa\u00e7\u00e3o. Entre as propostas est\u00e1 a cria\u00e7\u00e3o de uma miss\u00e3o da NATO no \u00c1rtico, informalmente designada \u201cArctic Sentry\u201d, para refor\u00e7ar a presen\u00e7a na regi\u00e3o frente a R\u00fassia e China. Est\u00e1 em an\u00e1lise rever o acordo de quarenta e cinco anos que regula a presen\u00e7a militar dos EUA na Gronel\u00e2ndia (1951, com Dinamarca), com o objetivo de assegurar uma presen\u00e7a com base jur\u00eddica s\u00f3lida e, possivelmente, criar uma \u00e1rea controlada pelos EUA semelhante \u00e0s bases de base soberana em Chipre. Tamb\u00e9m se fala em restringir investimentos de pa\u00edses n\u00e3o pertencentes \u00e0 NATO, especialmente R\u00fassia e China, em minerais de terras raras na Gronel\u00e2ndia. A Casa Branca disse que os detalhes do plano ser\u00e3o divulgados \u00e0 medida que forem finalizados; fontes pr\u00f3ximas dizem que o acordo poder\u00e1 avan\u00e7ar, ao custo reduzido, e que Trump \u00e9 visto como negociador-chefe.","og_url":"https:\/\/portaltela.pt\/noticias\/2026\/01\/23\/gronelandia-revelados-detalhes-do-acordo-entre-trump-e-rutte\/","og_site_name":"Portal Tela Portugal","article_published_time":"2026-01-23T14:00:00+00:00","author":"Telinha","twitter_card":"summary_large_image","twitter_misc":{"Escrito por":"Telinha","Tempo estimado de leitura":"2 minutos"},"schema":{"@context":"https:\/\/schema.org","@graph":[{"@type":"Article","@id":"https:\/\/portaltela.pt\/noticias\/2026\/01\/23\/gronelandia-revelados-detalhes-do-acordo-entre-trump-e-rutte\/#article","isPartOf":{"@id":"https:\/\/portaltela.pt\/noticias\/2026\/01\/23\/gronelandia-revelados-detalhes-do-acordo-entre-trump-e-rutte\/"},"author":{"name":"Telinha","@id":"https:\/\/portaltela.pt\/#\/schema\/person\/c4278d4a6028830caff9ee44b42d32ed"},"headline":"Gronel\u00e2ndia: revelados detalhes do acordo entre Trump e Rutte","datePublished":"2026-01-23T14:00:00+00:00","mainEntityOfPage":{"@id":"https:\/\/portaltela.pt\/noticias\/2026\/01\/23\/gronelandia-revelados-detalhes-do-acordo-entre-trump-e-rutte\/"},"wordCount":441,"image":{"@id":"https:\/\/portaltela.pt\/noticias\/2026\/01\/23\/gronelandia-revelados-detalhes-do-acordo-entre-trump-e-rutte\/#primaryimage"},"thumbnailUrl":"https:\/\/portaltela.pt\/s.01k8rhncp4jt1\/2026\/01\/unnamed-file-4780.jpg","keywords":["alian\u00e7as internacionais","Dinamarca","Gronel\u00c3\u00a2ndia","investiga\u00e7\u00f5es internacionais","negocia\u00e7\u00f5es internacionais","Territ\u00f3rio"],"articleSection":["Not\u00edcias"],"inLanguage":"pt-PT"},{"@type":"WebPage","@id":"https:\/\/portaltela.pt\/noticias\/2026\/01\/23\/gronelandia-revelados-detalhes-do-acordo-entre-trump-e-rutte\/","url":"https:\/\/portaltela.pt\/noticias\/2026\/01\/23\/gronelandia-revelados-detalhes-do-acordo-entre-trump-e-rutte\/","name":"Gronel\u00e2ndia: revelados detalhes do acordo entre Trump e Rutte - Portal Tela Portugal","isPartOf":{"@id":"https:\/\/portaltela.pt\/#website"},"primaryImageOfPage":{"@id":"https:\/\/portaltela.pt\/noticias\/2026\/01\/23\/gronelandia-revelados-detalhes-do-acordo-entre-trump-e-rutte\/#primaryimage"},"image":{"@id":"https:\/\/portaltela.pt\/noticias\/2026\/01\/23\/gronelandia-revelados-detalhes-do-acordo-entre-trump-e-rutte\/#primaryimage"},"thumbnailUrl":"https:\/\/portaltela.pt\/s.01k8rhncp4jt1\/2026\/01\/unnamed-file-4780.jpg","datePublished":"2026-01-23T14:00:00+00:00","author":{"@id":"https:\/\/portaltela.pt\/#\/schema\/person\/c4278d4a6028830caff9ee44b42d32ed"},"breadcrumb":{"@id":"https:\/\/portaltela.pt\/noticias\/2026\/01\/23\/gronelandia-revelados-detalhes-do-acordo-entre-trump-e-rutte\/#breadcrumb"},"inLanguage":"pt-PT","potentialAction":[{"@type":"ReadAction","target":["https:\/\/portaltela.pt\/noticias\/2026\/01\/23\/gronelandia-revelados-detalhes-do-acordo-entre-trump-e-rutte\/"]}]},{"@type":"ImageObject","inLanguage":"pt-PT","@id":"https:\/\/portaltela.pt\/noticias\/2026\/01\/23\/gronelandia-revelados-detalhes-do-acordo-entre-trump-e-rutte\/#primaryimage","url":"https:\/\/portaltela.pt\/s.01k8rhncp4jt1\/2026\/01\/unnamed-file-4780.jpg","contentUrl":"https:\/\/portaltela.pt\/s.01k8rhncp4jt1\/2026\/01\/unnamed-file-4780.jpg","width":796,"height":448,"caption":"Mark Rutte e Donald Trump reuniram-se esta semana em Davos, na Su\u00ed\u00e7a, durante o F\u00f3rum Econ\u00f3mico Mundial"},{"@type":"BreadcrumbList","@id":"https:\/\/portaltela.pt\/noticias\/2026\/01\/23\/gronelandia-revelados-detalhes-do-acordo-entre-trump-e-rutte\/#breadcrumb","itemListElement":[{"@type":"ListItem","position":1,"name":"In\u00edcio","item":"https:\/\/portaltela.pt\/"},{"@type":"ListItem","position":2,"name":"Gronel\u00e2ndia: revelados detalhes do acordo entre Trump e Rutte"}]},{"@type":"WebSite","@id":"https:\/\/portaltela.pt\/#website","url":"https:\/\/portaltela.pt\/","name":"Portal Tela Portugal","description":"","potentialAction":[{"@type":"SearchAction","target":{"@type":"EntryPoint","urlTemplate":"https:\/\/portaltela.pt\/?s={search_term_string}"},"query-input":{"@type":"PropertyValueSpecification","valueRequired":true,"valueName":"search_term_string"}}],"inLanguage":"pt-PT"},{"@type":"Person","@id":"https:\/\/portaltela.pt\/#\/schema\/person\/c4278d4a6028830caff9ee44b42d32ed","name":"Telinha","image":{"@type":"ImageObject","inLanguage":"pt-PT","@id":"https:\/\/portaltela.pt\/s.01k8rhncp4jt1\/2025\/11\/talking-bot-125x125.png","url":"https:\/\/portaltela.pt\/s.01k8rhncp4jt1\/2025\/11\/talking-bot-125x125.png","contentUrl":"https:\/\/portaltela.pt\/s.01k8rhncp4jt1\/2025\/11\/talking-bot-125x125.png","caption":"Telinha"},"sameAs":["https:\/\/portaltela.pt\/"],"url":"https:\/\/portaltela.pt\/por\/367410592786\/"}]}},"_links":{"self":[{"href":"https:\/\/portaltela.pt\/api\/wp\/v2\/posts\/167041","targetHints":{"allow":["GET"]}}],"collection":[{"href":"https:\/\/portaltela.pt\/api\/wp\/v2\/posts"}],"about":[{"href":"https:\/\/portaltela.pt\/api\/wp\/v2\/types\/post"}],"author":[{"embeddable":true,"href":"https:\/\/portaltela.pt\/api\/wp\/v2\/users\/2"}],"replies":[{"embeddable":true,"href":"https:\/\/portaltela.pt\/api\/wp\/v2\/comments?post=167041"}],"version-history":[{"count":0,"href":"https:\/\/portaltela.pt\/api\/wp\/v2\/posts\/167041\/revisions"}],"wp:featuredmedia":[{"embeddable":true,"href":"https:\/\/portaltela.pt\/api\/wp\/v2\/media\/167065"}],"wp:attachment":[{"href":"https:\/\/portaltela.pt\/api\/wp\/v2\/media?parent=167041"}],"wp:term":[{"taxonomy":"category","embeddable":true,"href":"https:\/\/portaltela.pt\/api\/wp\/v2\/categories?post=167041"},{"taxonomy":"post_tag","embeddable":true,"href":"https:\/\/portaltela.pt\/api\/wp\/v2\/tags?post=167041"}],"curies":[{"name":"wp","href":"https:\/\/api.w.org\/{rel}","templated":true}]}}