{"id":166977,"date":"2026-01-23T10:48:49","date_gmt":"2026-01-23T13:48:49","guid":{"rendered":"https:\/\/portaltela.pt\/noticias\/2026\/01\/23\/e-amadora-aposta-no-mercado-alemao-e-ve-a-3a-divisao-como-uma-das-melhores\/"},"modified":"2026-01-23T10:48:49","modified_gmt":"2026-01-23T13:48:49","slug":"e-amadora-aposta-no-mercado-alemao-e-ve-a-3a-divisao-como-uma-das-melhores","status":"publish","type":"post","link":"https:\/\/portaltela.pt\/desporto\/futebol\/2026\/01\/23\/e-amadora-aposta-no-mercado-alemao-e-ve-a-3a-divisao-como-uma-das-melhores\/","title":{"rendered":"E. Amadora aposta no mercado alem\u00e3o e v\u00ea a 3\u00aa divis\u00e3o como uma das melhores"},"content":{"rendered":"<p>O Estrela da Amadora intensificou a sua atua\u00e7\u00e3o no mercado de transfer\u00eancias, com foco em mercados menos tradicionais. O clube confirmou a chegada de jogadores a costurar um projeto ambicioso para estas temporadas, incluindo refor\u00e7os oriundos da Alemanha. A aposta passa por identificar talento em ligas menos medi\u00e1ticas com perspetivas devaloriza\u00e7\u00e3o futura.<\/p>\n<p>O trio de novas contrata\u00e7\u00f5es refor\u00e7a a estrat\u00e9gia de expans\u00e3o internacional, com especial \u00eanfase na 3. Liga alem\u00e3. Lopes Cabral passou do Viktoria K\u00f6ln para a Reboleira, antes de seguir para o Benfica em meia \u00e9poca, num neg\u00f3cio avaliado em 6 milh\u00f5es de euros, com 2 milh\u00f5es em vari\u00e1veis. O dinamismo financeiro do Estrela tem sido uma marca desta janela.<\/p>\n<p>Onuoha e Tom Moustier s\u00e3o apresentados como novos ciclistas do plantel. Ambos chegam com contratos que apontam \u00e0 juventude e ao potencial de evolu\u00e7\u00e3o sob orienta\u00e7\u00e3o t\u00e9cnica j\u00e1 existente no clube. O Estrela pretende consolidar o aspeto competitivo da equipa atrav\u00e9s de processos de valoriza\u00e7\u00e3o de jovens atletas.<\/p>\n<p>Guilherme Mont\u00f3ia deixou o Estrela da Amadora para refor\u00e7ar o Jagiellonia Bialystok, numa mudan\u00e7a que encerra um ciclo do defesa. O jogador assinou por v\u00e1rios anos, com cl\u00e1usulas de op\u00e7\u00e3o, consolidando a sa\u00edda no plantel de forma oficial.<\/p>\n<p>Entre declara\u00e7\u00f5es de jogadores e reconhecimentos institucionais, o clube manteve o foco no desempenho desportivo. Lopes Cabral, antigo jogador cabo-verdiano do Benfica, permanece ligado ao clube de forma simb\u00f3lica, numa gala que celebrou o 94.\u00ba anivers\u00e1rio do Estrela e lembrou o apego ao emblema.<\/p>\n<p>A aposta estrat\u00e9gica do Estrela da Amadora passa pela capta\u00e7\u00e3o de talento internacional, com foco na forma\u00e7\u00e3o e na venda futura de jogadores. Paulo Lopo destaca que a equipa tem mostrado bons resultados de vendas no passado recente, potenciando novas oportunidades para os jovens que integram o plantel.<\/p>\n<p>Jovane Cabral, atualmente no Estrela, mant\u00e9m a convic\u00e7\u00e3o de que o clube pode evoluir e alcan\u00e7ar novos patamares. O extremo cabo-verdiano aponta para o equil\u00edbrio entre ambi\u00e7\u00e3o desportiva e estabilidade financeira, numa fase de consolida\u00e7\u00e3o da equipa na competi\u00e7\u00e3o nacional.<\/p>\n","protected":false},"excerpt":{"rendered":"<ul>\n<li>O Estrela da Amadora tem apostado em mercados alternativos, incluindo a terceira divis\u00e3o alem\u00e3, para refor\u00e7ar o plantel.<\/li>\n<li>Lopes Cabral saiu do Viktoria K\u00f6ln e rumou \u00e0 Reboleira, terminando contrato antes de, meia \u00e9poca depois, ser transferido para o Benfica por seis milh\u00f5es de euros, com mais dois milh\u00f5es em vari\u00e1veis.<\/li>\n<li>O clube confirmou a chegada de Onuoha como refor\u00e7o.<\/li>\n<li>Tom Moustier tamb\u00e9m \u00e9 anunciado como refor\u00e7o do Estrela da Amadora.<\/li>\n<li>Guilherme Mont\u00f3ia deixa o Estrela da Amadora e assina pelo Jagiellonia Bialystok.<\/li>\n<\/ul>\n","protected":false},"author":2,"featured_media":167009,"comment_status":"closed","ping_status":"closed","sticky":false,"template":"","format":"standard","meta":{"footnotes":""},"categories":[21,24],"tags":[3133,1603,1589,32,3338,1633],"class_list":["post-166977","post","type-post","status-publish","format-standard","has-post-thumbnail","hentry","category-desporto","category-futebol","tag-a-briosa","tag-alemanha","tag-estrela","tag-futebol","tag-futebol-internacional","tag-transferencias-internacionais"],"yoast_head":"<!-- This site is optimized with the Yoast SEO plugin v27.2 - https:\/\/yoast.com\/product\/yoast-seo-wordpress\/ -->\n<title>E. Amadora aposta no mercado alem\u00e3o e v\u00ea a 3\u00aa divis\u00e3o como uma das melhores - Portal Tela Portugal<\/title>\n<meta name=\"robots\" content=\"index, follow, max-snippet:-1, max-image-preview:large, max-video-preview:-1\" \/>\n<meta property=\"og:locale\" content=\"pt_PT\" \/>\n<meta property=\"og:type\" content=\"article\" \/>\n<meta property=\"og:title\" content=\"E. Amadora aposta no mercado alem\u00e3o e v\u00ea a 3\u00aa divis\u00e3o como uma das melhores - Portal Tela Portugal\" \/>\n<meta property=\"og:description\" content=\"O Estrela da Amadora tem apostado em mercados alternativos, incluindo a terceira divis\u00e3o alem\u00e3, para refor\u00e7ar o plantel. Lopes Cabral saiu do Viktoria K\u00f6ln e rumou \u00e0 Reboleira, terminando contrato antes de, meia \u00e9poca depois, ser transferido para o Benfica por seis milh\u00f5es de euros, com mais dois milh\u00f5es em vari\u00e1veis. O clube confirmou a chegada de Onuoha como refor\u00e7o. Tom Moustier tamb\u00e9m \u00e9 anunciado como refor\u00e7o do Estrela da Amadora. Guilherme Mont\u00f3ia deixa o Estrela da Amadora e assina pelo Jagiellonia Bialystok.\" \/>\n<meta property=\"og:url\" content=\"https:\/\/portaltela.pt\/noticias\/2026\/01\/23\/e-amadora-aposta-no-mercado-alemao-e-ve-a-3a-divisao-como-uma-das-melhores\/\" \/>\n<meta property=\"og:site_name\" content=\"Portal Tela Portugal\" \/>\n<meta property=\"article:published_time\" content=\"2026-01-23T13:48:49+00:00\" \/>\n<meta name=\"author\" content=\"Telinha\" \/>\n<meta name=\"twitter:card\" content=\"summary_large_image\" \/>\n<meta name=\"twitter:label1\" content=\"Escrito por\" \/>\n\t<meta name=\"twitter:data1\" content=\"Telinha\" \/>\n\t<meta name=\"twitter:label2\" content=\"Tempo estimado de leitura\" \/>\n\t<meta name=\"twitter:data2\" content=\"2 minutos\" \/>\n<script type=\"application\/ld+json\" class=\"yoast-schema-graph\">{\"@context\":\"https:\/\/schema.org\",\"@graph\":[{\"@type\":\"Article\",\"@id\":\"https:\/\/portaltela.pt\/noticias\/2026\/01\/23\/e-amadora-aposta-no-mercado-alemao-e-ve-a-3a-divisao-como-uma-das-melhores\/#article\",\"isPartOf\":{\"@id\":\"https:\/\/portaltela.pt\/noticias\/2026\/01\/23\/e-amadora-aposta-no-mercado-alemao-e-ve-a-3a-divisao-como-uma-das-melhores\/\"},\"author\":{\"name\":\"Telinha\",\"@id\":\"https:\/\/portaltela.pt\/#\/schema\/person\/c4278d4a6028830caff9ee44b42d32ed\"},\"headline\":\"E. Amadora aposta no mercado alem\u00e3o e v\u00ea a 3\u00aa divis\u00e3o como uma das melhores\",\"datePublished\":\"2026-01-23T13:48:49+00:00\",\"mainEntityOfPage\":{\"@id\":\"https:\/\/portaltela.pt\/noticias\/2026\/01\/23\/e-amadora-aposta-no-mercado-alemao-e-ve-a-3a-divisao-como-uma-das-melhores\/\"},\"wordCount\":381,\"image\":{\"@id\":\"https:\/\/portaltela.pt\/noticias\/2026\/01\/23\/e-amadora-aposta-no-mercado-alemao-e-ve-a-3a-divisao-como-uma-das-melhores\/#primaryimage\"},\"thumbnailUrl\":\"https:\/\/portaltela.pt\/s.01k8rhncp4jt1\/2026\/01\/img_920x518uu2025-12-21-01-04-13-2410550-1.jpg\",\"keywords\":[\"A Briosa\",\"Alemanha\",\"Estrela\",\"futebol\",\"futebol internacional\",\"transfer\u00eancias internacionais\"],\"articleSection\":[\"Desporto\",\"Futebol\"],\"inLanguage\":\"pt-PT\"},{\"@type\":\"WebPage\",\"@id\":\"https:\/\/portaltela.pt\/noticias\/2026\/01\/23\/e-amadora-aposta-no-mercado-alemao-e-ve-a-3a-divisao-como-uma-das-melhores\/\",\"url\":\"https:\/\/portaltela.pt\/noticias\/2026\/01\/23\/e-amadora-aposta-no-mercado-alemao-e-ve-a-3a-divisao-como-uma-das-melhores\/\",\"name\":\"E. Amadora aposta no mercado alem\u00e3o e v\u00ea a 3\u00aa divis\u00e3o como uma das melhores - Portal Tela Portugal\",\"isPartOf\":{\"@id\":\"https:\/\/portaltela.pt\/#website\"},\"primaryImageOfPage\":{\"@id\":\"https:\/\/portaltela.pt\/noticias\/2026\/01\/23\/e-amadora-aposta-no-mercado-alemao-e-ve-a-3a-divisao-como-uma-das-melhores\/#primaryimage\"},\"image\":{\"@id\":\"https:\/\/portaltela.pt\/noticias\/2026\/01\/23\/e-amadora-aposta-no-mercado-alemao-e-ve-a-3a-divisao-como-uma-das-melhores\/#primaryimage\"},\"thumbnailUrl\":\"https:\/\/portaltela.pt\/s.01k8rhncp4jt1\/2026\/01\/img_920x518uu2025-12-21-01-04-13-2410550-1.jpg\",\"datePublished\":\"2026-01-23T13:48:49+00:00\",\"author\":{\"@id\":\"https:\/\/portaltela.pt\/#\/schema\/person\/c4278d4a6028830caff9ee44b42d32ed\"},\"breadcrumb\":{\"@id\":\"https:\/\/portaltela.pt\/noticias\/2026\/01\/23\/e-amadora-aposta-no-mercado-alemao-e-ve-a-3a-divisao-como-uma-das-melhores\/#breadcrumb\"},\"inLanguage\":\"pt-PT\",\"potentialAction\":[{\"@type\":\"ReadAction\",\"target\":[\"https:\/\/portaltela.pt\/noticias\/2026\/01\/23\/e-amadora-aposta-no-mercado-alemao-e-ve-a-3a-divisao-como-uma-das-melhores\/\"]}]},{\"@type\":\"ImageObject\",\"inLanguage\":\"pt-PT\",\"@id\":\"https:\/\/portaltela.pt\/noticias\/2026\/01\/23\/e-amadora-aposta-no-mercado-alemao-e-ve-a-3a-divisao-como-uma-das-melhores\/#primaryimage\",\"url\":\"https:\/\/portaltela.pt\/s.01k8rhncp4jt1\/2026\/01\/img_920x518uu2025-12-21-01-04-13-2410550-1.jpg\",\"contentUrl\":\"https:\/\/portaltela.pt\/s.01k8rhncp4jt1\/2026\/01\/img_920x518uu2025-12-21-01-04-13-2410550-1.jpg\",\"width\":796,\"height\":448,\"caption\":\"Lopes Cabral veio da 3. Liga, brilhou na Reboleira e rumou ao Benfica... em apenas meia \u00e9poca\"},{\"@type\":\"BreadcrumbList\",\"@id\":\"https:\/\/portaltela.pt\/noticias\/2026\/01\/23\/e-amadora-aposta-no-mercado-alemao-e-ve-a-3a-divisao-como-uma-das-melhores\/#breadcrumb\",\"itemListElement\":[{\"@type\":\"ListItem\",\"position\":1,\"name\":\"In\u00edcio\",\"item\":\"https:\/\/portaltela.pt\/\"},{\"@type\":\"ListItem\",\"position\":2,\"name\":\"E. Amadora aposta no mercado alem\u00e3o e v\u00ea a 3\u00aa divis\u00e3o como uma das melhores\"}]},{\"@type\":\"WebSite\",\"@id\":\"https:\/\/portaltela.pt\/#website\",\"url\":\"https:\/\/portaltela.pt\/\",\"name\":\"Portal Tela Portugal\",\"description\":\"\",\"potentialAction\":[{\"@type\":\"SearchAction\",\"target\":{\"@type\":\"EntryPoint\",\"urlTemplate\":\"https:\/\/portaltela.pt\/?s={search_term_string}\"},\"query-input\":{\"@type\":\"PropertyValueSpecification\",\"valueRequired\":true,\"valueName\":\"search_term_string\"}}],\"inLanguage\":\"pt-PT\"},{\"@type\":\"Person\",\"@id\":\"https:\/\/portaltela.pt\/#\/schema\/person\/c4278d4a6028830caff9ee44b42d32ed\",\"name\":\"Telinha\",\"image\":{\"@type\":\"ImageObject\",\"inLanguage\":\"pt-PT\",\"@id\":\"https:\/\/portaltela.pt\/s.01k8rhncp4jt1\/2025\/11\/talking-bot-125x125.png\",\"url\":\"https:\/\/portaltela.pt\/s.01k8rhncp4jt1\/2025\/11\/talking-bot-125x125.png\",\"contentUrl\":\"https:\/\/portaltela.pt\/s.01k8rhncp4jt1\/2025\/11\/talking-bot-125x125.png\",\"caption\":\"Telinha\"},\"sameAs\":[\"https:\/\/portaltela.pt\/\"],\"url\":\"https:\/\/portaltela.pt\/por\/367410592786\/\"}]}<\/script>\n<!-- \/ Yoast SEO plugin. -->","yoast_head_json":{"title":"E. Amadora aposta no mercado alem\u00e3o e v\u00ea a 3\u00aa divis\u00e3o como uma das melhores - Portal Tela Portugal","robots":{"index":"index","follow":"follow","max-snippet":"max-snippet:-1","max-image-preview":"max-image-preview:large","max-video-preview":"max-video-preview:-1"},"og_locale":"pt_PT","og_type":"article","og_title":"E. Amadora aposta no mercado alem\u00e3o e v\u00ea a 3\u00aa divis\u00e3o como uma das melhores - Portal Tela Portugal","og_description":"O Estrela da Amadora tem apostado em mercados alternativos, incluindo a terceira divis\u00e3o alem\u00e3, para refor\u00e7ar o plantel. Lopes Cabral saiu do Viktoria K\u00f6ln e rumou \u00e0 Reboleira, terminando contrato antes de, meia \u00e9poca depois, ser transferido para o Benfica por seis milh\u00f5es de euros, com mais dois milh\u00f5es em vari\u00e1veis. O clube confirmou a chegada de Onuoha como refor\u00e7o. Tom Moustier tamb\u00e9m \u00e9 anunciado como refor\u00e7o do Estrela da Amadora. Guilherme Mont\u00f3ia deixa o Estrela da Amadora e assina pelo Jagiellonia Bialystok.","og_url":"https:\/\/portaltela.pt\/noticias\/2026\/01\/23\/e-amadora-aposta-no-mercado-alemao-e-ve-a-3a-divisao-como-uma-das-melhores\/","og_site_name":"Portal Tela Portugal","article_published_time":"2026-01-23T13:48:49+00:00","author":"Telinha","twitter_card":"summary_large_image","twitter_misc":{"Escrito por":"Telinha","Tempo estimado de leitura":"2 minutos"},"schema":{"@context":"https:\/\/schema.org","@graph":[{"@type":"Article","@id":"https:\/\/portaltela.pt\/noticias\/2026\/01\/23\/e-amadora-aposta-no-mercado-alemao-e-ve-a-3a-divisao-como-uma-das-melhores\/#article","isPartOf":{"@id":"https:\/\/portaltela.pt\/noticias\/2026\/01\/23\/e-amadora-aposta-no-mercado-alemao-e-ve-a-3a-divisao-como-uma-das-melhores\/"},"author":{"name":"Telinha","@id":"https:\/\/portaltela.pt\/#\/schema\/person\/c4278d4a6028830caff9ee44b42d32ed"},"headline":"E. Amadora aposta no mercado alem\u00e3o e v\u00ea a 3\u00aa divis\u00e3o como uma das melhores","datePublished":"2026-01-23T13:48:49+00:00","mainEntityOfPage":{"@id":"https:\/\/portaltela.pt\/noticias\/2026\/01\/23\/e-amadora-aposta-no-mercado-alemao-e-ve-a-3a-divisao-como-uma-das-melhores\/"},"wordCount":381,"image":{"@id":"https:\/\/portaltela.pt\/noticias\/2026\/01\/23\/e-amadora-aposta-no-mercado-alemao-e-ve-a-3a-divisao-como-uma-das-melhores\/#primaryimage"},"thumbnailUrl":"https:\/\/portaltela.pt\/s.01k8rhncp4jt1\/2026\/01\/img_920x518uu2025-12-21-01-04-13-2410550-1.jpg","keywords":["A Briosa","Alemanha","Estrela","futebol","futebol internacional","transfer\u00eancias internacionais"],"articleSection":["Desporto","Futebol"],"inLanguage":"pt-PT"},{"@type":"WebPage","@id":"https:\/\/portaltela.pt\/noticias\/2026\/01\/23\/e-amadora-aposta-no-mercado-alemao-e-ve-a-3a-divisao-como-uma-das-melhores\/","url":"https:\/\/portaltela.pt\/noticias\/2026\/01\/23\/e-amadora-aposta-no-mercado-alemao-e-ve-a-3a-divisao-como-uma-das-melhores\/","name":"E. Amadora aposta no mercado alem\u00e3o e v\u00ea a 3\u00aa divis\u00e3o como uma das melhores - Portal Tela Portugal","isPartOf":{"@id":"https:\/\/portaltela.pt\/#website"},"primaryImageOfPage":{"@id":"https:\/\/portaltela.pt\/noticias\/2026\/01\/23\/e-amadora-aposta-no-mercado-alemao-e-ve-a-3a-divisao-como-uma-das-melhores\/#primaryimage"},"image":{"@id":"https:\/\/portaltela.pt\/noticias\/2026\/01\/23\/e-amadora-aposta-no-mercado-alemao-e-ve-a-3a-divisao-como-uma-das-melhores\/#primaryimage"},"thumbnailUrl":"https:\/\/portaltela.pt\/s.01k8rhncp4jt1\/2026\/01\/img_920x518uu2025-12-21-01-04-13-2410550-1.jpg","datePublished":"2026-01-23T13:48:49+00:00","author":{"@id":"https:\/\/portaltela.pt\/#\/schema\/person\/c4278d4a6028830caff9ee44b42d32ed"},"breadcrumb":{"@id":"https:\/\/portaltela.pt\/noticias\/2026\/01\/23\/e-amadora-aposta-no-mercado-alemao-e-ve-a-3a-divisao-como-uma-das-melhores\/#breadcrumb"},"inLanguage":"pt-PT","potentialAction":[{"@type":"ReadAction","target":["https:\/\/portaltela.pt\/noticias\/2026\/01\/23\/e-amadora-aposta-no-mercado-alemao-e-ve-a-3a-divisao-como-uma-das-melhores\/"]}]},{"@type":"ImageObject","inLanguage":"pt-PT","@id":"https:\/\/portaltela.pt\/noticias\/2026\/01\/23\/e-amadora-aposta-no-mercado-alemao-e-ve-a-3a-divisao-como-uma-das-melhores\/#primaryimage","url":"https:\/\/portaltela.pt\/s.01k8rhncp4jt1\/2026\/01\/img_920x518uu2025-12-21-01-04-13-2410550-1.jpg","contentUrl":"https:\/\/portaltela.pt\/s.01k8rhncp4jt1\/2026\/01\/img_920x518uu2025-12-21-01-04-13-2410550-1.jpg","width":796,"height":448,"caption":"Lopes Cabral veio da 3. Liga, brilhou na Reboleira e rumou ao Benfica... em apenas meia \u00e9poca"},{"@type":"BreadcrumbList","@id":"https:\/\/portaltela.pt\/noticias\/2026\/01\/23\/e-amadora-aposta-no-mercado-alemao-e-ve-a-3a-divisao-como-uma-das-melhores\/#breadcrumb","itemListElement":[{"@type":"ListItem","position":1,"name":"In\u00edcio","item":"https:\/\/portaltela.pt\/"},{"@type":"ListItem","position":2,"name":"E. Amadora aposta no mercado alem\u00e3o e v\u00ea a 3\u00aa divis\u00e3o como uma das melhores"}]},{"@type":"WebSite","@id":"https:\/\/portaltela.pt\/#website","url":"https:\/\/portaltela.pt\/","name":"Portal Tela Portugal","description":"","potentialAction":[{"@type":"SearchAction","target":{"@type":"EntryPoint","urlTemplate":"https:\/\/portaltela.pt\/?s={search_term_string}"},"query-input":{"@type":"PropertyValueSpecification","valueRequired":true,"valueName":"search_term_string"}}],"inLanguage":"pt-PT"},{"@type":"Person","@id":"https:\/\/portaltela.pt\/#\/schema\/person\/c4278d4a6028830caff9ee44b42d32ed","name":"Telinha","image":{"@type":"ImageObject","inLanguage":"pt-PT","@id":"https:\/\/portaltela.pt\/s.01k8rhncp4jt1\/2025\/11\/talking-bot-125x125.png","url":"https:\/\/portaltela.pt\/s.01k8rhncp4jt1\/2025\/11\/talking-bot-125x125.png","contentUrl":"https:\/\/portaltela.pt\/s.01k8rhncp4jt1\/2025\/11\/talking-bot-125x125.png","caption":"Telinha"},"sameAs":["https:\/\/portaltela.pt\/"],"url":"https:\/\/portaltela.pt\/por\/367410592786\/"}]}},"_links":{"self":[{"href":"https:\/\/portaltela.pt\/api\/wp\/v2\/posts\/166977","targetHints":{"allow":["GET"]}}],"collection":[{"href":"https:\/\/portaltela.pt\/api\/wp\/v2\/posts"}],"about":[{"href":"https:\/\/portaltela.pt\/api\/wp\/v2\/types\/post"}],"author":[{"embeddable":true,"href":"https:\/\/portaltela.pt\/api\/wp\/v2\/users\/2"}],"replies":[{"embeddable":true,"href":"https:\/\/portaltela.pt\/api\/wp\/v2\/comments?post=166977"}],"version-history":[{"count":0,"href":"https:\/\/portaltela.pt\/api\/wp\/v2\/posts\/166977\/revisions"}],"wp:featuredmedia":[{"embeddable":true,"href":"https:\/\/portaltela.pt\/api\/wp\/v2\/media\/167009"}],"wp:attachment":[{"href":"https:\/\/portaltela.pt\/api\/wp\/v2\/media?parent=166977"}],"wp:term":[{"taxonomy":"category","embeddable":true,"href":"https:\/\/portaltela.pt\/api\/wp\/v2\/categories?post=166977"},{"taxonomy":"post_tag","embeddable":true,"href":"https:\/\/portaltela.pt\/api\/wp\/v2\/tags?post=166977"}],"curies":[{"name":"wp","href":"https:\/\/api.w.org\/{rel}","templated":true}]}}