{"id":166953,"date":"2026-01-23T10:34:00","date_gmt":"2026-01-23T13:34:00","guid":{"rendered":"https:\/\/portaltela.pt\/noticias\/2026\/01\/23\/queda-de-neve-corta-estrada-entre-cinfaes-e-castro-daire-em-viseu\/"},"modified":"2026-01-23T10:34:00","modified_gmt":"2026-01-23T13:34:00","slug":"queda-de-neve-corta-estrada-entre-cinfaes-e-castro-daire-em-viseu","status":"publish","type":"post","link":"https:\/\/portaltela.pt\/noticias\/2026\/01\/23\/queda-de-neve-corta-estrada-entre-cinfaes-e-castro-daire-em-viseu\/","title":{"rendered":"Queda de neve corta estrada entre Cinf\u00e3es e Castro Daire, em Viseu"},"content":{"rendered":"<p>A neve ca\u00edda levou ao encerramento de v\u00e1rias vias no distrito de Viseu, com a Estrada Nacional 321 a permanecer fechada ao tr\u00e2nsito desde o meio-dia de sexta-feira. A via, que liga Castro Daire a Cinf\u00e3es e atravessa a Serra de Montemuro, foi encerrada por motivos de seguran\u00e7a, confirmou a GNR.<\/p>\n<p>O mau tempo est\u00e1 a provocar constrangimentos significativos na circula\u00e7\u00e3o em Castro Daire, Cinf\u00e3es, Resende e S\u00e3o Pedro do Sul, segundo o Comando Territorial de Viseu. Al\u00e9m da EN321, tamb\u00e9m a Estrada Regional 326, entre Landeira e Santa Cruz da Trapa, no concelho de S\u00e3o Pedro do Sul, est\u00e1 interrompida.<\/p>\n<h3>Concelhos e vias afetadas<\/h3>\n<p>Em Cinf\u00e3es, cortadas permanecem as estradas municipais 1035 (Vilar do Peso a Ervilhais) e 1030 (Gralheira a Vila Boa de Baixo). No concelho de Resende, a Estrada Municipal 553 (Feir\u00e3o a Felgueiras) est\u00e1 intransit\u00e1vel, refletindo o impacto do nevoeiro e da queda de neve.<\/p>\n<p>A GNR alerta que a intensidade da precipita\u00e7\u00e3o pode deixar outras vias secund\u00e1rias igualmente cortadas, apelando \u00e0 prud\u00eancia e \u00e0 redu\u00e7\u00e3o de desloca\u00e7\u00f5es ao estritamente necess\u00e1rio. N\u00e3o h\u00e1 informa\u00e7\u00f5es sobre feridos nem sobre pris\u00f5es associadas ao epis\u00f3dio.<\/p>\n<p>Esta atualiza\u00e7\u00e3o deve ser utilizada como refer\u00eancia para viajantes que planeiam desloca\u00e7\u00f5es na regi\u00e3o, com as autoridades a incentivar o uso de rotas alternativas e o acompanhamento de condi\u00e7\u00f5es meteorol\u00f3gicas.<\/p>\n","protected":false},"excerpt":{"rendered":"<ul>\n<li>A neve levou ao encerramento de v\u00e1rias estradas no distrito de Viseu, com a Estrada Nacional 321 (EN 321) cortada ao tr\u00e2nsito desde o meio\u2011dia de sexta\u2011feira, por motivos de seguran\u00e7a.<\/li>\n<li>A EN 321 liga Castro Daire a Cinf\u00e3es e atravessa a Serra de Montemuro, sendo o encerramento confirmado pela GNR.<\/li>\n<li>Tamb\u00e9m ficou interrompida a circula\u00e7\u00e3o na Estrada Regional 326 (ER 326), entre Landeira e Santa Cruz da Trapa, no concelho de S\u00e3o Pedro do Sul.<\/li>\n<li>Em Cinf\u00e3es, est\u00e3o cortadas as estradas municipais 1035 (Vilar do Peso a Ervilhais) e 1030 (Gralheira a Vila Boa de Baixo).<\/li>\n<li>Em Resende, a Estrada Municipal 553 (Feir\u00e3o a Felgueiras) est\u00e1 intransit\u00e1vel; a GNR alerta para poss\u00edveis cortes em vias secund\u00e1rias e pede prud\u00eancia.<\/li>\n<\/ul>\n","protected":false},"author":2,"featured_media":166980,"comment_status":"closed","ping_status":"closed","sticky":false,"template":"","format":"standard","meta":{"footnotes":""},"categories":[1],"tags":[2731,1083,1662,1372,363,1171],"class_list":["post-166953","post","type-post","status-publish","format-standard","has-post-thumbnail","hentry","category-noticias","tag-cinfaes","tag-estradas","tag-montemuro","tag-resende","tag-transportes","tag-viseu"],"yoast_head":"<!-- This site is optimized with the Yoast SEO plugin v27.2 - https:\/\/yoast.com\/product\/yoast-seo-wordpress\/ -->\n<title>Queda de neve corta estrada entre Cinf\u00e3es e Castro Daire, em Viseu - Portal Tela Portugal<\/title>\n<meta name=\"robots\" content=\"index, follow, max-snippet:-1, max-image-preview:large, max-video-preview:-1\" \/>\n<meta property=\"og:locale\" content=\"pt_PT\" \/>\n<meta property=\"og:type\" content=\"article\" \/>\n<meta property=\"og:title\" content=\"Queda de neve corta estrada entre Cinf\u00e3es e Castro Daire, em Viseu - Portal Tela Portugal\" \/>\n<meta property=\"og:description\" content=\"A neve levou ao encerramento de v\u00e1rias estradas no distrito de Viseu, com a Estrada Nacional 321 (EN 321) cortada ao tr\u00e2nsito desde o meio\u2011dia de sexta\u2011feira, por motivos de seguran\u00e7a. A EN 321 liga Castro Daire a Cinf\u00e3es e atravessa a Serra de Montemuro, sendo o encerramento confirmado pela GNR. Tamb\u00e9m ficou interrompida a circula\u00e7\u00e3o na Estrada Regional 326 (ER 326), entre Landeira e Santa Cruz da Trapa, no concelho de S\u00e3o Pedro do Sul. Em Cinf\u00e3es, est\u00e3o cortadas as estradas municipais 1035 (Vilar do Peso a Ervilhais) e 1030 (Gralheira a Vila Boa de Baixo). Em Resende, a Estrada Municipal 553 (Feir\u00e3o a Felgueiras) est\u00e1 intransit\u00e1vel; a GNR alerta para poss\u00edveis cortes em vias secund\u00e1rias e pede prud\u00eancia.\" \/>\n<meta property=\"og:url\" content=\"https:\/\/portaltela.pt\/noticias\/2026\/01\/23\/queda-de-neve-corta-estrada-entre-cinfaes-e-castro-daire-em-viseu\/\" \/>\n<meta property=\"og:site_name\" content=\"Portal Tela Portugal\" \/>\n<meta property=\"article:published_time\" content=\"2026-01-23T13:34:00+00:00\" \/>\n<meta name=\"author\" content=\"Telinha\" \/>\n<meta name=\"twitter:card\" content=\"summary_large_image\" \/>\n<meta name=\"twitter:label1\" content=\"Escrito por\" \/>\n\t<meta name=\"twitter:data1\" content=\"Telinha\" \/>\n\t<meta name=\"twitter:label2\" content=\"Tempo estimado de leitura\" \/>\n\t<meta name=\"twitter:data2\" content=\"1 minuto\" \/>\n<script type=\"application\/ld+json\" class=\"yoast-schema-graph\">{\"@context\":\"https:\/\/schema.org\",\"@graph\":[{\"@type\":\"Article\",\"@id\":\"https:\/\/portaltela.pt\/noticias\/2026\/01\/23\/queda-de-neve-corta-estrada-entre-cinfaes-e-castro-daire-em-viseu\/#article\",\"isPartOf\":{\"@id\":\"https:\/\/portaltela.pt\/noticias\/2026\/01\/23\/queda-de-neve-corta-estrada-entre-cinfaes-e-castro-daire-em-viseu\/\"},\"author\":{\"name\":\"Telinha\",\"@id\":\"https:\/\/portaltela.pt\/#\/schema\/person\/c4278d4a6028830caff9ee44b42d32ed\"},\"headline\":\"Queda de neve corta estrada entre Cinf\u00e3es e Castro Daire, em Viseu\",\"datePublished\":\"2026-01-23T13:34:00+00:00\",\"mainEntityOfPage\":{\"@id\":\"https:\/\/portaltela.pt\/noticias\/2026\/01\/23\/queda-de-neve-corta-estrada-entre-cinfaes-e-castro-daire-em-viseu\/\"},\"wordCount\":252,\"image\":{\"@id\":\"https:\/\/portaltela.pt\/noticias\/2026\/01\/23\/queda-de-neve-corta-estrada-entre-cinfaes-e-castro-daire-em-viseu\/#primaryimage\"},\"thumbnailUrl\":\"https:\/\/portaltela.pt\/s.01k8rhncp4jt1\/2026\/01\/neve-cm-cinfaes.jpg\",\"keywords\":[\"Cinf\u00e3es\",\"estradas\",\"Montemuro\",\"Resende\",\"transportes\",\"Viseu\"],\"articleSection\":[\"Not\u00edcias\"],\"inLanguage\":\"pt-PT\"},{\"@type\":\"WebPage\",\"@id\":\"https:\/\/portaltela.pt\/noticias\/2026\/01\/23\/queda-de-neve-corta-estrada-entre-cinfaes-e-castro-daire-em-viseu\/\",\"url\":\"https:\/\/portaltela.pt\/noticias\/2026\/01\/23\/queda-de-neve-corta-estrada-entre-cinfaes-e-castro-daire-em-viseu\/\",\"name\":\"Queda de neve corta estrada entre Cinf\u00e3es e Castro Daire, em Viseu - Portal Tela Portugal\",\"isPartOf\":{\"@id\":\"https:\/\/portaltela.pt\/#website\"},\"primaryImageOfPage\":{\"@id\":\"https:\/\/portaltela.pt\/noticias\/2026\/01\/23\/queda-de-neve-corta-estrada-entre-cinfaes-e-castro-daire-em-viseu\/#primaryimage\"},\"image\":{\"@id\":\"https:\/\/portaltela.pt\/noticias\/2026\/01\/23\/queda-de-neve-corta-estrada-entre-cinfaes-e-castro-daire-em-viseu\/#primaryimage\"},\"thumbnailUrl\":\"https:\/\/portaltela.pt\/s.01k8rhncp4jt1\/2026\/01\/neve-cm-cinfaes.jpg\",\"datePublished\":\"2026-01-23T13:34:00+00:00\",\"author\":{\"@id\":\"https:\/\/portaltela.pt\/#\/schema\/person\/c4278d4a6028830caff9ee44b42d32ed\"},\"breadcrumb\":{\"@id\":\"https:\/\/portaltela.pt\/noticias\/2026\/01\/23\/queda-de-neve-corta-estrada-entre-cinfaes-e-castro-daire-em-viseu\/#breadcrumb\"},\"inLanguage\":\"pt-PT\",\"potentialAction\":[{\"@type\":\"ReadAction\",\"target\":[\"https:\/\/portaltela.pt\/noticias\/2026\/01\/23\/queda-de-neve-corta-estrada-entre-cinfaes-e-castro-daire-em-viseu\/\"]}]},{\"@type\":\"ImageObject\",\"inLanguage\":\"pt-PT\",\"@id\":\"https:\/\/portaltela.pt\/noticias\/2026\/01\/23\/queda-de-neve-corta-estrada-entre-cinfaes-e-castro-daire-em-viseu\/#primaryimage\",\"url\":\"https:\/\/portaltela.pt\/s.01k8rhncp4jt1\/2026\/01\/neve-cm-cinfaes.jpg\",\"contentUrl\":\"https:\/\/portaltela.pt\/s.01k8rhncp4jt1\/2026\/01\/neve-cm-cinfaes.jpg\",\"width\":796,\"height\":448,\"caption\":\"Viseu: Queda de neve obrigou ao corte da estrada entre Cinf\u00e3es e Castro Daire\"},{\"@type\":\"BreadcrumbList\",\"@id\":\"https:\/\/portaltela.pt\/noticias\/2026\/01\/23\/queda-de-neve-corta-estrada-entre-cinfaes-e-castro-daire-em-viseu\/#breadcrumb\",\"itemListElement\":[{\"@type\":\"ListItem\",\"position\":1,\"name\":\"In\u00edcio\",\"item\":\"https:\/\/portaltela.pt\/\"},{\"@type\":\"ListItem\",\"position\":2,\"name\":\"Queda de neve corta estrada entre Cinf\u00e3es e Castro Daire, em Viseu\"}]},{\"@type\":\"WebSite\",\"@id\":\"https:\/\/portaltela.pt\/#website\",\"url\":\"https:\/\/portaltela.pt\/\",\"name\":\"Portal Tela Portugal\",\"description\":\"\",\"potentialAction\":[{\"@type\":\"SearchAction\",\"target\":{\"@type\":\"EntryPoint\",\"urlTemplate\":\"https:\/\/portaltela.pt\/?s={search_term_string}\"},\"query-input\":{\"@type\":\"PropertyValueSpecification\",\"valueRequired\":true,\"valueName\":\"search_term_string\"}}],\"inLanguage\":\"pt-PT\"},{\"@type\":\"Person\",\"@id\":\"https:\/\/portaltela.pt\/#\/schema\/person\/c4278d4a6028830caff9ee44b42d32ed\",\"name\":\"Telinha\",\"image\":{\"@type\":\"ImageObject\",\"inLanguage\":\"pt-PT\",\"@id\":\"https:\/\/portaltela.pt\/s.01k8rhncp4jt1\/2025\/11\/talking-bot-125x125.png\",\"url\":\"https:\/\/portaltela.pt\/s.01k8rhncp4jt1\/2025\/11\/talking-bot-125x125.png\",\"contentUrl\":\"https:\/\/portaltela.pt\/s.01k8rhncp4jt1\/2025\/11\/talking-bot-125x125.png\",\"caption\":\"Telinha\"},\"sameAs\":[\"https:\/\/portaltela.pt\/\"],\"url\":\"https:\/\/portaltela.pt\/por\/367410592786\/\"}]}<\/script>\n<!-- \/ Yoast SEO plugin. -->","yoast_head_json":{"title":"Queda de neve corta estrada entre Cinf\u00e3es e Castro Daire, em Viseu - Portal Tela Portugal","robots":{"index":"index","follow":"follow","max-snippet":"max-snippet:-1","max-image-preview":"max-image-preview:large","max-video-preview":"max-video-preview:-1"},"og_locale":"pt_PT","og_type":"article","og_title":"Queda de neve corta estrada entre Cinf\u00e3es e Castro Daire, em Viseu - Portal Tela Portugal","og_description":"A neve levou ao encerramento de v\u00e1rias estradas no distrito de Viseu, com a Estrada Nacional 321 (EN 321) cortada ao tr\u00e2nsito desde o meio\u2011dia de sexta\u2011feira, por motivos de seguran\u00e7a. A EN 321 liga Castro Daire a Cinf\u00e3es e atravessa a Serra de Montemuro, sendo o encerramento confirmado pela GNR. Tamb\u00e9m ficou interrompida a circula\u00e7\u00e3o na Estrada Regional 326 (ER 326), entre Landeira e Santa Cruz da Trapa, no concelho de S\u00e3o Pedro do Sul. Em Cinf\u00e3es, est\u00e3o cortadas as estradas municipais 1035 (Vilar do Peso a Ervilhais) e 1030 (Gralheira a Vila Boa de Baixo). Em Resende, a Estrada Municipal 553 (Feir\u00e3o a Felgueiras) est\u00e1 intransit\u00e1vel; a GNR alerta para poss\u00edveis cortes em vias secund\u00e1rias e pede prud\u00eancia.","og_url":"https:\/\/portaltela.pt\/noticias\/2026\/01\/23\/queda-de-neve-corta-estrada-entre-cinfaes-e-castro-daire-em-viseu\/","og_site_name":"Portal Tela Portugal","article_published_time":"2026-01-23T13:34:00+00:00","author":"Telinha","twitter_card":"summary_large_image","twitter_misc":{"Escrito por":"Telinha","Tempo estimado de leitura":"1 minuto"},"schema":{"@context":"https:\/\/schema.org","@graph":[{"@type":"Article","@id":"https:\/\/portaltela.pt\/noticias\/2026\/01\/23\/queda-de-neve-corta-estrada-entre-cinfaes-e-castro-daire-em-viseu\/#article","isPartOf":{"@id":"https:\/\/portaltela.pt\/noticias\/2026\/01\/23\/queda-de-neve-corta-estrada-entre-cinfaes-e-castro-daire-em-viseu\/"},"author":{"name":"Telinha","@id":"https:\/\/portaltela.pt\/#\/schema\/person\/c4278d4a6028830caff9ee44b42d32ed"},"headline":"Queda de neve corta estrada entre Cinf\u00e3es e Castro Daire, em Viseu","datePublished":"2026-01-23T13:34:00+00:00","mainEntityOfPage":{"@id":"https:\/\/portaltela.pt\/noticias\/2026\/01\/23\/queda-de-neve-corta-estrada-entre-cinfaes-e-castro-daire-em-viseu\/"},"wordCount":252,"image":{"@id":"https:\/\/portaltela.pt\/noticias\/2026\/01\/23\/queda-de-neve-corta-estrada-entre-cinfaes-e-castro-daire-em-viseu\/#primaryimage"},"thumbnailUrl":"https:\/\/portaltela.pt\/s.01k8rhncp4jt1\/2026\/01\/neve-cm-cinfaes.jpg","keywords":["Cinf\u00e3es","estradas","Montemuro","Resende","transportes","Viseu"],"articleSection":["Not\u00edcias"],"inLanguage":"pt-PT"},{"@type":"WebPage","@id":"https:\/\/portaltela.pt\/noticias\/2026\/01\/23\/queda-de-neve-corta-estrada-entre-cinfaes-e-castro-daire-em-viseu\/","url":"https:\/\/portaltela.pt\/noticias\/2026\/01\/23\/queda-de-neve-corta-estrada-entre-cinfaes-e-castro-daire-em-viseu\/","name":"Queda de neve corta estrada entre Cinf\u00e3es e Castro Daire, em Viseu - Portal Tela Portugal","isPartOf":{"@id":"https:\/\/portaltela.pt\/#website"},"primaryImageOfPage":{"@id":"https:\/\/portaltela.pt\/noticias\/2026\/01\/23\/queda-de-neve-corta-estrada-entre-cinfaes-e-castro-daire-em-viseu\/#primaryimage"},"image":{"@id":"https:\/\/portaltela.pt\/noticias\/2026\/01\/23\/queda-de-neve-corta-estrada-entre-cinfaes-e-castro-daire-em-viseu\/#primaryimage"},"thumbnailUrl":"https:\/\/portaltela.pt\/s.01k8rhncp4jt1\/2026\/01\/neve-cm-cinfaes.jpg","datePublished":"2026-01-23T13:34:00+00:00","author":{"@id":"https:\/\/portaltela.pt\/#\/schema\/person\/c4278d4a6028830caff9ee44b42d32ed"},"breadcrumb":{"@id":"https:\/\/portaltela.pt\/noticias\/2026\/01\/23\/queda-de-neve-corta-estrada-entre-cinfaes-e-castro-daire-em-viseu\/#breadcrumb"},"inLanguage":"pt-PT","potentialAction":[{"@type":"ReadAction","target":["https:\/\/portaltela.pt\/noticias\/2026\/01\/23\/queda-de-neve-corta-estrada-entre-cinfaes-e-castro-daire-em-viseu\/"]}]},{"@type":"ImageObject","inLanguage":"pt-PT","@id":"https:\/\/portaltela.pt\/noticias\/2026\/01\/23\/queda-de-neve-corta-estrada-entre-cinfaes-e-castro-daire-em-viseu\/#primaryimage","url":"https:\/\/portaltela.pt\/s.01k8rhncp4jt1\/2026\/01\/neve-cm-cinfaes.jpg","contentUrl":"https:\/\/portaltela.pt\/s.01k8rhncp4jt1\/2026\/01\/neve-cm-cinfaes.jpg","width":796,"height":448,"caption":"Viseu: Queda de neve obrigou ao corte da estrada entre Cinf\u00e3es e Castro Daire"},{"@type":"BreadcrumbList","@id":"https:\/\/portaltela.pt\/noticias\/2026\/01\/23\/queda-de-neve-corta-estrada-entre-cinfaes-e-castro-daire-em-viseu\/#breadcrumb","itemListElement":[{"@type":"ListItem","position":1,"name":"In\u00edcio","item":"https:\/\/portaltela.pt\/"},{"@type":"ListItem","position":2,"name":"Queda de neve corta estrada entre Cinf\u00e3es e Castro Daire, em Viseu"}]},{"@type":"WebSite","@id":"https:\/\/portaltela.pt\/#website","url":"https:\/\/portaltela.pt\/","name":"Portal Tela Portugal","description":"","potentialAction":[{"@type":"SearchAction","target":{"@type":"EntryPoint","urlTemplate":"https:\/\/portaltela.pt\/?s={search_term_string}"},"query-input":{"@type":"PropertyValueSpecification","valueRequired":true,"valueName":"search_term_string"}}],"inLanguage":"pt-PT"},{"@type":"Person","@id":"https:\/\/portaltela.pt\/#\/schema\/person\/c4278d4a6028830caff9ee44b42d32ed","name":"Telinha","image":{"@type":"ImageObject","inLanguage":"pt-PT","@id":"https:\/\/portaltela.pt\/s.01k8rhncp4jt1\/2025\/11\/talking-bot-125x125.png","url":"https:\/\/portaltela.pt\/s.01k8rhncp4jt1\/2025\/11\/talking-bot-125x125.png","contentUrl":"https:\/\/portaltela.pt\/s.01k8rhncp4jt1\/2025\/11\/talking-bot-125x125.png","caption":"Telinha"},"sameAs":["https:\/\/portaltela.pt\/"],"url":"https:\/\/portaltela.pt\/por\/367410592786\/"}]}},"_links":{"self":[{"href":"https:\/\/portaltela.pt\/api\/wp\/v2\/posts\/166953","targetHints":{"allow":["GET"]}}],"collection":[{"href":"https:\/\/portaltela.pt\/api\/wp\/v2\/posts"}],"about":[{"href":"https:\/\/portaltela.pt\/api\/wp\/v2\/types\/post"}],"author":[{"embeddable":true,"href":"https:\/\/portaltela.pt\/api\/wp\/v2\/users\/2"}],"replies":[{"embeddable":true,"href":"https:\/\/portaltela.pt\/api\/wp\/v2\/comments?post=166953"}],"version-history":[{"count":0,"href":"https:\/\/portaltela.pt\/api\/wp\/v2\/posts\/166953\/revisions"}],"wp:featuredmedia":[{"embeddable":true,"href":"https:\/\/portaltela.pt\/api\/wp\/v2\/media\/166980"}],"wp:attachment":[{"href":"https:\/\/portaltela.pt\/api\/wp\/v2\/media?parent=166953"}],"wp:term":[{"taxonomy":"category","embeddable":true,"href":"https:\/\/portaltela.pt\/api\/wp\/v2\/categories?post=166953"},{"taxonomy":"post_tag","embeddable":true,"href":"https:\/\/portaltela.pt\/api\/wp\/v2\/tags?post=166953"}],"curies":[{"name":"wp","href":"https:\/\/api.w.org\/{rel}","templated":true}]}}