{"id":166950,"date":"2026-01-23T10:44:29","date_gmt":"2026-01-23T13:44:29","guid":{"rendered":"https:\/\/portaltela.pt\/noticias\/2026\/01\/23\/arbeloa-comenta-suposta-farpa-de-mourinho-ao-real-madrid\/"},"modified":"2026-01-23T10:44:29","modified_gmt":"2026-01-23T13:44:29","slug":"arbeloa-comenta-suposta-farpa-de-mourinho-ao-real-madrid","status":"publish","type":"post","link":"https:\/\/portaltela.pt\/desporto\/futebol\/2026\/01\/23\/arbeloa-comenta-suposta-farpa-de-mourinho-ao-real-madrid\/","title":{"rendered":"Arbeloa comenta suposta farpa de Mourinho ao Real Madrid"},"content":{"rendered":"<p>O Real Madrid foi not\u00edcia por declara\u00e7\u00f5es p\u00fablicas e respostas de \u00c1lvaro Arbeloa, atual t\u00e9cnico da equipa. Mourinho, treinador do Benfica, afirmou antes do duelo com a Juventus que se surpreende quando um treinador sem hist\u00f3ria treina grandes clubes. Arbeloa reagiu, referindo que conhece bem a posi\u00e7\u00e3o de Mourinho e observa com aten\u00e7\u00e3o as palavras do colega.<\/p>\n<p>O antigo defesa explicou que o que interessa \u00e9 ouvir treinadores com experi\u00eancia e analisar o valor das suas trajet\u00f3rias. Sobre o seu pr\u00f3prio papel, admitiu que, ao entrar pela primeira vez no est\u00e1dio como treinador, sentiu o peso da hist\u00f3ria do Real Madrid. Nas cr\u00edticas recebidas, disse manter-se tranquilo e focado no trabalho com os jogadores.<\/p>\n<h3>Mercado de transfer\u00eancias e o futuro de Vin\u00edcius<\/h3>\n<p>Arbeloa alinhou-se com a dire\u00e7\u00e3o do clube ao afastar contrata\u00e7\u00f5es em janeiro, mostrando confian\u00e7a no plantel atual e na forma\u00e7\u00e3o. O objetivo \u00e9 explorar ao m\u00e1ximo as op\u00e7\u00f5es existentes e agir apenas se houver necessidade comprovada.<\/p>\n<h3>Vin\u00edcius J\u00fanior e o foco no desempenho<\/h3>\n<p>Sobre a renova\u00e7\u00e3o de Vin\u00edcius J\u00fanior, o treinador destacou que esse tema n\u00e3o compete ao corpo t\u00e9cnico, cabendo ao clube e ao jogador. O objetivo \u00e9 manter o atacante a evoluir e a contribuir para a equipa.<\/p>\n<h3>Elogios a Bellingham e Brahim<\/h3>\n<p>O t\u00e9cnico elogiou Jude Bellingham pela lideran\u00e7a, personalidade e esfor\u00e7o demonstrados recentemente, destacando que o jogador re\u00fane o perfil desejado no Real Madrid. Sobre Brahim D\u00edaz, destacou a maturidade e a utilidade que tem vindo a mostrar, sublinhando a vontade de ajudar.<\/p>\n","protected":false},"excerpt":{"rendered":"<ul>\n<li>\u00c1lvaro Arbeloa, treinador do Real Madrid, comentou as palavras de Jos\u00e9 Mourinho sobre treinadores com hist\u00f3ria, sem mencionar nomes.<\/li>\n<li>Mourinho disse ficar surpreso quando treinadores sem hist\u00f3ria chegam aos maiores clubes; citou exemplos como Allegri, Spalletti e Gasperini.<\/li>\n<li>Arbeloa afirmou que ouve Mourinho e analisa, e explicou ter sentido o peso da hist\u00f3ria do clube ao visitar as Ta\u00e7as dos Campe\u00f5es, mantendo-se tranquilo e focado no trabalho.<\/li>\n<li>O t\u00e9cnico garantiu que n\u00e3o pretende refor\u00e7ar o plantel em janeiro, confiando na equipa atual e na forma\u00e7\u00e3o, e disse que a renova\u00e7\u00e3o de Vin\u00edcius J\u00fanior \u00e9 assunto entre o clube e o jogador.<\/li>\n<li>Elogiou Jude Bellingham pela lideran\u00e7a e pelo esfor\u00e7o recente, e valorizou Brahim D\u00edaz, destacando a maturidade e a vontade de ajudar.<\/li>\n<\/ul>\n","protected":false},"author":2,"featured_media":166954,"comment_status":"closed","ping_status":"closed","sticky":false,"template":"","format":"standard","meta":{"footnotes":""},"categories":[21,24],"tags":[2960,3245,2997,2714,2050,2265],"class_list":["post-166950","post","type-post","status-publish","format-standard","has-post-thumbnail","hentry","category-desporto","category-futebol","tag-arbeloa","tag-bellingham","tag-brahim-diaz","tag-real-madrid","tag-transferencias","tag-vinicius-junior"],"yoast_head":"<!-- This site is optimized with the Yoast SEO plugin v27.2 - https:\/\/yoast.com\/product\/yoast-seo-wordpress\/ -->\n<title>Arbeloa comenta suposta farpa de Mourinho ao Real Madrid - Portal Tela Portugal<\/title>\n<meta name=\"robots\" content=\"index, follow, max-snippet:-1, max-image-preview:large, max-video-preview:-1\" \/>\n<meta property=\"og:locale\" content=\"pt_PT\" \/>\n<meta property=\"og:type\" content=\"article\" \/>\n<meta property=\"og:title\" content=\"Arbeloa comenta suposta farpa de Mourinho ao Real Madrid - Portal Tela Portugal\" \/>\n<meta property=\"og:description\" content=\"\u00c1lvaro Arbeloa, treinador do Real Madrid, comentou as palavras de Jos\u00e9 Mourinho sobre treinadores com hist\u00f3ria, sem mencionar nomes. Mourinho disse ficar surpreso quando treinadores sem hist\u00f3ria chegam aos maiores clubes; citou exemplos como Allegri, Spalletti e Gasperini. Arbeloa afirmou que ouve Mourinho e analisa, e explicou ter sentido o peso da hist\u00f3ria do clube ao visitar as Ta\u00e7as dos Campe\u00f5es, mantendo-se tranquilo e focado no trabalho. O t\u00e9cnico garantiu que n\u00e3o pretende refor\u00e7ar o plantel em janeiro, confiando na equipa atual e na forma\u00e7\u00e3o, e disse que a renova\u00e7\u00e3o de Vin\u00edcius J\u00fanior \u00e9 assunto entre o clube e o jogador. Elogiou Jude Bellingham pela lideran\u00e7a e pelo esfor\u00e7o recente, e valorizou Brahim D\u00edaz, destacando a maturidade e a vontade de ajudar.\" \/>\n<meta property=\"og:url\" content=\"https:\/\/portaltela.pt\/noticias\/2026\/01\/23\/arbeloa-comenta-suposta-farpa-de-mourinho-ao-real-madrid\/\" \/>\n<meta property=\"og:site_name\" content=\"Portal Tela Portugal\" \/>\n<meta property=\"article:published_time\" content=\"2026-01-23T13:44:29+00:00\" \/>\n<meta name=\"author\" content=\"Telinha\" \/>\n<meta name=\"twitter:card\" content=\"summary_large_image\" \/>\n<meta name=\"twitter:label1\" content=\"Escrito por\" \/>\n\t<meta name=\"twitter:data1\" content=\"Telinha\" \/>\n\t<meta name=\"twitter:label2\" content=\"Tempo estimado de leitura\" \/>\n\t<meta name=\"twitter:data2\" content=\"1 minuto\" \/>\n<script type=\"application\/ld+json\" class=\"yoast-schema-graph\">{\"@context\":\"https:\/\/schema.org\",\"@graph\":[{\"@type\":\"Article\",\"@id\":\"https:\/\/portaltela.pt\/noticias\/2026\/01\/23\/arbeloa-comenta-suposta-farpa-de-mourinho-ao-real-madrid\/#article\",\"isPartOf\":{\"@id\":\"https:\/\/portaltela.pt\/noticias\/2026\/01\/23\/arbeloa-comenta-suposta-farpa-de-mourinho-ao-real-madrid\/\"},\"author\":{\"name\":\"Telinha\",\"@id\":\"https:\/\/portaltela.pt\/#\/schema\/person\/c4278d4a6028830caff9ee44b42d32ed\"},\"headline\":\"Arbeloa comenta suposta farpa de Mourinho ao Real Madrid\",\"datePublished\":\"2026-01-23T13:44:29+00:00\",\"mainEntityOfPage\":{\"@id\":\"https:\/\/portaltela.pt\/noticias\/2026\/01\/23\/arbeloa-comenta-suposta-farpa-de-mourinho-ao-real-madrid\/\"},\"wordCount\":288,\"image\":{\"@id\":\"https:\/\/portaltela.pt\/noticias\/2026\/01\/23\/arbeloa-comenta-suposta-farpa-de-mourinho-ao-real-madrid\/#primaryimage\"},\"thumbnailUrl\":\"https:\/\/portaltela.pt\/s.01k8rhncp4jt1\/2026\/01\/ee696fc0-6cf0-4a28-bd71-c983fe08a3ad.jpg\",\"keywords\":[\"Arbeloa\",\"Bellingham\",\"Brahim D\u00edaz\",\"Real Madrid\",\"transfer\u00eancias\",\"Vin\u00edcius J\u00fanior\"],\"articleSection\":[\"Desporto\",\"Futebol\"],\"inLanguage\":\"pt-PT\"},{\"@type\":\"WebPage\",\"@id\":\"https:\/\/portaltela.pt\/noticias\/2026\/01\/23\/arbeloa-comenta-suposta-farpa-de-mourinho-ao-real-madrid\/\",\"url\":\"https:\/\/portaltela.pt\/noticias\/2026\/01\/23\/arbeloa-comenta-suposta-farpa-de-mourinho-ao-real-madrid\/\",\"name\":\"Arbeloa comenta suposta farpa de Mourinho ao Real Madrid - Portal Tela Portugal\",\"isPartOf\":{\"@id\":\"https:\/\/portaltela.pt\/#website\"},\"primaryImageOfPage\":{\"@id\":\"https:\/\/portaltela.pt\/noticias\/2026\/01\/23\/arbeloa-comenta-suposta-farpa-de-mourinho-ao-real-madrid\/#primaryimage\"},\"image\":{\"@id\":\"https:\/\/portaltela.pt\/noticias\/2026\/01\/23\/arbeloa-comenta-suposta-farpa-de-mourinho-ao-real-madrid\/#primaryimage\"},\"thumbnailUrl\":\"https:\/\/portaltela.pt\/s.01k8rhncp4jt1\/2026\/01\/ee696fc0-6cf0-4a28-bd71-c983fe08a3ad.jpg\",\"datePublished\":\"2026-01-23T13:44:29+00:00\",\"author\":{\"@id\":\"https:\/\/portaltela.pt\/#\/schema\/person\/c4278d4a6028830caff9ee44b42d32ed\"},\"breadcrumb\":{\"@id\":\"https:\/\/portaltela.pt\/noticias\/2026\/01\/23\/arbeloa-comenta-suposta-farpa-de-mourinho-ao-real-madrid\/#breadcrumb\"},\"inLanguage\":\"pt-PT\",\"potentialAction\":[{\"@type\":\"ReadAction\",\"target\":[\"https:\/\/portaltela.pt\/noticias\/2026\/01\/23\/arbeloa-comenta-suposta-farpa-de-mourinho-ao-real-madrid\/\"]}]},{\"@type\":\"ImageObject\",\"inLanguage\":\"pt-PT\",\"@id\":\"https:\/\/portaltela.pt\/noticias\/2026\/01\/23\/arbeloa-comenta-suposta-farpa-de-mourinho-ao-real-madrid\/#primaryimage\",\"url\":\"https:\/\/portaltela.pt\/s.01k8rhncp4jt1\/2026\/01\/ee696fc0-6cf0-4a28-bd71-c983fe08a3ad.jpg\",\"contentUrl\":\"https:\/\/portaltela.pt\/s.01k8rhncp4jt1\/2026\/01\/ee696fc0-6cf0-4a28-bd71-c983fe08a3ad.jpg\",\"width\":796,\"height\":448,\"caption\":\"Arbeloa - Foto: IMAGO\"},{\"@type\":\"BreadcrumbList\",\"@id\":\"https:\/\/portaltela.pt\/noticias\/2026\/01\/23\/arbeloa-comenta-suposta-farpa-de-mourinho-ao-real-madrid\/#breadcrumb\",\"itemListElement\":[{\"@type\":\"ListItem\",\"position\":1,\"name\":\"In\u00edcio\",\"item\":\"https:\/\/portaltela.pt\/\"},{\"@type\":\"ListItem\",\"position\":2,\"name\":\"Arbeloa comenta suposta farpa de Mourinho ao Real Madrid\"}]},{\"@type\":\"WebSite\",\"@id\":\"https:\/\/portaltela.pt\/#website\",\"url\":\"https:\/\/portaltela.pt\/\",\"name\":\"Portal Tela Portugal\",\"description\":\"\",\"potentialAction\":[{\"@type\":\"SearchAction\",\"target\":{\"@type\":\"EntryPoint\",\"urlTemplate\":\"https:\/\/portaltela.pt\/?s={search_term_string}\"},\"query-input\":{\"@type\":\"PropertyValueSpecification\",\"valueRequired\":true,\"valueName\":\"search_term_string\"}}],\"inLanguage\":\"pt-PT\"},{\"@type\":\"Person\",\"@id\":\"https:\/\/portaltela.pt\/#\/schema\/person\/c4278d4a6028830caff9ee44b42d32ed\",\"name\":\"Telinha\",\"image\":{\"@type\":\"ImageObject\",\"inLanguage\":\"pt-PT\",\"@id\":\"https:\/\/portaltela.pt\/s.01k8rhncp4jt1\/2025\/11\/talking-bot-125x125.png\",\"url\":\"https:\/\/portaltela.pt\/s.01k8rhncp4jt1\/2025\/11\/talking-bot-125x125.png\",\"contentUrl\":\"https:\/\/portaltela.pt\/s.01k8rhncp4jt1\/2025\/11\/talking-bot-125x125.png\",\"caption\":\"Telinha\"},\"sameAs\":[\"https:\/\/portaltela.pt\/\"],\"url\":\"https:\/\/portaltela.pt\/por\/367410592786\/\"}]}<\/script>\n<!-- \/ Yoast SEO plugin. -->","yoast_head_json":{"title":"Arbeloa comenta suposta farpa de Mourinho ao Real Madrid - Portal Tela Portugal","robots":{"index":"index","follow":"follow","max-snippet":"max-snippet:-1","max-image-preview":"max-image-preview:large","max-video-preview":"max-video-preview:-1"},"og_locale":"pt_PT","og_type":"article","og_title":"Arbeloa comenta suposta farpa de Mourinho ao Real Madrid - Portal Tela Portugal","og_description":"\u00c1lvaro Arbeloa, treinador do Real Madrid, comentou as palavras de Jos\u00e9 Mourinho sobre treinadores com hist\u00f3ria, sem mencionar nomes. Mourinho disse ficar surpreso quando treinadores sem hist\u00f3ria chegam aos maiores clubes; citou exemplos como Allegri, Spalletti e Gasperini. Arbeloa afirmou que ouve Mourinho e analisa, e explicou ter sentido o peso da hist\u00f3ria do clube ao visitar as Ta\u00e7as dos Campe\u00f5es, mantendo-se tranquilo e focado no trabalho. O t\u00e9cnico garantiu que n\u00e3o pretende refor\u00e7ar o plantel em janeiro, confiando na equipa atual e na forma\u00e7\u00e3o, e disse que a renova\u00e7\u00e3o de Vin\u00edcius J\u00fanior \u00e9 assunto entre o clube e o jogador. Elogiou Jude Bellingham pela lideran\u00e7a e pelo esfor\u00e7o recente, e valorizou Brahim D\u00edaz, destacando a maturidade e a vontade de ajudar.","og_url":"https:\/\/portaltela.pt\/noticias\/2026\/01\/23\/arbeloa-comenta-suposta-farpa-de-mourinho-ao-real-madrid\/","og_site_name":"Portal Tela Portugal","article_published_time":"2026-01-23T13:44:29+00:00","author":"Telinha","twitter_card":"summary_large_image","twitter_misc":{"Escrito por":"Telinha","Tempo estimado de leitura":"1 minuto"},"schema":{"@context":"https:\/\/schema.org","@graph":[{"@type":"Article","@id":"https:\/\/portaltela.pt\/noticias\/2026\/01\/23\/arbeloa-comenta-suposta-farpa-de-mourinho-ao-real-madrid\/#article","isPartOf":{"@id":"https:\/\/portaltela.pt\/noticias\/2026\/01\/23\/arbeloa-comenta-suposta-farpa-de-mourinho-ao-real-madrid\/"},"author":{"name":"Telinha","@id":"https:\/\/portaltela.pt\/#\/schema\/person\/c4278d4a6028830caff9ee44b42d32ed"},"headline":"Arbeloa comenta suposta farpa de Mourinho ao Real Madrid","datePublished":"2026-01-23T13:44:29+00:00","mainEntityOfPage":{"@id":"https:\/\/portaltela.pt\/noticias\/2026\/01\/23\/arbeloa-comenta-suposta-farpa-de-mourinho-ao-real-madrid\/"},"wordCount":288,"image":{"@id":"https:\/\/portaltela.pt\/noticias\/2026\/01\/23\/arbeloa-comenta-suposta-farpa-de-mourinho-ao-real-madrid\/#primaryimage"},"thumbnailUrl":"https:\/\/portaltela.pt\/s.01k8rhncp4jt1\/2026\/01\/ee696fc0-6cf0-4a28-bd71-c983fe08a3ad.jpg","keywords":["Arbeloa","Bellingham","Brahim D\u00edaz","Real Madrid","transfer\u00eancias","Vin\u00edcius J\u00fanior"],"articleSection":["Desporto","Futebol"],"inLanguage":"pt-PT"},{"@type":"WebPage","@id":"https:\/\/portaltela.pt\/noticias\/2026\/01\/23\/arbeloa-comenta-suposta-farpa-de-mourinho-ao-real-madrid\/","url":"https:\/\/portaltela.pt\/noticias\/2026\/01\/23\/arbeloa-comenta-suposta-farpa-de-mourinho-ao-real-madrid\/","name":"Arbeloa comenta suposta farpa de Mourinho ao Real Madrid - Portal Tela Portugal","isPartOf":{"@id":"https:\/\/portaltela.pt\/#website"},"primaryImageOfPage":{"@id":"https:\/\/portaltela.pt\/noticias\/2026\/01\/23\/arbeloa-comenta-suposta-farpa-de-mourinho-ao-real-madrid\/#primaryimage"},"image":{"@id":"https:\/\/portaltela.pt\/noticias\/2026\/01\/23\/arbeloa-comenta-suposta-farpa-de-mourinho-ao-real-madrid\/#primaryimage"},"thumbnailUrl":"https:\/\/portaltela.pt\/s.01k8rhncp4jt1\/2026\/01\/ee696fc0-6cf0-4a28-bd71-c983fe08a3ad.jpg","datePublished":"2026-01-23T13:44:29+00:00","author":{"@id":"https:\/\/portaltela.pt\/#\/schema\/person\/c4278d4a6028830caff9ee44b42d32ed"},"breadcrumb":{"@id":"https:\/\/portaltela.pt\/noticias\/2026\/01\/23\/arbeloa-comenta-suposta-farpa-de-mourinho-ao-real-madrid\/#breadcrumb"},"inLanguage":"pt-PT","potentialAction":[{"@type":"ReadAction","target":["https:\/\/portaltela.pt\/noticias\/2026\/01\/23\/arbeloa-comenta-suposta-farpa-de-mourinho-ao-real-madrid\/"]}]},{"@type":"ImageObject","inLanguage":"pt-PT","@id":"https:\/\/portaltela.pt\/noticias\/2026\/01\/23\/arbeloa-comenta-suposta-farpa-de-mourinho-ao-real-madrid\/#primaryimage","url":"https:\/\/portaltela.pt\/s.01k8rhncp4jt1\/2026\/01\/ee696fc0-6cf0-4a28-bd71-c983fe08a3ad.jpg","contentUrl":"https:\/\/portaltela.pt\/s.01k8rhncp4jt1\/2026\/01\/ee696fc0-6cf0-4a28-bd71-c983fe08a3ad.jpg","width":796,"height":448,"caption":"Arbeloa - Foto: IMAGO"},{"@type":"BreadcrumbList","@id":"https:\/\/portaltela.pt\/noticias\/2026\/01\/23\/arbeloa-comenta-suposta-farpa-de-mourinho-ao-real-madrid\/#breadcrumb","itemListElement":[{"@type":"ListItem","position":1,"name":"In\u00edcio","item":"https:\/\/portaltela.pt\/"},{"@type":"ListItem","position":2,"name":"Arbeloa comenta suposta farpa de Mourinho ao Real Madrid"}]},{"@type":"WebSite","@id":"https:\/\/portaltela.pt\/#website","url":"https:\/\/portaltela.pt\/","name":"Portal Tela Portugal","description":"","potentialAction":[{"@type":"SearchAction","target":{"@type":"EntryPoint","urlTemplate":"https:\/\/portaltela.pt\/?s={search_term_string}"},"query-input":{"@type":"PropertyValueSpecification","valueRequired":true,"valueName":"search_term_string"}}],"inLanguage":"pt-PT"},{"@type":"Person","@id":"https:\/\/portaltela.pt\/#\/schema\/person\/c4278d4a6028830caff9ee44b42d32ed","name":"Telinha","image":{"@type":"ImageObject","inLanguage":"pt-PT","@id":"https:\/\/portaltela.pt\/s.01k8rhncp4jt1\/2025\/11\/talking-bot-125x125.png","url":"https:\/\/portaltela.pt\/s.01k8rhncp4jt1\/2025\/11\/talking-bot-125x125.png","contentUrl":"https:\/\/portaltela.pt\/s.01k8rhncp4jt1\/2025\/11\/talking-bot-125x125.png","caption":"Telinha"},"sameAs":["https:\/\/portaltela.pt\/"],"url":"https:\/\/portaltela.pt\/por\/367410592786\/"}]}},"_links":{"self":[{"href":"https:\/\/portaltela.pt\/api\/wp\/v2\/posts\/166950","targetHints":{"allow":["GET"]}}],"collection":[{"href":"https:\/\/portaltela.pt\/api\/wp\/v2\/posts"}],"about":[{"href":"https:\/\/portaltela.pt\/api\/wp\/v2\/types\/post"}],"author":[{"embeddable":true,"href":"https:\/\/portaltela.pt\/api\/wp\/v2\/users\/2"}],"replies":[{"embeddable":true,"href":"https:\/\/portaltela.pt\/api\/wp\/v2\/comments?post=166950"}],"version-history":[{"count":0,"href":"https:\/\/portaltela.pt\/api\/wp\/v2\/posts\/166950\/revisions"}],"wp:featuredmedia":[{"embeddable":true,"href":"https:\/\/portaltela.pt\/api\/wp\/v2\/media\/166954"}],"wp:attachment":[{"href":"https:\/\/portaltela.pt\/api\/wp\/v2\/media?parent=166950"}],"wp:term":[{"taxonomy":"category","embeddable":true,"href":"https:\/\/portaltela.pt\/api\/wp\/v2\/categories?post=166950"},{"taxonomy":"post_tag","embeddable":true,"href":"https:\/\/portaltela.pt\/api\/wp\/v2\/tags?post=166950"}],"curies":[{"name":"wp","href":"https:\/\/api.w.org\/{rel}","templated":true}]}}