{"id":166931,"date":"2026-01-23T10:37:00","date_gmt":"2026-01-23T13:37:00","guid":{"rendered":"https:\/\/portaltela.pt\/noticias\/2026\/01\/23\/mais-de-5-000-mortos-na-repressao-a-protestos-no-irao\/"},"modified":"2026-01-23T10:37:00","modified_gmt":"2026-01-23T13:37:00","slug":"mais-de-5-000-mortos-na-repressao-a-protestos-no-irao","status":"publish","type":"post","link":"https:\/\/portaltela.pt\/noticias\/2026\/01\/23\/mais-de-5-000-mortos-na-repressao-a-protestos-no-irao\/","title":{"rendered":"Mais de 5.000 mortos na repress\u00e3o a protestos no Ir\u00e3o"},"content":{"rendered":"<p>Mais de 5.000 mortos na repress\u00e3o de protestos no Ir\u00e3o, segundo ativistas, com a internet cortada h\u00e1 mais de duas semanas. O balan\u00e7o mais recente \u00e9 da Human Rights Activists News Agency (HRANA), com sede nos EUA.<\/p>\n<p>De acordo com o relat\u00f3rio, 4.716 das v\u00edtimas eram manifestantes, 203 ligados ao Governo, 43 crian\u00e7as e 40 civis n\u00e3o envolvidos nos protestos. O grupo afirma ainda que mais de 26.800 pessoas foram detidas.<\/p>\n<p>A organiza\u00e7\u00e3o argumenta que os n\u00fameros refletem uma repress\u00e3o sem precedentes no Ir\u00e3o e que a contagem de mortos \u00e9 superior \u00e0 de outras ondas de dist\u00farbios nas \u00faltimas d\u00e9cadas, lembrando a Revolu\u00e7\u00e3o Isl\u00e2mica de 1979.<\/p>\n<h3>Internet indispon\u00edvel e contexto<\/h3>\n<p>As informa\u00e7\u00f5es do Ir\u00e3o permanecem dif\u00edceis devido ao corte de acesso \u00e0 internet, implementado a 8 de janeiro. Autoridades e observadores criam relatos atrav\u00e9s de redes locais e de ativistas no terreno.<\/p>\n<h3>Tens\u00f5es transnacionais e rea\u00e7\u00f5es<\/h3>\n<p>Ao n\u00edvel internacional, as tens\u00f5es entre EUA e Ir\u00e3o aumentam, com a aproxima\u00e7\u00e3o de um grupo de porta-avi\u00f5es ao M\u00e9dio Oriente. O Presidente Donald Trump descreveu a for\u00e7a naval norte-americana como uma armada em declara\u00e7\u00f5es a jornalistas.<\/p>\n<p>O procurador-geral iraniano, Mohammad Movahedi, rejeitou alega\u00e7\u00f5es de que a interven\u00e7\u00e3o do Ir\u00e3o tenha interrompido execu\u00e7\u00f5es de manifestantes, classificando-as como falsas. A Mizan, ag\u00eancia do poder judicial, citou as declara\u00e7\u00f5es.<\/p>\n<p>Apesar das nega\u00e7\u00f5es, persiste a d\u00favida sobre a possibilidade de execu\u00e7\u00f5es em massa. Autoridades iranianas j\u00e1 indicaram que alguns detidos enfrentam acusa\u00e7\u00f5es de pena de morte.<\/p>\n","protected":false},"excerpt":{"rendered":"<ul>\n<li>Mais de cinco mil mortos na repress\u00e3o dos protestos no Ir\u00e3o, segundo a Human Rights Activists News Agency, com redes de ativistas a verificar os n\u00fameros.<\/li>\n<li>Dentre as v\u00edtimas, 4.716 eram manifestantes, 203 ligados ao Governo, 43 crian\u00e7as e 40 civis n\u00e3o participavam nos protestos.<\/li>\n<li>O pa\u00eds est\u00e1 sem internet h\u00e1 mais de duas semanas, dificultando a verifica\u00e7\u00e3o de informa\u00e7\u00f5es.<\/li>\n<li>Mais de 26.800 pessoas foram detidas, num esfor\u00e7o de repress\u00e3o em curso.<\/li>\n<li>Tens\u00f5es entre os Estados Unidos e o Ir\u00e3o aumentam com a aproxima\u00e7\u00e3o de um grupo de porta-avi\u00f5es ao M\u00e9dio Oriente; Trump classifica o grupo como uma \u201carmada\u201d e chega a mencionar poss\u00edveis ataques, o que o Ir\u00e3o nega.<\/li>\n<\/ul>\n","protected":false},"author":2,"featured_media":166937,"comment_status":"closed","ping_status":"closed","sticky":false,"template":"","format":"standard","meta":{"footnotes":""},"categories":[1],"tags":[2198,2633,2846,39,3153,2857],"class_list":["post-166931","post","type-post","status-publish","format-standard","has-post-thumbnail","hentry","category-noticias","tag-conflitos-internacionais","tag-direitos-humanos","tag-human-rights-watch","tag-internet","tag-ira","tag-protestos"],"yoast_head":"<!-- This site is optimized with the Yoast SEO plugin v27.2 - https:\/\/yoast.com\/product\/yoast-seo-wordpress\/ -->\n<title>Mais de 5.000 mortos na repress\u00e3o a protestos no Ir\u00e3o - Portal Tela Portugal<\/title>\n<meta name=\"robots\" content=\"index, follow, max-snippet:-1, max-image-preview:large, max-video-preview:-1\" \/>\n<meta property=\"og:locale\" content=\"pt_PT\" \/>\n<meta property=\"og:type\" content=\"article\" \/>\n<meta property=\"og:title\" content=\"Mais de 5.000 mortos na repress\u00e3o a protestos no Ir\u00e3o - Portal Tela Portugal\" \/>\n<meta property=\"og:description\" content=\"Mais de cinco mil mortos na repress\u00e3o dos protestos no Ir\u00e3o, segundo a Human Rights Activists News Agency, com redes de ativistas a verificar os n\u00fameros. Dentre as v\u00edtimas, 4.716 eram manifestantes, 203 ligados ao Governo, 43 crian\u00e7as e 40 civis n\u00e3o participavam nos protestos. O pa\u00eds est\u00e1 sem internet h\u00e1 mais de duas semanas, dificultando a verifica\u00e7\u00e3o de informa\u00e7\u00f5es. Mais de 26.800 pessoas foram detidas, num esfor\u00e7o de repress\u00e3o em curso. Tens\u00f5es entre os Estados Unidos e o Ir\u00e3o aumentam com a aproxima\u00e7\u00e3o de um grupo de porta-avi\u00f5es ao M\u00e9dio Oriente; Trump classifica o grupo como uma \u201carmada\u201d e chega a mencionar poss\u00edveis ataques, o que o Ir\u00e3o nega.\" \/>\n<meta property=\"og:url\" content=\"https:\/\/portaltela.pt\/noticias\/2026\/01\/23\/mais-de-5-000-mortos-na-repressao-a-protestos-no-irao\/\" \/>\n<meta property=\"og:site_name\" content=\"Portal Tela Portugal\" \/>\n<meta property=\"article:published_time\" content=\"2026-01-23T13:37:00+00:00\" \/>\n<meta name=\"author\" content=\"Telinha\" \/>\n<meta name=\"twitter:card\" content=\"summary_large_image\" \/>\n<meta name=\"twitter:label1\" content=\"Escrito por\" \/>\n\t<meta name=\"twitter:data1\" content=\"Telinha\" \/>\n\t<meta name=\"twitter:label2\" content=\"Tempo estimado de leitura\" \/>\n\t<meta name=\"twitter:data2\" content=\"1 minuto\" \/>\n<script type=\"application\/ld+json\" class=\"yoast-schema-graph\">{\"@context\":\"https:\/\/schema.org\",\"@graph\":[{\"@type\":\"Article\",\"@id\":\"https:\/\/portaltela.pt\/noticias\/2026\/01\/23\/mais-de-5-000-mortos-na-repressao-a-protestos-no-irao\/#article\",\"isPartOf\":{\"@id\":\"https:\/\/portaltela.pt\/noticias\/2026\/01\/23\/mais-de-5-000-mortos-na-repressao-a-protestos-no-irao\/\"},\"author\":{\"name\":\"Telinha\",\"@id\":\"https:\/\/portaltela.pt\/#\/schema\/person\/c4278d4a6028830caff9ee44b42d32ed\"},\"headline\":\"Mais de 5.000 mortos na repress\u00e3o a protestos no Ir\u00e3o\",\"datePublished\":\"2026-01-23T13:37:00+00:00\",\"mainEntityOfPage\":{\"@id\":\"https:\/\/portaltela.pt\/noticias\/2026\/01\/23\/mais-de-5-000-mortos-na-repressao-a-protestos-no-irao\/\"},\"wordCount\":279,\"image\":{\"@id\":\"https:\/\/portaltela.pt\/noticias\/2026\/01\/23\/mais-de-5-000-mortos-na-repressao-a-protestos-no-irao\/#primaryimage\"},\"thumbnailUrl\":\"https:\/\/portaltela.pt\/s.01k8rhncp4jt1\/2026\/01\/46395023.jpg\",\"keywords\":[\"conflitos internacionais\",\"direitos humanos\",\"Human Rights Watch\",\"internet\",\"Ir\u00e3\",\"protestos\"],\"articleSection\":[\"Not\u00edcias\"],\"inLanguage\":\"pt-PT\"},{\"@type\":\"WebPage\",\"@id\":\"https:\/\/portaltela.pt\/noticias\/2026\/01\/23\/mais-de-5-000-mortos-na-repressao-a-protestos-no-irao\/\",\"url\":\"https:\/\/portaltela.pt\/noticias\/2026\/01\/23\/mais-de-5-000-mortos-na-repressao-a-protestos-no-irao\/\",\"name\":\"Mais de 5.000 mortos na repress\u00e3o a protestos no Ir\u00e3o - Portal Tela Portugal\",\"isPartOf\":{\"@id\":\"https:\/\/portaltela.pt\/#website\"},\"primaryImageOfPage\":{\"@id\":\"https:\/\/portaltela.pt\/noticias\/2026\/01\/23\/mais-de-5-000-mortos-na-repressao-a-protestos-no-irao\/#primaryimage\"},\"image\":{\"@id\":\"https:\/\/portaltela.pt\/noticias\/2026\/01\/23\/mais-de-5-000-mortos-na-repressao-a-protestos-no-irao\/#primaryimage\"},\"thumbnailUrl\":\"https:\/\/portaltela.pt\/s.01k8rhncp4jt1\/2026\/01\/46395023.jpg\",\"datePublished\":\"2026-01-23T13:37:00+00:00\",\"author\":{\"@id\":\"https:\/\/portaltela.pt\/#\/schema\/person\/c4278d4a6028830caff9ee44b42d32ed\"},\"breadcrumb\":{\"@id\":\"https:\/\/portaltela.pt\/noticias\/2026\/01\/23\/mais-de-5-000-mortos-na-repressao-a-protestos-no-irao\/#breadcrumb\"},\"inLanguage\":\"pt-PT\",\"potentialAction\":[{\"@type\":\"ReadAction\",\"target\":[\"https:\/\/portaltela.pt\/noticias\/2026\/01\/23\/mais-de-5-000-mortos-na-repressao-a-protestos-no-irao\/\"]}]},{\"@type\":\"ImageObject\",\"inLanguage\":\"pt-PT\",\"@id\":\"https:\/\/portaltela.pt\/noticias\/2026\/01\/23\/mais-de-5-000-mortos-na-repressao-a-protestos-no-irao\/#primaryimage\",\"url\":\"https:\/\/portaltela.pt\/s.01k8rhncp4jt1\/2026\/01\/46395023.jpg\",\"contentUrl\":\"https:\/\/portaltela.pt\/s.01k8rhncp4jt1\/2026\/01\/46395023.jpg\",\"width\":796,\"height\":448,\"caption\":\"EPA12667202 A burnt out bus depot damaged during recent anti-government protests, in Tehran, Iran, 21 January 2026. Iran is experiencing a nationwide internet blackout that began on 08 January 2026, amid an intensifying wave of anti-government protests.\"},{\"@type\":\"BreadcrumbList\",\"@id\":\"https:\/\/portaltela.pt\/noticias\/2026\/01\/23\/mais-de-5-000-mortos-na-repressao-a-protestos-no-irao\/#breadcrumb\",\"itemListElement\":[{\"@type\":\"ListItem\",\"position\":1,\"name\":\"In\u00edcio\",\"item\":\"https:\/\/portaltela.pt\/\"},{\"@type\":\"ListItem\",\"position\":2,\"name\":\"Mais de 5.000 mortos na repress\u00e3o a protestos no Ir\u00e3o\"}]},{\"@type\":\"WebSite\",\"@id\":\"https:\/\/portaltela.pt\/#website\",\"url\":\"https:\/\/portaltela.pt\/\",\"name\":\"Portal Tela Portugal\",\"description\":\"\",\"potentialAction\":[{\"@type\":\"SearchAction\",\"target\":{\"@type\":\"EntryPoint\",\"urlTemplate\":\"https:\/\/portaltela.pt\/?s={search_term_string}\"},\"query-input\":{\"@type\":\"PropertyValueSpecification\",\"valueRequired\":true,\"valueName\":\"search_term_string\"}}],\"inLanguage\":\"pt-PT\"},{\"@type\":\"Person\",\"@id\":\"https:\/\/portaltela.pt\/#\/schema\/person\/c4278d4a6028830caff9ee44b42d32ed\",\"name\":\"Telinha\",\"image\":{\"@type\":\"ImageObject\",\"inLanguage\":\"pt-PT\",\"@id\":\"https:\/\/portaltela.pt\/s.01k8rhncp4jt1\/2025\/11\/talking-bot-125x125.png\",\"url\":\"https:\/\/portaltela.pt\/s.01k8rhncp4jt1\/2025\/11\/talking-bot-125x125.png\",\"contentUrl\":\"https:\/\/portaltela.pt\/s.01k8rhncp4jt1\/2025\/11\/talking-bot-125x125.png\",\"caption\":\"Telinha\"},\"sameAs\":[\"https:\/\/portaltela.pt\/\"],\"url\":\"https:\/\/portaltela.pt\/por\/367410592786\/\"}]}<\/script>\n<!-- \/ Yoast SEO plugin. -->","yoast_head_json":{"title":"Mais de 5.000 mortos na repress\u00e3o a protestos no Ir\u00e3o - Portal Tela Portugal","robots":{"index":"index","follow":"follow","max-snippet":"max-snippet:-1","max-image-preview":"max-image-preview:large","max-video-preview":"max-video-preview:-1"},"og_locale":"pt_PT","og_type":"article","og_title":"Mais de 5.000 mortos na repress\u00e3o a protestos no Ir\u00e3o - Portal Tela Portugal","og_description":"Mais de cinco mil mortos na repress\u00e3o dos protestos no Ir\u00e3o, segundo a Human Rights Activists News Agency, com redes de ativistas a verificar os n\u00fameros. Dentre as v\u00edtimas, 4.716 eram manifestantes, 203 ligados ao Governo, 43 crian\u00e7as e 40 civis n\u00e3o participavam nos protestos. O pa\u00eds est\u00e1 sem internet h\u00e1 mais de duas semanas, dificultando a verifica\u00e7\u00e3o de informa\u00e7\u00f5es. Mais de 26.800 pessoas foram detidas, num esfor\u00e7o de repress\u00e3o em curso. Tens\u00f5es entre os Estados Unidos e o Ir\u00e3o aumentam com a aproxima\u00e7\u00e3o de um grupo de porta-avi\u00f5es ao M\u00e9dio Oriente; Trump classifica o grupo como uma \u201carmada\u201d e chega a mencionar poss\u00edveis ataques, o que o Ir\u00e3o nega.","og_url":"https:\/\/portaltela.pt\/noticias\/2026\/01\/23\/mais-de-5-000-mortos-na-repressao-a-protestos-no-irao\/","og_site_name":"Portal Tela Portugal","article_published_time":"2026-01-23T13:37:00+00:00","author":"Telinha","twitter_card":"summary_large_image","twitter_misc":{"Escrito por":"Telinha","Tempo estimado de leitura":"1 minuto"},"schema":{"@context":"https:\/\/schema.org","@graph":[{"@type":"Article","@id":"https:\/\/portaltela.pt\/noticias\/2026\/01\/23\/mais-de-5-000-mortos-na-repressao-a-protestos-no-irao\/#article","isPartOf":{"@id":"https:\/\/portaltela.pt\/noticias\/2026\/01\/23\/mais-de-5-000-mortos-na-repressao-a-protestos-no-irao\/"},"author":{"name":"Telinha","@id":"https:\/\/portaltela.pt\/#\/schema\/person\/c4278d4a6028830caff9ee44b42d32ed"},"headline":"Mais de 5.000 mortos na repress\u00e3o a protestos no Ir\u00e3o","datePublished":"2026-01-23T13:37:00+00:00","mainEntityOfPage":{"@id":"https:\/\/portaltela.pt\/noticias\/2026\/01\/23\/mais-de-5-000-mortos-na-repressao-a-protestos-no-irao\/"},"wordCount":279,"image":{"@id":"https:\/\/portaltela.pt\/noticias\/2026\/01\/23\/mais-de-5-000-mortos-na-repressao-a-protestos-no-irao\/#primaryimage"},"thumbnailUrl":"https:\/\/portaltela.pt\/s.01k8rhncp4jt1\/2026\/01\/46395023.jpg","keywords":["conflitos internacionais","direitos humanos","Human Rights Watch","internet","Ir\u00e3","protestos"],"articleSection":["Not\u00edcias"],"inLanguage":"pt-PT"},{"@type":"WebPage","@id":"https:\/\/portaltela.pt\/noticias\/2026\/01\/23\/mais-de-5-000-mortos-na-repressao-a-protestos-no-irao\/","url":"https:\/\/portaltela.pt\/noticias\/2026\/01\/23\/mais-de-5-000-mortos-na-repressao-a-protestos-no-irao\/","name":"Mais de 5.000 mortos na repress\u00e3o a protestos no Ir\u00e3o - Portal Tela Portugal","isPartOf":{"@id":"https:\/\/portaltela.pt\/#website"},"primaryImageOfPage":{"@id":"https:\/\/portaltela.pt\/noticias\/2026\/01\/23\/mais-de-5-000-mortos-na-repressao-a-protestos-no-irao\/#primaryimage"},"image":{"@id":"https:\/\/portaltela.pt\/noticias\/2026\/01\/23\/mais-de-5-000-mortos-na-repressao-a-protestos-no-irao\/#primaryimage"},"thumbnailUrl":"https:\/\/portaltela.pt\/s.01k8rhncp4jt1\/2026\/01\/46395023.jpg","datePublished":"2026-01-23T13:37:00+00:00","author":{"@id":"https:\/\/portaltela.pt\/#\/schema\/person\/c4278d4a6028830caff9ee44b42d32ed"},"breadcrumb":{"@id":"https:\/\/portaltela.pt\/noticias\/2026\/01\/23\/mais-de-5-000-mortos-na-repressao-a-protestos-no-irao\/#breadcrumb"},"inLanguage":"pt-PT","potentialAction":[{"@type":"ReadAction","target":["https:\/\/portaltela.pt\/noticias\/2026\/01\/23\/mais-de-5-000-mortos-na-repressao-a-protestos-no-irao\/"]}]},{"@type":"ImageObject","inLanguage":"pt-PT","@id":"https:\/\/portaltela.pt\/noticias\/2026\/01\/23\/mais-de-5-000-mortos-na-repressao-a-protestos-no-irao\/#primaryimage","url":"https:\/\/portaltela.pt\/s.01k8rhncp4jt1\/2026\/01\/46395023.jpg","contentUrl":"https:\/\/portaltela.pt\/s.01k8rhncp4jt1\/2026\/01\/46395023.jpg","width":796,"height":448,"caption":"EPA12667202 A burnt out bus depot damaged during recent anti-government protests, in Tehran, Iran, 21 January 2026. Iran is experiencing a nationwide internet blackout that began on 08 January 2026, amid an intensifying wave of anti-government protests."},{"@type":"BreadcrumbList","@id":"https:\/\/portaltela.pt\/noticias\/2026\/01\/23\/mais-de-5-000-mortos-na-repressao-a-protestos-no-irao\/#breadcrumb","itemListElement":[{"@type":"ListItem","position":1,"name":"In\u00edcio","item":"https:\/\/portaltela.pt\/"},{"@type":"ListItem","position":2,"name":"Mais de 5.000 mortos na repress\u00e3o a protestos no Ir\u00e3o"}]},{"@type":"WebSite","@id":"https:\/\/portaltela.pt\/#website","url":"https:\/\/portaltela.pt\/","name":"Portal Tela Portugal","description":"","potentialAction":[{"@type":"SearchAction","target":{"@type":"EntryPoint","urlTemplate":"https:\/\/portaltela.pt\/?s={search_term_string}"},"query-input":{"@type":"PropertyValueSpecification","valueRequired":true,"valueName":"search_term_string"}}],"inLanguage":"pt-PT"},{"@type":"Person","@id":"https:\/\/portaltela.pt\/#\/schema\/person\/c4278d4a6028830caff9ee44b42d32ed","name":"Telinha","image":{"@type":"ImageObject","inLanguage":"pt-PT","@id":"https:\/\/portaltela.pt\/s.01k8rhncp4jt1\/2025\/11\/talking-bot-125x125.png","url":"https:\/\/portaltela.pt\/s.01k8rhncp4jt1\/2025\/11\/talking-bot-125x125.png","contentUrl":"https:\/\/portaltela.pt\/s.01k8rhncp4jt1\/2025\/11\/talking-bot-125x125.png","caption":"Telinha"},"sameAs":["https:\/\/portaltela.pt\/"],"url":"https:\/\/portaltela.pt\/por\/367410592786\/"}]}},"_links":{"self":[{"href":"https:\/\/portaltela.pt\/api\/wp\/v2\/posts\/166931","targetHints":{"allow":["GET"]}}],"collection":[{"href":"https:\/\/portaltela.pt\/api\/wp\/v2\/posts"}],"about":[{"href":"https:\/\/portaltela.pt\/api\/wp\/v2\/types\/post"}],"author":[{"embeddable":true,"href":"https:\/\/portaltela.pt\/api\/wp\/v2\/users\/2"}],"replies":[{"embeddable":true,"href":"https:\/\/portaltela.pt\/api\/wp\/v2\/comments?post=166931"}],"version-history":[{"count":0,"href":"https:\/\/portaltela.pt\/api\/wp\/v2\/posts\/166931\/revisions"}],"wp:featuredmedia":[{"embeddable":true,"href":"https:\/\/portaltela.pt\/api\/wp\/v2\/media\/166937"}],"wp:attachment":[{"href":"https:\/\/portaltela.pt\/api\/wp\/v2\/media?parent=166931"}],"wp:term":[{"taxonomy":"category","embeddable":true,"href":"https:\/\/portaltela.pt\/api\/wp\/v2\/categories?post=166931"},{"taxonomy":"post_tag","embeddable":true,"href":"https:\/\/portaltela.pt\/api\/wp\/v2\/tags?post=166931"}],"curies":[{"name":"wp","href":"https:\/\/api.w.org\/{rel}","templated":true}]}}