{"id":166905,"date":"2026-01-23T10:37:00","date_gmt":"2026-01-23T13:37:00","guid":{"rendered":"https:\/\/portaltela.pt\/noticias\/2026\/01\/23\/tribunal-de-contas-da-parecer-positivo-a-conta-de-2024-da-ar\/"},"modified":"2026-01-23T10:37:00","modified_gmt":"2026-01-23T13:37:00","slug":"tribunal-de-contas-da-parecer-positivo-a-conta-de-2024-da-ar","status":"publish","type":"post","link":"https:\/\/portaltela.pt\/noticias\/2026\/01\/23\/tribunal-de-contas-da-parecer-positivo-a-conta-de-2024-da-ar\/","title":{"rendered":"Tribunal de Contas d\u00e1 parecer positivo \u00e0 conta de 2024 da AR"},"content":{"rendered":"<p>O plen\u00e1rio do Tribunal de Contas emitiu um parecer positivo sobre a conta da Assembleia da Rep\u00fablica relativa ao ano econ\u00f3mico de 2024. A comunica\u00e7\u00e3o foi entregue ao presidente do parlamento, Jos\u00e9 Pedro Aguiar-Branco, na quinta-feira.<\/p>\n<p>O Tribunal de Contas refor\u00e7a que as demonstra\u00e7\u00f5es financeiras e or\u00e7amentais refletem de forma verdadeira a posi\u00e7\u00e3o financeira da Assembleia a 31 de dezembro de 2024. O parecer abrange tamb\u00e9m o desempenho financeiro, a execu\u00e7\u00e3o or\u00e7amental e os fluxos de caixa do ano.<\/p>\n<p>A entrega ocorreu na presen\u00e7a da presidente da Assembleia, Filipa Urbano Calv\u00e3o, acompanhada pelos ju\u00edzes conselheiros Jos\u00e9 Manuel Quelhas e Fernando Silva. O documento foi remetido ao Conselho de Administra\u00e7\u00e3o da Assembleia, aos membros respons\u00e1veis pela ger\u00eancia em 2024 e ao Minist\u00e9rio P\u00fablico.<\/p>\n<h3>Reserva no parecer<\/h3>\n<p>O parecer inclui uma reserva relacionada com as aplica\u00e7\u00f5es em Certificados Especiais de D\u00edvida P\u00fablica de Curto Prazo (CEDIC), presentes no saldo da ger\u00eancia anterior e no saldo da ger\u00eancia seguinte. Este aspeto contraria normas contabil\u00edsticas aplic\u00e1veis.<\/p>\n<p>Ainda segundo o Tribunal de Contas, foram corrigidos erros materiais de exerc\u00edcios anteriores a contas da Assembleia da Rep\u00fablica, conforme indicado no relat\u00f3rio.<\/p>\n","protected":false},"excerpt":{"rendered":"<ul>\n<li>O Tribunal de Contas deu parecer positivo \u00e0 conta da Assembleia da Rep\u00fablica relativa ao ano econ\u00f3mico de 2024, comunicado ao presidente Jos\u00e9 Pedro Aguiar\u2011Branco na quinta-feira.<\/li>\n<li>O parecer foi remetido ao Conselho de Administra\u00e7\u00e3o da Assembleia da Rep\u00fablica, aos membros respons\u00e1veis pela ger\u00eancia em 2024 e ao Minist\u00e9rio P\u00fablico.<\/li>\n<li>O Tribunal afirma que as demonstra\u00e7\u00f5es financeiras e or\u00e7amentais refletem de forma verdadeira a posi\u00e7\u00e3o financeira da AR a 31 de dezembro de 2024, em conformidade com o Sistema de Normaliza\u00e7\u00e3o Contabil\u00edstica para as Administra\u00e7\u00f5es P\u00fablicas (SNC-AP).<\/li>\n<li>O parecer destaca que as opera\u00e7\u00f5es cumprem, essencialmente, as normas legais aplic\u00e1veis, com reserva relativamente \u00e0s aplica\u00e7\u00f5es em Certificados Especiais de D\u00edvida P\u00fablica de Curto Prazo (CEDIC), que contrariam a NCP 1 e a NCP 26.<\/li>\n<li>O documento tamb\u00e9m aponta a corre\u00e7\u00e3o de erros materiais de exerc\u00edcios anteriores nas contas da Assembleia da Rep\u00fablica.<\/li>\n<\/ul>\n","protected":false},"author":2,"featured_media":166912,"comment_status":"closed","ping_status":"closed","sticky":false,"template":"","format":"standard","meta":{"footnotes":""},"categories":[1],"tags":[168,2525,477,3964,34,52],"class_list":["post-166905","post","type-post","status-publish","format-standard","has-post-thumbnail","hentry","category-noticias","tag-administracao-publica","tag-contas-publicas","tag-desempenho","tag-execucao-orcamental","tag-governo","tag-tribunal"],"yoast_head":"<!-- This site is optimized with the Yoast SEO plugin v27.2 - https:\/\/yoast.com\/product\/yoast-seo-wordpress\/ -->\n<title>Tribunal de Contas d\u00e1 parecer positivo \u00e0 conta de 2024 da AR - Portal Tela Portugal<\/title>\n<meta name=\"robots\" content=\"index, follow, max-snippet:-1, max-image-preview:large, max-video-preview:-1\" \/>\n<meta property=\"og:locale\" content=\"pt_PT\" \/>\n<meta property=\"og:type\" content=\"article\" \/>\n<meta property=\"og:title\" content=\"Tribunal de Contas d\u00e1 parecer positivo \u00e0 conta de 2024 da AR - Portal Tela Portugal\" \/>\n<meta property=\"og:description\" content=\"O Tribunal de Contas deu parecer positivo \u00e0 conta da Assembleia da Rep\u00fablica relativa ao ano econ\u00f3mico de 2024, comunicado ao presidente Jos\u00e9 Pedro Aguiar\u2011Branco na quinta-feira. O parecer foi remetido ao Conselho de Administra\u00e7\u00e3o da Assembleia da Rep\u00fablica, aos membros respons\u00e1veis pela ger\u00eancia em 2024 e ao Minist\u00e9rio P\u00fablico. O Tribunal afirma que as demonstra\u00e7\u00f5es financeiras e or\u00e7amentais refletem de forma verdadeira a posi\u00e7\u00e3o financeira da AR a 31 de dezembro de 2024, em conformidade com o Sistema de Normaliza\u00e7\u00e3o Contabil\u00edstica para as Administra\u00e7\u00f5es P\u00fablicas (SNC-AP). O parecer destaca que as opera\u00e7\u00f5es cumprem, essencialmente, as normas legais aplic\u00e1veis, com reserva relativamente \u00e0s aplica\u00e7\u00f5es em Certificados Especiais de D\u00edvida P\u00fablica de Curto Prazo (CEDIC), que contrariam a NCP 1 e a NCP 26. O documento tamb\u00e9m aponta a corre\u00e7\u00e3o de erros materiais de exerc\u00edcios anteriores nas contas da Assembleia da Rep\u00fablica.\" \/>\n<meta property=\"og:url\" content=\"https:\/\/portaltela.pt\/noticias\/2026\/01\/23\/tribunal-de-contas-da-parecer-positivo-a-conta-de-2024-da-ar\/\" \/>\n<meta property=\"og:site_name\" content=\"Portal Tela Portugal\" \/>\n<meta property=\"article:published_time\" content=\"2026-01-23T13:37:00+00:00\" \/>\n<meta name=\"author\" content=\"Telinha\" \/>\n<meta name=\"twitter:card\" content=\"summary_large_image\" \/>\n<meta name=\"twitter:label1\" content=\"Escrito por\" \/>\n\t<meta name=\"twitter:data1\" content=\"Telinha\" \/>\n\t<meta name=\"twitter:label2\" content=\"Tempo estimado de leitura\" \/>\n\t<meta name=\"twitter:data2\" content=\"1 minuto\" \/>\n<script type=\"application\/ld+json\" class=\"yoast-schema-graph\">{\"@context\":\"https:\/\/schema.org\",\"@graph\":[{\"@type\":\"Article\",\"@id\":\"https:\/\/portaltela.pt\/noticias\/2026\/01\/23\/tribunal-de-contas-da-parecer-positivo-a-conta-de-2024-da-ar\/#article\",\"isPartOf\":{\"@id\":\"https:\/\/portaltela.pt\/noticias\/2026\/01\/23\/tribunal-de-contas-da-parecer-positivo-a-conta-de-2024-da-ar\/\"},\"author\":{\"name\":\"Telinha\",\"@id\":\"https:\/\/portaltela.pt\/#\/schema\/person\/c4278d4a6028830caff9ee44b42d32ed\"},\"headline\":\"Tribunal de Contas d\u00e1 parecer positivo \u00e0 conta de 2024 da AR\",\"datePublished\":\"2026-01-23T13:37:00+00:00\",\"mainEntityOfPage\":{\"@id\":\"https:\/\/portaltela.pt\/noticias\/2026\/01\/23\/tribunal-de-contas-da-parecer-positivo-a-conta-de-2024-da-ar\/\"},\"wordCount\":220,\"image\":{\"@id\":\"https:\/\/portaltela.pt\/noticias\/2026\/01\/23\/tribunal-de-contas-da-parecer-positivo-a-conta-de-2024-da-ar\/#primaryimage\"},\"thumbnailUrl\":\"https:\/\/portaltela.pt\/s.01k8rhncp4jt1\/2026\/01\/39926181.jpg\",\"keywords\":[\"administra\u00e7\u00e3o p\u00fablica\",\"contas p\u00fablicas\",\"desempenho\",\"execu\u00e7\u00e3o or\u00e7amental\",\"governo\",\"tribunal\"],\"articleSection\":[\"Not\u00edcias\"],\"inLanguage\":\"pt-PT\"},{\"@type\":\"WebPage\",\"@id\":\"https:\/\/portaltela.pt\/noticias\/2026\/01\/23\/tribunal-de-contas-da-parecer-positivo-a-conta-de-2024-da-ar\/\",\"url\":\"https:\/\/portaltela.pt\/noticias\/2026\/01\/23\/tribunal-de-contas-da-parecer-positivo-a-conta-de-2024-da-ar\/\",\"name\":\"Tribunal de Contas d\u00e1 parecer positivo \u00e0 conta de 2024 da AR - Portal Tela Portugal\",\"isPartOf\":{\"@id\":\"https:\/\/portaltela.pt\/#website\"},\"primaryImageOfPage\":{\"@id\":\"https:\/\/portaltela.pt\/noticias\/2026\/01\/23\/tribunal-de-contas-da-parecer-positivo-a-conta-de-2024-da-ar\/#primaryimage\"},\"image\":{\"@id\":\"https:\/\/portaltela.pt\/noticias\/2026\/01\/23\/tribunal-de-contas-da-parecer-positivo-a-conta-de-2024-da-ar\/#primaryimage\"},\"thumbnailUrl\":\"https:\/\/portaltela.pt\/s.01k8rhncp4jt1\/2026\/01\/39926181.jpg\",\"datePublished\":\"2026-01-23T13:37:00+00:00\",\"author\":{\"@id\":\"https:\/\/portaltela.pt\/#\/schema\/person\/c4278d4a6028830caff9ee44b42d32ed\"},\"breadcrumb\":{\"@id\":\"https:\/\/portaltela.pt\/noticias\/2026\/01\/23\/tribunal-de-contas-da-parecer-positivo-a-conta-de-2024-da-ar\/#breadcrumb\"},\"inLanguage\":\"pt-PT\",\"potentialAction\":[{\"@type\":\"ReadAction\",\"target\":[\"https:\/\/portaltela.pt\/noticias\/2026\/01\/23\/tribunal-de-contas-da-parecer-positivo-a-conta-de-2024-da-ar\/\"]}]},{\"@type\":\"ImageObject\",\"inLanguage\":\"pt-PT\",\"@id\":\"https:\/\/portaltela.pt\/noticias\/2026\/01\/23\/tribunal-de-contas-da-parecer-positivo-a-conta-de-2024-da-ar\/#primaryimage\",\"url\":\"https:\/\/portaltela.pt\/s.01k8rhncp4jt1\/2026\/01\/39926181.jpg\",\"contentUrl\":\"https:\/\/portaltela.pt\/s.01k8rhncp4jt1\/2026\/01\/39926181.jpg\",\"width\":796,\"height\":448,\"caption\":\"Fachada do Tribunal de Contas, em Lisboa 25 de novembro de 2022. ANT\u00d3NIO COTRIM\/LUSA\"},{\"@type\":\"BreadcrumbList\",\"@id\":\"https:\/\/portaltela.pt\/noticias\/2026\/01\/23\/tribunal-de-contas-da-parecer-positivo-a-conta-de-2024-da-ar\/#breadcrumb\",\"itemListElement\":[{\"@type\":\"ListItem\",\"position\":1,\"name\":\"In\u00edcio\",\"item\":\"https:\/\/portaltela.pt\/\"},{\"@type\":\"ListItem\",\"position\":2,\"name\":\"Tribunal de Contas d\u00e1 parecer positivo \u00e0 conta de 2024 da AR\"}]},{\"@type\":\"WebSite\",\"@id\":\"https:\/\/portaltela.pt\/#website\",\"url\":\"https:\/\/portaltela.pt\/\",\"name\":\"Portal Tela Portugal\",\"description\":\"\",\"potentialAction\":[{\"@type\":\"SearchAction\",\"target\":{\"@type\":\"EntryPoint\",\"urlTemplate\":\"https:\/\/portaltela.pt\/?s={search_term_string}\"},\"query-input\":{\"@type\":\"PropertyValueSpecification\",\"valueRequired\":true,\"valueName\":\"search_term_string\"}}],\"inLanguage\":\"pt-PT\"},{\"@type\":\"Person\",\"@id\":\"https:\/\/portaltela.pt\/#\/schema\/person\/c4278d4a6028830caff9ee44b42d32ed\",\"name\":\"Telinha\",\"image\":{\"@type\":\"ImageObject\",\"inLanguage\":\"pt-PT\",\"@id\":\"https:\/\/portaltela.pt\/s.01k8rhncp4jt1\/2025\/11\/talking-bot-125x125.png\",\"url\":\"https:\/\/portaltela.pt\/s.01k8rhncp4jt1\/2025\/11\/talking-bot-125x125.png\",\"contentUrl\":\"https:\/\/portaltela.pt\/s.01k8rhncp4jt1\/2025\/11\/talking-bot-125x125.png\",\"caption\":\"Telinha\"},\"sameAs\":[\"https:\/\/portaltela.pt\/\"],\"url\":\"https:\/\/portaltela.pt\/por\/367410592786\/\"}]}<\/script>\n<!-- \/ Yoast SEO plugin. -->","yoast_head_json":{"title":"Tribunal de Contas d\u00e1 parecer positivo \u00e0 conta de 2024 da AR - Portal Tela Portugal","robots":{"index":"index","follow":"follow","max-snippet":"max-snippet:-1","max-image-preview":"max-image-preview:large","max-video-preview":"max-video-preview:-1"},"og_locale":"pt_PT","og_type":"article","og_title":"Tribunal de Contas d\u00e1 parecer positivo \u00e0 conta de 2024 da AR - Portal Tela Portugal","og_description":"O Tribunal de Contas deu parecer positivo \u00e0 conta da Assembleia da Rep\u00fablica relativa ao ano econ\u00f3mico de 2024, comunicado ao presidente Jos\u00e9 Pedro Aguiar\u2011Branco na quinta-feira. O parecer foi remetido ao Conselho de Administra\u00e7\u00e3o da Assembleia da Rep\u00fablica, aos membros respons\u00e1veis pela ger\u00eancia em 2024 e ao Minist\u00e9rio P\u00fablico. O Tribunal afirma que as demonstra\u00e7\u00f5es financeiras e or\u00e7amentais refletem de forma verdadeira a posi\u00e7\u00e3o financeira da AR a 31 de dezembro de 2024, em conformidade com o Sistema de Normaliza\u00e7\u00e3o Contabil\u00edstica para as Administra\u00e7\u00f5es P\u00fablicas (SNC-AP). O parecer destaca que as opera\u00e7\u00f5es cumprem, essencialmente, as normas legais aplic\u00e1veis, com reserva relativamente \u00e0s aplica\u00e7\u00f5es em Certificados Especiais de D\u00edvida P\u00fablica de Curto Prazo (CEDIC), que contrariam a NCP 1 e a NCP 26. O documento tamb\u00e9m aponta a corre\u00e7\u00e3o de erros materiais de exerc\u00edcios anteriores nas contas da Assembleia da Rep\u00fablica.","og_url":"https:\/\/portaltela.pt\/noticias\/2026\/01\/23\/tribunal-de-contas-da-parecer-positivo-a-conta-de-2024-da-ar\/","og_site_name":"Portal Tela Portugal","article_published_time":"2026-01-23T13:37:00+00:00","author":"Telinha","twitter_card":"summary_large_image","twitter_misc":{"Escrito por":"Telinha","Tempo estimado de leitura":"1 minuto"},"schema":{"@context":"https:\/\/schema.org","@graph":[{"@type":"Article","@id":"https:\/\/portaltela.pt\/noticias\/2026\/01\/23\/tribunal-de-contas-da-parecer-positivo-a-conta-de-2024-da-ar\/#article","isPartOf":{"@id":"https:\/\/portaltela.pt\/noticias\/2026\/01\/23\/tribunal-de-contas-da-parecer-positivo-a-conta-de-2024-da-ar\/"},"author":{"name":"Telinha","@id":"https:\/\/portaltela.pt\/#\/schema\/person\/c4278d4a6028830caff9ee44b42d32ed"},"headline":"Tribunal de Contas d\u00e1 parecer positivo \u00e0 conta de 2024 da AR","datePublished":"2026-01-23T13:37:00+00:00","mainEntityOfPage":{"@id":"https:\/\/portaltela.pt\/noticias\/2026\/01\/23\/tribunal-de-contas-da-parecer-positivo-a-conta-de-2024-da-ar\/"},"wordCount":220,"image":{"@id":"https:\/\/portaltela.pt\/noticias\/2026\/01\/23\/tribunal-de-contas-da-parecer-positivo-a-conta-de-2024-da-ar\/#primaryimage"},"thumbnailUrl":"https:\/\/portaltela.pt\/s.01k8rhncp4jt1\/2026\/01\/39926181.jpg","keywords":["administra\u00e7\u00e3o p\u00fablica","contas p\u00fablicas","desempenho","execu\u00e7\u00e3o or\u00e7amental","governo","tribunal"],"articleSection":["Not\u00edcias"],"inLanguage":"pt-PT"},{"@type":"WebPage","@id":"https:\/\/portaltela.pt\/noticias\/2026\/01\/23\/tribunal-de-contas-da-parecer-positivo-a-conta-de-2024-da-ar\/","url":"https:\/\/portaltela.pt\/noticias\/2026\/01\/23\/tribunal-de-contas-da-parecer-positivo-a-conta-de-2024-da-ar\/","name":"Tribunal de Contas d\u00e1 parecer positivo \u00e0 conta de 2024 da AR - Portal Tela Portugal","isPartOf":{"@id":"https:\/\/portaltela.pt\/#website"},"primaryImageOfPage":{"@id":"https:\/\/portaltela.pt\/noticias\/2026\/01\/23\/tribunal-de-contas-da-parecer-positivo-a-conta-de-2024-da-ar\/#primaryimage"},"image":{"@id":"https:\/\/portaltela.pt\/noticias\/2026\/01\/23\/tribunal-de-contas-da-parecer-positivo-a-conta-de-2024-da-ar\/#primaryimage"},"thumbnailUrl":"https:\/\/portaltela.pt\/s.01k8rhncp4jt1\/2026\/01\/39926181.jpg","datePublished":"2026-01-23T13:37:00+00:00","author":{"@id":"https:\/\/portaltela.pt\/#\/schema\/person\/c4278d4a6028830caff9ee44b42d32ed"},"breadcrumb":{"@id":"https:\/\/portaltela.pt\/noticias\/2026\/01\/23\/tribunal-de-contas-da-parecer-positivo-a-conta-de-2024-da-ar\/#breadcrumb"},"inLanguage":"pt-PT","potentialAction":[{"@type":"ReadAction","target":["https:\/\/portaltela.pt\/noticias\/2026\/01\/23\/tribunal-de-contas-da-parecer-positivo-a-conta-de-2024-da-ar\/"]}]},{"@type":"ImageObject","inLanguage":"pt-PT","@id":"https:\/\/portaltela.pt\/noticias\/2026\/01\/23\/tribunal-de-contas-da-parecer-positivo-a-conta-de-2024-da-ar\/#primaryimage","url":"https:\/\/portaltela.pt\/s.01k8rhncp4jt1\/2026\/01\/39926181.jpg","contentUrl":"https:\/\/portaltela.pt\/s.01k8rhncp4jt1\/2026\/01\/39926181.jpg","width":796,"height":448,"caption":"Fachada do Tribunal de Contas, em Lisboa 25 de novembro de 2022. ANT\u00d3NIO COTRIM\/LUSA"},{"@type":"BreadcrumbList","@id":"https:\/\/portaltela.pt\/noticias\/2026\/01\/23\/tribunal-de-contas-da-parecer-positivo-a-conta-de-2024-da-ar\/#breadcrumb","itemListElement":[{"@type":"ListItem","position":1,"name":"In\u00edcio","item":"https:\/\/portaltela.pt\/"},{"@type":"ListItem","position":2,"name":"Tribunal de Contas d\u00e1 parecer positivo \u00e0 conta de 2024 da AR"}]},{"@type":"WebSite","@id":"https:\/\/portaltela.pt\/#website","url":"https:\/\/portaltela.pt\/","name":"Portal Tela Portugal","description":"","potentialAction":[{"@type":"SearchAction","target":{"@type":"EntryPoint","urlTemplate":"https:\/\/portaltela.pt\/?s={search_term_string}"},"query-input":{"@type":"PropertyValueSpecification","valueRequired":true,"valueName":"search_term_string"}}],"inLanguage":"pt-PT"},{"@type":"Person","@id":"https:\/\/portaltela.pt\/#\/schema\/person\/c4278d4a6028830caff9ee44b42d32ed","name":"Telinha","image":{"@type":"ImageObject","inLanguage":"pt-PT","@id":"https:\/\/portaltela.pt\/s.01k8rhncp4jt1\/2025\/11\/talking-bot-125x125.png","url":"https:\/\/portaltela.pt\/s.01k8rhncp4jt1\/2025\/11\/talking-bot-125x125.png","contentUrl":"https:\/\/portaltela.pt\/s.01k8rhncp4jt1\/2025\/11\/talking-bot-125x125.png","caption":"Telinha"},"sameAs":["https:\/\/portaltela.pt\/"],"url":"https:\/\/portaltela.pt\/por\/367410592786\/"}]}},"_links":{"self":[{"href":"https:\/\/portaltela.pt\/api\/wp\/v2\/posts\/166905","targetHints":{"allow":["GET"]}}],"collection":[{"href":"https:\/\/portaltela.pt\/api\/wp\/v2\/posts"}],"about":[{"href":"https:\/\/portaltela.pt\/api\/wp\/v2\/types\/post"}],"author":[{"embeddable":true,"href":"https:\/\/portaltela.pt\/api\/wp\/v2\/users\/2"}],"replies":[{"embeddable":true,"href":"https:\/\/portaltela.pt\/api\/wp\/v2\/comments?post=166905"}],"version-history":[{"count":0,"href":"https:\/\/portaltela.pt\/api\/wp\/v2\/posts\/166905\/revisions"}],"wp:featuredmedia":[{"embeddable":true,"href":"https:\/\/portaltela.pt\/api\/wp\/v2\/media\/166912"}],"wp:attachment":[{"href":"https:\/\/portaltela.pt\/api\/wp\/v2\/media?parent=166905"}],"wp:term":[{"taxonomy":"category","embeddable":true,"href":"https:\/\/portaltela.pt\/api\/wp\/v2\/categories?post=166905"},{"taxonomy":"post_tag","embeddable":true,"href":"https:\/\/portaltela.pt\/api\/wp\/v2\/tags?post=166905"}],"curies":[{"name":"wp","href":"https:\/\/api.w.org\/{rel}","templated":true}]}}